{"id":73579,"date":"2024-03-28T14:22:54","date_gmt":"2024-03-28T13:22:54","guid":{"rendered":"https:\/\/www.ranciliogroup.com\/?p=73579"},"modified":"2024-03-28T14:22:54","modified_gmt":"2024-03-28T13:22:54","slug":"ctw-uk-participara-en-london-coffee-festival-2024-con-rancilio-group-y-crem-international","status":"publish","type":"post","link":"https:\/\/www.ranciliogroup.com\/es\/ctw-uk-participara-en-london-coffee-festival-2024-con-rancilio-group-y-crem-international\/","title":{"rendered":"CTW UK participar\u00e1 en London Coffee Festival 2024 con Rancilio Group y Crem International"},"content":{"rendered":"<p>Del 11 al 14 de abril, ad\u00e9ntrese en el coraz\u00f3n del East End de Londres y disfrute de la participaci\u00f3n de CTW UK, la nueva filial de la divisi\u00f3n de Caf\u00e9 de CTW fruto de la colaboraci\u00f3n entre Rancilio Group y Crem International, en el ansiado London Coffee Festival, uno de los principales eventos mundiales que reconocen el caf\u00e9 y la hosteler\u00eda.<\/p>\n<p>Rancilio Specialty RS1, la innovadora m\u00e1quina de caf\u00e9 multicaldera con Advanced Temperature Profiling y tecnolog\u00eda pre-infusi\u00f3n, est\u00e1 lista para ense\u00f1ar a los baristas a extraer todo el aroma y las caracter\u00edsticas \u00fanicas de su caf\u00e9 o mezcla de origen \u00fanico.<\/p>\n<p>Los visitantes tendr\u00e1n la oportunidad de descubrir los molinillos profesionales Rancilio Kryo Elite y Bond, dise\u00f1ados meticulosamente para agilizar la preparaci\u00f3n al tiempo que garantizan la excelencia y la homogeneidad en cada taza de caf\u00e9. Los entusiastas del caf\u00e9 en casa podr\u00e1n descubrir las m\u00e1quinas de caf\u00e9 Silvia y Silvia Pro X, que acercan la calidad del caf\u00e9 de cafeter\u00eda a los hogares.<\/p>\n<p>La nueva Egro MoDe est\u00e1 lista para sorprender a todos los aficionados de las m\u00e1quinas de caf\u00e9 completamente autom\u00e1ticas. Con su interfaz intuitiva y su amplio men\u00fa con recetas con leche y solubles, la configuraci\u00f3n Egro MoDe Pro Milk potenciar\u00e1 la experiencia del caf\u00e9.<\/p>\n<p>En el estand tambi\u00e9n estar\u00e1n algunas de las favoritas de la marca Crem International: la m\u00e1quina de caf\u00e9 profesional EX3 y la m\u00e1quina de caf\u00e9 One para uso dom\u00e9stico.<\/p>\n<p>Este festival, enmarcado en la intensa cultura del caf\u00e9 y las subculturas creativas de Londres, promete una experiencia inolvidable con catas, demostraciones, talleres interactivos y charlas de lo m\u00e1s interesantes.<\/p>\n<p>&nbsp;<\/p>\n<p>&nbsp;<\/p>\n<p>&nbsp;<\/p>\n<p><strong>London Coffee Festival<\/strong><br \/>\nDel 11 al 14 de abril de 2024<br \/>\nEstand G25<br \/>\n<a href=\"https:\/\/www.google.com\/maps\/place\/The+Truman+Brewery\/@51.5212762,-0.0745701,17z\/data=!3m2!4b1!5s0x48761cca7ad8f109:0x76afa4b352d0a421!4m6!3m5!1s0x48761cb681c09d1b:0xffb3966176941f91!8m2!3d51.5212729!4d-0.0719898!16zL20vMDd4cTEx?authuser=0&amp;entry=ttu\">The Truman Brewery<\/a><br \/>\n91 Brick Lane<br \/>\nLondres E1 6QR (Reino Unido)<\/p>\n<p>&nbsp;<\/p>\n","protected":false},"excerpt":{"rendered":"<p>Del 11 al 14 de abril, ad\u00e9ntrese en el coraz\u00f3n del East End de Londres y disfrute de la participaci\u00f3n&#8230;<\/p>\n","protected":false},"author":5,"featured_media":73563,"comment_status":"closed","ping_status":"closed","sticky":false,"template":"","format":"standard","meta":[],"categories":[862],"tags":[3451,3176,3177,2922,2876,2747,2589],"acf":[],"yoast_head":"<!-- This site is optimized with the Yoast SEO plugin v21.5 - https:\/\/yoast.com\/wordpress\/plugins\/seo\/ -->\n<title>Latest update about CTW UK participar\u00e1 en London Coffee Festival 2024 con Rancilio Group y Crem International - Rancilio Group<\/title>\n<meta name=\"description\" content=\"Read Rancilio Group&#039;s latest news about CTW UK participar\u00e1 en London Coffee Festival 2024 con Rancilio Group y Crem International\" \/>\n<meta name=\"robots\" content=\"index, follow, max-snippet:-1, max-image-preview:large, max-video-preview:-1\" \/>\n<link rel=\"canonical\" href=\"https:\/\/www.ranciliogroup.com\/es\/ctw-uk-participara-en-london-coffee-festival-2024-con-rancilio-group-y-crem-international\/\" \/>\n<meta property=\"og:locale\" content=\"es_ES\" \/>\n<meta property=\"og:type\" content=\"article\" \/>\n<meta property=\"og:title\" content=\"Latest update about CTW UK participar\u00e1 en London Coffee Festival 2024 con Rancilio Group y Crem International - Rancilio Group\" \/>\n<meta property=\"og:description\" content=\"Read Rancilio Group&#039;s latest news about CTW UK participar\u00e1 en London Coffee Festival 2024 con Rancilio Group y Crem International\" \/>\n<meta property=\"og:url\" content=\"https:\/\/www.ranciliogroup.com\/es\/ctw-uk-participara-en-london-coffee-festival-2024-con-rancilio-group-y-crem-international\/\" \/>\n<meta property=\"og:site_name\" content=\"Rancilio Group\" \/>\n<meta property=\"article:publisher\" content=\"https:\/\/www.facebook.com\/RancilioGroup\" \/>\n<meta property=\"article:published_time\" content=\"2024-03-28T13:22:54+00:00\" \/>\n<meta property=\"og:image\" content=\"https:\/\/www.ranciliogroup.com\/app\/uploads\/2024\/03\/Rancilio-LCF.jpg\" \/>\n\t<meta property=\"og:image:width\" content=\"1080\" \/>\n\t<meta property=\"og:image:height\" content=\"810\" \/>\n\t<meta property=\"og:image:type\" content=\"image\/jpeg\" \/>\n<meta name=\"author\" content=\"temp circular\" \/>\n<meta name=\"twitter:card\" content=\"summary_large_image\" \/>\n<meta name=\"twitter:creator\" content=\"@ranciliogroup\" \/>\n<meta name=\"twitter:site\" content=\"@ranciliogroup\" \/>\n<meta name=\"twitter:label1\" content=\"Written by\" \/>\n\t<meta name=\"twitter:data1\" content=\"temp circular\" \/>\n\t<meta name=\"twitter:label2\" content=\"Est. reading time\" \/>\n\t<meta name=\"twitter:data2\" content=\"2 minutes\" \/>\n<script type=\"application\/ld+json\" class=\"yoast-schema-graph\">{\"@context\":\"https:\/\/schema.org\",\"@graph\":[{\"@type\":\"Article\",\"@id\":\"https:\/\/www.ranciliogroup.com\/es\/ctw-uk-participara-en-london-coffee-festival-2024-con-rancilio-group-y-crem-international\/#article\",\"isPartOf\":{\"@id\":\"https:\/\/www.ranciliogroup.com\/es\/ctw-uk-participara-en-london-coffee-festival-2024-con-rancilio-group-y-crem-international\/\"},\"author\":{\"name\":\"temp circular\",\"@id\":\"https:\/\/www.ranciliogroup.com\/es\/#\/schema\/person\/d6bf0a7dfe74cded3d64da8b2c92814c\"},\"headline\":\"CTW UK participar\u00e1 en London Coffee Festival 2024 con Rancilio Group y Crem International\",\"datePublished\":\"2024-03-28T13:22:54+00:00\",\"dateModified\":\"2024-03-28T13:22:54+00:00\",\"mainEntityOfPage\":{\"@id\":\"https:\/\/www.ranciliogroup.com\/es\/ctw-uk-participara-en-london-coffee-festival-2024-con-rancilio-group-y-crem-international\/\"},\"wordCount\":329,\"publisher\":{\"@id\":\"https:\/\/www.ranciliogroup.com\/es\/#organization\"},\"keywords\":[\"Kryo Elite\",\"Bond\",\"MoDe\",\"Silvia\",\"Stile\",\"Silvia Pro X\",\"RS1\"],\"articleSection\":[\"Eventos\"],\"inLanguage\":\"es-ES\"},{\"@type\":\"WebPage\",\"@id\":\"https:\/\/www.ranciliogroup.com\/es\/ctw-uk-participara-en-london-coffee-festival-2024-con-rancilio-group-y-crem-international\/\",\"url\":\"https:\/\/www.ranciliogroup.com\/es\/ctw-uk-participara-en-london-coffee-festival-2024-con-rancilio-group-y-crem-international\/\",\"name\":\"Latest update about CTW UK participar\u00e1 en London Coffee Festival 2024 con Rancilio Group y Crem International - Rancilio Group\",\"isPartOf\":{\"@id\":\"https:\/\/www.ranciliogroup.com\/es\/#website\"},\"datePublished\":\"2024-03-28T13:22:54+00:00\",\"dateModified\":\"2024-03-28T13:22:54+00:00\",\"description\":\"Read Rancilio Group's latest news about CTW UK participar\u00e1 en London Coffee Festival 2024 con Rancilio Group y Crem International\",\"breadcrumb\":{\"@id\":\"https:\/\/www.ranciliogroup.com\/es\/ctw-uk-participara-en-london-coffee-festival-2024-con-rancilio-group-y-crem-international\/#breadcrumb\"},\"inLanguage\":\"es-ES\",\"potentialAction\":[{\"@type\":\"ReadAction\",\"target\":[\"https:\/\/www.ranciliogroup.com\/es\/ctw-uk-participara-en-london-coffee-festival-2024-con-rancilio-group-y-crem-international\/\"]}]},{\"@type\":\"BreadcrumbList\",\"@id\":\"https:\/\/www.ranciliogroup.com\/es\/ctw-uk-participara-en-london-coffee-festival-2024-con-rancilio-group-y-crem-international\/#breadcrumb\",\"itemListElement\":[{\"@type\":\"ListItem\",\"position\":1,\"name\":\"Home\",\"item\":\"https:\/\/www.ranciliogroup.com\/es\/\"},{\"@type\":\"ListItem\",\"position\":2,\"name\":\"CTW UK participar\u00e1 en London Coffee Festival 2024 con Rancilio Group y Crem International\"}]},{\"@type\":\"WebSite\",\"@id\":\"https:\/\/www.ranciliogroup.com\/es\/#website\",\"url\":\"https:\/\/www.ranciliogroup.com\/es\/\",\"name\":\"Rancilio Group\",\"description\":\"L\u00edder en M\u00e1quinas de Caf\u00e9 Profesionales\",\"publisher\":{\"@id\":\"https:\/\/www.ranciliogroup.com\/es\/#organization\"},\"potentialAction\":[{\"@type\":\"SearchAction\",\"target\":{\"@type\":\"EntryPoint\",\"urlTemplate\":\"https:\/\/www.ranciliogroup.com\/es\/?s={search_term_string}\"},\"query-input\":\"required name=search_term_string\"}],\"inLanguage\":\"es-ES\"},{\"@type\":\"Organization\",\"@id\":\"https:\/\/www.ranciliogroup.com\/es\/#organization\",\"name\":\"Rancilio Group\",\"url\":\"https:\/\/www.ranciliogroup.com\/es\/\",\"logo\":{\"@type\":\"ImageObject\",\"inLanguage\":\"es-ES\",\"@id\":\"https:\/\/www.ranciliogroup.com\/es\/#\/schema\/logo\/image\/\",\"url\":\"https:\/\/www.ranciliogroup.com\/app\/uploads\/2019\/07\/rancilio_black_logo.png\",\"contentUrl\":\"https:\/\/www.ranciliogroup.com\/app\/uploads\/2019\/07\/rancilio_black_logo.png\",\"width\":447,\"height\":57,\"caption\":\"Rancilio Group\"},\"image\":{\"@id\":\"https:\/\/www.ranciliogroup.com\/es\/#\/schema\/logo\/image\/\"},\"sameAs\":[\"https:\/\/www.facebook.com\/RancilioGroup\",\"https:\/\/twitter.com\/ranciliogroup\",\"https:\/\/www.instagram.com\/rancilio_official\/\",\"https:\/\/www.linkedin.com\/company\/ranciliogroup\/\",\"https:\/\/www.youtube.com\/user\/rancilioadmin\"]},{\"@type\":\"Person\",\"@id\":\"https:\/\/www.ranciliogroup.com\/es\/#\/schema\/person\/d6bf0a7dfe74cded3d64da8b2c92814c\",\"name\":\"temp circular\",\"image\":{\"@type\":\"ImageObject\",\"inLanguage\":\"es-ES\",\"@id\":\"https:\/\/www.ranciliogroup.com\/es\/#\/schema\/person\/image\/\",\"url\":\"https:\/\/secure.gravatar.com\/avatar\/569e71c3b97b8bcad1854d6579b35c5f?s=96&d=mm&r=g\",\"contentUrl\":\"https:\/\/secure.gravatar.com\/avatar\/569e71c3b97b8bcad1854d6579b35c5f?s=96&d=mm&r=g\",\"caption\":\"temp circular\"}}]}<\/script>\n<!-- \/ Yoast SEO plugin. -->","yoast_head_json":{"title":"Latest update about CTW UK participar\u00e1 en London Coffee Festival 2024 con Rancilio Group y Crem International - Rancilio Group","description":"Read Rancilio Group's latest news about CTW UK participar\u00e1 en London Coffee Festival 2024 con Rancilio Group y Crem International","robots":{"index":"index","follow":"follow","max-snippet":"max-snippet:-1","max-image-preview":"max-image-preview:large","max-video-preview":"max-video-preview:-1"},"canonical":"https:\/\/www.ranciliogroup.com\/es\/ctw-uk-participara-en-london-coffee-festival-2024-con-rancilio-group-y-crem-international\/","og_locale":"es_ES","og_type":"article","og_title":"Latest update about CTW UK participar\u00e1 en London Coffee Festival 2024 con Rancilio Group y Crem International - Rancilio Group","og_description":"Read Rancilio Group's latest news about CTW UK participar\u00e1 en London Coffee Festival 2024 con Rancilio Group y Crem International","og_url":"https:\/\/www.ranciliogroup.com\/es\/ctw-uk-participara-en-london-coffee-festival-2024-con-rancilio-group-y-crem-international\/","og_site_name":"Rancilio Group","article_publisher":"https:\/\/www.facebook.com\/RancilioGroup","article_published_time":"2024-03-28T13:22:54+00:00","og_image":[{"width":1080,"height":810,"url":"https:\/\/www.ranciliogroup.com\/app\/uploads\/2024\/03\/Rancilio-LCF.jpg","type":"image\/jpeg"}],"author":"temp circular","twitter_card":"summary_large_image","twitter_creator":"@ranciliogroup","twitter_site":"@ranciliogroup","twitter_misc":{"Written by":"temp circular","Est. reading time":"2 minutes"},"schema":{"@context":"https:\/\/schema.org","@graph":[{"@type":"Article","@id":"https:\/\/www.ranciliogroup.com\/es\/ctw-uk-participara-en-london-coffee-festival-2024-con-rancilio-group-y-crem-international\/#article","isPartOf":{"@id":"https:\/\/www.ranciliogroup.com\/es\/ctw-uk-participara-en-london-coffee-festival-2024-con-rancilio-group-y-crem-international\/"},"author":{"name":"temp circular","@id":"https:\/\/www.ranciliogroup.com\/es\/#\/schema\/person\/d6bf0a7dfe74cded3d64da8b2c92814c"},"headline":"CTW UK participar\u00e1 en London Coffee Festival 2024 con Rancilio Group y Crem International","datePublished":"2024-03-28T13:22:54+00:00","dateModified":"2024-03-28T13:22:54+00:00","mainEntityOfPage":{"@id":"https:\/\/www.ranciliogroup.com\/es\/ctw-uk-participara-en-london-coffee-festival-2024-con-rancilio-group-y-crem-international\/"},"wordCount":329,"publisher":{"@id":"https:\/\/www.ranciliogroup.com\/es\/#organization"},"keywords":["Kryo Elite","Bond","MoDe","Silvia","Stile","Silvia Pro X","RS1"],"articleSection":["Eventos"],"inLanguage":"es-ES"},{"@type":"WebPage","@id":"https:\/\/www.ranciliogroup.com\/es\/ctw-uk-participara-en-london-coffee-festival-2024-con-rancilio-group-y-crem-international\/","url":"https:\/\/www.ranciliogroup.com\/es\/ctw-uk-participara-en-london-coffee-festival-2024-con-rancilio-group-y-crem-international\/","name":"Latest update about CTW UK participar\u00e1 en London Coffee Festival 2024 con Rancilio Group y Crem International - Rancilio Group","isPartOf":{"@id":"https:\/\/www.ranciliogroup.com\/es\/#website"},"datePublished":"2024-03-28T13:22:54+00:00","dateModified":"2024-03-28T13:22:54+00:00","description":"Read Rancilio Group's latest news about CTW UK participar\u00e1 en London Coffee Festival 2024 con Rancilio Group y Crem International","breadcrumb":{"@id":"https:\/\/www.ranciliogroup.com\/es\/ctw-uk-participara-en-london-coffee-festival-2024-con-rancilio-group-y-crem-international\/#breadcrumb"},"inLanguage":"es-ES","potentialAction":[{"@type":"ReadAction","target":["https:\/\/www.ranciliogroup.com\/es\/ctw-uk-participara-en-london-coffee-festival-2024-con-rancilio-group-y-crem-international\/"]}]},{"@type":"BreadcrumbList","@id":"https:\/\/www.ranciliogroup.com\/es\/ctw-uk-participara-en-london-coffee-festival-2024-con-rancilio-group-y-crem-international\/#breadcrumb","itemListElement":[{"@type":"ListItem","position":1,"name":"Home","item":"https:\/\/www.ranciliogroup.com\/es\/"},{"@type":"ListItem","position":2,"name":"CTW UK participar\u00e1 en London Coffee Festival 2024 con Rancilio Group y Crem International"}]},{"@type":"WebSite","@id":"https:\/\/www.ranciliogroup.com\/es\/#website","url":"https:\/\/www.ranciliogroup.com\/es\/","name":"Rancilio Group","description":"L\u00edder en M\u00e1quinas de Caf\u00e9 Profesionales","publisher":{"@id":"https:\/\/www.ranciliogroup.com\/es\/#organization"},"potentialAction":[{"@type":"SearchAction","target":{"@type":"EntryPoint","urlTemplate":"https:\/\/www.ranciliogroup.com\/es\/?s={search_term_string}"},"query-input":"required name=search_term_string"}],"inLanguage":"es-ES"},{"@type":"Organization","@id":"https:\/\/www.ranciliogroup.com\/es\/#organization","name":"Rancilio Group","url":"https:\/\/www.ranciliogroup.com\/es\/","logo":{"@type":"ImageObject","inLanguage":"es-ES","@id":"https:\/\/www.ranciliogroup.com\/es\/#\/schema\/logo\/image\/","url":"https:\/\/www.ranciliogroup.com\/app\/uploads\/2019\/07\/rancilio_black_logo.png","contentUrl":"https:\/\/www.ranciliogroup.com\/app\/uploads\/2019\/07\/rancilio_black_logo.png","width":447,"height":57,"caption":"Rancilio Group"},"image":{"@id":"https:\/\/www.ranciliogroup.com\/es\/#\/schema\/logo\/image\/"},"sameAs":["https:\/\/www.facebook.com\/RancilioGroup","https:\/\/twitter.com\/ranciliogroup","https:\/\/www.instagram.com\/rancilio_official\/","https:\/\/www.linkedin.com\/company\/ranciliogroup\/","https:\/\/www.youtube.com\/user\/rancilioadmin"]},{"@type":"Person","@id":"https:\/\/www.ranciliogroup.com\/es\/#\/schema\/person\/d6bf0a7dfe74cded3d64da8b2c92814c","name":"temp circular","image":{"@type":"ImageObject","inLanguage":"es-ES","@id":"https:\/\/www.ranciliogroup.com\/es\/#\/schema\/person\/image\/","url":"https:\/\/secure.gravatar.com\/avatar\/569e71c3b97b8bcad1854d6579b35c5f?s=96&d=mm&r=g","contentUrl":"https:\/\/secure.gravatar.com\/avatar\/569e71c3b97b8bcad1854d6579b35c5f?s=96&d=mm&r=g","caption":"temp circular"}}]}},"_links":{"self":[{"href":"https:\/\/www.ranciliogroup.com\/es\/wp-json\/wp\/v2\/posts\/73579"}],"collection":[{"href":"https:\/\/www.ranciliogroup.com\/es\/wp-json\/wp\/v2\/posts"}],"about":[{"href":"https:\/\/www.ranciliogroup.com\/es\/wp-json\/wp\/v2\/types\/post"}],"author":[{"embeddable":true,"href":"https:\/\/www.ranciliogroup.com\/es\/wp-json\/wp\/v2\/users\/5"}],"replies":[{"embeddable":true,"href":"https:\/\/www.ranciliogroup.com\/es\/wp-json\/wp\/v2\/comments?post=73579"}],"version-history":[{"count":2,"href":"https:\/\/www.ranciliogroup.com\/es\/wp-json\/wp\/v2\/posts\/73579\/revisions"}],"predecessor-version":[{"id":73581,"href":"https:\/\/www.ranciliogroup.com\/es\/wp-json\/wp\/v2\/posts\/73579\/revisions\/73581"}],"wp:featuredmedia":[{"embeddable":true,"href":"https:\/\/www.ranciliogroup.com\/es\/wp-json\/wp\/v2\/media\/73563"}],"wp:attachment":[{"href":"https:\/\/www.ranciliogroup.com\/es\/wp-json\/wp\/v2\/media?parent=73579"}],"wp:term":[{"taxonomy":"category","embeddable":true,"href":"https:\/\/www.ranciliogroup.com\/es\/wp-json\/wp\/v2\/categories?post=73579"},{"taxonomy":"post_tag","embeddable":true,"href":"https:\/\/www.ranciliogroup.com\/es\/wp-json\/wp\/v2\/tags?post=73579"}],"curies":[{"name":"wp","href":"https:\/\/api.w.org\/{rel}","templated":true}]}}