{"id":73608,"date":"2024-04-03T12:10:16","date_gmt":"2024-04-03T10:10:16","guid":{"rendered":"https:\/\/www.ranciliogroup.com\/?p=73608"},"modified":"2024-04-03T12:13:40","modified_gmt":"2024-04-03T10:13:40","slug":"rancilio-specialty-vuelve-a-ciudad-de-mexico-para-el-ultimo-desafio-de-la-barista-league","status":"publish","type":"post","link":"https:\/\/www.ranciliogroup.com\/es\/rancilio-specialty-vuelve-a-ciudad-de-mexico-para-el-ultimo-desafio-de-la-barista-league\/","title":{"rendered":"Rancilio Specialty vuelve a Ciudad de M\u00e9xico para el \u00faltimo desaf\u00edo de la Barista League"},"content":{"rendered":"<p>El 18 de abril, Rancilio Specialty y la Barista League vuelven a unir sus fuerzas para celebrar una emocionante ronda de desaf\u00edos en el animado ambiente de Ciudad de M\u00e9xico.<\/p>\n<p>La m\u00e1quina de caf\u00e9 profesional de una sola caldera Rancilio Specialty Invicta est\u00e1 preparada para ayudar a los 20 expertos baristas emparejados en 10 equipos, en su camino hacia la victoria. Con su interfaz f\u00e1cil de usar y su tecnolog\u00eda de \u00faltima generaci\u00f3n, incluida la pre-infusi\u00f3n, cada equipo tendr\u00e1 en Invicta su socio m\u00e1s fiable durante toda la competici\u00f3n.<\/p>\n<p>Un distinguido panel de seis jueces de \u00e9lite, formado por Ariadna Chaparro, Carlos De La Torre, Carlos Medina Isamit, Jaquel\u00edn Medinilla, H\u00e9ctor Garc\u00eda y Macarena Zuluaga, se enfrenta a la ardua tarea de seleccionar al pr\u00f3ximo campe\u00f3n de la Barista League. Para incrementar la emoci\u00f3n, la presencia de dos invitados misteriosos aumentar\u00e1 la tensi\u00f3n cuando los equipos competidores les sirvan mientras elaboran una serie de bebidas de caf\u00e9 para los jueces VIP.<\/p>\n<p>Durante este evento tan esperado, los invitados podr\u00e1n participar en divertidos juegos y disfrutar de m\u00fasica vibrante y caf\u00e9 de origen local de los mejores tostadores de M\u00e9xico. Tambi\u00e9n podr\u00e1n disfrutar de una exquisita selecci\u00f3n de comida rodeados de diversi\u00f3n y buen ambiente, todo ello mientras animan a su equipo favorito.<\/p>\n<p>Entradas disponibles en <a href=\"https:\/\/www.tickettailor.com\/events\/thebaristaleague\/1098996?\">tickettailor.com<\/a><\/p>\n<p>&nbsp;<\/p>\n<p>&nbsp;<\/p>\n<p>&nbsp;<\/p>\n<p><strong>The Barista League Mexico City<\/strong><br \/>\n18 de abril de 2024<br \/>\nDe 18:00 a 23:00 h<br \/>\n<a href=\"https:\/\/www.google.com\/maps\/place\/Supremo\/@19.4200053,-99.1559144,17z\/data=!3m1!4b1!4m6!3m5!1s0x85d1ff3574549a0d:0x88e60ca7792f5c2!8m2!3d19.4200003!4d-99.1533395!16s%2Fg%2F11t9jslklg?entry=ttu\">Supremo<\/a><br \/>\nCalle Dr. Carmona y Valle 147<br \/>\nDoctores, Cuauht\u00e9moc, 06720 CDMX<\/p>\n<p>&nbsp;<\/p>\n<p><strong>Sigue el evento a trav\u00e9s de nuestra p\u00e1gina oficial de Instagram<\/strong><br \/>\n@ranciliospecialty #ranciliospecialty<\/p>\n<p>&nbsp;<\/p>\n<p><a href=\"https:\/\/www.ranciliogroup.com\/es\/specialty\/invicta\/\"><strong>Descubre Rancilio Specialty Invicta<\/strong><\/a><\/p>\n","protected":false},"excerpt":{"rendered":"<p>El 18 de abril, Rancilio Specialty y la Barista League vuelven a unir sus fuerzas para celebrar una emocionante ronda&#8230;<\/p>\n","protected":false},"author":5,"featured_media":73591,"comment_status":"closed","ping_status":"closed","sticky":false,"template":"","format":"standard","meta":[],"categories":[862],"tags":[2805,2636,2591],"acf":[],"yoast_head":"<!-- This site is optimized with the Yoast SEO plugin v21.5 - https:\/\/yoast.com\/wordpress\/plugins\/seo\/ -->\n<title>Latest update about Rancilio Specialty vuelve a Ciudad de M\u00e9xico para el \u00faltimo desaf\u00edo de la Barista League - Rancilio Group<\/title>\n<meta name=\"description\" content=\"Read Rancilio Group&#039;s latest news about Rancilio Specialty vuelve a Ciudad de M\u00e9xico para el \u00faltimo desaf\u00edo de la Barista League\" \/>\n<meta name=\"robots\" content=\"index, follow, max-snippet:-1, max-image-preview:large, max-video-preview:-1\" \/>\n<link rel=\"canonical\" href=\"https:\/\/www.ranciliogroup.com\/es\/rancilio-specialty-vuelve-a-ciudad-de-mexico-para-el-ultimo-desafio-de-la-barista-league\/\" \/>\n<meta property=\"og:locale\" content=\"es_ES\" \/>\n<meta property=\"og:type\" content=\"article\" \/>\n<meta property=\"og:title\" content=\"Latest update about Rancilio Specialty vuelve a Ciudad de M\u00e9xico para el \u00faltimo desaf\u00edo de la Barista League - Rancilio Group\" \/>\n<meta property=\"og:description\" content=\"Read Rancilio Group&#039;s latest news about Rancilio Specialty vuelve a Ciudad de M\u00e9xico para el \u00faltimo desaf\u00edo de la Barista League\" \/>\n<meta property=\"og:url\" content=\"https:\/\/www.ranciliogroup.com\/es\/rancilio-specialty-vuelve-a-ciudad-de-mexico-para-el-ultimo-desafio-de-la-barista-league\/\" \/>\n<meta property=\"og:site_name\" content=\"Rancilio Group\" \/>\n<meta property=\"article:publisher\" content=\"https:\/\/www.facebook.com\/RancilioGroup\" \/>\n<meta property=\"article:published_time\" content=\"2024-04-03T10:10:16+00:00\" \/>\n<meta property=\"article:modified_time\" content=\"2024-04-03T10:13:40+00:00\" \/>\n<meta property=\"og:image\" content=\"https:\/\/www.ranciliogroup.com\/app\/uploads\/2024\/04\/rancilio-specialty-invicta-tbl.jpg\" \/>\n\t<meta property=\"og:image:width\" content=\"1080\" \/>\n\t<meta property=\"og:image:height\" content=\"720\" \/>\n\t<meta property=\"og:image:type\" content=\"image\/jpeg\" \/>\n<meta name=\"author\" content=\"temp circular\" \/>\n<meta name=\"twitter:card\" content=\"summary_large_image\" \/>\n<meta name=\"twitter:creator\" content=\"@ranciliogroup\" \/>\n<meta name=\"twitter:site\" content=\"@ranciliogroup\" \/>\n<meta name=\"twitter:label1\" content=\"Written by\" \/>\n\t<meta name=\"twitter:data1\" content=\"temp circular\" \/>\n\t<meta name=\"twitter:label2\" content=\"Est. reading time\" \/>\n\t<meta name=\"twitter:data2\" content=\"2 minutes\" \/>\n<script type=\"application\/ld+json\" class=\"yoast-schema-graph\">{\"@context\":\"https:\/\/schema.org\",\"@graph\":[{\"@type\":\"Article\",\"@id\":\"https:\/\/www.ranciliogroup.com\/es\/rancilio-specialty-vuelve-a-ciudad-de-mexico-para-el-ultimo-desafio-de-la-barista-league\/#article\",\"isPartOf\":{\"@id\":\"https:\/\/www.ranciliogroup.com\/es\/rancilio-specialty-vuelve-a-ciudad-de-mexico-para-el-ultimo-desafio-de-la-barista-league\/\"},\"author\":{\"name\":\"temp circular\",\"@id\":\"https:\/\/www.ranciliogroup.com\/es\/#\/schema\/person\/d6bf0a7dfe74cded3d64da8b2c92814c\"},\"headline\":\"Rancilio Specialty vuelve a Ciudad de M\u00e9xico para el \u00faltimo desaf\u00edo de la Barista League\",\"datePublished\":\"2024-04-03T10:10:16+00:00\",\"dateModified\":\"2024-04-03T10:13:40+00:00\",\"mainEntityOfPage\":{\"@id\":\"https:\/\/www.ranciliogroup.com\/es\/rancilio-specialty-vuelve-a-ciudad-de-mexico-para-el-ultimo-desafio-de-la-barista-league\/\"},\"wordCount\":299,\"publisher\":{\"@id\":\"https:\/\/www.ranciliogroup.com\/es\/#organization\"},\"keywords\":[\"Mexico\",\"Invicta\",\"Barista League\"],\"articleSection\":[\"Eventos\"],\"inLanguage\":\"es-ES\"},{\"@type\":\"WebPage\",\"@id\":\"https:\/\/www.ranciliogroup.com\/es\/rancilio-specialty-vuelve-a-ciudad-de-mexico-para-el-ultimo-desafio-de-la-barista-league\/\",\"url\":\"https:\/\/www.ranciliogroup.com\/es\/rancilio-specialty-vuelve-a-ciudad-de-mexico-para-el-ultimo-desafio-de-la-barista-league\/\",\"name\":\"Latest update about Rancilio Specialty vuelve a Ciudad de M\u00e9xico para el \u00faltimo desaf\u00edo de la Barista League - Rancilio Group\",\"isPartOf\":{\"@id\":\"https:\/\/www.ranciliogroup.com\/es\/#website\"},\"datePublished\":\"2024-04-03T10:10:16+00:00\",\"dateModified\":\"2024-04-03T10:13:40+00:00\",\"description\":\"Read Rancilio Group's latest news about Rancilio Specialty vuelve a Ciudad de M\u00e9xico para el \u00faltimo desaf\u00edo de la Barista League\",\"breadcrumb\":{\"@id\":\"https:\/\/www.ranciliogroup.com\/es\/rancilio-specialty-vuelve-a-ciudad-de-mexico-para-el-ultimo-desafio-de-la-barista-league\/#breadcrumb\"},\"inLanguage\":\"es-ES\",\"potentialAction\":[{\"@type\":\"ReadAction\",\"target\":[\"https:\/\/www.ranciliogroup.com\/es\/rancilio-specialty-vuelve-a-ciudad-de-mexico-para-el-ultimo-desafio-de-la-barista-league\/\"]}]},{\"@type\":\"BreadcrumbList\",\"@id\":\"https:\/\/www.ranciliogroup.com\/es\/rancilio-specialty-vuelve-a-ciudad-de-mexico-para-el-ultimo-desafio-de-la-barista-league\/#breadcrumb\",\"itemListElement\":[{\"@type\":\"ListItem\",\"position\":1,\"name\":\"Home\",\"item\":\"https:\/\/www.ranciliogroup.com\/es\/\"},{\"@type\":\"ListItem\",\"position\":2,\"name\":\"Rancilio Specialty vuelve a Ciudad de M\u00e9xico para el \u00faltimo desaf\u00edo de la Barista League\"}]},{\"@type\":\"WebSite\",\"@id\":\"https:\/\/www.ranciliogroup.com\/es\/#website\",\"url\":\"https:\/\/www.ranciliogroup.com\/es\/\",\"name\":\"Rancilio Group\",\"description\":\"L\u00edder en M\u00e1quinas de Caf\u00e9 Profesionales\",\"publisher\":{\"@id\":\"https:\/\/www.ranciliogroup.com\/es\/#organization\"},\"potentialAction\":[{\"@type\":\"SearchAction\",\"target\":{\"@type\":\"EntryPoint\",\"urlTemplate\":\"https:\/\/www.ranciliogroup.com\/es\/?s={search_term_string}\"},\"query-input\":\"required name=search_term_string\"}],\"inLanguage\":\"es-ES\"},{\"@type\":\"Organization\",\"@id\":\"https:\/\/www.ranciliogroup.com\/es\/#organization\",\"name\":\"Rancilio Group\",\"url\":\"https:\/\/www.ranciliogroup.com\/es\/\",\"logo\":{\"@type\":\"ImageObject\",\"inLanguage\":\"es-ES\",\"@id\":\"https:\/\/www.ranciliogroup.com\/es\/#\/schema\/logo\/image\/\",\"url\":\"https:\/\/www.ranciliogroup.com\/app\/uploads\/2019\/07\/rancilio_black_logo.png\",\"contentUrl\":\"https:\/\/www.ranciliogroup.com\/app\/uploads\/2019\/07\/rancilio_black_logo.png\",\"width\":447,\"height\":57,\"caption\":\"Rancilio Group\"},\"image\":{\"@id\":\"https:\/\/www.ranciliogroup.com\/es\/#\/schema\/logo\/image\/\"},\"sameAs\":[\"https:\/\/www.facebook.com\/RancilioGroup\",\"https:\/\/twitter.com\/ranciliogroup\",\"https:\/\/www.instagram.com\/rancilio_official\/\",\"https:\/\/www.linkedin.com\/company\/ranciliogroup\/\",\"https:\/\/www.youtube.com\/user\/rancilioadmin\"]},{\"@type\":\"Person\",\"@id\":\"https:\/\/www.ranciliogroup.com\/es\/#\/schema\/person\/d6bf0a7dfe74cded3d64da8b2c92814c\",\"name\":\"temp circular\",\"image\":{\"@type\":\"ImageObject\",\"inLanguage\":\"es-ES\",\"@id\":\"https:\/\/www.ranciliogroup.com\/es\/#\/schema\/person\/image\/\",\"url\":\"https:\/\/secure.gravatar.com\/avatar\/569e71c3b97b8bcad1854d6579b35c5f?s=96&d=mm&r=g\",\"contentUrl\":\"https:\/\/secure.gravatar.com\/avatar\/569e71c3b97b8bcad1854d6579b35c5f?s=96&d=mm&r=g\",\"caption\":\"temp circular\"}}]}<\/script>\n<!-- \/ Yoast SEO plugin. -->","yoast_head_json":{"title":"Latest update about Rancilio Specialty vuelve a Ciudad de M\u00e9xico para el \u00faltimo desaf\u00edo de la Barista League - Rancilio Group","description":"Read Rancilio Group's latest news about Rancilio Specialty vuelve a Ciudad de M\u00e9xico para el \u00faltimo desaf\u00edo de la Barista League","robots":{"index":"index","follow":"follow","max-snippet":"max-snippet:-1","max-image-preview":"max-image-preview:large","max-video-preview":"max-video-preview:-1"},"canonical":"https:\/\/www.ranciliogroup.com\/es\/rancilio-specialty-vuelve-a-ciudad-de-mexico-para-el-ultimo-desafio-de-la-barista-league\/","og_locale":"es_ES","og_type":"article","og_title":"Latest update about Rancilio Specialty vuelve a Ciudad de M\u00e9xico para el \u00faltimo desaf\u00edo de la Barista League - Rancilio Group","og_description":"Read Rancilio Group's latest news about Rancilio Specialty vuelve a Ciudad de M\u00e9xico para el \u00faltimo desaf\u00edo de la Barista League","og_url":"https:\/\/www.ranciliogroup.com\/es\/rancilio-specialty-vuelve-a-ciudad-de-mexico-para-el-ultimo-desafio-de-la-barista-league\/","og_site_name":"Rancilio Group","article_publisher":"https:\/\/www.facebook.com\/RancilioGroup","article_published_time":"2024-04-03T10:10:16+00:00","article_modified_time":"2024-04-03T10:13:40+00:00","og_image":[{"width":1080,"height":720,"url":"https:\/\/www.ranciliogroup.com\/app\/uploads\/2024\/04\/rancilio-specialty-invicta-tbl.jpg","type":"image\/jpeg"}],"author":"temp circular","twitter_card":"summary_large_image","twitter_creator":"@ranciliogroup","twitter_site":"@ranciliogroup","twitter_misc":{"Written by":"temp circular","Est. reading time":"2 minutes"},"schema":{"@context":"https:\/\/schema.org","@graph":[{"@type":"Article","@id":"https:\/\/www.ranciliogroup.com\/es\/rancilio-specialty-vuelve-a-ciudad-de-mexico-para-el-ultimo-desafio-de-la-barista-league\/#article","isPartOf":{"@id":"https:\/\/www.ranciliogroup.com\/es\/rancilio-specialty-vuelve-a-ciudad-de-mexico-para-el-ultimo-desafio-de-la-barista-league\/"},"author":{"name":"temp circular","@id":"https:\/\/www.ranciliogroup.com\/es\/#\/schema\/person\/d6bf0a7dfe74cded3d64da8b2c92814c"},"headline":"Rancilio Specialty vuelve a Ciudad de M\u00e9xico para el \u00faltimo desaf\u00edo de la Barista League","datePublished":"2024-04-03T10:10:16+00:00","dateModified":"2024-04-03T10:13:40+00:00","mainEntityOfPage":{"@id":"https:\/\/www.ranciliogroup.com\/es\/rancilio-specialty-vuelve-a-ciudad-de-mexico-para-el-ultimo-desafio-de-la-barista-league\/"},"wordCount":299,"publisher":{"@id":"https:\/\/www.ranciliogroup.com\/es\/#organization"},"keywords":["Mexico","Invicta","Barista League"],"articleSection":["Eventos"],"inLanguage":"es-ES"},{"@type":"WebPage","@id":"https:\/\/www.ranciliogroup.com\/es\/rancilio-specialty-vuelve-a-ciudad-de-mexico-para-el-ultimo-desafio-de-la-barista-league\/","url":"https:\/\/www.ranciliogroup.com\/es\/rancilio-specialty-vuelve-a-ciudad-de-mexico-para-el-ultimo-desafio-de-la-barista-league\/","name":"Latest update about Rancilio Specialty vuelve a Ciudad de M\u00e9xico para el \u00faltimo desaf\u00edo de la Barista League - Rancilio Group","isPartOf":{"@id":"https:\/\/www.ranciliogroup.com\/es\/#website"},"datePublished":"2024-04-03T10:10:16+00:00","dateModified":"2024-04-03T10:13:40+00:00","description":"Read Rancilio Group's latest news about Rancilio Specialty vuelve a Ciudad de M\u00e9xico para el \u00faltimo desaf\u00edo de la Barista League","breadcrumb":{"@id":"https:\/\/www.ranciliogroup.com\/es\/rancilio-specialty-vuelve-a-ciudad-de-mexico-para-el-ultimo-desafio-de-la-barista-league\/#breadcrumb"},"inLanguage":"es-ES","potentialAction":[{"@type":"ReadAction","target":["https:\/\/www.ranciliogroup.com\/es\/rancilio-specialty-vuelve-a-ciudad-de-mexico-para-el-ultimo-desafio-de-la-barista-league\/"]}]},{"@type":"BreadcrumbList","@id":"https:\/\/www.ranciliogroup.com\/es\/rancilio-specialty-vuelve-a-ciudad-de-mexico-para-el-ultimo-desafio-de-la-barista-league\/#breadcrumb","itemListElement":[{"@type":"ListItem","position":1,"name":"Home","item":"https:\/\/www.ranciliogroup.com\/es\/"},{"@type":"ListItem","position":2,"name":"Rancilio Specialty vuelve a Ciudad de M\u00e9xico para el \u00faltimo desaf\u00edo de la Barista League"}]},{"@type":"WebSite","@id":"https:\/\/www.ranciliogroup.com\/es\/#website","url":"https:\/\/www.ranciliogroup.com\/es\/","name":"Rancilio Group","description":"L\u00edder en M\u00e1quinas de Caf\u00e9 Profesionales","publisher":{"@id":"https:\/\/www.ranciliogroup.com\/es\/#organization"},"potentialAction":[{"@type":"SearchAction","target":{"@type":"EntryPoint","urlTemplate":"https:\/\/www.ranciliogroup.com\/es\/?s={search_term_string}"},"query-input":"required name=search_term_string"}],"inLanguage":"es-ES"},{"@type":"Organization","@id":"https:\/\/www.ranciliogroup.com\/es\/#organization","name":"Rancilio Group","url":"https:\/\/www.ranciliogroup.com\/es\/","logo":{"@type":"ImageObject","inLanguage":"es-ES","@id":"https:\/\/www.ranciliogroup.com\/es\/#\/schema\/logo\/image\/","url":"https:\/\/www.ranciliogroup.com\/app\/uploads\/2019\/07\/rancilio_black_logo.png","contentUrl":"https:\/\/www.ranciliogroup.com\/app\/uploads\/2019\/07\/rancilio_black_logo.png","width":447,"height":57,"caption":"Rancilio Group"},"image":{"@id":"https:\/\/www.ranciliogroup.com\/es\/#\/schema\/logo\/image\/"},"sameAs":["https:\/\/www.facebook.com\/RancilioGroup","https:\/\/twitter.com\/ranciliogroup","https:\/\/www.instagram.com\/rancilio_official\/","https:\/\/www.linkedin.com\/company\/ranciliogroup\/","https:\/\/www.youtube.com\/user\/rancilioadmin"]},{"@type":"Person","@id":"https:\/\/www.ranciliogroup.com\/es\/#\/schema\/person\/d6bf0a7dfe74cded3d64da8b2c92814c","name":"temp circular","image":{"@type":"ImageObject","inLanguage":"es-ES","@id":"https:\/\/www.ranciliogroup.com\/es\/#\/schema\/person\/image\/","url":"https:\/\/secure.gravatar.com\/avatar\/569e71c3b97b8bcad1854d6579b35c5f?s=96&d=mm&r=g","contentUrl":"https:\/\/secure.gravatar.com\/avatar\/569e71c3b97b8bcad1854d6579b35c5f?s=96&d=mm&r=g","caption":"temp circular"}}]}},"_links":{"self":[{"href":"https:\/\/www.ranciliogroup.com\/es\/wp-json\/wp\/v2\/posts\/73608"}],"collection":[{"href":"https:\/\/www.ranciliogroup.com\/es\/wp-json\/wp\/v2\/posts"}],"about":[{"href":"https:\/\/www.ranciliogroup.com\/es\/wp-json\/wp\/v2\/types\/post"}],"author":[{"embeddable":true,"href":"https:\/\/www.ranciliogroup.com\/es\/wp-json\/wp\/v2\/users\/5"}],"replies":[{"embeddable":true,"href":"https:\/\/www.ranciliogroup.com\/es\/wp-json\/wp\/v2\/comments?post=73608"}],"version-history":[{"count":2,"href":"https:\/\/www.ranciliogroup.com\/es\/wp-json\/wp\/v2\/posts\/73608\/revisions"}],"predecessor-version":[{"id":73610,"href":"https:\/\/www.ranciliogroup.com\/es\/wp-json\/wp\/v2\/posts\/73608\/revisions\/73610"}],"wp:featuredmedia":[{"embeddable":true,"href":"https:\/\/www.ranciliogroup.com\/es\/wp-json\/wp\/v2\/media\/73591"}],"wp:attachment":[{"href":"https:\/\/www.ranciliogroup.com\/es\/wp-json\/wp\/v2\/media?parent=73608"}],"wp:term":[{"taxonomy":"category","embeddable":true,"href":"https:\/\/www.ranciliogroup.com\/es\/wp-json\/wp\/v2\/categories?post=73608"},{"taxonomy":"post_tag","embeddable":true,"href":"https:\/\/www.ranciliogroup.com\/es\/wp-json\/wp\/v2\/tags?post=73608"}],"curies":[{"name":"wp","href":"https:\/\/api.w.org\/{rel}","templated":true}]}}