{"id":73723,"date":"2024-04-22T13:04:29","date_gmt":"2024-04-22T11:04:29","guid":{"rendered":"https:\/\/www.ranciliogroup.com\/?p=73723"},"modified":"2024-04-22T13:04:29","modified_gmt":"2024-04-22T11:04:29","slug":"rancilio-group-vuela-hasta-el-primer-world-of-coffee-busan","status":"publish","type":"post","link":"https:\/\/www.ranciliogroup.com\/es\/rancilio-group-vuela-hasta-el-primer-world-of-coffee-busan\/","title":{"rendered":"Rancilio Group vuela hasta el primer World of Coffee Busan"},"content":{"rendered":"<p>Del 1 al 4 de mayo de 2024, Rancilio Group presencia el debut de World of Coffee en Asia en el Centro de Convenciones y Exposiciones de Busan (BEXCO).<\/p>\n<p>La m\u00e1quina de caf\u00e9 profesional RS1 promete hacer las delicias de todos los amantes del caf\u00e9 de especialidad. De hecho, para conmemorar esta ocasi\u00f3n especial, la RS1 se exhibir\u00e1 en un rico y c\u00e1lido tono rojo beige. Con el perfil de temperatura avanzado del RS1, los baristas pueden extraer de manera experta las caracter\u00edsticas \u00fanicas de cada caf\u00e9 o mezcla de origen \u00fanico, asegurando una experiencia de caf\u00e9 verdaderamente excepcional.<\/p>\n<p>La m\u00e1quina de caf\u00e9 Classe 20 ASB espera a todos los aficionados de Rancilio. Equipados con la innovadora lanza de vapor iSteam, los baristas cuentan con una herramienta r\u00e1pida y sin esfuerzo para espumar leche sin problemas para obtener capuccinos y caf\u00e9s con leche suaves y sabrosos. Rancilio Grindtec estar\u00e1 presente con los molinillos profesionales Kryo Elite y Bond dise\u00f1ados para agilizar el servicio y mantener una calidad y consistencia de primer nivel en cada taza.<\/p>\n<p>Completando la gama, la Egro Next NMS+ equipado con molienda autoajustable (SAG) ofrece un sistema de molienda inteligente capaz de corregir posibles cambios en la calidad del caf\u00e9 en tiempo real. Mode Pro Milk, que se adapta a una amplia gama de entornos, tambi\u00e9n est\u00e1 preparado para ofrecer excepcionales bebidas a base de caf\u00e9 y leche sin esfuerzo.<\/p>\n<p>World of Coffee Busan 2024 marca la primera feria comercial World of Coffee en el continente asi\u00e1tico y muestra el crecimiento de la floreciente industria del caf\u00e9 de especialidad en la regi\u00f3n. Corea del Sur, especialmente Busan, conocida por su pr\u00f3spera cultura e industria cafetera, es el anfitri\u00f3n perfecto para este importante evento.<\/p>\n<p>&nbsp;<\/p>\n<p>&nbsp;<\/p>\n<p><strong>World Of Coffee Busan 2024<\/strong><br \/>\n1 al 4 de mayo de 2024<br \/>\n10:00 \u2013 17:00<br \/>\nPabell\u00f3n 2, Stand G309<br \/>\n<a href=\"https:\/\/www.google.com\/maps\/place\/BEXCO+%E2%94%82+Busan+Exhibition+and+Convention+Center\/@35.1689766,129.1334608,17z\/data=!3m1!4b1!4m6!3m5!1s0x356892bf02a5dfe1:0xb36570e65bbad549!8m2!3d35.1689766!4d129.1360411!16s%2Fm%2F0fqrqdy?authuser=0&amp;entry=ttu\">Centro de exposiciones BEXCO<\/a><br \/>\n55 APEC-ro, Haeundae-gu<br \/>\nBusan, Corea del Sur<\/p>\n<p>&nbsp;<\/p>\n<p>&nbsp;<\/p>\n<p><strong>M\u00e1s informaci\u00f3n sobre el evento:<\/strong><br \/>\n<a href=\"https:\/\/asia.worldofcoffee.org\/\">https:\/\/asia.worldofcoffee.org\/<\/a><\/p>\n<p>&nbsp;<\/p>\n<p>&nbsp;<\/p>\n","protected":false},"excerpt":{"rendered":"<p>Del 1 al 4 de mayo de 2024, Rancilio Group presencia el debut de World of Coffee en Asia en&#8230;<\/p>\n","protected":false},"author":5,"featured_media":73700,"comment_status":"closed","ping_status":"closed","sticky":false,"template":"","format":"standard","meta":[],"categories":[862],"tags":[3177,2838,2745,2692,2637,2589],"acf":[],"yoast_head":"<!-- This site is optimized with the Yoast SEO plugin v21.5 - https:\/\/yoast.com\/wordpress\/plugins\/seo\/ -->\n<title>Latest update about Rancilio Group vuela hasta el primer World of Coffee Busan - Rancilio Group<\/title>\n<meta name=\"description\" content=\"Read Rancilio Group&#039;s latest news about Rancilio Group vuela hasta el primer World of Coffee Busan\" \/>\n<meta name=\"robots\" content=\"index, follow, max-snippet:-1, max-image-preview:large, max-video-preview:-1\" \/>\n<link rel=\"canonical\" href=\"https:\/\/www.ranciliogroup.com\/es\/rancilio-group-vuela-hasta-el-primer-world-of-coffee-busan\/\" \/>\n<meta property=\"og:locale\" content=\"es_ES\" \/>\n<meta property=\"og:type\" content=\"article\" \/>\n<meta property=\"og:title\" content=\"Latest update about Rancilio Group vuela hasta el primer World of Coffee Busan - Rancilio Group\" \/>\n<meta property=\"og:description\" content=\"Read Rancilio Group&#039;s latest news about Rancilio Group vuela hasta el primer World of Coffee Busan\" \/>\n<meta property=\"og:url\" content=\"https:\/\/www.ranciliogroup.com\/es\/rancilio-group-vuela-hasta-el-primer-world-of-coffee-busan\/\" \/>\n<meta property=\"og:site_name\" content=\"Rancilio Group\" \/>\n<meta property=\"article:publisher\" content=\"https:\/\/www.facebook.com\/RancilioGroup\" \/>\n<meta property=\"article:published_time\" content=\"2024-04-22T11:04:29+00:00\" \/>\n<meta property=\"og:image\" content=\"https:\/\/www.ranciliogroup.com\/app\/uploads\/2024\/04\/rancilio-group-woc-busan.jpg\" \/>\n\t<meta property=\"og:image:width\" content=\"1080\" \/>\n\t<meta property=\"og:image:height\" content=\"608\" \/>\n\t<meta property=\"og:image:type\" content=\"image\/jpeg\" \/>\n<meta name=\"author\" content=\"temp circular\" \/>\n<meta name=\"twitter:card\" content=\"summary_large_image\" \/>\n<meta name=\"twitter:creator\" content=\"@ranciliogroup\" \/>\n<meta name=\"twitter:site\" content=\"@ranciliogroup\" \/>\n<meta name=\"twitter:label1\" content=\"Written by\" \/>\n\t<meta name=\"twitter:data1\" content=\"temp circular\" \/>\n\t<meta name=\"twitter:label2\" content=\"Est. reading time\" \/>\n\t<meta name=\"twitter:data2\" content=\"2 minutes\" \/>\n<script type=\"application\/ld+json\" class=\"yoast-schema-graph\">{\"@context\":\"https:\/\/schema.org\",\"@graph\":[{\"@type\":\"Article\",\"@id\":\"https:\/\/www.ranciliogroup.com\/es\/rancilio-group-vuela-hasta-el-primer-world-of-coffee-busan\/#article\",\"isPartOf\":{\"@id\":\"https:\/\/www.ranciliogroup.com\/es\/rancilio-group-vuela-hasta-el-primer-world-of-coffee-busan\/\"},\"author\":{\"name\":\"temp circular\",\"@id\":\"https:\/\/www.ranciliogroup.com\/es\/#\/schema\/person\/d6bf0a7dfe74cded3d64da8b2c92814c\"},\"headline\":\"Rancilio Group vuela hasta el primer World of Coffee Busan\",\"datePublished\":\"2024-04-22T11:04:29+00:00\",\"dateModified\":\"2024-04-22T11:04:29+00:00\",\"mainEntityOfPage\":{\"@id\":\"https:\/\/www.ranciliogroup.com\/es\/rancilio-group-vuela-hasta-el-primer-world-of-coffee-busan\/\"},\"wordCount\":343,\"publisher\":{\"@id\":\"https:\/\/www.ranciliogroup.com\/es\/#organization\"},\"keywords\":[\"MoDe\",\"Classe 20\",\"WOC\",\"Next\",\"Kryo\",\"RS1\"],\"articleSection\":[\"Eventos\"],\"inLanguage\":\"es-ES\"},{\"@type\":\"WebPage\",\"@id\":\"https:\/\/www.ranciliogroup.com\/es\/rancilio-group-vuela-hasta-el-primer-world-of-coffee-busan\/\",\"url\":\"https:\/\/www.ranciliogroup.com\/es\/rancilio-group-vuela-hasta-el-primer-world-of-coffee-busan\/\",\"name\":\"Latest update about Rancilio Group vuela hasta el primer World of Coffee Busan - Rancilio Group\",\"isPartOf\":{\"@id\":\"https:\/\/www.ranciliogroup.com\/es\/#website\"},\"datePublished\":\"2024-04-22T11:04:29+00:00\",\"dateModified\":\"2024-04-22T11:04:29+00:00\",\"description\":\"Read Rancilio Group's latest news about Rancilio Group vuela hasta el primer World of Coffee Busan\",\"breadcrumb\":{\"@id\":\"https:\/\/www.ranciliogroup.com\/es\/rancilio-group-vuela-hasta-el-primer-world-of-coffee-busan\/#breadcrumb\"},\"inLanguage\":\"es-ES\",\"potentialAction\":[{\"@type\":\"ReadAction\",\"target\":[\"https:\/\/www.ranciliogroup.com\/es\/rancilio-group-vuela-hasta-el-primer-world-of-coffee-busan\/\"]}]},{\"@type\":\"BreadcrumbList\",\"@id\":\"https:\/\/www.ranciliogroup.com\/es\/rancilio-group-vuela-hasta-el-primer-world-of-coffee-busan\/#breadcrumb\",\"itemListElement\":[{\"@type\":\"ListItem\",\"position\":1,\"name\":\"Home\",\"item\":\"https:\/\/www.ranciliogroup.com\/es\/\"},{\"@type\":\"ListItem\",\"position\":2,\"name\":\"Rancilio Group vuela hasta el primer World of Coffee Busan\"}]},{\"@type\":\"WebSite\",\"@id\":\"https:\/\/www.ranciliogroup.com\/es\/#website\",\"url\":\"https:\/\/www.ranciliogroup.com\/es\/\",\"name\":\"Rancilio Group\",\"description\":\"L\u00edder en M\u00e1quinas de Caf\u00e9 Profesionales\",\"publisher\":{\"@id\":\"https:\/\/www.ranciliogroup.com\/es\/#organization\"},\"potentialAction\":[{\"@type\":\"SearchAction\",\"target\":{\"@type\":\"EntryPoint\",\"urlTemplate\":\"https:\/\/www.ranciliogroup.com\/es\/?s={search_term_string}\"},\"query-input\":\"required name=search_term_string\"}],\"inLanguage\":\"es-ES\"},{\"@type\":\"Organization\",\"@id\":\"https:\/\/www.ranciliogroup.com\/es\/#organization\",\"name\":\"Rancilio Group\",\"url\":\"https:\/\/www.ranciliogroup.com\/es\/\",\"logo\":{\"@type\":\"ImageObject\",\"inLanguage\":\"es-ES\",\"@id\":\"https:\/\/www.ranciliogroup.com\/es\/#\/schema\/logo\/image\/\",\"url\":\"https:\/\/www.ranciliogroup.com\/app\/uploads\/2019\/07\/rancilio_black_logo.png\",\"contentUrl\":\"https:\/\/www.ranciliogroup.com\/app\/uploads\/2019\/07\/rancilio_black_logo.png\",\"width\":447,\"height\":57,\"caption\":\"Rancilio Group\"},\"image\":{\"@id\":\"https:\/\/www.ranciliogroup.com\/es\/#\/schema\/logo\/image\/\"},\"sameAs\":[\"https:\/\/www.facebook.com\/RancilioGroup\",\"https:\/\/twitter.com\/ranciliogroup\",\"https:\/\/www.instagram.com\/rancilio_official\/\",\"https:\/\/www.linkedin.com\/company\/ranciliogroup\/\",\"https:\/\/www.youtube.com\/user\/rancilioadmin\"]},{\"@type\":\"Person\",\"@id\":\"https:\/\/www.ranciliogroup.com\/es\/#\/schema\/person\/d6bf0a7dfe74cded3d64da8b2c92814c\",\"name\":\"temp circular\",\"image\":{\"@type\":\"ImageObject\",\"inLanguage\":\"es-ES\",\"@id\":\"https:\/\/www.ranciliogroup.com\/es\/#\/schema\/person\/image\/\",\"url\":\"https:\/\/secure.gravatar.com\/avatar\/569e71c3b97b8bcad1854d6579b35c5f?s=96&d=mm&r=g\",\"contentUrl\":\"https:\/\/secure.gravatar.com\/avatar\/569e71c3b97b8bcad1854d6579b35c5f?s=96&d=mm&r=g\",\"caption\":\"temp circular\"}}]}<\/script>\n<!-- \/ Yoast SEO plugin. -->","yoast_head_json":{"title":"Latest update about Rancilio Group vuela hasta el primer World of Coffee Busan - Rancilio Group","description":"Read Rancilio Group's latest news about Rancilio Group vuela hasta el primer World of Coffee Busan","robots":{"index":"index","follow":"follow","max-snippet":"max-snippet:-1","max-image-preview":"max-image-preview:large","max-video-preview":"max-video-preview:-1"},"canonical":"https:\/\/www.ranciliogroup.com\/es\/rancilio-group-vuela-hasta-el-primer-world-of-coffee-busan\/","og_locale":"es_ES","og_type":"article","og_title":"Latest update about Rancilio Group vuela hasta el primer World of Coffee Busan - Rancilio Group","og_description":"Read Rancilio Group's latest news about Rancilio Group vuela hasta el primer World of Coffee Busan","og_url":"https:\/\/www.ranciliogroup.com\/es\/rancilio-group-vuela-hasta-el-primer-world-of-coffee-busan\/","og_site_name":"Rancilio Group","article_publisher":"https:\/\/www.facebook.com\/RancilioGroup","article_published_time":"2024-04-22T11:04:29+00:00","og_image":[{"width":1080,"height":608,"url":"https:\/\/www.ranciliogroup.com\/app\/uploads\/2024\/04\/rancilio-group-woc-busan.jpg","type":"image\/jpeg"}],"author":"temp circular","twitter_card":"summary_large_image","twitter_creator":"@ranciliogroup","twitter_site":"@ranciliogroup","twitter_misc":{"Written by":"temp circular","Est. reading time":"2 minutes"},"schema":{"@context":"https:\/\/schema.org","@graph":[{"@type":"Article","@id":"https:\/\/www.ranciliogroup.com\/es\/rancilio-group-vuela-hasta-el-primer-world-of-coffee-busan\/#article","isPartOf":{"@id":"https:\/\/www.ranciliogroup.com\/es\/rancilio-group-vuela-hasta-el-primer-world-of-coffee-busan\/"},"author":{"name":"temp circular","@id":"https:\/\/www.ranciliogroup.com\/es\/#\/schema\/person\/d6bf0a7dfe74cded3d64da8b2c92814c"},"headline":"Rancilio Group vuela hasta el primer World of Coffee Busan","datePublished":"2024-04-22T11:04:29+00:00","dateModified":"2024-04-22T11:04:29+00:00","mainEntityOfPage":{"@id":"https:\/\/www.ranciliogroup.com\/es\/rancilio-group-vuela-hasta-el-primer-world-of-coffee-busan\/"},"wordCount":343,"publisher":{"@id":"https:\/\/www.ranciliogroup.com\/es\/#organization"},"keywords":["MoDe","Classe 20","WOC","Next","Kryo","RS1"],"articleSection":["Eventos"],"inLanguage":"es-ES"},{"@type":"WebPage","@id":"https:\/\/www.ranciliogroup.com\/es\/rancilio-group-vuela-hasta-el-primer-world-of-coffee-busan\/","url":"https:\/\/www.ranciliogroup.com\/es\/rancilio-group-vuela-hasta-el-primer-world-of-coffee-busan\/","name":"Latest update about Rancilio Group vuela hasta el primer World of Coffee Busan - Rancilio Group","isPartOf":{"@id":"https:\/\/www.ranciliogroup.com\/es\/#website"},"datePublished":"2024-04-22T11:04:29+00:00","dateModified":"2024-04-22T11:04:29+00:00","description":"Read Rancilio Group's latest news about Rancilio Group vuela hasta el primer World of Coffee Busan","breadcrumb":{"@id":"https:\/\/www.ranciliogroup.com\/es\/rancilio-group-vuela-hasta-el-primer-world-of-coffee-busan\/#breadcrumb"},"inLanguage":"es-ES","potentialAction":[{"@type":"ReadAction","target":["https:\/\/www.ranciliogroup.com\/es\/rancilio-group-vuela-hasta-el-primer-world-of-coffee-busan\/"]}]},{"@type":"BreadcrumbList","@id":"https:\/\/www.ranciliogroup.com\/es\/rancilio-group-vuela-hasta-el-primer-world-of-coffee-busan\/#breadcrumb","itemListElement":[{"@type":"ListItem","position":1,"name":"Home","item":"https:\/\/www.ranciliogroup.com\/es\/"},{"@type":"ListItem","position":2,"name":"Rancilio Group vuela hasta el primer World of Coffee Busan"}]},{"@type":"WebSite","@id":"https:\/\/www.ranciliogroup.com\/es\/#website","url":"https:\/\/www.ranciliogroup.com\/es\/","name":"Rancilio Group","description":"L\u00edder en M\u00e1quinas de Caf\u00e9 Profesionales","publisher":{"@id":"https:\/\/www.ranciliogroup.com\/es\/#organization"},"potentialAction":[{"@type":"SearchAction","target":{"@type":"EntryPoint","urlTemplate":"https:\/\/www.ranciliogroup.com\/es\/?s={search_term_string}"},"query-input":"required name=search_term_string"}],"inLanguage":"es-ES"},{"@type":"Organization","@id":"https:\/\/www.ranciliogroup.com\/es\/#organization","name":"Rancilio Group","url":"https:\/\/www.ranciliogroup.com\/es\/","logo":{"@type":"ImageObject","inLanguage":"es-ES","@id":"https:\/\/www.ranciliogroup.com\/es\/#\/schema\/logo\/image\/","url":"https:\/\/www.ranciliogroup.com\/app\/uploads\/2019\/07\/rancilio_black_logo.png","contentUrl":"https:\/\/www.ranciliogroup.com\/app\/uploads\/2019\/07\/rancilio_black_logo.png","width":447,"height":57,"caption":"Rancilio Group"},"image":{"@id":"https:\/\/www.ranciliogroup.com\/es\/#\/schema\/logo\/image\/"},"sameAs":["https:\/\/www.facebook.com\/RancilioGroup","https:\/\/twitter.com\/ranciliogroup","https:\/\/www.instagram.com\/rancilio_official\/","https:\/\/www.linkedin.com\/company\/ranciliogroup\/","https:\/\/www.youtube.com\/user\/rancilioadmin"]},{"@type":"Person","@id":"https:\/\/www.ranciliogroup.com\/es\/#\/schema\/person\/d6bf0a7dfe74cded3d64da8b2c92814c","name":"temp circular","image":{"@type":"ImageObject","inLanguage":"es-ES","@id":"https:\/\/www.ranciliogroup.com\/es\/#\/schema\/person\/image\/","url":"https:\/\/secure.gravatar.com\/avatar\/569e71c3b97b8bcad1854d6579b35c5f?s=96&d=mm&r=g","contentUrl":"https:\/\/secure.gravatar.com\/avatar\/569e71c3b97b8bcad1854d6579b35c5f?s=96&d=mm&r=g","caption":"temp circular"}}]}},"_links":{"self":[{"href":"https:\/\/www.ranciliogroup.com\/es\/wp-json\/wp\/v2\/posts\/73723"}],"collection":[{"href":"https:\/\/www.ranciliogroup.com\/es\/wp-json\/wp\/v2\/posts"}],"about":[{"href":"https:\/\/www.ranciliogroup.com\/es\/wp-json\/wp\/v2\/types\/post"}],"author":[{"embeddable":true,"href":"https:\/\/www.ranciliogroup.com\/es\/wp-json\/wp\/v2\/users\/5"}],"replies":[{"embeddable":true,"href":"https:\/\/www.ranciliogroup.com\/es\/wp-json\/wp\/v2\/comments?post=73723"}],"version-history":[{"count":4,"href":"https:\/\/www.ranciliogroup.com\/es\/wp-json\/wp\/v2\/posts\/73723\/revisions"}],"predecessor-version":[{"id":73727,"href":"https:\/\/www.ranciliogroup.com\/es\/wp-json\/wp\/v2\/posts\/73723\/revisions\/73727"}],"wp:featuredmedia":[{"embeddable":true,"href":"https:\/\/www.ranciliogroup.com\/es\/wp-json\/wp\/v2\/media\/73700"}],"wp:attachment":[{"href":"https:\/\/www.ranciliogroup.com\/es\/wp-json\/wp\/v2\/media?parent=73723"}],"wp:term":[{"taxonomy":"category","embeddable":true,"href":"https:\/\/www.ranciliogroup.com\/es\/wp-json\/wp\/v2\/categories?post=73723"},{"taxonomy":"post_tag","embeddable":true,"href":"https:\/\/www.ranciliogroup.com\/es\/wp-json\/wp\/v2\/tags?post=73723"}],"curies":[{"name":"wp","href":"https:\/\/api.w.org\/{rel}","templated":true}]}}