{"id":75168,"date":"2024-09-02T11:44:14","date_gmt":"2024-09-02T09:44:14","guid":{"rendered":"https:\/\/www.ranciliogroup.com\/?p=75168"},"modified":"2024-09-02T11:44:14","modified_gmt":"2024-09-02T09:44:14","slug":"rancilio-specialty-rs1-vuelve-a-barcelona-para-el-ultimo-desafio-de-la-barista-league","status":"publish","type":"post","link":"https:\/\/www.ranciliogroup.com\/es\/rancilio-specialty-rs1-vuelve-a-barcelona-para-el-ultimo-desafio-de-la-barista-league\/","title":{"rendered":"Rancilio Specialty RS1 vuelve a Barcelona para el \u00faltimo desaf\u00edo de la Barista League"},"content":{"rendered":"<p>Rancilio Specialty invita a todos los amantes del caf\u00e9 a vivir una nueva serie de retos cafeteros, presentados por The Barista League, en Barcelona, el 28 de septiembre.<\/p>\n<p>En el acogedor ambiente cafetero de Hidden Coffee Roasters, 10 atrevidos equipos dispondr\u00e1n de tan solo 15 minutos para elaborar y servir seis bebidas a un jurado y a clientes misteriosos.<\/p>\n<p>Ayudando a estos valientes baristas estar\u00e1 la RS1 de Rancilio Specialty, una m\u00e1quina famosa por su avanzada tecnolog\u00eda de caf\u00e9 y vapor. Ser\u00e1 crucial para ayudar a los equipos a preparar dos espressos, una bebida vegetal, una bebida de chocolate y dos <em>mocktails<\/em> fr\u00edos. Juntos, tratar\u00e1n de impresionar a un distinguido jurado compuesto por Andre Barretto, Dani S\u00e1nchez, Eira Scheper, Elizaveta Vagabova, Sara Urrego Gonz\u00e1lez y Bori Mo.<\/p>\n<p>Entre tanta emoci\u00f3n, con Marcos Zoya como maestro de ceremonias, los invitados podr\u00e1n disfrutar de una velada con ambientazo, una gran variedad de bebidas, juegos, un DJ set de Muvuka Collective y mucho m\u00e1s, todo ello en una incre\u00edble noche desbordante de caf\u00e9.<\/p>\n<p>Entradas disponibles en <a href=\"https:\/\/www.tickettailor.com\/events\/thebaristaleague\/1099003?\">tickettailor.com<\/a><\/p>\n<p>&nbsp;<\/p>\n<p>&nbsp;<\/p>\n<p><strong>The Barista League Barcelona<\/strong><br \/>\n28 de septiembre<br \/>\nA partir de las 18:00 h<br \/>\n<a href=\"https:\/\/www.google.com\/maps\/place\/Hidden+Coffee+Roasters+-+Roastery\/@41.4057933,2.1470408,14z\/data=!3m1!5s0x12a4a31a23e29b5d:0x555c5dac978db6af!4m6!3m5!1s0x12a4a38dc8aab363:0x1196ca5243e0e40a!8m2!3d41.4287376!4d2.1994226!16s%2Fg%2F11fnym6180?entry=ttu\">Hidden Coffee Roasters<\/a><br \/>\nV\u00eda Trajana, 56, Nave 5, Sant Mart\u00ed<br \/>\n08020 Barcelona, Espa\u00f1a<\/p>\n<p>&nbsp;<\/p>\n<p><strong>Sigue el evento a trav\u00e9s de nuestra p\u00e1gina oficial de Instagram<\/strong><br \/>\n@ranciliospecialty #ranciliospecialty<\/p>\n<p>&nbsp;<\/p>\n<p><a href=\"https:\/\/www.ranciliogroup.com\/es\/specialty\/rs1\/\"><strong>Descubre Rancilio Specialty RS1<\/strong><\/a><\/p>\n<p>&nbsp;<\/p>\n<p>&nbsp;<\/p>\n","protected":false},"excerpt":{"rendered":"<p>Rancilio Specialty invita a todos los amantes del caf\u00e9 a vivir una nueva serie de retos cafeteros, presentados por The&#8230;<\/p>\n","protected":false},"author":5,"featured_media":75141,"comment_status":"closed","ping_status":"closed","sticky":false,"template":"","format":"standard","meta":[],"categories":[862],"tags":[3364,2592,2591,2589],"acf":[],"yoast_head":"<!-- This site is optimized with the Yoast SEO plugin v21.5 - https:\/\/yoast.com\/wordpress\/plugins\/seo\/ -->\n<title>Latest update about Rancilio Specialty RS1 vuelve a Barcelona para el \u00faltimo desaf\u00edo de la Barista League - Rancilio Group<\/title>\n<meta name=\"description\" content=\"Read Rancilio Group&#039;s latest news about Rancilio Specialty RS1 vuelve a Barcelona para el \u00faltimo desaf\u00edo de la Barista League\" \/>\n<meta name=\"robots\" content=\"index, follow, max-snippet:-1, max-image-preview:large, max-video-preview:-1\" \/>\n<link rel=\"canonical\" href=\"https:\/\/www.ranciliogroup.com\/es\/rancilio-specialty-rs1-vuelve-a-barcelona-para-el-ultimo-desafio-de-la-barista-league\/\" \/>\n<meta property=\"og:locale\" content=\"es_ES\" \/>\n<meta property=\"og:type\" content=\"article\" \/>\n<meta property=\"og:title\" content=\"Latest update about Rancilio Specialty RS1 vuelve a Barcelona para el \u00faltimo desaf\u00edo de la Barista League - Rancilio Group\" \/>\n<meta property=\"og:description\" content=\"Read Rancilio Group&#039;s latest news about Rancilio Specialty RS1 vuelve a Barcelona para el \u00faltimo desaf\u00edo de la Barista League\" \/>\n<meta property=\"og:url\" content=\"https:\/\/www.ranciliogroup.com\/es\/rancilio-specialty-rs1-vuelve-a-barcelona-para-el-ultimo-desafio-de-la-barista-league\/\" \/>\n<meta property=\"og:site_name\" content=\"Rancilio Group\" \/>\n<meta property=\"article:publisher\" content=\"https:\/\/www.facebook.com\/RancilioGroup\" \/>\n<meta property=\"article:published_time\" content=\"2024-09-02T09:44:14+00:00\" \/>\n<meta property=\"og:image\" content=\"https:\/\/www.ranciliogroup.com\/app\/uploads\/2024\/08\/The-Barista-League-Rancilio-Specialty-LR.jpg\" \/>\n\t<meta property=\"og:image:width\" content=\"1080\" \/>\n\t<meta property=\"og:image:height\" content=\"720\" \/>\n\t<meta property=\"og:image:type\" content=\"image\/jpeg\" \/>\n<meta name=\"author\" content=\"temp circular\" \/>\n<meta name=\"twitter:card\" content=\"summary_large_image\" \/>\n<meta name=\"twitter:creator\" content=\"@ranciliogroup\" \/>\n<meta name=\"twitter:site\" content=\"@ranciliogroup\" \/>\n<meta name=\"twitter:label1\" content=\"Written by\" \/>\n\t<meta name=\"twitter:data1\" content=\"temp circular\" \/>\n\t<meta name=\"twitter:label2\" content=\"Est. reading time\" \/>\n\t<meta name=\"twitter:data2\" content=\"1 minute\" \/>\n<script type=\"application\/ld+json\" class=\"yoast-schema-graph\">{\"@context\":\"https:\/\/schema.org\",\"@graph\":[{\"@type\":\"Article\",\"@id\":\"https:\/\/www.ranciliogroup.com\/es\/rancilio-specialty-rs1-vuelve-a-barcelona-para-el-ultimo-desafio-de-la-barista-league\/#article\",\"isPartOf\":{\"@id\":\"https:\/\/www.ranciliogroup.com\/es\/rancilio-specialty-rs1-vuelve-a-barcelona-para-el-ultimo-desafio-de-la-barista-league\/\"},\"author\":{\"name\":\"temp circular\",\"@id\":\"https:\/\/www.ranciliogroup.com\/es\/#\/schema\/person\/d6bf0a7dfe74cded3d64da8b2c92814c\"},\"headline\":\"Rancilio Specialty RS1 vuelve a Barcelona para el \u00faltimo desaf\u00edo de la Barista League\",\"datePublished\":\"2024-09-02T09:44:14+00:00\",\"dateModified\":\"2024-09-02T09:44:14+00:00\",\"mainEntityOfPage\":{\"@id\":\"https:\/\/www.ranciliogroup.com\/es\/rancilio-specialty-rs1-vuelve-a-barcelona-para-el-ultimo-desafio-de-la-barista-league\/\"},\"wordCount\":246,\"publisher\":{\"@id\":\"https:\/\/www.ranciliogroup.com\/es\/#organization\"},\"keywords\":[\"Advanced Temperature Profiling\",\"Barcelona\",\"Barista League\",\"RS1\"],\"articleSection\":[\"Eventos\"],\"inLanguage\":\"es-ES\"},{\"@type\":\"WebPage\",\"@id\":\"https:\/\/www.ranciliogroup.com\/es\/rancilio-specialty-rs1-vuelve-a-barcelona-para-el-ultimo-desafio-de-la-barista-league\/\",\"url\":\"https:\/\/www.ranciliogroup.com\/es\/rancilio-specialty-rs1-vuelve-a-barcelona-para-el-ultimo-desafio-de-la-barista-league\/\",\"name\":\"Latest update about Rancilio Specialty RS1 vuelve a Barcelona para el \u00faltimo desaf\u00edo de la Barista League - Rancilio Group\",\"isPartOf\":{\"@id\":\"https:\/\/www.ranciliogroup.com\/es\/#website\"},\"datePublished\":\"2024-09-02T09:44:14+00:00\",\"dateModified\":\"2024-09-02T09:44:14+00:00\",\"description\":\"Read Rancilio Group's latest news about Rancilio Specialty RS1 vuelve a Barcelona para el \u00faltimo desaf\u00edo de la Barista League\",\"breadcrumb\":{\"@id\":\"https:\/\/www.ranciliogroup.com\/es\/rancilio-specialty-rs1-vuelve-a-barcelona-para-el-ultimo-desafio-de-la-barista-league\/#breadcrumb\"},\"inLanguage\":\"es-ES\",\"potentialAction\":[{\"@type\":\"ReadAction\",\"target\":[\"https:\/\/www.ranciliogroup.com\/es\/rancilio-specialty-rs1-vuelve-a-barcelona-para-el-ultimo-desafio-de-la-barista-league\/\"]}]},{\"@type\":\"BreadcrumbList\",\"@id\":\"https:\/\/www.ranciliogroup.com\/es\/rancilio-specialty-rs1-vuelve-a-barcelona-para-el-ultimo-desafio-de-la-barista-league\/#breadcrumb\",\"itemListElement\":[{\"@type\":\"ListItem\",\"position\":1,\"name\":\"Home\",\"item\":\"https:\/\/www.ranciliogroup.com\/es\/\"},{\"@type\":\"ListItem\",\"position\":2,\"name\":\"Rancilio Specialty RS1 vuelve a Barcelona para el \u00faltimo desaf\u00edo de la Barista League\"}]},{\"@type\":\"WebSite\",\"@id\":\"https:\/\/www.ranciliogroup.com\/es\/#website\",\"url\":\"https:\/\/www.ranciliogroup.com\/es\/\",\"name\":\"Rancilio Group\",\"description\":\"L\u00edder en M\u00e1quinas de Caf\u00e9 Profesionales\",\"publisher\":{\"@id\":\"https:\/\/www.ranciliogroup.com\/es\/#organization\"},\"potentialAction\":[{\"@type\":\"SearchAction\",\"target\":{\"@type\":\"EntryPoint\",\"urlTemplate\":\"https:\/\/www.ranciliogroup.com\/es\/?s={search_term_string}\"},\"query-input\":\"required name=search_term_string\"}],\"inLanguage\":\"es-ES\"},{\"@type\":\"Organization\",\"@id\":\"https:\/\/www.ranciliogroup.com\/es\/#organization\",\"name\":\"Rancilio Group\",\"url\":\"https:\/\/www.ranciliogroup.com\/es\/\",\"logo\":{\"@type\":\"ImageObject\",\"inLanguage\":\"es-ES\",\"@id\":\"https:\/\/www.ranciliogroup.com\/es\/#\/schema\/logo\/image\/\",\"url\":\"https:\/\/www.ranciliogroup.com\/app\/uploads\/2019\/07\/rancilio_black_logo.png\",\"contentUrl\":\"https:\/\/www.ranciliogroup.com\/app\/uploads\/2019\/07\/rancilio_black_logo.png\",\"width\":447,\"height\":57,\"caption\":\"Rancilio Group\"},\"image\":{\"@id\":\"https:\/\/www.ranciliogroup.com\/es\/#\/schema\/logo\/image\/\"},\"sameAs\":[\"https:\/\/www.facebook.com\/RancilioGroup\",\"https:\/\/twitter.com\/ranciliogroup\",\"https:\/\/www.instagram.com\/rancilio_official\/\",\"https:\/\/www.linkedin.com\/company\/ranciliogroup\/\",\"https:\/\/www.youtube.com\/user\/rancilioadmin\"]},{\"@type\":\"Person\",\"@id\":\"https:\/\/www.ranciliogroup.com\/es\/#\/schema\/person\/d6bf0a7dfe74cded3d64da8b2c92814c\",\"name\":\"temp circular\",\"image\":{\"@type\":\"ImageObject\",\"inLanguage\":\"es-ES\",\"@id\":\"https:\/\/www.ranciliogroup.com\/es\/#\/schema\/person\/image\/\",\"url\":\"https:\/\/secure.gravatar.com\/avatar\/569e71c3b97b8bcad1854d6579b35c5f?s=96&d=mm&r=g\",\"contentUrl\":\"https:\/\/secure.gravatar.com\/avatar\/569e71c3b97b8bcad1854d6579b35c5f?s=96&d=mm&r=g\",\"caption\":\"temp circular\"}}]}<\/script>\n<!-- \/ Yoast SEO plugin. -->","yoast_head_json":{"title":"Latest update about Rancilio Specialty RS1 vuelve a Barcelona para el \u00faltimo desaf\u00edo de la Barista League - Rancilio Group","description":"Read Rancilio Group's latest news about Rancilio Specialty RS1 vuelve a Barcelona para el \u00faltimo desaf\u00edo de la Barista League","robots":{"index":"index","follow":"follow","max-snippet":"max-snippet:-1","max-image-preview":"max-image-preview:large","max-video-preview":"max-video-preview:-1"},"canonical":"https:\/\/www.ranciliogroup.com\/es\/rancilio-specialty-rs1-vuelve-a-barcelona-para-el-ultimo-desafio-de-la-barista-league\/","og_locale":"es_ES","og_type":"article","og_title":"Latest update about Rancilio Specialty RS1 vuelve a Barcelona para el \u00faltimo desaf\u00edo de la Barista League - Rancilio Group","og_description":"Read Rancilio Group's latest news about Rancilio Specialty RS1 vuelve a Barcelona para el \u00faltimo desaf\u00edo de la Barista League","og_url":"https:\/\/www.ranciliogroup.com\/es\/rancilio-specialty-rs1-vuelve-a-barcelona-para-el-ultimo-desafio-de-la-barista-league\/","og_site_name":"Rancilio Group","article_publisher":"https:\/\/www.facebook.com\/RancilioGroup","article_published_time":"2024-09-02T09:44:14+00:00","og_image":[{"width":1080,"height":720,"url":"https:\/\/www.ranciliogroup.com\/app\/uploads\/2024\/08\/The-Barista-League-Rancilio-Specialty-LR.jpg","type":"image\/jpeg"}],"author":"temp circular","twitter_card":"summary_large_image","twitter_creator":"@ranciliogroup","twitter_site":"@ranciliogroup","twitter_misc":{"Written by":"temp circular","Est. reading time":"1 minute"},"schema":{"@context":"https:\/\/schema.org","@graph":[{"@type":"Article","@id":"https:\/\/www.ranciliogroup.com\/es\/rancilio-specialty-rs1-vuelve-a-barcelona-para-el-ultimo-desafio-de-la-barista-league\/#article","isPartOf":{"@id":"https:\/\/www.ranciliogroup.com\/es\/rancilio-specialty-rs1-vuelve-a-barcelona-para-el-ultimo-desafio-de-la-barista-league\/"},"author":{"name":"temp circular","@id":"https:\/\/www.ranciliogroup.com\/es\/#\/schema\/person\/d6bf0a7dfe74cded3d64da8b2c92814c"},"headline":"Rancilio Specialty RS1 vuelve a Barcelona para el \u00faltimo desaf\u00edo de la Barista League","datePublished":"2024-09-02T09:44:14+00:00","dateModified":"2024-09-02T09:44:14+00:00","mainEntityOfPage":{"@id":"https:\/\/www.ranciliogroup.com\/es\/rancilio-specialty-rs1-vuelve-a-barcelona-para-el-ultimo-desafio-de-la-barista-league\/"},"wordCount":246,"publisher":{"@id":"https:\/\/www.ranciliogroup.com\/es\/#organization"},"keywords":["Advanced Temperature Profiling","Barcelona","Barista League","RS1"],"articleSection":["Eventos"],"inLanguage":"es-ES"},{"@type":"WebPage","@id":"https:\/\/www.ranciliogroup.com\/es\/rancilio-specialty-rs1-vuelve-a-barcelona-para-el-ultimo-desafio-de-la-barista-league\/","url":"https:\/\/www.ranciliogroup.com\/es\/rancilio-specialty-rs1-vuelve-a-barcelona-para-el-ultimo-desafio-de-la-barista-league\/","name":"Latest update about Rancilio Specialty RS1 vuelve a Barcelona para el \u00faltimo desaf\u00edo de la Barista League - Rancilio Group","isPartOf":{"@id":"https:\/\/www.ranciliogroup.com\/es\/#website"},"datePublished":"2024-09-02T09:44:14+00:00","dateModified":"2024-09-02T09:44:14+00:00","description":"Read Rancilio Group's latest news about Rancilio Specialty RS1 vuelve a Barcelona para el \u00faltimo desaf\u00edo de la Barista League","breadcrumb":{"@id":"https:\/\/www.ranciliogroup.com\/es\/rancilio-specialty-rs1-vuelve-a-barcelona-para-el-ultimo-desafio-de-la-barista-league\/#breadcrumb"},"inLanguage":"es-ES","potentialAction":[{"@type":"ReadAction","target":["https:\/\/www.ranciliogroup.com\/es\/rancilio-specialty-rs1-vuelve-a-barcelona-para-el-ultimo-desafio-de-la-barista-league\/"]}]},{"@type":"BreadcrumbList","@id":"https:\/\/www.ranciliogroup.com\/es\/rancilio-specialty-rs1-vuelve-a-barcelona-para-el-ultimo-desafio-de-la-barista-league\/#breadcrumb","itemListElement":[{"@type":"ListItem","position":1,"name":"Home","item":"https:\/\/www.ranciliogroup.com\/es\/"},{"@type":"ListItem","position":2,"name":"Rancilio Specialty RS1 vuelve a Barcelona para el \u00faltimo desaf\u00edo de la Barista League"}]},{"@type":"WebSite","@id":"https:\/\/www.ranciliogroup.com\/es\/#website","url":"https:\/\/www.ranciliogroup.com\/es\/","name":"Rancilio Group","description":"L\u00edder en M\u00e1quinas de Caf\u00e9 Profesionales","publisher":{"@id":"https:\/\/www.ranciliogroup.com\/es\/#organization"},"potentialAction":[{"@type":"SearchAction","target":{"@type":"EntryPoint","urlTemplate":"https:\/\/www.ranciliogroup.com\/es\/?s={search_term_string}"},"query-input":"required name=search_term_string"}],"inLanguage":"es-ES"},{"@type":"Organization","@id":"https:\/\/www.ranciliogroup.com\/es\/#organization","name":"Rancilio Group","url":"https:\/\/www.ranciliogroup.com\/es\/","logo":{"@type":"ImageObject","inLanguage":"es-ES","@id":"https:\/\/www.ranciliogroup.com\/es\/#\/schema\/logo\/image\/","url":"https:\/\/www.ranciliogroup.com\/app\/uploads\/2019\/07\/rancilio_black_logo.png","contentUrl":"https:\/\/www.ranciliogroup.com\/app\/uploads\/2019\/07\/rancilio_black_logo.png","width":447,"height":57,"caption":"Rancilio Group"},"image":{"@id":"https:\/\/www.ranciliogroup.com\/es\/#\/schema\/logo\/image\/"},"sameAs":["https:\/\/www.facebook.com\/RancilioGroup","https:\/\/twitter.com\/ranciliogroup","https:\/\/www.instagram.com\/rancilio_official\/","https:\/\/www.linkedin.com\/company\/ranciliogroup\/","https:\/\/www.youtube.com\/user\/rancilioadmin"]},{"@type":"Person","@id":"https:\/\/www.ranciliogroup.com\/es\/#\/schema\/person\/d6bf0a7dfe74cded3d64da8b2c92814c","name":"temp circular","image":{"@type":"ImageObject","inLanguage":"es-ES","@id":"https:\/\/www.ranciliogroup.com\/es\/#\/schema\/person\/image\/","url":"https:\/\/secure.gravatar.com\/avatar\/569e71c3b97b8bcad1854d6579b35c5f?s=96&d=mm&r=g","contentUrl":"https:\/\/secure.gravatar.com\/avatar\/569e71c3b97b8bcad1854d6579b35c5f?s=96&d=mm&r=g","caption":"temp circular"}}]}},"_links":{"self":[{"href":"https:\/\/www.ranciliogroup.com\/es\/wp-json\/wp\/v2\/posts\/75168"}],"collection":[{"href":"https:\/\/www.ranciliogroup.com\/es\/wp-json\/wp\/v2\/posts"}],"about":[{"href":"https:\/\/www.ranciliogroup.com\/es\/wp-json\/wp\/v2\/types\/post"}],"author":[{"embeddable":true,"href":"https:\/\/www.ranciliogroup.com\/es\/wp-json\/wp\/v2\/users\/5"}],"replies":[{"embeddable":true,"href":"https:\/\/www.ranciliogroup.com\/es\/wp-json\/wp\/v2\/comments?post=75168"}],"version-history":[{"count":2,"href":"https:\/\/www.ranciliogroup.com\/es\/wp-json\/wp\/v2\/posts\/75168\/revisions"}],"predecessor-version":[{"id":75170,"href":"https:\/\/www.ranciliogroup.com\/es\/wp-json\/wp\/v2\/posts\/75168\/revisions\/75170"}],"wp:featuredmedia":[{"embeddable":true,"href":"https:\/\/www.ranciliogroup.com\/es\/wp-json\/wp\/v2\/media\/75141"}],"wp:attachment":[{"href":"https:\/\/www.ranciliogroup.com\/es\/wp-json\/wp\/v2\/media?parent=75168"}],"wp:term":[{"taxonomy":"category","embeddable":true,"href":"https:\/\/www.ranciliogroup.com\/es\/wp-json\/wp\/v2\/categories?post=75168"},{"taxonomy":"post_tag","embeddable":true,"href":"https:\/\/www.ranciliogroup.com\/es\/wp-json\/wp\/v2\/tags?post=75168"}],"curies":[{"name":"wp","href":"https:\/\/api.w.org\/{rel}","templated":true}]}}