{"id":75267,"date":"2024-09-09T12:54:34","date_gmt":"2024-09-09T10:54:34","guid":{"rendered":"https:\/\/www.ranciliogroup.com\/?p=75267"},"modified":"2024-09-09T12:54:34","modified_gmt":"2024-09-09T10:54:34","slug":"rancilio-group-en-la-conferencia-y-exposicion-mundial-de-cafes-de-especialidad-2024-en-tokio","status":"publish","type":"post","link":"https:\/\/www.ranciliogroup.com\/es\/rancilio-group-en-la-conferencia-y-exposicion-mundial-de-cafes-de-especialidad-2024-en-tokio\/","title":{"rendered":"Rancilio Group en la Conferencia y Exposici\u00f3n Mundial de Caf\u00e9s de Especialidad 2024 en Tokio"},"content":{"rendered":"<p>Del 9 al 12 de octubre, la SCAJ 2024 acoger\u00e1 a los entusiastas y profesionales de los caf\u00e9s de especialidad en Tokyo Big Sight. Rancilio Group se enorgullece de presentar sus apreciadas colaboraciones en este esperado evento dedicado al mundo del caf\u00e9 de especialidad.<\/p>\n<p>En el stand de Lucky Coffee Machine, parte del grupo UCC y l\u00edder de mercado, los visitantes podr\u00e1n explorar la Rancilio Classe 5, una m\u00e1quina de caf\u00e9 de una sola caldera conocida por su facilidad de uso y fiabilidad. Tambi\u00e9n se expondr\u00e1 la Egro Next, un producto estrella para todos aquellos que adoran las m\u00e1quinas totalmente autom\u00e1ticas.<\/p>\n<p>Alphaespace contar\u00e1 con un rinc\u00f3n especial para los amantes del caf\u00e9 hecho en casa. Por primera vez en una feria, Alphaespace presentar\u00e1 la Rancilio Silvia y la Silvia Pro X en el Coffee Village, ofreciendo a los visitantes la oportunidad de apreciar el dise\u00f1o y la facilidad de uso de estas queridas m\u00e1quinas de caf\u00e9 dom\u00e9sticas.<\/p>\n<p>El nuevo socio de Rancilio Group, Navy Blue, mostrar\u00e1 la m\u00e1quina de caf\u00e9 RS1 de caldera m\u00faltiple en su stand, donde los asistentes podr\u00e1n experimentar el potencial de la tecnolog\u00eda Advanced Temperature Profiling.<\/p>\n<p>SCAJ es uno de los principales eventos sobre caf\u00e9s de especialidad de Asia. Re\u00fane a regiones y pa\u00edses productores, as\u00ed como a industrias y productos afines de todo el mundo. El evento ofrece una valiosa oportunidad para entablar conversaci\u00f3n directamente con productores e importadores, al tiempo que se degustan y catan exquisitos caf\u00e9s de especialidad.<\/p>\n<p>&nbsp;<\/p>\n<p>&nbsp;<\/p>\n<p><strong>SCAJ 2024<\/strong><br \/>\nDel 9 al 12 de octubre<br \/>\n<a href=\"https:\/\/www.google.com\/maps\/place\/Tokyo+Big+Sight\/@35.6321411,139.7948835,17z\/data=!3m2!4b1!5s0x601889dc396d23d7:0xb6c29ca3b0a7d585!4m6!3m5!1s0x601889dc629d1e7b:0xa4d1509a76045a01!8m2!3d35.6321411!4d139.7974638!16s%2Fm%2F027qfk3?authuser=0&amp;entry=ttu&amp;g_ep=EgoyMDI0MDgyOC4wIKXMDSoASAFQAw%3D%3D\">Tokyo Big Sight<\/a><br \/>\n3 Chome-11-1 Ariake, Ciudad de Koto<br \/>\nTokio 135-0063, Jap\u00f3n<\/p>\n<p>&nbsp;<\/p>\n","protected":false},"excerpt":{"rendered":"<p>Del 9 al 12 de octubre, la SCAJ 2024 acoger\u00e1 a los entusiastas y profesionales de los caf\u00e9s de especialidad&#8230;<\/p>\n","protected":false},"author":5,"featured_media":75249,"comment_status":"closed","ping_status":"closed","sticky":false,"template":"","format":"standard","meta":[],"categories":[862],"tags":[3701,3673,3364,2922,2874,2747,2692,2589],"acf":[],"yoast_head":"<!-- This site is optimized with the Yoast SEO plugin v21.5 - https:\/\/yoast.com\/wordpress\/plugins\/seo\/ -->\n<title>Latest update about Rancilio Group en la Conferencia y Exposici\u00f3n Mundial de Caf\u00e9s de Especialidad 2024 en Tokio - Rancilio Group<\/title>\n<meta name=\"description\" content=\"Read Rancilio Group&#039;s latest news about Rancilio Group en la Conferencia y Exposici\u00f3n Mundial de Caf\u00e9s de Especialidad 2024 en Tokio\" \/>\n<meta name=\"robots\" content=\"index, follow, max-snippet:-1, max-image-preview:large, max-video-preview:-1\" \/>\n<link rel=\"canonical\" href=\"https:\/\/www.ranciliogroup.com\/es\/rancilio-group-en-la-conferencia-y-exposicion-mundial-de-cafes-de-especialidad-2024-en-tokio\/\" \/>\n<meta property=\"og:locale\" content=\"es_ES\" \/>\n<meta property=\"og:type\" content=\"article\" \/>\n<meta property=\"og:title\" content=\"Latest update about Rancilio Group en la Conferencia y Exposici\u00f3n Mundial de Caf\u00e9s de Especialidad 2024 en Tokio - Rancilio Group\" \/>\n<meta property=\"og:description\" content=\"Read Rancilio Group&#039;s latest news about Rancilio Group en la Conferencia y Exposici\u00f3n Mundial de Caf\u00e9s de Especialidad 2024 en Tokio\" \/>\n<meta property=\"og:url\" content=\"https:\/\/www.ranciliogroup.com\/es\/rancilio-group-en-la-conferencia-y-exposicion-mundial-de-cafes-de-especialidad-2024-en-tokio\/\" \/>\n<meta property=\"og:site_name\" content=\"Rancilio Group\" \/>\n<meta property=\"article:publisher\" content=\"https:\/\/www.facebook.com\/RancilioGroup\" \/>\n<meta property=\"article:published_time\" content=\"2024-09-09T10:54:34+00:00\" \/>\n<meta property=\"og:image\" content=\"https:\/\/www.ranciliogroup.com\/app\/uploads\/2024\/09\/scaj2024_tokyo.jpg\" \/>\n\t<meta property=\"og:image:width\" content=\"1080\" \/>\n\t<meta property=\"og:image:height\" content=\"720\" \/>\n\t<meta property=\"og:image:type\" content=\"image\/jpeg\" \/>\n<meta name=\"author\" content=\"temp circular\" \/>\n<meta name=\"twitter:card\" content=\"summary_large_image\" \/>\n<meta name=\"twitter:creator\" content=\"@ranciliogroup\" \/>\n<meta name=\"twitter:site\" content=\"@ranciliogroup\" \/>\n<meta name=\"twitter:label1\" content=\"Written by\" \/>\n\t<meta name=\"twitter:data1\" content=\"temp circular\" \/>\n\t<meta name=\"twitter:label2\" content=\"Est. reading time\" \/>\n\t<meta name=\"twitter:data2\" content=\"2 minutes\" \/>\n<script type=\"application\/ld+json\" class=\"yoast-schema-graph\">{\"@context\":\"https:\/\/schema.org\",\"@graph\":[{\"@type\":\"Article\",\"@id\":\"https:\/\/www.ranciliogroup.com\/es\/rancilio-group-en-la-conferencia-y-exposicion-mundial-de-cafes-de-especialidad-2024-en-tokio\/#article\",\"isPartOf\":{\"@id\":\"https:\/\/www.ranciliogroup.com\/es\/rancilio-group-en-la-conferencia-y-exposicion-mundial-de-cafes-de-especialidad-2024-en-tokio\/\"},\"author\":{\"name\":\"temp circular\",\"@id\":\"https:\/\/www.ranciliogroup.com\/es\/#\/schema\/person\/d6bf0a7dfe74cded3d64da8b2c92814c\"},\"headline\":\"Rancilio Group en la Conferencia y Exposici\u00f3n Mundial de Caf\u00e9s de Especialidad 2024 en Tokio\",\"datePublished\":\"2024-09-09T10:54:34+00:00\",\"dateModified\":\"2024-09-09T10:54:34+00:00\",\"mainEntityOfPage\":{\"@id\":\"https:\/\/www.ranciliogroup.com\/es\/rancilio-group-en-la-conferencia-y-exposicion-mundial-de-cafes-de-especialidad-2024-en-tokio\/\"},\"wordCount\":298,\"publisher\":{\"@id\":\"https:\/\/www.ranciliogroup.com\/es\/#organization\"},\"keywords\":[\"SCAJ\",\"Tokyo\",\"Advanced Temperature Profiling\",\"Silvia\",\"Classe 5\",\"Silvia Pro X\",\"Next\",\"RS1\"],\"articleSection\":[\"Eventos\"],\"inLanguage\":\"es-ES\"},{\"@type\":\"WebPage\",\"@id\":\"https:\/\/www.ranciliogroup.com\/es\/rancilio-group-en-la-conferencia-y-exposicion-mundial-de-cafes-de-especialidad-2024-en-tokio\/\",\"url\":\"https:\/\/www.ranciliogroup.com\/es\/rancilio-group-en-la-conferencia-y-exposicion-mundial-de-cafes-de-especialidad-2024-en-tokio\/\",\"name\":\"Latest update about Rancilio Group en la Conferencia y Exposici\u00f3n Mundial de Caf\u00e9s de Especialidad 2024 en Tokio - Rancilio Group\",\"isPartOf\":{\"@id\":\"https:\/\/www.ranciliogroup.com\/es\/#website\"},\"datePublished\":\"2024-09-09T10:54:34+00:00\",\"dateModified\":\"2024-09-09T10:54:34+00:00\",\"description\":\"Read Rancilio Group's latest news about Rancilio Group en la Conferencia y Exposici\u00f3n Mundial de Caf\u00e9s de Especialidad 2024 en Tokio\",\"breadcrumb\":{\"@id\":\"https:\/\/www.ranciliogroup.com\/es\/rancilio-group-en-la-conferencia-y-exposicion-mundial-de-cafes-de-especialidad-2024-en-tokio\/#breadcrumb\"},\"inLanguage\":\"es-ES\",\"potentialAction\":[{\"@type\":\"ReadAction\",\"target\":[\"https:\/\/www.ranciliogroup.com\/es\/rancilio-group-en-la-conferencia-y-exposicion-mundial-de-cafes-de-especialidad-2024-en-tokio\/\"]}]},{\"@type\":\"BreadcrumbList\",\"@id\":\"https:\/\/www.ranciliogroup.com\/es\/rancilio-group-en-la-conferencia-y-exposicion-mundial-de-cafes-de-especialidad-2024-en-tokio\/#breadcrumb\",\"itemListElement\":[{\"@type\":\"ListItem\",\"position\":1,\"name\":\"Home\",\"item\":\"https:\/\/www.ranciliogroup.com\/es\/\"},{\"@type\":\"ListItem\",\"position\":2,\"name\":\"Rancilio Group en la Conferencia y Exposici\u00f3n Mundial de Caf\u00e9s de Especialidad 2024 en Tokio\"}]},{\"@type\":\"WebSite\",\"@id\":\"https:\/\/www.ranciliogroup.com\/es\/#website\",\"url\":\"https:\/\/www.ranciliogroup.com\/es\/\",\"name\":\"Rancilio Group\",\"description\":\"L\u00edder en M\u00e1quinas de Caf\u00e9 Profesionales\",\"publisher\":{\"@id\":\"https:\/\/www.ranciliogroup.com\/es\/#organization\"},\"potentialAction\":[{\"@type\":\"SearchAction\",\"target\":{\"@type\":\"EntryPoint\",\"urlTemplate\":\"https:\/\/www.ranciliogroup.com\/es\/?s={search_term_string}\"},\"query-input\":\"required name=search_term_string\"}],\"inLanguage\":\"es-ES\"},{\"@type\":\"Organization\",\"@id\":\"https:\/\/www.ranciliogroup.com\/es\/#organization\",\"name\":\"Rancilio Group\",\"url\":\"https:\/\/www.ranciliogroup.com\/es\/\",\"logo\":{\"@type\":\"ImageObject\",\"inLanguage\":\"es-ES\",\"@id\":\"https:\/\/www.ranciliogroup.com\/es\/#\/schema\/logo\/image\/\",\"url\":\"https:\/\/www.ranciliogroup.com\/app\/uploads\/2019\/07\/rancilio_black_logo.png\",\"contentUrl\":\"https:\/\/www.ranciliogroup.com\/app\/uploads\/2019\/07\/rancilio_black_logo.png\",\"width\":447,\"height\":57,\"caption\":\"Rancilio Group\"},\"image\":{\"@id\":\"https:\/\/www.ranciliogroup.com\/es\/#\/schema\/logo\/image\/\"},\"sameAs\":[\"https:\/\/www.facebook.com\/RancilioGroup\",\"https:\/\/twitter.com\/ranciliogroup\",\"https:\/\/www.instagram.com\/rancilio_official\/\",\"https:\/\/www.linkedin.com\/company\/ranciliogroup\/\",\"https:\/\/www.youtube.com\/user\/rancilioadmin\"]},{\"@type\":\"Person\",\"@id\":\"https:\/\/www.ranciliogroup.com\/es\/#\/schema\/person\/d6bf0a7dfe74cded3d64da8b2c92814c\",\"name\":\"temp circular\",\"image\":{\"@type\":\"ImageObject\",\"inLanguage\":\"es-ES\",\"@id\":\"https:\/\/www.ranciliogroup.com\/es\/#\/schema\/person\/image\/\",\"url\":\"https:\/\/secure.gravatar.com\/avatar\/569e71c3b97b8bcad1854d6579b35c5f?s=96&d=mm&r=g\",\"contentUrl\":\"https:\/\/secure.gravatar.com\/avatar\/569e71c3b97b8bcad1854d6579b35c5f?s=96&d=mm&r=g\",\"caption\":\"temp circular\"}}]}<\/script>\n<!-- \/ Yoast SEO plugin. -->","yoast_head_json":{"title":"Latest update about Rancilio Group en la Conferencia y Exposici\u00f3n Mundial de Caf\u00e9s de Especialidad 2024 en Tokio - Rancilio Group","description":"Read Rancilio Group's latest news about Rancilio Group en la Conferencia y Exposici\u00f3n Mundial de Caf\u00e9s de Especialidad 2024 en Tokio","robots":{"index":"index","follow":"follow","max-snippet":"max-snippet:-1","max-image-preview":"max-image-preview:large","max-video-preview":"max-video-preview:-1"},"canonical":"https:\/\/www.ranciliogroup.com\/es\/rancilio-group-en-la-conferencia-y-exposicion-mundial-de-cafes-de-especialidad-2024-en-tokio\/","og_locale":"es_ES","og_type":"article","og_title":"Latest update about Rancilio Group en la Conferencia y Exposici\u00f3n Mundial de Caf\u00e9s de Especialidad 2024 en Tokio - Rancilio Group","og_description":"Read Rancilio Group's latest news about Rancilio Group en la Conferencia y Exposici\u00f3n Mundial de Caf\u00e9s de Especialidad 2024 en Tokio","og_url":"https:\/\/www.ranciliogroup.com\/es\/rancilio-group-en-la-conferencia-y-exposicion-mundial-de-cafes-de-especialidad-2024-en-tokio\/","og_site_name":"Rancilio Group","article_publisher":"https:\/\/www.facebook.com\/RancilioGroup","article_published_time":"2024-09-09T10:54:34+00:00","og_image":[{"width":1080,"height":720,"url":"https:\/\/www.ranciliogroup.com\/app\/uploads\/2024\/09\/scaj2024_tokyo.jpg","type":"image\/jpeg"}],"author":"temp circular","twitter_card":"summary_large_image","twitter_creator":"@ranciliogroup","twitter_site":"@ranciliogroup","twitter_misc":{"Written by":"temp circular","Est. reading time":"2 minutes"},"schema":{"@context":"https:\/\/schema.org","@graph":[{"@type":"Article","@id":"https:\/\/www.ranciliogroup.com\/es\/rancilio-group-en-la-conferencia-y-exposicion-mundial-de-cafes-de-especialidad-2024-en-tokio\/#article","isPartOf":{"@id":"https:\/\/www.ranciliogroup.com\/es\/rancilio-group-en-la-conferencia-y-exposicion-mundial-de-cafes-de-especialidad-2024-en-tokio\/"},"author":{"name":"temp circular","@id":"https:\/\/www.ranciliogroup.com\/es\/#\/schema\/person\/d6bf0a7dfe74cded3d64da8b2c92814c"},"headline":"Rancilio Group en la Conferencia y Exposici\u00f3n Mundial de Caf\u00e9s de Especialidad 2024 en Tokio","datePublished":"2024-09-09T10:54:34+00:00","dateModified":"2024-09-09T10:54:34+00:00","mainEntityOfPage":{"@id":"https:\/\/www.ranciliogroup.com\/es\/rancilio-group-en-la-conferencia-y-exposicion-mundial-de-cafes-de-especialidad-2024-en-tokio\/"},"wordCount":298,"publisher":{"@id":"https:\/\/www.ranciliogroup.com\/es\/#organization"},"keywords":["SCAJ","Tokyo","Advanced Temperature Profiling","Silvia","Classe 5","Silvia Pro X","Next","RS1"],"articleSection":["Eventos"],"inLanguage":"es-ES"},{"@type":"WebPage","@id":"https:\/\/www.ranciliogroup.com\/es\/rancilio-group-en-la-conferencia-y-exposicion-mundial-de-cafes-de-especialidad-2024-en-tokio\/","url":"https:\/\/www.ranciliogroup.com\/es\/rancilio-group-en-la-conferencia-y-exposicion-mundial-de-cafes-de-especialidad-2024-en-tokio\/","name":"Latest update about Rancilio Group en la Conferencia y Exposici\u00f3n Mundial de Caf\u00e9s de Especialidad 2024 en Tokio - Rancilio Group","isPartOf":{"@id":"https:\/\/www.ranciliogroup.com\/es\/#website"},"datePublished":"2024-09-09T10:54:34+00:00","dateModified":"2024-09-09T10:54:34+00:00","description":"Read Rancilio Group's latest news about Rancilio Group en la Conferencia y Exposici\u00f3n Mundial de Caf\u00e9s de Especialidad 2024 en Tokio","breadcrumb":{"@id":"https:\/\/www.ranciliogroup.com\/es\/rancilio-group-en-la-conferencia-y-exposicion-mundial-de-cafes-de-especialidad-2024-en-tokio\/#breadcrumb"},"inLanguage":"es-ES","potentialAction":[{"@type":"ReadAction","target":["https:\/\/www.ranciliogroup.com\/es\/rancilio-group-en-la-conferencia-y-exposicion-mundial-de-cafes-de-especialidad-2024-en-tokio\/"]}]},{"@type":"BreadcrumbList","@id":"https:\/\/www.ranciliogroup.com\/es\/rancilio-group-en-la-conferencia-y-exposicion-mundial-de-cafes-de-especialidad-2024-en-tokio\/#breadcrumb","itemListElement":[{"@type":"ListItem","position":1,"name":"Home","item":"https:\/\/www.ranciliogroup.com\/es\/"},{"@type":"ListItem","position":2,"name":"Rancilio Group en la Conferencia y Exposici\u00f3n Mundial de Caf\u00e9s de Especialidad 2024 en Tokio"}]},{"@type":"WebSite","@id":"https:\/\/www.ranciliogroup.com\/es\/#website","url":"https:\/\/www.ranciliogroup.com\/es\/","name":"Rancilio Group","description":"L\u00edder en M\u00e1quinas de Caf\u00e9 Profesionales","publisher":{"@id":"https:\/\/www.ranciliogroup.com\/es\/#organization"},"potentialAction":[{"@type":"SearchAction","target":{"@type":"EntryPoint","urlTemplate":"https:\/\/www.ranciliogroup.com\/es\/?s={search_term_string}"},"query-input":"required name=search_term_string"}],"inLanguage":"es-ES"},{"@type":"Organization","@id":"https:\/\/www.ranciliogroup.com\/es\/#organization","name":"Rancilio Group","url":"https:\/\/www.ranciliogroup.com\/es\/","logo":{"@type":"ImageObject","inLanguage":"es-ES","@id":"https:\/\/www.ranciliogroup.com\/es\/#\/schema\/logo\/image\/","url":"https:\/\/www.ranciliogroup.com\/app\/uploads\/2019\/07\/rancilio_black_logo.png","contentUrl":"https:\/\/www.ranciliogroup.com\/app\/uploads\/2019\/07\/rancilio_black_logo.png","width":447,"height":57,"caption":"Rancilio Group"},"image":{"@id":"https:\/\/www.ranciliogroup.com\/es\/#\/schema\/logo\/image\/"},"sameAs":["https:\/\/www.facebook.com\/RancilioGroup","https:\/\/twitter.com\/ranciliogroup","https:\/\/www.instagram.com\/rancilio_official\/","https:\/\/www.linkedin.com\/company\/ranciliogroup\/","https:\/\/www.youtube.com\/user\/rancilioadmin"]},{"@type":"Person","@id":"https:\/\/www.ranciliogroup.com\/es\/#\/schema\/person\/d6bf0a7dfe74cded3d64da8b2c92814c","name":"temp circular","image":{"@type":"ImageObject","inLanguage":"es-ES","@id":"https:\/\/www.ranciliogroup.com\/es\/#\/schema\/person\/image\/","url":"https:\/\/secure.gravatar.com\/avatar\/569e71c3b97b8bcad1854d6579b35c5f?s=96&d=mm&r=g","contentUrl":"https:\/\/secure.gravatar.com\/avatar\/569e71c3b97b8bcad1854d6579b35c5f?s=96&d=mm&r=g","caption":"temp circular"}}]}},"_links":{"self":[{"href":"https:\/\/www.ranciliogroup.com\/es\/wp-json\/wp\/v2\/posts\/75267"}],"collection":[{"href":"https:\/\/www.ranciliogroup.com\/es\/wp-json\/wp\/v2\/posts"}],"about":[{"href":"https:\/\/www.ranciliogroup.com\/es\/wp-json\/wp\/v2\/types\/post"}],"author":[{"embeddable":true,"href":"https:\/\/www.ranciliogroup.com\/es\/wp-json\/wp\/v2\/users\/5"}],"replies":[{"embeddable":true,"href":"https:\/\/www.ranciliogroup.com\/es\/wp-json\/wp\/v2\/comments?post=75267"}],"version-history":[{"count":2,"href":"https:\/\/www.ranciliogroup.com\/es\/wp-json\/wp\/v2\/posts\/75267\/revisions"}],"predecessor-version":[{"id":75269,"href":"https:\/\/www.ranciliogroup.com\/es\/wp-json\/wp\/v2\/posts\/75267\/revisions\/75269"}],"wp:featuredmedia":[{"embeddable":true,"href":"https:\/\/www.ranciliogroup.com\/es\/wp-json\/wp\/v2\/media\/75249"}],"wp:attachment":[{"href":"https:\/\/www.ranciliogroup.com\/es\/wp-json\/wp\/v2\/media?parent=75267"}],"wp:term":[{"taxonomy":"category","embeddable":true,"href":"https:\/\/www.ranciliogroup.com\/es\/wp-json\/wp\/v2\/categories?post=75267"},{"taxonomy":"post_tag","embeddable":true,"href":"https:\/\/www.ranciliogroup.com\/es\/wp-json\/wp\/v2\/tags?post=75267"}],"curies":[{"name":"wp","href":"https:\/\/api.w.org\/{rel}","templated":true}]}}