{"id":75480,"date":"2024-10-04T16:07:38","date_gmt":"2024-10-04T14:07:38","guid":{"rendered":"https:\/\/www.ranciliogroup.com\/?p=75480"},"modified":"2024-10-04T16:07:38","modified_gmt":"2024-10-04T14:07:38","slug":"rancilio-group-en-ifas-2024-en-zurich","status":"publish","type":"post","link":"https:\/\/www.ranciliogroup.com\/es\/rancilio-group-en-ifas-2024-en-zurich\/","title":{"rendered":"Rancilio Group en IFAS 2024 en Z\u00farich"},"content":{"rendered":"<p>Del 22 al 24 de octubre, el Centro de Exposiciones de Z\u00farich acoger\u00e1 IFAS 2024, la mayor feria del sector de la salud de Suiza. Egro Suisse EG estar\u00e1 presente en el evento, mostrando las \u00faltimas innovaciones de Egro.<\/p>\n<p>El plato fuerte del stand ser\u00e1 la m\u00e1quina de caf\u00e9 autom\u00e1tica Egro MoDe, que har\u00e1 su debut en la versi\u00f3n Pro Milk. Lanzada en primicia mundial en invierno de 2023, esta m\u00e1quina ofrece un alto rendimiento, fiabilidad y versatilidad, todo ello envuelto en un dise\u00f1o elegante con caracter\u00edsticas ergon\u00f3micas que mejoran la eficiencia del flujo de trabajo y aceleran el servicio.<\/p>\n<p>Ideal para configuraciones de alto volumen, tambi\u00e9n se presentar\u00e1n los modelos Egro Next NMS+ y Next X2. Estas m\u00e1quinas de caf\u00e9 totalmente autom\u00e1ticas de alto rendimiento ofrecen una amplia gama de bebidas, lo que garantiza resultados superiores para todo tipo de bebida, ya sea caliente o fr\u00eda, a base de caf\u00e9, leche fresca o productos instant\u00e1neos.<\/p>\n<p>Para los entusiastas del caf\u00e9 de especialidad, Rancilio Specialty exhibir\u00e1 la Invicta, una m\u00e1quina de espresso de una sola caldera f\u00e1cil de usar. Dise\u00f1ada para simplificar el servicio y elevar la experiencia cafetera del barista, esta m\u00e1quina profesional tambi\u00e9n es admirada por su dise\u00f1o moderno y aerodin\u00e1mico.<\/p>\n<p>Con 10.000 visitantes previstos, 260 expositores y un programa de conferencias y talleres, IFAS 2024 es el evento ideal para que los profesionales del sector sanitario descubran los \u00faltimos productos y servicios y ampl\u00eden su red de contactos.<\/p>\n<p>&nbsp;<\/p>\n<p>&nbsp;<\/p>\n<p><strong>IFAS 2024<\/strong><br \/>\nDel 22 al 24 de octubre de 2024<br \/>\nDe 09:00 a 17:00 h<br \/>\nPabell\u00f3n 5 \/ Stand B30<br \/>\n<a href=\"https:\/\/www.google.com\/maps\/place\/Zurich+Exhibition+Hall\/@47.4114341,8.5507205,17z\/data=!3m1!4b1!4m6!3m5!1s0x47900a82732146c1:0x5da554673a6eaaa6!8m2!3d47.4114341!4d8.5533008!16s%2Fg%2F1ptwhx4c4?authuser=0&amp;entry=ttu&amp;g_ep=EgoyMDI0MDkxNi4wIKXMDSoASAFQAw%3D%3D\">Messe Zurich<\/a><br \/>\nWallisellenstrasse 49<br \/>\n8050 Z\u00farich, Suiza<\/p>\n<p>&nbsp;<\/p>\n","protected":false},"excerpt":{"rendered":"<p>Del 22 al 24 de octubre, el Centro de Exposiciones de Z\u00farich acoger\u00e1 IFAS 2024, la mayor feria del sector&#8230;<\/p>\n","protected":false},"author":5,"featured_media":75464,"comment_status":"closed","ping_status":"closed","sticky":false,"template":"","format":"standard","meta":[],"categories":[862],"tags":[3798,3799,3693,3177,2695,2692,2636],"acf":[],"yoast_head":"<!-- This site is optimized with the Yoast SEO plugin v21.5 - https:\/\/yoast.com\/wordpress\/plugins\/seo\/ -->\n<title>Latest update about Rancilio Group en IFAS 2024 en Z\u00farich - Rancilio Group<\/title>\n<meta name=\"description\" content=\"Read Rancilio Group&#039;s latest news about Rancilio Group en IFAS 2024 en Z\u00farich\" \/>\n<meta name=\"robots\" content=\"index, follow, max-snippet:-1, max-image-preview:large, max-video-preview:-1\" \/>\n<link rel=\"canonical\" href=\"https:\/\/www.ranciliogroup.com\/es\/rancilio-group-en-ifas-2024-en-zurich\/\" \/>\n<meta property=\"og:locale\" content=\"es_ES\" \/>\n<meta property=\"og:type\" content=\"article\" \/>\n<meta property=\"og:title\" content=\"Latest update about Rancilio Group en IFAS 2024 en Z\u00farich - Rancilio Group\" \/>\n<meta property=\"og:description\" content=\"Read Rancilio Group&#039;s latest news about Rancilio Group en IFAS 2024 en Z\u00farich\" \/>\n<meta property=\"og:url\" content=\"https:\/\/www.ranciliogroup.com\/es\/rancilio-group-en-ifas-2024-en-zurich\/\" \/>\n<meta property=\"og:site_name\" content=\"Rancilio Group\" \/>\n<meta property=\"article:publisher\" content=\"https:\/\/www.facebook.com\/RancilioGroup\" \/>\n<meta property=\"article:published_time\" content=\"2024-10-04T14:07:38+00:00\" \/>\n<meta property=\"og:image\" content=\"https:\/\/www.ranciliogroup.com\/app\/uploads\/2024\/10\/IFAS_EGRO_EG_2024_LR.jpg\" \/>\n\t<meta property=\"og:image:width\" content=\"1075\" \/>\n\t<meta property=\"og:image:height\" content=\"717\" \/>\n\t<meta property=\"og:image:type\" content=\"image\/jpeg\" \/>\n<meta name=\"author\" content=\"temp circular\" \/>\n<meta name=\"twitter:card\" content=\"summary_large_image\" \/>\n<meta name=\"twitter:creator\" content=\"@ranciliogroup\" \/>\n<meta name=\"twitter:site\" content=\"@ranciliogroup\" \/>\n<meta name=\"twitter:label1\" content=\"Written by\" \/>\n\t<meta name=\"twitter:data1\" content=\"temp circular\" \/>\n\t<meta name=\"twitter:label2\" content=\"Est. reading time\" \/>\n\t<meta name=\"twitter:data2\" content=\"2 minutes\" \/>\n<script type=\"application\/ld+json\" class=\"yoast-schema-graph\">{\"@context\":\"https:\/\/schema.org\",\"@graph\":[{\"@type\":\"Article\",\"@id\":\"https:\/\/www.ranciliogroup.com\/es\/rancilio-group-en-ifas-2024-en-zurich\/#article\",\"isPartOf\":{\"@id\":\"https:\/\/www.ranciliogroup.com\/es\/rancilio-group-en-ifas-2024-en-zurich\/\"},\"author\":{\"name\":\"temp circular\",\"@id\":\"https:\/\/www.ranciliogroup.com\/es\/#\/schema\/person\/d6bf0a7dfe74cded3d64da8b2c92814c\"},\"headline\":\"Rancilio Group en IFAS 2024 en Z\u00farich\",\"datePublished\":\"2024-10-04T14:07:38+00:00\",\"dateModified\":\"2024-10-04T14:07:38+00:00\",\"mainEntityOfPage\":{\"@id\":\"https:\/\/www.ranciliogroup.com\/es\/rancilio-group-en-ifas-2024-en-zurich\/\"},\"wordCount\":285,\"publisher\":{\"@id\":\"https:\/\/www.ranciliogroup.com\/es\/#organization\"},\"keywords\":[\"IFAS\",\"Next X2\",\"Pro Milk\",\"MoDe\",\"NMS+\",\"Next\",\"Invicta\"],\"articleSection\":[\"Eventos\"],\"inLanguage\":\"es-ES\"},{\"@type\":\"WebPage\",\"@id\":\"https:\/\/www.ranciliogroup.com\/es\/rancilio-group-en-ifas-2024-en-zurich\/\",\"url\":\"https:\/\/www.ranciliogroup.com\/es\/rancilio-group-en-ifas-2024-en-zurich\/\",\"name\":\"Latest update about Rancilio Group en IFAS 2024 en Z\u00farich - Rancilio Group\",\"isPartOf\":{\"@id\":\"https:\/\/www.ranciliogroup.com\/es\/#website\"},\"datePublished\":\"2024-10-04T14:07:38+00:00\",\"dateModified\":\"2024-10-04T14:07:38+00:00\",\"description\":\"Read Rancilio Group's latest news about Rancilio Group en IFAS 2024 en Z\u00farich\",\"breadcrumb\":{\"@id\":\"https:\/\/www.ranciliogroup.com\/es\/rancilio-group-en-ifas-2024-en-zurich\/#breadcrumb\"},\"inLanguage\":\"es-ES\",\"potentialAction\":[{\"@type\":\"ReadAction\",\"target\":[\"https:\/\/www.ranciliogroup.com\/es\/rancilio-group-en-ifas-2024-en-zurich\/\"]}]},{\"@type\":\"BreadcrumbList\",\"@id\":\"https:\/\/www.ranciliogroup.com\/es\/rancilio-group-en-ifas-2024-en-zurich\/#breadcrumb\",\"itemListElement\":[{\"@type\":\"ListItem\",\"position\":1,\"name\":\"Home\",\"item\":\"https:\/\/www.ranciliogroup.com\/es\/\"},{\"@type\":\"ListItem\",\"position\":2,\"name\":\"Rancilio Group en IFAS 2024 en Z\u00farich\"}]},{\"@type\":\"WebSite\",\"@id\":\"https:\/\/www.ranciliogroup.com\/es\/#website\",\"url\":\"https:\/\/www.ranciliogroup.com\/es\/\",\"name\":\"Rancilio Group\",\"description\":\"L\u00edder en M\u00e1quinas de Caf\u00e9 Profesionales\",\"publisher\":{\"@id\":\"https:\/\/www.ranciliogroup.com\/es\/#organization\"},\"potentialAction\":[{\"@type\":\"SearchAction\",\"target\":{\"@type\":\"EntryPoint\",\"urlTemplate\":\"https:\/\/www.ranciliogroup.com\/es\/?s={search_term_string}\"},\"query-input\":\"required name=search_term_string\"}],\"inLanguage\":\"es-ES\"},{\"@type\":\"Organization\",\"@id\":\"https:\/\/www.ranciliogroup.com\/es\/#organization\",\"name\":\"Rancilio Group\",\"url\":\"https:\/\/www.ranciliogroup.com\/es\/\",\"logo\":{\"@type\":\"ImageObject\",\"inLanguage\":\"es-ES\",\"@id\":\"https:\/\/www.ranciliogroup.com\/es\/#\/schema\/logo\/image\/\",\"url\":\"https:\/\/www.ranciliogroup.com\/app\/uploads\/2019\/07\/rancilio_black_logo.png\",\"contentUrl\":\"https:\/\/www.ranciliogroup.com\/app\/uploads\/2019\/07\/rancilio_black_logo.png\",\"width\":447,\"height\":57,\"caption\":\"Rancilio Group\"},\"image\":{\"@id\":\"https:\/\/www.ranciliogroup.com\/es\/#\/schema\/logo\/image\/\"},\"sameAs\":[\"https:\/\/www.facebook.com\/RancilioGroup\",\"https:\/\/twitter.com\/ranciliogroup\",\"https:\/\/www.instagram.com\/rancilio_official\/\",\"https:\/\/www.linkedin.com\/company\/ranciliogroup\/\",\"https:\/\/www.youtube.com\/user\/rancilioadmin\"]},{\"@type\":\"Person\",\"@id\":\"https:\/\/www.ranciliogroup.com\/es\/#\/schema\/person\/d6bf0a7dfe74cded3d64da8b2c92814c\",\"name\":\"temp circular\",\"image\":{\"@type\":\"ImageObject\",\"inLanguage\":\"es-ES\",\"@id\":\"https:\/\/www.ranciliogroup.com\/es\/#\/schema\/person\/image\/\",\"url\":\"https:\/\/secure.gravatar.com\/avatar\/569e71c3b97b8bcad1854d6579b35c5f?s=96&d=mm&r=g\",\"contentUrl\":\"https:\/\/secure.gravatar.com\/avatar\/569e71c3b97b8bcad1854d6579b35c5f?s=96&d=mm&r=g\",\"caption\":\"temp circular\"}}]}<\/script>\n<!-- \/ Yoast SEO plugin. -->","yoast_head_json":{"title":"Latest update about Rancilio Group en IFAS 2024 en Z\u00farich - Rancilio Group","description":"Read Rancilio Group's latest news about Rancilio Group en IFAS 2024 en Z\u00farich","robots":{"index":"index","follow":"follow","max-snippet":"max-snippet:-1","max-image-preview":"max-image-preview:large","max-video-preview":"max-video-preview:-1"},"canonical":"https:\/\/www.ranciliogroup.com\/es\/rancilio-group-en-ifas-2024-en-zurich\/","og_locale":"es_ES","og_type":"article","og_title":"Latest update about Rancilio Group en IFAS 2024 en Z\u00farich - Rancilio Group","og_description":"Read Rancilio Group's latest news about Rancilio Group en IFAS 2024 en Z\u00farich","og_url":"https:\/\/www.ranciliogroup.com\/es\/rancilio-group-en-ifas-2024-en-zurich\/","og_site_name":"Rancilio Group","article_publisher":"https:\/\/www.facebook.com\/RancilioGroup","article_published_time":"2024-10-04T14:07:38+00:00","og_image":[{"width":1075,"height":717,"url":"https:\/\/www.ranciliogroup.com\/app\/uploads\/2024\/10\/IFAS_EGRO_EG_2024_LR.jpg","type":"image\/jpeg"}],"author":"temp circular","twitter_card":"summary_large_image","twitter_creator":"@ranciliogroup","twitter_site":"@ranciliogroup","twitter_misc":{"Written by":"temp circular","Est. reading time":"2 minutes"},"schema":{"@context":"https:\/\/schema.org","@graph":[{"@type":"Article","@id":"https:\/\/www.ranciliogroup.com\/es\/rancilio-group-en-ifas-2024-en-zurich\/#article","isPartOf":{"@id":"https:\/\/www.ranciliogroup.com\/es\/rancilio-group-en-ifas-2024-en-zurich\/"},"author":{"name":"temp circular","@id":"https:\/\/www.ranciliogroup.com\/es\/#\/schema\/person\/d6bf0a7dfe74cded3d64da8b2c92814c"},"headline":"Rancilio Group en IFAS 2024 en Z\u00farich","datePublished":"2024-10-04T14:07:38+00:00","dateModified":"2024-10-04T14:07:38+00:00","mainEntityOfPage":{"@id":"https:\/\/www.ranciliogroup.com\/es\/rancilio-group-en-ifas-2024-en-zurich\/"},"wordCount":285,"publisher":{"@id":"https:\/\/www.ranciliogroup.com\/es\/#organization"},"keywords":["IFAS","Next X2","Pro Milk","MoDe","NMS+","Next","Invicta"],"articleSection":["Eventos"],"inLanguage":"es-ES"},{"@type":"WebPage","@id":"https:\/\/www.ranciliogroup.com\/es\/rancilio-group-en-ifas-2024-en-zurich\/","url":"https:\/\/www.ranciliogroup.com\/es\/rancilio-group-en-ifas-2024-en-zurich\/","name":"Latest update about Rancilio Group en IFAS 2024 en Z\u00farich - Rancilio Group","isPartOf":{"@id":"https:\/\/www.ranciliogroup.com\/es\/#website"},"datePublished":"2024-10-04T14:07:38+00:00","dateModified":"2024-10-04T14:07:38+00:00","description":"Read Rancilio Group's latest news about Rancilio Group en IFAS 2024 en Z\u00farich","breadcrumb":{"@id":"https:\/\/www.ranciliogroup.com\/es\/rancilio-group-en-ifas-2024-en-zurich\/#breadcrumb"},"inLanguage":"es-ES","potentialAction":[{"@type":"ReadAction","target":["https:\/\/www.ranciliogroup.com\/es\/rancilio-group-en-ifas-2024-en-zurich\/"]}]},{"@type":"BreadcrumbList","@id":"https:\/\/www.ranciliogroup.com\/es\/rancilio-group-en-ifas-2024-en-zurich\/#breadcrumb","itemListElement":[{"@type":"ListItem","position":1,"name":"Home","item":"https:\/\/www.ranciliogroup.com\/es\/"},{"@type":"ListItem","position":2,"name":"Rancilio Group en IFAS 2024 en Z\u00farich"}]},{"@type":"WebSite","@id":"https:\/\/www.ranciliogroup.com\/es\/#website","url":"https:\/\/www.ranciliogroup.com\/es\/","name":"Rancilio Group","description":"L\u00edder en M\u00e1quinas de Caf\u00e9 Profesionales","publisher":{"@id":"https:\/\/www.ranciliogroup.com\/es\/#organization"},"potentialAction":[{"@type":"SearchAction","target":{"@type":"EntryPoint","urlTemplate":"https:\/\/www.ranciliogroup.com\/es\/?s={search_term_string}"},"query-input":"required name=search_term_string"}],"inLanguage":"es-ES"},{"@type":"Organization","@id":"https:\/\/www.ranciliogroup.com\/es\/#organization","name":"Rancilio Group","url":"https:\/\/www.ranciliogroup.com\/es\/","logo":{"@type":"ImageObject","inLanguage":"es-ES","@id":"https:\/\/www.ranciliogroup.com\/es\/#\/schema\/logo\/image\/","url":"https:\/\/www.ranciliogroup.com\/app\/uploads\/2019\/07\/rancilio_black_logo.png","contentUrl":"https:\/\/www.ranciliogroup.com\/app\/uploads\/2019\/07\/rancilio_black_logo.png","width":447,"height":57,"caption":"Rancilio Group"},"image":{"@id":"https:\/\/www.ranciliogroup.com\/es\/#\/schema\/logo\/image\/"},"sameAs":["https:\/\/www.facebook.com\/RancilioGroup","https:\/\/twitter.com\/ranciliogroup","https:\/\/www.instagram.com\/rancilio_official\/","https:\/\/www.linkedin.com\/company\/ranciliogroup\/","https:\/\/www.youtube.com\/user\/rancilioadmin"]},{"@type":"Person","@id":"https:\/\/www.ranciliogroup.com\/es\/#\/schema\/person\/d6bf0a7dfe74cded3d64da8b2c92814c","name":"temp circular","image":{"@type":"ImageObject","inLanguage":"es-ES","@id":"https:\/\/www.ranciliogroup.com\/es\/#\/schema\/person\/image\/","url":"https:\/\/secure.gravatar.com\/avatar\/569e71c3b97b8bcad1854d6579b35c5f?s=96&d=mm&r=g","contentUrl":"https:\/\/secure.gravatar.com\/avatar\/569e71c3b97b8bcad1854d6579b35c5f?s=96&d=mm&r=g","caption":"temp circular"}}]}},"_links":{"self":[{"href":"https:\/\/www.ranciliogroup.com\/es\/wp-json\/wp\/v2\/posts\/75480"}],"collection":[{"href":"https:\/\/www.ranciliogroup.com\/es\/wp-json\/wp\/v2\/posts"}],"about":[{"href":"https:\/\/www.ranciliogroup.com\/es\/wp-json\/wp\/v2\/types\/post"}],"author":[{"embeddable":true,"href":"https:\/\/www.ranciliogroup.com\/es\/wp-json\/wp\/v2\/users\/5"}],"replies":[{"embeddable":true,"href":"https:\/\/www.ranciliogroup.com\/es\/wp-json\/wp\/v2\/comments?post=75480"}],"version-history":[{"count":2,"href":"https:\/\/www.ranciliogroup.com\/es\/wp-json\/wp\/v2\/posts\/75480\/revisions"}],"predecessor-version":[{"id":75482,"href":"https:\/\/www.ranciliogroup.com\/es\/wp-json\/wp\/v2\/posts\/75480\/revisions\/75482"}],"wp:featuredmedia":[{"embeddable":true,"href":"https:\/\/www.ranciliogroup.com\/es\/wp-json\/wp\/v2\/media\/75464"}],"wp:attachment":[{"href":"https:\/\/www.ranciliogroup.com\/es\/wp-json\/wp\/v2\/media?parent=75480"}],"wp:term":[{"taxonomy":"category","embeddable":true,"href":"https:\/\/www.ranciliogroup.com\/es\/wp-json\/wp\/v2\/categories?post=75480"},{"taxonomy":"post_tag","embeddable":true,"href":"https:\/\/www.ranciliogroup.com\/es\/wp-json\/wp\/v2\/tags?post=75480"}],"curies":[{"name":"wp","href":"https:\/\/api.w.org\/{rel}","templated":true}]}}