{"id":75561,"date":"2024-10-08T15:20:54","date_gmt":"2024-10-08T13:20:54","guid":{"rendered":"https:\/\/www.ranciliogroup.com\/?p=75561"},"modified":"2024-10-08T15:20:54","modified_gmt":"2024-10-08T13:20:54","slug":"rancilio-classe-20-en-triestespresso-expo-para-la-final-de-wlags-2024","status":"publish","type":"post","link":"https:\/\/www.ranciliogroup.com\/es\/rancilio-classe-20-en-triestespresso-expo-para-la-final-de-wlags-2024\/","title":{"rendered":"Rancilio Classe 20 en TriestEspresso Expo para la final de WLAGS 2024"},"content":{"rendered":"<p>El 26 de octubre, Rancilio y WLAGS invitan a todos los entusiastas del latte art a TriestEspresso Expo para la emocionante final del World Latte Art Grading Battle Championship, que tendr\u00e1 lugar en el Centro de Convenciones de Trieste.<\/p>\n<p>Rancilio Classe 20 SB es el patrocinador oficial de esta emocionante competici\u00f3n, en la que los mejores artistas de latte de todo el mundo competir\u00e1n por el t\u00edtulo. La Classe 20 SB combina la alta calidad de Rancilio con la tecnolog\u00eda patentada Steady Brew, lo que garantiza una excelente estabilidad t\u00e9rmica y resultados consistentes en la taza. Con su dise\u00f1o elegante y moderno, la Classe 20 no solo dar\u00e1 chispa a la competici\u00f3n, sino que tambi\u00e9n proporcionar\u00e1 a los concursantes un espacio de trabajo funcional, facilitando su flujo de trabajo y permiti\u00e9ndoles concentrarse completamente en el concurso.<\/p>\n<p>Gracias a la pr\u00e1ctica lanza de vapor C-lever, los finalistas tendr\u00e1n a su disposici\u00f3n una herramienta esencial para refinar su arte y crear obras de alto nivel que impresionar\u00e1n al panel de jueces expertos del Latte Art Grading System.<\/p>\n<p>TriestEspresso Expo, reconocida por su excelencia en el sector del caf\u00e9, es el escenario ideal para albergar el campeonato Latte Art Grading System. Trieste, una ciudad hist\u00f3ricamente ligada a la industria del caf\u00e9, cuenta con una alta concentraci\u00f3n de empresas l\u00edderes y ha sido el principal puerto de Italia para las importaciones de granos de caf\u00e9 durante m\u00e1s de dos siglos. Preparada para su 11\u00aa edici\u00f3n, TriestEspresso Expo es uno de los eventos B2B m\u00e1s importantes de la industria mundial del caf\u00e9.<\/p>\n<p>&nbsp;<\/p>\n<p>&nbsp;<\/p>\n<p><strong>WLAGS Final <\/strong><br \/>\n26 de octubre de 2024<br \/>\nDe 10:00 a 18:00 h<br \/>\nPabell\u00f3n 27 | Stand 13<br \/>\n<a href=\"https:\/\/www.google.com\/maps?ll=45.66753,13.759792&amp;z=16&amp;t=m&amp;hl=it&amp;gl=IT&amp;mapclient=embed&amp;cid=2580599893578202020\">Centro de Convenciones TCC Trieste<\/a><br \/>\nViale Miramare, 24\/2<br \/>\n34135 Trieste, TS, Italia<\/p>\n<p>&nbsp;<\/p>\n<p>&nbsp;<\/p>\n<p><a href=\"https:\/\/www.ranciliogroup.com\/es\/rancilio\/classe-20\/\"><strong>Descubre la Classe 20 SB de Rancilio<\/strong><\/a><\/p>\n<p>&nbsp;<\/p>\n","protected":false},"excerpt":{"rendered":"<p>El 26 de octubre, Rancilio y WLAGS invitan a todos los entusiastas del latte art a TriestEspresso Expo para la&#8230;<\/p>\n","protected":false},"author":5,"featured_media":75542,"comment_status":"closed","ping_status":"closed","sticky":false,"template":"","format":"standard","meta":[],"categories":[862],"tags":[3826,3825,3188,3113,2838],"acf":[],"yoast_head":"<!-- This site is optimized with the Yoast SEO plugin v21.5 - https:\/\/yoast.com\/wordpress\/plugins\/seo\/ -->\n<title>Latest update about Rancilio Classe 20 en TriestEspresso Expo para la final de WLAGS 2024 - Rancilio Group<\/title>\n<meta name=\"description\" content=\"Read Rancilio Group&#039;s latest news about Rancilio Classe 20 en TriestEspresso Expo para la final de WLAGS 2024\" \/>\n<meta name=\"robots\" content=\"index, follow, max-snippet:-1, max-image-preview:large, max-video-preview:-1\" \/>\n<link rel=\"canonical\" href=\"https:\/\/www.ranciliogroup.com\/es\/rancilio-classe-20-en-triestespresso-expo-para-la-final-de-wlags-2024\/\" \/>\n<meta property=\"og:locale\" content=\"es_ES\" \/>\n<meta property=\"og:type\" content=\"article\" \/>\n<meta property=\"og:title\" content=\"Latest update about Rancilio Classe 20 en TriestEspresso Expo para la final de WLAGS 2024 - Rancilio Group\" \/>\n<meta property=\"og:description\" content=\"Read Rancilio Group&#039;s latest news about Rancilio Classe 20 en TriestEspresso Expo para la final de WLAGS 2024\" \/>\n<meta property=\"og:url\" content=\"https:\/\/www.ranciliogroup.com\/es\/rancilio-classe-20-en-triestespresso-expo-para-la-final-de-wlags-2024\/\" \/>\n<meta property=\"og:site_name\" content=\"Rancilio Group\" \/>\n<meta property=\"article:publisher\" content=\"https:\/\/www.facebook.com\/RancilioGroup\" \/>\n<meta property=\"article:published_time\" content=\"2024-10-08T13:20:54+00:00\" \/>\n<meta property=\"og:image\" content=\"https:\/\/www.ranciliogroup.com\/app\/uploads\/2024\/10\/LAGS_RANCILIO_LR.jpg\" \/>\n\t<meta property=\"og:image:width\" content=\"1080\" \/>\n\t<meta property=\"og:image:height\" content=\"720\" \/>\n\t<meta property=\"og:image:type\" content=\"image\/jpeg\" \/>\n<meta name=\"author\" content=\"temp circular\" \/>\n<meta name=\"twitter:card\" content=\"summary_large_image\" \/>\n<meta name=\"twitter:creator\" content=\"@ranciliogroup\" \/>\n<meta name=\"twitter:site\" content=\"@ranciliogroup\" \/>\n<meta name=\"twitter:label1\" content=\"Written by\" \/>\n\t<meta name=\"twitter:data1\" content=\"temp circular\" \/>\n\t<meta name=\"twitter:label2\" content=\"Est. reading time\" \/>\n\t<meta name=\"twitter:data2\" content=\"2 minutes\" \/>\n<script type=\"application\/ld+json\" class=\"yoast-schema-graph\">{\"@context\":\"https:\/\/schema.org\",\"@graph\":[{\"@type\":\"Article\",\"@id\":\"https:\/\/www.ranciliogroup.com\/es\/rancilio-classe-20-en-triestespresso-expo-para-la-final-de-wlags-2024\/#article\",\"isPartOf\":{\"@id\":\"https:\/\/www.ranciliogroup.com\/es\/rancilio-classe-20-en-triestespresso-expo-para-la-final-de-wlags-2024\/\"},\"author\":{\"name\":\"temp circular\",\"@id\":\"https:\/\/www.ranciliogroup.com\/es\/#\/schema\/person\/d6bf0a7dfe74cded3d64da8b2c92814c\"},\"headline\":\"Rancilio Classe 20 en TriestEspresso Expo para la final de WLAGS 2024\",\"datePublished\":\"2024-10-08T13:20:54+00:00\",\"dateModified\":\"2024-10-08T13:20:54+00:00\",\"mainEntityOfPage\":{\"@id\":\"https:\/\/www.ranciliogroup.com\/es\/rancilio-classe-20-en-triestespresso-expo-para-la-final-de-wlags-2024\/\"},\"wordCount\":314,\"publisher\":{\"@id\":\"https:\/\/www.ranciliogroup.com\/es\/#organization\"},\"keywords\":[\"TriestEspresso Expo\",\"WLAGS\",\"Latte Art\",\"Steady Brew\",\"Classe 20\"],\"articleSection\":[\"Eventos\"],\"inLanguage\":\"es-ES\"},{\"@type\":\"WebPage\",\"@id\":\"https:\/\/www.ranciliogroup.com\/es\/rancilio-classe-20-en-triestespresso-expo-para-la-final-de-wlags-2024\/\",\"url\":\"https:\/\/www.ranciliogroup.com\/es\/rancilio-classe-20-en-triestespresso-expo-para-la-final-de-wlags-2024\/\",\"name\":\"Latest update about Rancilio Classe 20 en TriestEspresso Expo para la final de WLAGS 2024 - Rancilio Group\",\"isPartOf\":{\"@id\":\"https:\/\/www.ranciliogroup.com\/es\/#website\"},\"datePublished\":\"2024-10-08T13:20:54+00:00\",\"dateModified\":\"2024-10-08T13:20:54+00:00\",\"description\":\"Read Rancilio Group's latest news about Rancilio Classe 20 en TriestEspresso Expo para la final de WLAGS 2024\",\"breadcrumb\":{\"@id\":\"https:\/\/www.ranciliogroup.com\/es\/rancilio-classe-20-en-triestespresso-expo-para-la-final-de-wlags-2024\/#breadcrumb\"},\"inLanguage\":\"es-ES\",\"potentialAction\":[{\"@type\":\"ReadAction\",\"target\":[\"https:\/\/www.ranciliogroup.com\/es\/rancilio-classe-20-en-triestespresso-expo-para-la-final-de-wlags-2024\/\"]}]},{\"@type\":\"BreadcrumbList\",\"@id\":\"https:\/\/www.ranciliogroup.com\/es\/rancilio-classe-20-en-triestespresso-expo-para-la-final-de-wlags-2024\/#breadcrumb\",\"itemListElement\":[{\"@type\":\"ListItem\",\"position\":1,\"name\":\"Home\",\"item\":\"https:\/\/www.ranciliogroup.com\/es\/\"},{\"@type\":\"ListItem\",\"position\":2,\"name\":\"Rancilio Classe 20 en TriestEspresso Expo para la final de WLAGS 2024\"}]},{\"@type\":\"WebSite\",\"@id\":\"https:\/\/www.ranciliogroup.com\/es\/#website\",\"url\":\"https:\/\/www.ranciliogroup.com\/es\/\",\"name\":\"Rancilio Group\",\"description\":\"L\u00edder en M\u00e1quinas de Caf\u00e9 Profesionales\",\"publisher\":{\"@id\":\"https:\/\/www.ranciliogroup.com\/es\/#organization\"},\"potentialAction\":[{\"@type\":\"SearchAction\",\"target\":{\"@type\":\"EntryPoint\",\"urlTemplate\":\"https:\/\/www.ranciliogroup.com\/es\/?s={search_term_string}\"},\"query-input\":\"required name=search_term_string\"}],\"inLanguage\":\"es-ES\"},{\"@type\":\"Organization\",\"@id\":\"https:\/\/www.ranciliogroup.com\/es\/#organization\",\"name\":\"Rancilio Group\",\"url\":\"https:\/\/www.ranciliogroup.com\/es\/\",\"logo\":{\"@type\":\"ImageObject\",\"inLanguage\":\"es-ES\",\"@id\":\"https:\/\/www.ranciliogroup.com\/es\/#\/schema\/logo\/image\/\",\"url\":\"https:\/\/www.ranciliogroup.com\/app\/uploads\/2019\/07\/rancilio_black_logo.png\",\"contentUrl\":\"https:\/\/www.ranciliogroup.com\/app\/uploads\/2019\/07\/rancilio_black_logo.png\",\"width\":447,\"height\":57,\"caption\":\"Rancilio Group\"},\"image\":{\"@id\":\"https:\/\/www.ranciliogroup.com\/es\/#\/schema\/logo\/image\/\"},\"sameAs\":[\"https:\/\/www.facebook.com\/RancilioGroup\",\"https:\/\/twitter.com\/ranciliogroup\",\"https:\/\/www.instagram.com\/rancilio_official\/\",\"https:\/\/www.linkedin.com\/company\/ranciliogroup\/\",\"https:\/\/www.youtube.com\/user\/rancilioadmin\"]},{\"@type\":\"Person\",\"@id\":\"https:\/\/www.ranciliogroup.com\/es\/#\/schema\/person\/d6bf0a7dfe74cded3d64da8b2c92814c\",\"name\":\"temp circular\",\"image\":{\"@type\":\"ImageObject\",\"inLanguage\":\"es-ES\",\"@id\":\"https:\/\/www.ranciliogroup.com\/es\/#\/schema\/person\/image\/\",\"url\":\"https:\/\/secure.gravatar.com\/avatar\/569e71c3b97b8bcad1854d6579b35c5f?s=96&d=mm&r=g\",\"contentUrl\":\"https:\/\/secure.gravatar.com\/avatar\/569e71c3b97b8bcad1854d6579b35c5f?s=96&d=mm&r=g\",\"caption\":\"temp circular\"}}]}<\/script>\n<!-- \/ Yoast SEO plugin. -->","yoast_head_json":{"title":"Latest update about Rancilio Classe 20 en TriestEspresso Expo para la final de WLAGS 2024 - Rancilio Group","description":"Read Rancilio Group's latest news about Rancilio Classe 20 en TriestEspresso Expo para la final de WLAGS 2024","robots":{"index":"index","follow":"follow","max-snippet":"max-snippet:-1","max-image-preview":"max-image-preview:large","max-video-preview":"max-video-preview:-1"},"canonical":"https:\/\/www.ranciliogroup.com\/es\/rancilio-classe-20-en-triestespresso-expo-para-la-final-de-wlags-2024\/","og_locale":"es_ES","og_type":"article","og_title":"Latest update about Rancilio Classe 20 en TriestEspresso Expo para la final de WLAGS 2024 - Rancilio Group","og_description":"Read Rancilio Group's latest news about Rancilio Classe 20 en TriestEspresso Expo para la final de WLAGS 2024","og_url":"https:\/\/www.ranciliogroup.com\/es\/rancilio-classe-20-en-triestespresso-expo-para-la-final-de-wlags-2024\/","og_site_name":"Rancilio Group","article_publisher":"https:\/\/www.facebook.com\/RancilioGroup","article_published_time":"2024-10-08T13:20:54+00:00","og_image":[{"width":1080,"height":720,"url":"https:\/\/www.ranciliogroup.com\/app\/uploads\/2024\/10\/LAGS_RANCILIO_LR.jpg","type":"image\/jpeg"}],"author":"temp circular","twitter_card":"summary_large_image","twitter_creator":"@ranciliogroup","twitter_site":"@ranciliogroup","twitter_misc":{"Written by":"temp circular","Est. reading time":"2 minutes"},"schema":{"@context":"https:\/\/schema.org","@graph":[{"@type":"Article","@id":"https:\/\/www.ranciliogroup.com\/es\/rancilio-classe-20-en-triestespresso-expo-para-la-final-de-wlags-2024\/#article","isPartOf":{"@id":"https:\/\/www.ranciliogroup.com\/es\/rancilio-classe-20-en-triestespresso-expo-para-la-final-de-wlags-2024\/"},"author":{"name":"temp circular","@id":"https:\/\/www.ranciliogroup.com\/es\/#\/schema\/person\/d6bf0a7dfe74cded3d64da8b2c92814c"},"headline":"Rancilio Classe 20 en TriestEspresso Expo para la final de WLAGS 2024","datePublished":"2024-10-08T13:20:54+00:00","dateModified":"2024-10-08T13:20:54+00:00","mainEntityOfPage":{"@id":"https:\/\/www.ranciliogroup.com\/es\/rancilio-classe-20-en-triestespresso-expo-para-la-final-de-wlags-2024\/"},"wordCount":314,"publisher":{"@id":"https:\/\/www.ranciliogroup.com\/es\/#organization"},"keywords":["TriestEspresso Expo","WLAGS","Latte Art","Steady Brew","Classe 20"],"articleSection":["Eventos"],"inLanguage":"es-ES"},{"@type":"WebPage","@id":"https:\/\/www.ranciliogroup.com\/es\/rancilio-classe-20-en-triestespresso-expo-para-la-final-de-wlags-2024\/","url":"https:\/\/www.ranciliogroup.com\/es\/rancilio-classe-20-en-triestespresso-expo-para-la-final-de-wlags-2024\/","name":"Latest update about Rancilio Classe 20 en TriestEspresso Expo para la final de WLAGS 2024 - Rancilio Group","isPartOf":{"@id":"https:\/\/www.ranciliogroup.com\/es\/#website"},"datePublished":"2024-10-08T13:20:54+00:00","dateModified":"2024-10-08T13:20:54+00:00","description":"Read Rancilio Group's latest news about Rancilio Classe 20 en TriestEspresso Expo para la final de WLAGS 2024","breadcrumb":{"@id":"https:\/\/www.ranciliogroup.com\/es\/rancilio-classe-20-en-triestespresso-expo-para-la-final-de-wlags-2024\/#breadcrumb"},"inLanguage":"es-ES","potentialAction":[{"@type":"ReadAction","target":["https:\/\/www.ranciliogroup.com\/es\/rancilio-classe-20-en-triestespresso-expo-para-la-final-de-wlags-2024\/"]}]},{"@type":"BreadcrumbList","@id":"https:\/\/www.ranciliogroup.com\/es\/rancilio-classe-20-en-triestespresso-expo-para-la-final-de-wlags-2024\/#breadcrumb","itemListElement":[{"@type":"ListItem","position":1,"name":"Home","item":"https:\/\/www.ranciliogroup.com\/es\/"},{"@type":"ListItem","position":2,"name":"Rancilio Classe 20 en TriestEspresso Expo para la final de WLAGS 2024"}]},{"@type":"WebSite","@id":"https:\/\/www.ranciliogroup.com\/es\/#website","url":"https:\/\/www.ranciliogroup.com\/es\/","name":"Rancilio Group","description":"L\u00edder en M\u00e1quinas de Caf\u00e9 Profesionales","publisher":{"@id":"https:\/\/www.ranciliogroup.com\/es\/#organization"},"potentialAction":[{"@type":"SearchAction","target":{"@type":"EntryPoint","urlTemplate":"https:\/\/www.ranciliogroup.com\/es\/?s={search_term_string}"},"query-input":"required name=search_term_string"}],"inLanguage":"es-ES"},{"@type":"Organization","@id":"https:\/\/www.ranciliogroup.com\/es\/#organization","name":"Rancilio Group","url":"https:\/\/www.ranciliogroup.com\/es\/","logo":{"@type":"ImageObject","inLanguage":"es-ES","@id":"https:\/\/www.ranciliogroup.com\/es\/#\/schema\/logo\/image\/","url":"https:\/\/www.ranciliogroup.com\/app\/uploads\/2019\/07\/rancilio_black_logo.png","contentUrl":"https:\/\/www.ranciliogroup.com\/app\/uploads\/2019\/07\/rancilio_black_logo.png","width":447,"height":57,"caption":"Rancilio Group"},"image":{"@id":"https:\/\/www.ranciliogroup.com\/es\/#\/schema\/logo\/image\/"},"sameAs":["https:\/\/www.facebook.com\/RancilioGroup","https:\/\/twitter.com\/ranciliogroup","https:\/\/www.instagram.com\/rancilio_official\/","https:\/\/www.linkedin.com\/company\/ranciliogroup\/","https:\/\/www.youtube.com\/user\/rancilioadmin"]},{"@type":"Person","@id":"https:\/\/www.ranciliogroup.com\/es\/#\/schema\/person\/d6bf0a7dfe74cded3d64da8b2c92814c","name":"temp circular","image":{"@type":"ImageObject","inLanguage":"es-ES","@id":"https:\/\/www.ranciliogroup.com\/es\/#\/schema\/person\/image\/","url":"https:\/\/secure.gravatar.com\/avatar\/569e71c3b97b8bcad1854d6579b35c5f?s=96&d=mm&r=g","contentUrl":"https:\/\/secure.gravatar.com\/avatar\/569e71c3b97b8bcad1854d6579b35c5f?s=96&d=mm&r=g","caption":"temp circular"}}]}},"_links":{"self":[{"href":"https:\/\/www.ranciliogroup.com\/es\/wp-json\/wp\/v2\/posts\/75561"}],"collection":[{"href":"https:\/\/www.ranciliogroup.com\/es\/wp-json\/wp\/v2\/posts"}],"about":[{"href":"https:\/\/www.ranciliogroup.com\/es\/wp-json\/wp\/v2\/types\/post"}],"author":[{"embeddable":true,"href":"https:\/\/www.ranciliogroup.com\/es\/wp-json\/wp\/v2\/users\/5"}],"replies":[{"embeddable":true,"href":"https:\/\/www.ranciliogroup.com\/es\/wp-json\/wp\/v2\/comments?post=75561"}],"version-history":[{"count":3,"href":"https:\/\/www.ranciliogroup.com\/es\/wp-json\/wp\/v2\/posts\/75561\/revisions"}],"predecessor-version":[{"id":75564,"href":"https:\/\/www.ranciliogroup.com\/es\/wp-json\/wp\/v2\/posts\/75561\/revisions\/75564"}],"wp:featuredmedia":[{"embeddable":true,"href":"https:\/\/www.ranciliogroup.com\/es\/wp-json\/wp\/v2\/media\/75542"}],"wp:attachment":[{"href":"https:\/\/www.ranciliogroup.com\/es\/wp-json\/wp\/v2\/media?parent=75561"}],"wp:term":[{"taxonomy":"category","embeddable":true,"href":"https:\/\/www.ranciliogroup.com\/es\/wp-json\/wp\/v2\/categories?post=75561"},{"taxonomy":"post_tag","embeddable":true,"href":"https:\/\/www.ranciliogroup.com\/es\/wp-json\/wp\/v2\/tags?post=75561"}],"curies":[{"name":"wp","href":"https:\/\/api.w.org\/{rel}","templated":true}]}}