{"id":76664,"date":"2024-10-30T10:42:47","date_gmt":"2024-10-30T09:42:47","guid":{"rendered":"https:\/\/www.ranciliogroup.com\/?p=76664"},"modified":"2024-10-30T10:42:47","modified_gmt":"2024-10-30T09:42:47","slug":"rancilio-group-deutschland-gmbh-en-el-simposio-europeo-del-cafe-en-berlin","status":"publish","type":"post","link":"https:\/\/www.ranciliogroup.com\/es\/rancilio-group-deutschland-gmbh-en-el-simposio-europeo-del-cafe-en-berlin\/","title":{"rendered":"Rancilio Group Deutschland GmbH en el Simposio Europeo del Caf\u00e9 en Berl\u00edn"},"content":{"rendered":"<p>Del 11 al 14 de noviembre, Rancilio Group y Crem International invitan a todos los profesionales de la industria del caf\u00e9 y la hosteler\u00eda al prestigioso hotel InterContinental Berlin, ubicado cerca de la ic\u00f3nica Puerta de Brandeburgo en Berl\u00edn.<\/p>\n<p>Rancilio Group Deutschland GmbH participar\u00e1 en el exclusivo programa de reuniones 1:1 el 12 de noviembre. Los asistentes tendr\u00e1n la oportunidad de explorar los servicios y actividades de Rancilio Group Deutschland en la regi\u00f3n, descubriendo una amplia gama de soluciones de caf\u00e9 adaptadas a las necesidades de las empresas a trav\u00e9s de las marcas Rancilio, Rancilio Specialty, Egro y Crem.<\/p>\n<p>Rancilio y Egro han sido nominados al prestigioso premio COHO como una de las 100 marcas m\u00e1s influyentes en la industria del caf\u00e9 y la hosteler\u00eda de Europa, compitiendo espec\u00edficamente por el t\u00edtulo de Mejor Fabricante de Equipos de Espresso tanto en el sector de las m\u00e1quinas de caf\u00e9 tradicionales como superautom\u00e1ticas. Los premios se entregar\u00e1n el 12 de noviembre de 2024, destacando el compromiso de las marcas con la excelencia y la innovaci\u00f3n dentro de la industria.<\/p>\n<p>Dise\u00f1ado para proveedores innovadores dirigidos a las principales cadenas de cafeter\u00edas y operadores de servicios de restauraci\u00f3n de Europa, el Simposio Europeo del Caf\u00e9 + Coho Expo 2024 ofrece el escenario perfecto para explorar las \u00faltimas tendencias e innovaciones de la industria, al tiempo que ampl\u00eda valiosas conexiones comerciales en el mercado alem\u00e1n e internacional.<\/p>\n<p>&nbsp;<\/p>\n<p>&nbsp;<\/p>\n<p><strong>Composio Europeo del Caf\u00e9 + Coho Expo 2024<\/strong><br \/>\n11-14 noviembre de 2024<br \/>\n<a href=\"https:\/\/www.google.com\/maps\/place\/InterContinental+Berlin,+an+IHG+Hotel\/@52.5068868,13.3429125,17z\/data=!3m1!5s0x47a85054cd911229:0xe91ee7e385db8a1e!4m9!3m8!1s0x47a851acba63a517:0x457e0338a940287d!5m2!4m1!1i2!8m2!3d52.5068868!4d13.3454928!16s%2Fg%2F122cnkzn?authuser=0&amp;entry=ttu&amp;g_ep=EgoyMDI0MTAyMC4xIKXMDSoASAFQAw%3D%3D\">InterContinental Berlin<\/a><br \/>\nBudapester Str. 2<br \/>\n10787 Berl\u00edn, Alemania<\/p>\n<p>&nbsp;<\/p>\n<p><a href=\"https:\/\/www.europeancoffeesymposium.com\/\"><strong>Descubre el evento<\/strong><\/a><\/p>\n<p>&nbsp;<\/p>\n<p>&nbsp;<\/p>\n","protected":false},"excerpt":{"rendered":"<p>Del 11 al 14 de noviembre, Rancilio Group y Crem International invitan a todos los profesionales de la industria del&#8230;<\/p>\n","protected":false},"author":5,"featured_media":76538,"comment_status":"closed","ping_status":"closed","sticky":false,"template":"","format":"standard","meta":[],"categories":[862],"tags":[3866,3867,3868,3510],"acf":[],"yoast_head":"<!-- This site is optimized with the Yoast SEO plugin v21.5 - https:\/\/yoast.com\/wordpress\/plugins\/seo\/ -->\n<title>Latest update about Rancilio Group Deutschland GmbH en el Simposio Europeo del Caf\u00e9 en Berl\u00edn - Rancilio Group<\/title>\n<meta name=\"description\" content=\"Read Rancilio Group&#039;s latest news about Rancilio Group Deutschland GmbH en el Simposio Europeo del Caf\u00e9 en Berl\u00edn\" \/>\n<meta name=\"robots\" content=\"index, follow, max-snippet:-1, max-image-preview:large, max-video-preview:-1\" \/>\n<link rel=\"canonical\" href=\"https:\/\/www.ranciliogroup.com\/es\/rancilio-group-deutschland-gmbh-en-el-simposio-europeo-del-cafe-en-berlin\/\" \/>\n<meta property=\"og:locale\" content=\"es_ES\" \/>\n<meta property=\"og:type\" content=\"article\" \/>\n<meta property=\"og:title\" content=\"Latest update about Rancilio Group Deutschland GmbH en el Simposio Europeo del Caf\u00e9 en Berl\u00edn - Rancilio Group\" \/>\n<meta property=\"og:description\" content=\"Read Rancilio Group&#039;s latest news about Rancilio Group Deutschland GmbH en el Simposio Europeo del Caf\u00e9 en Berl\u00edn\" \/>\n<meta property=\"og:url\" content=\"https:\/\/www.ranciliogroup.com\/es\/rancilio-group-deutschland-gmbh-en-el-simposio-europeo-del-cafe-en-berlin\/\" \/>\n<meta property=\"og:site_name\" content=\"Rancilio Group\" \/>\n<meta property=\"article:publisher\" content=\"https:\/\/www.facebook.com\/RancilioGroup\" \/>\n<meta property=\"article:published_time\" content=\"2024-10-30T09:42:47+00:00\" \/>\n<meta property=\"og:image\" content=\"https:\/\/www.ranciliogroup.com\/app\/uploads\/2024\/10\/ECS_COHO_2024.jpg\" \/>\n\t<meta property=\"og:image:width\" content=\"1279\" \/>\n\t<meta property=\"og:image:height\" content=\"720\" \/>\n\t<meta property=\"og:image:type\" content=\"image\/jpeg\" \/>\n<meta name=\"author\" content=\"temp circular\" \/>\n<meta name=\"twitter:card\" content=\"summary_large_image\" \/>\n<meta name=\"twitter:creator\" content=\"@ranciliogroup\" \/>\n<meta name=\"twitter:site\" content=\"@ranciliogroup\" \/>\n<meta name=\"twitter:label1\" content=\"Written by\" \/>\n\t<meta name=\"twitter:data1\" content=\"temp circular\" \/>\n\t<meta name=\"twitter:label2\" content=\"Est. reading time\" \/>\n\t<meta name=\"twitter:data2\" content=\"2 minutes\" \/>\n<script type=\"application\/ld+json\" class=\"yoast-schema-graph\">{\"@context\":\"https:\/\/schema.org\",\"@graph\":[{\"@type\":\"Article\",\"@id\":\"https:\/\/www.ranciliogroup.com\/es\/rancilio-group-deutschland-gmbh-en-el-simposio-europeo-del-cafe-en-berlin\/#article\",\"isPartOf\":{\"@id\":\"https:\/\/www.ranciliogroup.com\/es\/rancilio-group-deutschland-gmbh-en-el-simposio-europeo-del-cafe-en-berlin\/\"},\"author\":{\"name\":\"temp circular\",\"@id\":\"https:\/\/www.ranciliogroup.com\/es\/#\/schema\/person\/d6bf0a7dfe74cded3d64da8b2c92814c\"},\"headline\":\"Rancilio Group Deutschland GmbH en el Simposio Europeo del Caf\u00e9 en Berl\u00edn\",\"datePublished\":\"2024-10-30T09:42:47+00:00\",\"dateModified\":\"2024-10-30T09:42:47+00:00\",\"mainEntityOfPage\":{\"@id\":\"https:\/\/www.ranciliogroup.com\/es\/rancilio-group-deutschland-gmbh-en-el-simposio-europeo-del-cafe-en-berlin\/\"},\"wordCount\":279,\"publisher\":{\"@id\":\"https:\/\/www.ranciliogroup.com\/es\/#organization\"},\"keywords\":[\"European Coffee Symposium\",\"Coho Expo\",\"Best Espresso Equipment Manufacturer\",\"Berlin\"],\"articleSection\":[\"Eventos\"],\"inLanguage\":\"es-ES\"},{\"@type\":\"WebPage\",\"@id\":\"https:\/\/www.ranciliogroup.com\/es\/rancilio-group-deutschland-gmbh-en-el-simposio-europeo-del-cafe-en-berlin\/\",\"url\":\"https:\/\/www.ranciliogroup.com\/es\/rancilio-group-deutschland-gmbh-en-el-simposio-europeo-del-cafe-en-berlin\/\",\"name\":\"Latest update about Rancilio Group Deutschland GmbH en el Simposio Europeo del Caf\u00e9 en Berl\u00edn - Rancilio Group\",\"isPartOf\":{\"@id\":\"https:\/\/www.ranciliogroup.com\/es\/#website\"},\"datePublished\":\"2024-10-30T09:42:47+00:00\",\"dateModified\":\"2024-10-30T09:42:47+00:00\",\"description\":\"Read Rancilio Group's latest news about Rancilio Group Deutschland GmbH en el Simposio Europeo del Caf\u00e9 en Berl\u00edn\",\"breadcrumb\":{\"@id\":\"https:\/\/www.ranciliogroup.com\/es\/rancilio-group-deutschland-gmbh-en-el-simposio-europeo-del-cafe-en-berlin\/#breadcrumb\"},\"inLanguage\":\"es-ES\",\"potentialAction\":[{\"@type\":\"ReadAction\",\"target\":[\"https:\/\/www.ranciliogroup.com\/es\/rancilio-group-deutschland-gmbh-en-el-simposio-europeo-del-cafe-en-berlin\/\"]}]},{\"@type\":\"BreadcrumbList\",\"@id\":\"https:\/\/www.ranciliogroup.com\/es\/rancilio-group-deutschland-gmbh-en-el-simposio-europeo-del-cafe-en-berlin\/#breadcrumb\",\"itemListElement\":[{\"@type\":\"ListItem\",\"position\":1,\"name\":\"Home\",\"item\":\"https:\/\/www.ranciliogroup.com\/es\/\"},{\"@type\":\"ListItem\",\"position\":2,\"name\":\"Rancilio Group Deutschland GmbH en el Simposio Europeo del Caf\u00e9 en Berl\u00edn\"}]},{\"@type\":\"WebSite\",\"@id\":\"https:\/\/www.ranciliogroup.com\/es\/#website\",\"url\":\"https:\/\/www.ranciliogroup.com\/es\/\",\"name\":\"Rancilio Group\",\"description\":\"L\u00edder en M\u00e1quinas de Caf\u00e9 Profesionales\",\"publisher\":{\"@id\":\"https:\/\/www.ranciliogroup.com\/es\/#organization\"},\"potentialAction\":[{\"@type\":\"SearchAction\",\"target\":{\"@type\":\"EntryPoint\",\"urlTemplate\":\"https:\/\/www.ranciliogroup.com\/es\/?s={search_term_string}\"},\"query-input\":\"required name=search_term_string\"}],\"inLanguage\":\"es-ES\"},{\"@type\":\"Organization\",\"@id\":\"https:\/\/www.ranciliogroup.com\/es\/#organization\",\"name\":\"Rancilio Group\",\"url\":\"https:\/\/www.ranciliogroup.com\/es\/\",\"logo\":{\"@type\":\"ImageObject\",\"inLanguage\":\"es-ES\",\"@id\":\"https:\/\/www.ranciliogroup.com\/es\/#\/schema\/logo\/image\/\",\"url\":\"https:\/\/www.ranciliogroup.com\/app\/uploads\/2019\/07\/rancilio_black_logo.png\",\"contentUrl\":\"https:\/\/www.ranciliogroup.com\/app\/uploads\/2019\/07\/rancilio_black_logo.png\",\"width\":447,\"height\":57,\"caption\":\"Rancilio Group\"},\"image\":{\"@id\":\"https:\/\/www.ranciliogroup.com\/es\/#\/schema\/logo\/image\/\"},\"sameAs\":[\"https:\/\/www.facebook.com\/RancilioGroup\",\"https:\/\/twitter.com\/ranciliogroup\",\"https:\/\/www.instagram.com\/rancilio_official\/\",\"https:\/\/www.linkedin.com\/company\/ranciliogroup\/\",\"https:\/\/www.youtube.com\/user\/rancilioadmin\"]},{\"@type\":\"Person\",\"@id\":\"https:\/\/www.ranciliogroup.com\/es\/#\/schema\/person\/d6bf0a7dfe74cded3d64da8b2c92814c\",\"name\":\"temp circular\",\"image\":{\"@type\":\"ImageObject\",\"inLanguage\":\"es-ES\",\"@id\":\"https:\/\/www.ranciliogroup.com\/es\/#\/schema\/person\/image\/\",\"url\":\"https:\/\/secure.gravatar.com\/avatar\/569e71c3b97b8bcad1854d6579b35c5f?s=96&d=mm&r=g\",\"contentUrl\":\"https:\/\/secure.gravatar.com\/avatar\/569e71c3b97b8bcad1854d6579b35c5f?s=96&d=mm&r=g\",\"caption\":\"temp circular\"}}]}<\/script>\n<!-- \/ Yoast SEO plugin. -->","yoast_head_json":{"title":"Latest update about Rancilio Group Deutschland GmbH en el Simposio Europeo del Caf\u00e9 en Berl\u00edn - Rancilio Group","description":"Read Rancilio Group's latest news about Rancilio Group Deutschland GmbH en el Simposio Europeo del Caf\u00e9 en Berl\u00edn","robots":{"index":"index","follow":"follow","max-snippet":"max-snippet:-1","max-image-preview":"max-image-preview:large","max-video-preview":"max-video-preview:-1"},"canonical":"https:\/\/www.ranciliogroup.com\/es\/rancilio-group-deutschland-gmbh-en-el-simposio-europeo-del-cafe-en-berlin\/","og_locale":"es_ES","og_type":"article","og_title":"Latest update about Rancilio Group Deutschland GmbH en el Simposio Europeo del Caf\u00e9 en Berl\u00edn - Rancilio Group","og_description":"Read Rancilio Group's latest news about Rancilio Group Deutschland GmbH en el Simposio Europeo del Caf\u00e9 en Berl\u00edn","og_url":"https:\/\/www.ranciliogroup.com\/es\/rancilio-group-deutschland-gmbh-en-el-simposio-europeo-del-cafe-en-berlin\/","og_site_name":"Rancilio Group","article_publisher":"https:\/\/www.facebook.com\/RancilioGroup","article_published_time":"2024-10-30T09:42:47+00:00","og_image":[{"width":1279,"height":720,"url":"https:\/\/www.ranciliogroup.com\/app\/uploads\/2024\/10\/ECS_COHO_2024.jpg","type":"image\/jpeg"}],"author":"temp circular","twitter_card":"summary_large_image","twitter_creator":"@ranciliogroup","twitter_site":"@ranciliogroup","twitter_misc":{"Written by":"temp circular","Est. reading time":"2 minutes"},"schema":{"@context":"https:\/\/schema.org","@graph":[{"@type":"Article","@id":"https:\/\/www.ranciliogroup.com\/es\/rancilio-group-deutschland-gmbh-en-el-simposio-europeo-del-cafe-en-berlin\/#article","isPartOf":{"@id":"https:\/\/www.ranciliogroup.com\/es\/rancilio-group-deutschland-gmbh-en-el-simposio-europeo-del-cafe-en-berlin\/"},"author":{"name":"temp circular","@id":"https:\/\/www.ranciliogroup.com\/es\/#\/schema\/person\/d6bf0a7dfe74cded3d64da8b2c92814c"},"headline":"Rancilio Group Deutschland GmbH en el Simposio Europeo del Caf\u00e9 en Berl\u00edn","datePublished":"2024-10-30T09:42:47+00:00","dateModified":"2024-10-30T09:42:47+00:00","mainEntityOfPage":{"@id":"https:\/\/www.ranciliogroup.com\/es\/rancilio-group-deutschland-gmbh-en-el-simposio-europeo-del-cafe-en-berlin\/"},"wordCount":279,"publisher":{"@id":"https:\/\/www.ranciliogroup.com\/es\/#organization"},"keywords":["European Coffee Symposium","Coho Expo","Best Espresso Equipment Manufacturer","Berlin"],"articleSection":["Eventos"],"inLanguage":"es-ES"},{"@type":"WebPage","@id":"https:\/\/www.ranciliogroup.com\/es\/rancilio-group-deutschland-gmbh-en-el-simposio-europeo-del-cafe-en-berlin\/","url":"https:\/\/www.ranciliogroup.com\/es\/rancilio-group-deutschland-gmbh-en-el-simposio-europeo-del-cafe-en-berlin\/","name":"Latest update about Rancilio Group Deutschland GmbH en el Simposio Europeo del Caf\u00e9 en Berl\u00edn - Rancilio Group","isPartOf":{"@id":"https:\/\/www.ranciliogroup.com\/es\/#website"},"datePublished":"2024-10-30T09:42:47+00:00","dateModified":"2024-10-30T09:42:47+00:00","description":"Read Rancilio Group's latest news about Rancilio Group Deutschland GmbH en el Simposio Europeo del Caf\u00e9 en Berl\u00edn","breadcrumb":{"@id":"https:\/\/www.ranciliogroup.com\/es\/rancilio-group-deutschland-gmbh-en-el-simposio-europeo-del-cafe-en-berlin\/#breadcrumb"},"inLanguage":"es-ES","potentialAction":[{"@type":"ReadAction","target":["https:\/\/www.ranciliogroup.com\/es\/rancilio-group-deutschland-gmbh-en-el-simposio-europeo-del-cafe-en-berlin\/"]}]},{"@type":"BreadcrumbList","@id":"https:\/\/www.ranciliogroup.com\/es\/rancilio-group-deutschland-gmbh-en-el-simposio-europeo-del-cafe-en-berlin\/#breadcrumb","itemListElement":[{"@type":"ListItem","position":1,"name":"Home","item":"https:\/\/www.ranciliogroup.com\/es\/"},{"@type":"ListItem","position":2,"name":"Rancilio Group Deutschland GmbH en el Simposio Europeo del Caf\u00e9 en Berl\u00edn"}]},{"@type":"WebSite","@id":"https:\/\/www.ranciliogroup.com\/es\/#website","url":"https:\/\/www.ranciliogroup.com\/es\/","name":"Rancilio Group","description":"L\u00edder en M\u00e1quinas de Caf\u00e9 Profesionales","publisher":{"@id":"https:\/\/www.ranciliogroup.com\/es\/#organization"},"potentialAction":[{"@type":"SearchAction","target":{"@type":"EntryPoint","urlTemplate":"https:\/\/www.ranciliogroup.com\/es\/?s={search_term_string}"},"query-input":"required name=search_term_string"}],"inLanguage":"es-ES"},{"@type":"Organization","@id":"https:\/\/www.ranciliogroup.com\/es\/#organization","name":"Rancilio Group","url":"https:\/\/www.ranciliogroup.com\/es\/","logo":{"@type":"ImageObject","inLanguage":"es-ES","@id":"https:\/\/www.ranciliogroup.com\/es\/#\/schema\/logo\/image\/","url":"https:\/\/www.ranciliogroup.com\/app\/uploads\/2019\/07\/rancilio_black_logo.png","contentUrl":"https:\/\/www.ranciliogroup.com\/app\/uploads\/2019\/07\/rancilio_black_logo.png","width":447,"height":57,"caption":"Rancilio Group"},"image":{"@id":"https:\/\/www.ranciliogroup.com\/es\/#\/schema\/logo\/image\/"},"sameAs":["https:\/\/www.facebook.com\/RancilioGroup","https:\/\/twitter.com\/ranciliogroup","https:\/\/www.instagram.com\/rancilio_official\/","https:\/\/www.linkedin.com\/company\/ranciliogroup\/","https:\/\/www.youtube.com\/user\/rancilioadmin"]},{"@type":"Person","@id":"https:\/\/www.ranciliogroup.com\/es\/#\/schema\/person\/d6bf0a7dfe74cded3d64da8b2c92814c","name":"temp circular","image":{"@type":"ImageObject","inLanguage":"es-ES","@id":"https:\/\/www.ranciliogroup.com\/es\/#\/schema\/person\/image\/","url":"https:\/\/secure.gravatar.com\/avatar\/569e71c3b97b8bcad1854d6579b35c5f?s=96&d=mm&r=g","contentUrl":"https:\/\/secure.gravatar.com\/avatar\/569e71c3b97b8bcad1854d6579b35c5f?s=96&d=mm&r=g","caption":"temp circular"}}]}},"_links":{"self":[{"href":"https:\/\/www.ranciliogroup.com\/es\/wp-json\/wp\/v2\/posts\/76664"}],"collection":[{"href":"https:\/\/www.ranciliogroup.com\/es\/wp-json\/wp\/v2\/posts"}],"about":[{"href":"https:\/\/www.ranciliogroup.com\/es\/wp-json\/wp\/v2\/types\/post"}],"author":[{"embeddable":true,"href":"https:\/\/www.ranciliogroup.com\/es\/wp-json\/wp\/v2\/users\/5"}],"replies":[{"embeddable":true,"href":"https:\/\/www.ranciliogroup.com\/es\/wp-json\/wp\/v2\/comments?post=76664"}],"version-history":[{"count":3,"href":"https:\/\/www.ranciliogroup.com\/es\/wp-json\/wp\/v2\/posts\/76664\/revisions"}],"predecessor-version":[{"id":76667,"href":"https:\/\/www.ranciliogroup.com\/es\/wp-json\/wp\/v2\/posts\/76664\/revisions\/76667"}],"wp:featuredmedia":[{"embeddable":true,"href":"https:\/\/www.ranciliogroup.com\/es\/wp-json\/wp\/v2\/media\/76538"}],"wp:attachment":[{"href":"https:\/\/www.ranciliogroup.com\/es\/wp-json\/wp\/v2\/media?parent=76664"}],"wp:term":[{"taxonomy":"category","embeddable":true,"href":"https:\/\/www.ranciliogroup.com\/es\/wp-json\/wp\/v2\/categories?post=76664"},{"taxonomy":"post_tag","embeddable":true,"href":"https:\/\/www.ranciliogroup.com\/es\/wp-json\/wp\/v2\/tags?post=76664"}],"curies":[{"name":"wp","href":"https:\/\/api.w.org\/{rel}","templated":true}]}}