{"id":78296,"date":"2025-03-04T16:04:56","date_gmt":"2025-03-04T15:04:56","guid":{"rendered":"https:\/\/www.ranciliogroup.com\/?p=78296"},"modified":"2025-03-04T16:04:56","modified_gmt":"2025-03-04T15:04:56","slug":"rancilio-specialty-en-la-11-a-edicion-del-bucharest-coffee-festival","status":"publish","type":"post","link":"https:\/\/www.ranciliogroup.com\/es\/rancilio-specialty-en-la-11-a-edicion-del-bucharest-coffee-festival\/","title":{"rendered":"Rancilio Specialty en la 11.\u00aa edici\u00f3n del Bucharest Coffee Festival"},"content":{"rendered":"<p>Del 21 al 23 de marzo, Rancilio Specialty invita a todos los entusiastas del caf\u00e9 al Bucharest Coffee Festival en el Laminor Arena.<\/p>\n<p>La Rancilio Specialty RS1 est\u00e1 lista para servir caf\u00e9 de la mejor calidad a los amantes del caf\u00e9 de especialidad y al resto del mundo. Equipada con la tecnolog\u00eda de vanguardia Advanced Temperature Profiling, la RS1 es la compa\u00f1era ideal para los baristas que buscan descubrir los sabores y caracter\u00edsticas intr\u00ednsecos de sus caf\u00e9s de origen \u00fanico o blends. Trabajar\u00e1 codo con codo con el molinillo profesional Kryo Elite, maestro de la consistencia y la precisi\u00f3n, gracias al sistema de ajuste inteligente SAS, que regula autom\u00e1ticamente el tiempo de molido para garantizar una dosis constante.<\/p>\n<p>Para los amantes de la L\u00ednea para el hogar de Rancilio, las m\u00e1quinas de caf\u00e9 dom\u00e9sticas Silvia Pro X y Silvia demostrar\u00e1n c\u00f3mo conseguir en casa una experiencia de caf\u00e9 espresso con calidad de cafeter\u00eda. Junto con el molinillo dom\u00e9stico Stile, esta l\u00ednea es perfecta para disfrutar de tu caf\u00e9 en casa.<\/p>\n<p>Entre una muestra de granos de caf\u00e9 de todo el mundo, atractivas demostraciones, emocionantes competiciones de expertos baristas y una variada selecci\u00f3n de productos y servicios relacionados con el caf\u00e9, el Bucharest Coffee Festival es el acontecimiento perfecto para explorar las \u00faltimas tendencias e innovaciones cafeteras.<\/p>\n<p>&nbsp;<\/p>\n<p><strong>Bucharest Coffee Festival<\/strong><br \/>\n21-23 de marzo de 2025<br \/>\nDe 9:00 a 19:00 h<br \/>\nStand n.\u00ba 141<br \/>\n<a href=\"https:\/\/www.google.com\/maps\/place\/Laminor+Arena\/@44.4330291,26.1842181,17z\/data=!3m1!4b1!4m6!3m5!1s0x40b1f9cef2c02383:0x6f6d313c1dcb665f!8m2!3d44.4330291!4d26.1867984!16s%2Fg%2F11vdf5p93r?authuser=0&amp;entry=ttu&amp;g_ep=EgoyMDI1MDIxOS4xIKXMDSoJLDEwMjExNDUzSAFQAw%3D%3D\">Laminor Arena<\/a>, Sector 3<br \/>\nBulevardul Basarabia 256<br \/>\nBucarest 030352, Ruman\u00eda<\/p>\n","protected":false},"excerpt":{"rendered":"<p>Del 21 al 23 de marzo, Rancilio Specialty invita a todos los entusiastas del caf\u00e9 al Bucharest Coffee Festival en&#8230;<\/p>\n","protected":false},"author":5,"featured_media":78279,"comment_status":"closed","ping_status":"closed","sticky":false,"template":"","format":"standard","meta":[],"categories":[862],"tags":[3995,3996,3997,3451,3364,2922,2876,2747,2589],"acf":[],"yoast_head":"<!-- This site is optimized with the Yoast SEO plugin v21.5 - https:\/\/yoast.com\/wordpress\/plugins\/seo\/ -->\n<title>Latest update about Rancilio Specialty en la 11.\u00aa edici\u00f3n del Bucharest Coffee Festival - Rancilio Group<\/title>\n<meta name=\"description\" content=\"Read Rancilio Group&#039;s latest news about Rancilio Specialty en la 11.\u00aa edici\u00f3n del Bucharest Coffee Festival\" \/>\n<meta name=\"robots\" content=\"index, follow, max-snippet:-1, max-image-preview:large, max-video-preview:-1\" \/>\n<link rel=\"canonical\" href=\"https:\/\/www.ranciliogroup.com\/es\/rancilio-specialty-en-la-11-a-edicion-del-bucharest-coffee-festival\/\" \/>\n<meta property=\"og:locale\" content=\"es_ES\" \/>\n<meta property=\"og:type\" content=\"article\" \/>\n<meta property=\"og:title\" content=\"Latest update about Rancilio Specialty en la 11.\u00aa edici\u00f3n del Bucharest Coffee Festival - Rancilio Group\" \/>\n<meta property=\"og:description\" content=\"Read Rancilio Group&#039;s latest news about Rancilio Specialty en la 11.\u00aa edici\u00f3n del Bucharest Coffee Festival\" \/>\n<meta property=\"og:url\" content=\"https:\/\/www.ranciliogroup.com\/es\/rancilio-specialty-en-la-11-a-edicion-del-bucharest-coffee-festival\/\" \/>\n<meta property=\"og:site_name\" content=\"Rancilio Group\" \/>\n<meta property=\"article:publisher\" content=\"https:\/\/www.facebook.com\/RancilioGroup\" \/>\n<meta property=\"article:published_time\" content=\"2025-03-04T15:04:56+00:00\" \/>\n<meta property=\"og:image\" content=\"https:\/\/www.ranciliogroup.com\/app\/uploads\/2025\/03\/RANCILIO_BCF_2025.jpg\" \/>\n\t<meta property=\"og:image:width\" content=\"1080\" \/>\n\t<meta property=\"og:image:height\" content=\"720\" \/>\n\t<meta property=\"og:image:type\" content=\"image\/jpeg\" \/>\n<meta name=\"author\" content=\"temp circular\" \/>\n<meta name=\"twitter:card\" content=\"summary_large_image\" \/>\n<meta name=\"twitter:creator\" content=\"@ranciliogroup\" \/>\n<meta name=\"twitter:site\" content=\"@ranciliogroup\" \/>\n<meta name=\"twitter:label1\" content=\"Written by\" \/>\n\t<meta name=\"twitter:data1\" content=\"temp circular\" \/>\n\t<meta name=\"twitter:label2\" content=\"Est. reading time\" \/>\n\t<meta name=\"twitter:data2\" content=\"2 minutes\" \/>\n<script type=\"application\/ld+json\" class=\"yoast-schema-graph\">{\"@context\":\"https:\/\/schema.org\",\"@graph\":[{\"@type\":\"Article\",\"@id\":\"https:\/\/www.ranciliogroup.com\/es\/rancilio-specialty-en-la-11-a-edicion-del-bucharest-coffee-festival\/#article\",\"isPartOf\":{\"@id\":\"https:\/\/www.ranciliogroup.com\/es\/rancilio-specialty-en-la-11-a-edicion-del-bucharest-coffee-festival\/\"},\"author\":{\"name\":\"temp circular\",\"@id\":\"https:\/\/www.ranciliogroup.com\/es\/#\/schema\/person\/d6bf0a7dfe74cded3d64da8b2c92814c\"},\"headline\":\"Rancilio Specialty en la 11.\u00aa edici\u00f3n del Bucharest Coffee Festival\",\"datePublished\":\"2025-03-04T15:04:56+00:00\",\"dateModified\":\"2025-03-04T15:04:56+00:00\",\"mainEntityOfPage\":{\"@id\":\"https:\/\/www.ranciliogroup.com\/es\/rancilio-specialty-en-la-11-a-edicion-del-bucharest-coffee-festival\/\"},\"wordCount\":261,\"publisher\":{\"@id\":\"https:\/\/www.ranciliogroup.com\/es\/#organization\"},\"keywords\":[\"Bucharest Coffee Festival\",\"Smart Adjusting System\",\"SAS\",\"Kryo Elite\",\"Advanced Temperature Profiling\",\"Silvia\",\"Stile\",\"Silvia Pro X\",\"RS1\"],\"articleSection\":[\"Eventos\"],\"inLanguage\":\"es-ES\"},{\"@type\":\"WebPage\",\"@id\":\"https:\/\/www.ranciliogroup.com\/es\/rancilio-specialty-en-la-11-a-edicion-del-bucharest-coffee-festival\/\",\"url\":\"https:\/\/www.ranciliogroup.com\/es\/rancilio-specialty-en-la-11-a-edicion-del-bucharest-coffee-festival\/\",\"name\":\"Latest update about Rancilio Specialty en la 11.\u00aa edici\u00f3n del Bucharest Coffee Festival - Rancilio Group\",\"isPartOf\":{\"@id\":\"https:\/\/www.ranciliogroup.com\/es\/#website\"},\"datePublished\":\"2025-03-04T15:04:56+00:00\",\"dateModified\":\"2025-03-04T15:04:56+00:00\",\"description\":\"Read Rancilio Group's latest news about Rancilio Specialty en la 11.\u00aa edici\u00f3n del Bucharest Coffee Festival\",\"breadcrumb\":{\"@id\":\"https:\/\/www.ranciliogroup.com\/es\/rancilio-specialty-en-la-11-a-edicion-del-bucharest-coffee-festival\/#breadcrumb\"},\"inLanguage\":\"es-ES\",\"potentialAction\":[{\"@type\":\"ReadAction\",\"target\":[\"https:\/\/www.ranciliogroup.com\/es\/rancilio-specialty-en-la-11-a-edicion-del-bucharest-coffee-festival\/\"]}]},{\"@type\":\"BreadcrumbList\",\"@id\":\"https:\/\/www.ranciliogroup.com\/es\/rancilio-specialty-en-la-11-a-edicion-del-bucharest-coffee-festival\/#breadcrumb\",\"itemListElement\":[{\"@type\":\"ListItem\",\"position\":1,\"name\":\"Home\",\"item\":\"https:\/\/www.ranciliogroup.com\/es\/\"},{\"@type\":\"ListItem\",\"position\":2,\"name\":\"Rancilio Specialty en la 11.\u00aa edici\u00f3n del Bucharest Coffee Festival\"}]},{\"@type\":\"WebSite\",\"@id\":\"https:\/\/www.ranciliogroup.com\/es\/#website\",\"url\":\"https:\/\/www.ranciliogroup.com\/es\/\",\"name\":\"Rancilio Group\",\"description\":\"L\u00edder en M\u00e1quinas de Caf\u00e9 Profesionales\",\"publisher\":{\"@id\":\"https:\/\/www.ranciliogroup.com\/es\/#organization\"},\"potentialAction\":[{\"@type\":\"SearchAction\",\"target\":{\"@type\":\"EntryPoint\",\"urlTemplate\":\"https:\/\/www.ranciliogroup.com\/es\/?s={search_term_string}\"},\"query-input\":\"required name=search_term_string\"}],\"inLanguage\":\"es-ES\"},{\"@type\":\"Organization\",\"@id\":\"https:\/\/www.ranciliogroup.com\/es\/#organization\",\"name\":\"Rancilio Group\",\"url\":\"https:\/\/www.ranciliogroup.com\/es\/\",\"logo\":{\"@type\":\"ImageObject\",\"inLanguage\":\"es-ES\",\"@id\":\"https:\/\/www.ranciliogroup.com\/es\/#\/schema\/logo\/image\/\",\"url\":\"https:\/\/www.ranciliogroup.com\/app\/uploads\/2019\/07\/rancilio_black_logo.png\",\"contentUrl\":\"https:\/\/www.ranciliogroup.com\/app\/uploads\/2019\/07\/rancilio_black_logo.png\",\"width\":447,\"height\":57,\"caption\":\"Rancilio Group\"},\"image\":{\"@id\":\"https:\/\/www.ranciliogroup.com\/es\/#\/schema\/logo\/image\/\"},\"sameAs\":[\"https:\/\/www.facebook.com\/RancilioGroup\",\"https:\/\/twitter.com\/ranciliogroup\",\"https:\/\/www.instagram.com\/rancilio_official\/\",\"https:\/\/www.linkedin.com\/company\/ranciliogroup\/\",\"https:\/\/www.youtube.com\/user\/rancilioadmin\"]},{\"@type\":\"Person\",\"@id\":\"https:\/\/www.ranciliogroup.com\/es\/#\/schema\/person\/d6bf0a7dfe74cded3d64da8b2c92814c\",\"name\":\"temp circular\",\"image\":{\"@type\":\"ImageObject\",\"inLanguage\":\"es-ES\",\"@id\":\"https:\/\/www.ranciliogroup.com\/es\/#\/schema\/person\/image\/\",\"url\":\"https:\/\/secure.gravatar.com\/avatar\/569e71c3b97b8bcad1854d6579b35c5f?s=96&d=mm&r=g\",\"contentUrl\":\"https:\/\/secure.gravatar.com\/avatar\/569e71c3b97b8bcad1854d6579b35c5f?s=96&d=mm&r=g\",\"caption\":\"temp circular\"}}]}<\/script>\n<!-- \/ Yoast SEO plugin. -->","yoast_head_json":{"title":"Latest update about Rancilio Specialty en la 11.\u00aa edici\u00f3n del Bucharest Coffee Festival - Rancilio Group","description":"Read Rancilio Group's latest news about Rancilio Specialty en la 11.\u00aa edici\u00f3n del Bucharest Coffee Festival","robots":{"index":"index","follow":"follow","max-snippet":"max-snippet:-1","max-image-preview":"max-image-preview:large","max-video-preview":"max-video-preview:-1"},"canonical":"https:\/\/www.ranciliogroup.com\/es\/rancilio-specialty-en-la-11-a-edicion-del-bucharest-coffee-festival\/","og_locale":"es_ES","og_type":"article","og_title":"Latest update about Rancilio Specialty en la 11.\u00aa edici\u00f3n del Bucharest Coffee Festival - Rancilio Group","og_description":"Read Rancilio Group's latest news about Rancilio Specialty en la 11.\u00aa edici\u00f3n del Bucharest Coffee Festival","og_url":"https:\/\/www.ranciliogroup.com\/es\/rancilio-specialty-en-la-11-a-edicion-del-bucharest-coffee-festival\/","og_site_name":"Rancilio Group","article_publisher":"https:\/\/www.facebook.com\/RancilioGroup","article_published_time":"2025-03-04T15:04:56+00:00","og_image":[{"width":1080,"height":720,"url":"https:\/\/www.ranciliogroup.com\/app\/uploads\/2025\/03\/RANCILIO_BCF_2025.jpg","type":"image\/jpeg"}],"author":"temp circular","twitter_card":"summary_large_image","twitter_creator":"@ranciliogroup","twitter_site":"@ranciliogroup","twitter_misc":{"Written by":"temp circular","Est. reading time":"2 minutes"},"schema":{"@context":"https:\/\/schema.org","@graph":[{"@type":"Article","@id":"https:\/\/www.ranciliogroup.com\/es\/rancilio-specialty-en-la-11-a-edicion-del-bucharest-coffee-festival\/#article","isPartOf":{"@id":"https:\/\/www.ranciliogroup.com\/es\/rancilio-specialty-en-la-11-a-edicion-del-bucharest-coffee-festival\/"},"author":{"name":"temp circular","@id":"https:\/\/www.ranciliogroup.com\/es\/#\/schema\/person\/d6bf0a7dfe74cded3d64da8b2c92814c"},"headline":"Rancilio Specialty en la 11.\u00aa edici\u00f3n del Bucharest Coffee Festival","datePublished":"2025-03-04T15:04:56+00:00","dateModified":"2025-03-04T15:04:56+00:00","mainEntityOfPage":{"@id":"https:\/\/www.ranciliogroup.com\/es\/rancilio-specialty-en-la-11-a-edicion-del-bucharest-coffee-festival\/"},"wordCount":261,"publisher":{"@id":"https:\/\/www.ranciliogroup.com\/es\/#organization"},"keywords":["Bucharest Coffee Festival","Smart Adjusting System","SAS","Kryo Elite","Advanced Temperature Profiling","Silvia","Stile","Silvia Pro X","RS1"],"articleSection":["Eventos"],"inLanguage":"es-ES"},{"@type":"WebPage","@id":"https:\/\/www.ranciliogroup.com\/es\/rancilio-specialty-en-la-11-a-edicion-del-bucharest-coffee-festival\/","url":"https:\/\/www.ranciliogroup.com\/es\/rancilio-specialty-en-la-11-a-edicion-del-bucharest-coffee-festival\/","name":"Latest update about Rancilio Specialty en la 11.\u00aa edici\u00f3n del Bucharest Coffee Festival - Rancilio Group","isPartOf":{"@id":"https:\/\/www.ranciliogroup.com\/es\/#website"},"datePublished":"2025-03-04T15:04:56+00:00","dateModified":"2025-03-04T15:04:56+00:00","description":"Read Rancilio Group's latest news about Rancilio Specialty en la 11.\u00aa edici\u00f3n del Bucharest Coffee Festival","breadcrumb":{"@id":"https:\/\/www.ranciliogroup.com\/es\/rancilio-specialty-en-la-11-a-edicion-del-bucharest-coffee-festival\/#breadcrumb"},"inLanguage":"es-ES","potentialAction":[{"@type":"ReadAction","target":["https:\/\/www.ranciliogroup.com\/es\/rancilio-specialty-en-la-11-a-edicion-del-bucharest-coffee-festival\/"]}]},{"@type":"BreadcrumbList","@id":"https:\/\/www.ranciliogroup.com\/es\/rancilio-specialty-en-la-11-a-edicion-del-bucharest-coffee-festival\/#breadcrumb","itemListElement":[{"@type":"ListItem","position":1,"name":"Home","item":"https:\/\/www.ranciliogroup.com\/es\/"},{"@type":"ListItem","position":2,"name":"Rancilio Specialty en la 11.\u00aa edici\u00f3n del Bucharest Coffee Festival"}]},{"@type":"WebSite","@id":"https:\/\/www.ranciliogroup.com\/es\/#website","url":"https:\/\/www.ranciliogroup.com\/es\/","name":"Rancilio Group","description":"L\u00edder en M\u00e1quinas de Caf\u00e9 Profesionales","publisher":{"@id":"https:\/\/www.ranciliogroup.com\/es\/#organization"},"potentialAction":[{"@type":"SearchAction","target":{"@type":"EntryPoint","urlTemplate":"https:\/\/www.ranciliogroup.com\/es\/?s={search_term_string}"},"query-input":"required name=search_term_string"}],"inLanguage":"es-ES"},{"@type":"Organization","@id":"https:\/\/www.ranciliogroup.com\/es\/#organization","name":"Rancilio Group","url":"https:\/\/www.ranciliogroup.com\/es\/","logo":{"@type":"ImageObject","inLanguage":"es-ES","@id":"https:\/\/www.ranciliogroup.com\/es\/#\/schema\/logo\/image\/","url":"https:\/\/www.ranciliogroup.com\/app\/uploads\/2019\/07\/rancilio_black_logo.png","contentUrl":"https:\/\/www.ranciliogroup.com\/app\/uploads\/2019\/07\/rancilio_black_logo.png","width":447,"height":57,"caption":"Rancilio Group"},"image":{"@id":"https:\/\/www.ranciliogroup.com\/es\/#\/schema\/logo\/image\/"},"sameAs":["https:\/\/www.facebook.com\/RancilioGroup","https:\/\/twitter.com\/ranciliogroup","https:\/\/www.instagram.com\/rancilio_official\/","https:\/\/www.linkedin.com\/company\/ranciliogroup\/","https:\/\/www.youtube.com\/user\/rancilioadmin"]},{"@type":"Person","@id":"https:\/\/www.ranciliogroup.com\/es\/#\/schema\/person\/d6bf0a7dfe74cded3d64da8b2c92814c","name":"temp circular","image":{"@type":"ImageObject","inLanguage":"es-ES","@id":"https:\/\/www.ranciliogroup.com\/es\/#\/schema\/person\/image\/","url":"https:\/\/secure.gravatar.com\/avatar\/569e71c3b97b8bcad1854d6579b35c5f?s=96&d=mm&r=g","contentUrl":"https:\/\/secure.gravatar.com\/avatar\/569e71c3b97b8bcad1854d6579b35c5f?s=96&d=mm&r=g","caption":"temp circular"}}]}},"_links":{"self":[{"href":"https:\/\/www.ranciliogroup.com\/es\/wp-json\/wp\/v2\/posts\/78296"}],"collection":[{"href":"https:\/\/www.ranciliogroup.com\/es\/wp-json\/wp\/v2\/posts"}],"about":[{"href":"https:\/\/www.ranciliogroup.com\/es\/wp-json\/wp\/v2\/types\/post"}],"author":[{"embeddable":true,"href":"https:\/\/www.ranciliogroup.com\/es\/wp-json\/wp\/v2\/users\/5"}],"replies":[{"embeddable":true,"href":"https:\/\/www.ranciliogroup.com\/es\/wp-json\/wp\/v2\/comments?post=78296"}],"version-history":[{"count":2,"href":"https:\/\/www.ranciliogroup.com\/es\/wp-json\/wp\/v2\/posts\/78296\/revisions"}],"predecessor-version":[{"id":78298,"href":"https:\/\/www.ranciliogroup.com\/es\/wp-json\/wp\/v2\/posts\/78296\/revisions\/78298"}],"wp:featuredmedia":[{"embeddable":true,"href":"https:\/\/www.ranciliogroup.com\/es\/wp-json\/wp\/v2\/media\/78279"}],"wp:attachment":[{"href":"https:\/\/www.ranciliogroup.com\/es\/wp-json\/wp\/v2\/media?parent=78296"}],"wp:term":[{"taxonomy":"category","embeddable":true,"href":"https:\/\/www.ranciliogroup.com\/es\/wp-json\/wp\/v2\/categories?post=78296"},{"taxonomy":"post_tag","embeddable":true,"href":"https:\/\/www.ranciliogroup.com\/es\/wp-json\/wp\/v2\/tags?post=78296"}],"curies":[{"name":"wp","href":"https:\/\/api.w.org\/{rel}","templated":true}]}}