{"id":78904,"date":"2025-04-22T15:31:48","date_gmt":"2025-04-22T13:31:48","guid":{"rendered":"https:\/\/www.ranciliogroup.com\/?p=78904"},"modified":"2025-04-22T15:31:48","modified_gmt":"2025-04-22T13:31:48","slug":"unete-a-rancilio-specialty-en-la-segunda-etapa-de-the-barista-league","status":"publish","type":"post","link":"https:\/\/www.ranciliogroup.com\/es\/unete-a-rancilio-specialty-en-la-segunda-etapa-de-the-barista-league\/","title":{"rendered":"\u00danete a Rancilio Specialty en la segunda etapa de The Barista League"},"content":{"rendered":"<p>El 8 de mayo, Rancilio Specialty invita a los entusiastas del caf\u00e9 a <em>The Barista League: Latin America<\/em>, que tendr\u00e1 lugar en el C3 Stage de Guadalajara, M\u00e9xico.<\/p>\n<p>Con la vibrante y creciente escena del caf\u00e9 de especialidad de Guadalajara como tel\u00f3n de fondo, 20 aguerridos baristas, emparejados en 10 equipos creativos, se enfrentar\u00e1n en una serie de desafiantes retos. Armados con la <strong>Rancilio Specialty Invicta<\/strong>, una m\u00e1quina de caf\u00e9 espresso de una caldera y <strong>tecnolog\u00eda Steady Brew<\/strong>, cada equipo dispondr\u00e1 de tan solo 15 minutos para mostrar los aromas y sabores de sus bebidas de caf\u00e9.<\/p>\n<p>Adem\u00e1s, en el stand de Rancilio Specialty, los invitados podr\u00e1n probar suerte en el juego <strong><em>Adivina el perfil de temperatura<\/em><\/strong>, explorando las funciones avanzadas de la <strong>RS1<\/strong>, y tendr\u00e1n la oportunidad de ganar un premio muy especial.<\/p>\n<p>Durante una \u00fanica noche,<em>The Barista League: Latin America<\/em> acoger\u00e1 a seis Invitados Especiales, nombres destacados de Latinoam\u00e9rica y m\u00e1s all\u00e1, que asumir\u00e1n la dif\u00edcil tarea de juzgar y coronar al campe\u00f3n de este a\u00f1o. Con una zona de tostadores que contar\u00e1 con talentos emergentes e iconos de la industria, el <em>Barista League Caf\u00e9<\/em> y una variedad de juegos, desaf\u00edos y regalos, <em>The Barista League: Latin America<\/em> es el evento imprescindible de la temporada.<\/p>\n<p>Las entradas est\u00e1n disponibles en <a href=\"https:\/\/eventos.ticketnowmexico.com\/ordertickets.asp?p=2083&amp;src=default\">Ticket Now<\/a><\/p>\n<p>&nbsp;<\/p>\n<p>&nbsp;<\/p>\n<p><strong>The Barista League: Latin America<\/strong><br \/>\nJueves, 8 de mayo de 2025<br \/>\nA partir de las 17:00 h<br \/>\n<a href=\"https:\/\/www.google.com\/maps\/place\/C3+Stage\/@20.674812,-103.369548,16z\/data=!3m1!4b1!4m6!3m5!1s0x8428ae05449aa6cb:0x9d1ec60bd4a5a049!8m2!3d20.674812!4d-103.369548!16s%2Fg%2F11b6_rm0kh?entry=ttu&amp;g_ep=EgoyMDI1MDMxMi4wIKXMDSoJLDEwMjExNDUzSAFQAw%3D%3D\">C3 Stage<\/a><br \/>\nAv. Ignacio L Vallarta 1488<br \/>\nCol Americana, Lafayette<br \/>\n44600 Guadalajara, Jal., M\u00e9xico<\/p>\n","protected":false},"excerpt":{"rendered":"<p>El 8 de mayo, Rancilio Specialty invita a los entusiastas del caf\u00e9 a The Barista League: Latin America, que tendr\u00e1&#8230;<\/p>\n","protected":false},"author":5,"featured_media":78883,"comment_status":"closed","ping_status":"closed","sticky":false,"template":"","format":"standard","meta":[],"categories":[862],"tags":[4072,3364,2805,2636,2591,2589],"acf":[],"yoast_head":"<!-- This site is optimized with the Yoast SEO plugin v21.5 - https:\/\/yoast.com\/wordpress\/plugins\/seo\/ -->\n<title>Latest update about \u00danete a Rancilio Specialty en la segunda etapa de The Barista League - Rancilio Group<\/title>\n<meta name=\"description\" content=\"Read Rancilio Group&#039;s latest news about \u00danete a Rancilio Specialty en la segunda etapa de The Barista League\" \/>\n<meta name=\"robots\" content=\"index, follow, max-snippet:-1, max-image-preview:large, max-video-preview:-1\" \/>\n<link rel=\"canonical\" href=\"https:\/\/www.ranciliogroup.com\/es\/unete-a-rancilio-specialty-en-la-segunda-etapa-de-the-barista-league\/\" \/>\n<meta property=\"og:locale\" content=\"es_ES\" \/>\n<meta property=\"og:type\" content=\"article\" \/>\n<meta property=\"og:title\" content=\"Latest update about \u00danete a Rancilio Specialty en la segunda etapa de The Barista League - Rancilio Group\" \/>\n<meta property=\"og:description\" content=\"Read Rancilio Group&#039;s latest news about \u00danete a Rancilio Specialty en la segunda etapa de The Barista League\" \/>\n<meta property=\"og:url\" content=\"https:\/\/www.ranciliogroup.com\/es\/unete-a-rancilio-specialty-en-la-segunda-etapa-de-the-barista-league\/\" \/>\n<meta property=\"og:site_name\" content=\"Rancilio Group\" \/>\n<meta property=\"article:publisher\" content=\"https:\/\/www.facebook.com\/RancilioGroup\" \/>\n<meta property=\"article:published_time\" content=\"2025-04-22T13:31:48+00:00\" \/>\n<meta property=\"og:image\" content=\"https:\/\/www.ranciliogroup.com\/app\/uploads\/2025\/04\/RANCILIO_SPECIALTY_TBL_2025_WEB.jpg\" \/>\n\t<meta property=\"og:image:width\" content=\"1080\" \/>\n\t<meta property=\"og:image:height\" content=\"720\" \/>\n\t<meta property=\"og:image:type\" content=\"image\/jpeg\" \/>\n<meta name=\"author\" content=\"temp circular\" \/>\n<meta name=\"twitter:card\" content=\"summary_large_image\" \/>\n<meta name=\"twitter:creator\" content=\"@ranciliogroup\" \/>\n<meta name=\"twitter:site\" content=\"@ranciliogroup\" \/>\n<meta name=\"twitter:label1\" content=\"Written by\" \/>\n\t<meta name=\"twitter:data1\" content=\"temp circular\" \/>\n\t<meta name=\"twitter:label2\" content=\"Est. reading time\" \/>\n\t<meta name=\"twitter:data2\" content=\"2 minutes\" \/>\n<script type=\"application\/ld+json\" class=\"yoast-schema-graph\">{\"@context\":\"https:\/\/schema.org\",\"@graph\":[{\"@type\":\"Article\",\"@id\":\"https:\/\/www.ranciliogroup.com\/es\/unete-a-rancilio-specialty-en-la-segunda-etapa-de-the-barista-league\/#article\",\"isPartOf\":{\"@id\":\"https:\/\/www.ranciliogroup.com\/es\/unete-a-rancilio-specialty-en-la-segunda-etapa-de-the-barista-league\/\"},\"author\":{\"name\":\"temp circular\",\"@id\":\"https:\/\/www.ranciliogroup.com\/es\/#\/schema\/person\/d6bf0a7dfe74cded3d64da8b2c92814c\"},\"headline\":\"\u00danete a Rancilio Specialty en la segunda etapa de The Barista League\",\"datePublished\":\"2025-04-22T13:31:48+00:00\",\"dateModified\":\"2025-04-22T13:31:48+00:00\",\"mainEntityOfPage\":{\"@id\":\"https:\/\/www.ranciliogroup.com\/es\/unete-a-rancilio-specialty-en-la-segunda-etapa-de-the-barista-league\/\"},\"wordCount\":268,\"publisher\":{\"@id\":\"https:\/\/www.ranciliogroup.com\/es\/#organization\"},\"keywords\":[\"Guadalajara\",\"Advanced Temperature Profiling\",\"Mexico\",\"Invicta\",\"Barista League\",\"RS1\"],\"articleSection\":[\"Eventos\"],\"inLanguage\":\"es-ES\"},{\"@type\":\"WebPage\",\"@id\":\"https:\/\/www.ranciliogroup.com\/es\/unete-a-rancilio-specialty-en-la-segunda-etapa-de-the-barista-league\/\",\"url\":\"https:\/\/www.ranciliogroup.com\/es\/unete-a-rancilio-specialty-en-la-segunda-etapa-de-the-barista-league\/\",\"name\":\"Latest update about \u00danete a Rancilio Specialty en la segunda etapa de The Barista League - Rancilio Group\",\"isPartOf\":{\"@id\":\"https:\/\/www.ranciliogroup.com\/es\/#website\"},\"datePublished\":\"2025-04-22T13:31:48+00:00\",\"dateModified\":\"2025-04-22T13:31:48+00:00\",\"description\":\"Read Rancilio Group's latest news about \u00danete a Rancilio Specialty en la segunda etapa de The Barista League\",\"breadcrumb\":{\"@id\":\"https:\/\/www.ranciliogroup.com\/es\/unete-a-rancilio-specialty-en-la-segunda-etapa-de-the-barista-league\/#breadcrumb\"},\"inLanguage\":\"es-ES\",\"potentialAction\":[{\"@type\":\"ReadAction\",\"target\":[\"https:\/\/www.ranciliogroup.com\/es\/unete-a-rancilio-specialty-en-la-segunda-etapa-de-the-barista-league\/\"]}]},{\"@type\":\"BreadcrumbList\",\"@id\":\"https:\/\/www.ranciliogroup.com\/es\/unete-a-rancilio-specialty-en-la-segunda-etapa-de-the-barista-league\/#breadcrumb\",\"itemListElement\":[{\"@type\":\"ListItem\",\"position\":1,\"name\":\"Home\",\"item\":\"https:\/\/www.ranciliogroup.com\/es\/\"},{\"@type\":\"ListItem\",\"position\":2,\"name\":\"\u00danete a Rancilio Specialty en la segunda etapa de The Barista League\"}]},{\"@type\":\"WebSite\",\"@id\":\"https:\/\/www.ranciliogroup.com\/es\/#website\",\"url\":\"https:\/\/www.ranciliogroup.com\/es\/\",\"name\":\"Rancilio Group\",\"description\":\"L\u00edder en M\u00e1quinas de Caf\u00e9 Profesionales\",\"publisher\":{\"@id\":\"https:\/\/www.ranciliogroup.com\/es\/#organization\"},\"potentialAction\":[{\"@type\":\"SearchAction\",\"target\":{\"@type\":\"EntryPoint\",\"urlTemplate\":\"https:\/\/www.ranciliogroup.com\/es\/?s={search_term_string}\"},\"query-input\":\"required name=search_term_string\"}],\"inLanguage\":\"es-ES\"},{\"@type\":\"Organization\",\"@id\":\"https:\/\/www.ranciliogroup.com\/es\/#organization\",\"name\":\"Rancilio Group\",\"url\":\"https:\/\/www.ranciliogroup.com\/es\/\",\"logo\":{\"@type\":\"ImageObject\",\"inLanguage\":\"es-ES\",\"@id\":\"https:\/\/www.ranciliogroup.com\/es\/#\/schema\/logo\/image\/\",\"url\":\"https:\/\/www.ranciliogroup.com\/app\/uploads\/2019\/07\/rancilio_black_logo.png\",\"contentUrl\":\"https:\/\/www.ranciliogroup.com\/app\/uploads\/2019\/07\/rancilio_black_logo.png\",\"width\":447,\"height\":57,\"caption\":\"Rancilio Group\"},\"image\":{\"@id\":\"https:\/\/www.ranciliogroup.com\/es\/#\/schema\/logo\/image\/\"},\"sameAs\":[\"https:\/\/www.facebook.com\/RancilioGroup\",\"https:\/\/twitter.com\/ranciliogroup\",\"https:\/\/www.instagram.com\/rancilio_official\/\",\"https:\/\/www.linkedin.com\/company\/ranciliogroup\/\",\"https:\/\/www.youtube.com\/user\/rancilioadmin\"]},{\"@type\":\"Person\",\"@id\":\"https:\/\/www.ranciliogroup.com\/es\/#\/schema\/person\/d6bf0a7dfe74cded3d64da8b2c92814c\",\"name\":\"temp circular\",\"image\":{\"@type\":\"ImageObject\",\"inLanguage\":\"es-ES\",\"@id\":\"https:\/\/www.ranciliogroup.com\/es\/#\/schema\/person\/image\/\",\"url\":\"https:\/\/secure.gravatar.com\/avatar\/569e71c3b97b8bcad1854d6579b35c5f?s=96&d=mm&r=g\",\"contentUrl\":\"https:\/\/secure.gravatar.com\/avatar\/569e71c3b97b8bcad1854d6579b35c5f?s=96&d=mm&r=g\",\"caption\":\"temp circular\"}}]}<\/script>\n<!-- \/ Yoast SEO plugin. -->","yoast_head_json":{"title":"Latest update about \u00danete a Rancilio Specialty en la segunda etapa de The Barista League - Rancilio Group","description":"Read Rancilio Group's latest news about \u00danete a Rancilio Specialty en la segunda etapa de The Barista League","robots":{"index":"index","follow":"follow","max-snippet":"max-snippet:-1","max-image-preview":"max-image-preview:large","max-video-preview":"max-video-preview:-1"},"canonical":"https:\/\/www.ranciliogroup.com\/es\/unete-a-rancilio-specialty-en-la-segunda-etapa-de-the-barista-league\/","og_locale":"es_ES","og_type":"article","og_title":"Latest update about \u00danete a Rancilio Specialty en la segunda etapa de The Barista League - Rancilio Group","og_description":"Read Rancilio Group's latest news about \u00danete a Rancilio Specialty en la segunda etapa de The Barista League","og_url":"https:\/\/www.ranciliogroup.com\/es\/unete-a-rancilio-specialty-en-la-segunda-etapa-de-the-barista-league\/","og_site_name":"Rancilio Group","article_publisher":"https:\/\/www.facebook.com\/RancilioGroup","article_published_time":"2025-04-22T13:31:48+00:00","og_image":[{"width":1080,"height":720,"url":"https:\/\/www.ranciliogroup.com\/app\/uploads\/2025\/04\/RANCILIO_SPECIALTY_TBL_2025_WEB.jpg","type":"image\/jpeg"}],"author":"temp circular","twitter_card":"summary_large_image","twitter_creator":"@ranciliogroup","twitter_site":"@ranciliogroup","twitter_misc":{"Written by":"temp circular","Est. reading time":"2 minutes"},"schema":{"@context":"https:\/\/schema.org","@graph":[{"@type":"Article","@id":"https:\/\/www.ranciliogroup.com\/es\/unete-a-rancilio-specialty-en-la-segunda-etapa-de-the-barista-league\/#article","isPartOf":{"@id":"https:\/\/www.ranciliogroup.com\/es\/unete-a-rancilio-specialty-en-la-segunda-etapa-de-the-barista-league\/"},"author":{"name":"temp circular","@id":"https:\/\/www.ranciliogroup.com\/es\/#\/schema\/person\/d6bf0a7dfe74cded3d64da8b2c92814c"},"headline":"\u00danete a Rancilio Specialty en la segunda etapa de The Barista League","datePublished":"2025-04-22T13:31:48+00:00","dateModified":"2025-04-22T13:31:48+00:00","mainEntityOfPage":{"@id":"https:\/\/www.ranciliogroup.com\/es\/unete-a-rancilio-specialty-en-la-segunda-etapa-de-the-barista-league\/"},"wordCount":268,"publisher":{"@id":"https:\/\/www.ranciliogroup.com\/es\/#organization"},"keywords":["Guadalajara","Advanced Temperature Profiling","Mexico","Invicta","Barista League","RS1"],"articleSection":["Eventos"],"inLanguage":"es-ES"},{"@type":"WebPage","@id":"https:\/\/www.ranciliogroup.com\/es\/unete-a-rancilio-specialty-en-la-segunda-etapa-de-the-barista-league\/","url":"https:\/\/www.ranciliogroup.com\/es\/unete-a-rancilio-specialty-en-la-segunda-etapa-de-the-barista-league\/","name":"Latest update about \u00danete a Rancilio Specialty en la segunda etapa de The Barista League - Rancilio Group","isPartOf":{"@id":"https:\/\/www.ranciliogroup.com\/es\/#website"},"datePublished":"2025-04-22T13:31:48+00:00","dateModified":"2025-04-22T13:31:48+00:00","description":"Read Rancilio Group's latest news about \u00danete a Rancilio Specialty en la segunda etapa de The Barista League","breadcrumb":{"@id":"https:\/\/www.ranciliogroup.com\/es\/unete-a-rancilio-specialty-en-la-segunda-etapa-de-the-barista-league\/#breadcrumb"},"inLanguage":"es-ES","potentialAction":[{"@type":"ReadAction","target":["https:\/\/www.ranciliogroup.com\/es\/unete-a-rancilio-specialty-en-la-segunda-etapa-de-the-barista-league\/"]}]},{"@type":"BreadcrumbList","@id":"https:\/\/www.ranciliogroup.com\/es\/unete-a-rancilio-specialty-en-la-segunda-etapa-de-the-barista-league\/#breadcrumb","itemListElement":[{"@type":"ListItem","position":1,"name":"Home","item":"https:\/\/www.ranciliogroup.com\/es\/"},{"@type":"ListItem","position":2,"name":"\u00danete a Rancilio Specialty en la segunda etapa de The Barista League"}]},{"@type":"WebSite","@id":"https:\/\/www.ranciliogroup.com\/es\/#website","url":"https:\/\/www.ranciliogroup.com\/es\/","name":"Rancilio Group","description":"L\u00edder en M\u00e1quinas de Caf\u00e9 Profesionales","publisher":{"@id":"https:\/\/www.ranciliogroup.com\/es\/#organization"},"potentialAction":[{"@type":"SearchAction","target":{"@type":"EntryPoint","urlTemplate":"https:\/\/www.ranciliogroup.com\/es\/?s={search_term_string}"},"query-input":"required name=search_term_string"}],"inLanguage":"es-ES"},{"@type":"Organization","@id":"https:\/\/www.ranciliogroup.com\/es\/#organization","name":"Rancilio Group","url":"https:\/\/www.ranciliogroup.com\/es\/","logo":{"@type":"ImageObject","inLanguage":"es-ES","@id":"https:\/\/www.ranciliogroup.com\/es\/#\/schema\/logo\/image\/","url":"https:\/\/www.ranciliogroup.com\/app\/uploads\/2019\/07\/rancilio_black_logo.png","contentUrl":"https:\/\/www.ranciliogroup.com\/app\/uploads\/2019\/07\/rancilio_black_logo.png","width":447,"height":57,"caption":"Rancilio Group"},"image":{"@id":"https:\/\/www.ranciliogroup.com\/es\/#\/schema\/logo\/image\/"},"sameAs":["https:\/\/www.facebook.com\/RancilioGroup","https:\/\/twitter.com\/ranciliogroup","https:\/\/www.instagram.com\/rancilio_official\/","https:\/\/www.linkedin.com\/company\/ranciliogroup\/","https:\/\/www.youtube.com\/user\/rancilioadmin"]},{"@type":"Person","@id":"https:\/\/www.ranciliogroup.com\/es\/#\/schema\/person\/d6bf0a7dfe74cded3d64da8b2c92814c","name":"temp circular","image":{"@type":"ImageObject","inLanguage":"es-ES","@id":"https:\/\/www.ranciliogroup.com\/es\/#\/schema\/person\/image\/","url":"https:\/\/secure.gravatar.com\/avatar\/569e71c3b97b8bcad1854d6579b35c5f?s=96&d=mm&r=g","contentUrl":"https:\/\/secure.gravatar.com\/avatar\/569e71c3b97b8bcad1854d6579b35c5f?s=96&d=mm&r=g","caption":"temp circular"}}]}},"_links":{"self":[{"href":"https:\/\/www.ranciliogroup.com\/es\/wp-json\/wp\/v2\/posts\/78904"}],"collection":[{"href":"https:\/\/www.ranciliogroup.com\/es\/wp-json\/wp\/v2\/posts"}],"about":[{"href":"https:\/\/www.ranciliogroup.com\/es\/wp-json\/wp\/v2\/types\/post"}],"author":[{"embeddable":true,"href":"https:\/\/www.ranciliogroup.com\/es\/wp-json\/wp\/v2\/users\/5"}],"replies":[{"embeddable":true,"href":"https:\/\/www.ranciliogroup.com\/es\/wp-json\/wp\/v2\/comments?post=78904"}],"version-history":[{"count":2,"href":"https:\/\/www.ranciliogroup.com\/es\/wp-json\/wp\/v2\/posts\/78904\/revisions"}],"predecessor-version":[{"id":78906,"href":"https:\/\/www.ranciliogroup.com\/es\/wp-json\/wp\/v2\/posts\/78904\/revisions\/78906"}],"wp:featuredmedia":[{"embeddable":true,"href":"https:\/\/www.ranciliogroup.com\/es\/wp-json\/wp\/v2\/media\/78883"}],"wp:attachment":[{"href":"https:\/\/www.ranciliogroup.com\/es\/wp-json\/wp\/v2\/media?parent=78904"}],"wp:term":[{"taxonomy":"category","embeddable":true,"href":"https:\/\/www.ranciliogroup.com\/es\/wp-json\/wp\/v2\/categories?post=78904"},{"taxonomy":"post_tag","embeddable":true,"href":"https:\/\/www.ranciliogroup.com\/es\/wp-json\/wp\/v2\/tags?post=78904"}],"curies":[{"name":"wp","href":"https:\/\/api.w.org\/{rel}","templated":true}]}}