{"id":79738,"date":"2025-09-09T11:43:47","date_gmt":"2025-09-09T09:43:47","guid":{"rendered":"https:\/\/www.ranciliogroup.com\/?p=79738"},"modified":"2025-10-10T11:56:36","modified_gmt":"2025-10-10T09:56:36","slug":"un-vinculo-inquebrantable-entre-motoh-matsushita-y-egro","status":"publish","type":"post","link":"https:\/\/www.ranciliogroup.com\/es\/un-vinculo-inquebrantable-entre-motoh-matsushita-y-egro\/","title":{"rendered":"Un v\u00ednculo inquebrantable entre Motoh Matsushita y Egro"},"content":{"rendered":"<p>Entre las muchas historias que ilustran la presencia y la tradici\u00f3n de Egro en Jap\u00f3n, la trayectoria de Motoh Matsushita, fundador de Swiss Japan Company, es especialmente significativa. Su pasi\u00f3n y dedicaci\u00f3n han contribuido a que la marca siga prosperando con el paso del tiempo.<\/p>\n<p>Con solo 18 a\u00f1os, Matsushita abandon\u00f3 Jap\u00f3n para estudiar en Suiza, donde conoci\u00f3 Egro y descubri\u00f3 su pasi\u00f3n por la ingenier\u00eda de precisi\u00f3n y la cultura del caf\u00e9. Cuando regres\u00f3 a Jap\u00f3n en 1980, fue invitado a asumir la responsabilidad de introducir las m\u00e1quinas Egro en el mercado local. Lo que comenz\u00f3 como una coincidencia pronto se convirti\u00f3 en una vocaci\u00f3n, ya que reconoci\u00f3 el gusto, el dise\u00f1o y la fiabilidad incomparables que defin\u00edan la marca.<\/p>\n<p>D\u00e9cadas m\u00e1s tarde, su v\u00ednculo con Egro sigue siendo tan fuerte como siempre. En Tokio, Matsushita sigue ocup\u00e1ndose de m\u00e1quinas que llevan m\u00e1s de medio siglo sirviendo caf\u00e9, lo que da testimonio tanto de la artesan\u00eda suiza como de su propia dedicaci\u00f3n meticulosa.<\/p>\n<p>En esta entrevista exclusiva, comparte su historia: una historia de pasi\u00f3n, perseverancia y excelencia imperecedera. Ve el v\u00eddeo completo para descubrir c\u00f3mo Egro sigue inspirando a diferentes generaciones.<\/p>\n<p>&nbsp;<\/p>\n<p><a href=\"https:\/\/www.youtube.com\/watch?v=TAXFuHGR97A\"><strong>VER EL V\u00cdDEO<\/strong><\/a><\/p>\n<p>&nbsp;<\/p>\n","protected":false},"excerpt":{"rendered":"<p>Entre las muchas historias que ilustran la presencia y la tradici\u00f3n de Egro en Jap\u00f3n, la trayectoria de Motoh Matsushita,&#8230;<\/p>\n","protected":false},"author":5,"featured_media":79746,"comment_status":"closed","ping_status":"closed","sticky":false,"template":"","format":"standard","meta":[],"categories":[862,879,888],"tags":[4246,4247,4248,3673],"acf":[],"yoast_head":"<!-- This site is optimized with the Yoast SEO plugin v21.5 - https:\/\/yoast.com\/wordpress\/plugins\/seo\/ -->\n<title>Latest update about Un v\u00ednculo inquebrantable entre Motoh Matsushita y Egro - Rancilio Group<\/title>\n<meta name=\"description\" content=\"Read Rancilio Group&#039;s latest news about Un v\u00ednculo inquebrantable entre Motoh Matsushita y Egro\" \/>\n<meta name=\"robots\" content=\"index, follow, max-snippet:-1, max-image-preview:large, max-video-preview:-1\" \/>\n<link rel=\"canonical\" href=\"https:\/\/www.ranciliogroup.com\/es\/un-vinculo-inquebrantable-entre-motoh-matsushita-y-egro\/\" \/>\n<meta property=\"og:locale\" content=\"es_ES\" \/>\n<meta property=\"og:type\" content=\"article\" \/>\n<meta property=\"og:title\" content=\"Latest update about Un v\u00ednculo inquebrantable entre Motoh Matsushita y Egro - Rancilio Group\" \/>\n<meta property=\"og:description\" content=\"Read Rancilio Group&#039;s latest news about Un v\u00ednculo inquebrantable entre Motoh Matsushita y Egro\" \/>\n<meta property=\"og:url\" content=\"https:\/\/www.ranciliogroup.com\/es\/un-vinculo-inquebrantable-entre-motoh-matsushita-y-egro\/\" \/>\n<meta property=\"og:site_name\" content=\"Rancilio Group\" \/>\n<meta property=\"article:publisher\" content=\"https:\/\/www.facebook.com\/RancilioGroup\" \/>\n<meta property=\"article:published_time\" content=\"2025-09-09T09:43:47+00:00\" \/>\n<meta property=\"article:modified_time\" content=\"2025-10-10T09:56:36+00:00\" \/>\n<meta property=\"og:image\" content=\"https:\/\/www.ranciliogroup.com\/app\/uploads\/2025\/09\/DSF3069_edit-1.jpg\" \/>\n\t<meta property=\"og:image:width\" content=\"1080\" \/>\n\t<meta property=\"og:image:height\" content=\"720\" \/>\n\t<meta property=\"og:image:type\" content=\"image\/jpeg\" \/>\n<meta name=\"author\" content=\"temp circular\" \/>\n<meta name=\"twitter:card\" content=\"summary_large_image\" \/>\n<meta name=\"twitter:creator\" content=\"@ranciliogroup\" \/>\n<meta name=\"twitter:site\" content=\"@ranciliogroup\" \/>\n<meta name=\"twitter:label1\" content=\"Written by\" \/>\n\t<meta name=\"twitter:data1\" content=\"temp circular\" \/>\n\t<meta name=\"twitter:label2\" content=\"Est. reading time\" \/>\n\t<meta name=\"twitter:data2\" content=\"1 minute\" \/>\n<script type=\"application\/ld+json\" class=\"yoast-schema-graph\">{\"@context\":\"https:\/\/schema.org\",\"@graph\":[{\"@type\":\"Article\",\"@id\":\"https:\/\/www.ranciliogroup.com\/es\/un-vinculo-inquebrantable-entre-motoh-matsushita-y-egro\/#article\",\"isPartOf\":{\"@id\":\"https:\/\/www.ranciliogroup.com\/es\/un-vinculo-inquebrantable-entre-motoh-matsushita-y-egro\/\"},\"author\":{\"name\":\"temp circular\",\"@id\":\"https:\/\/www.ranciliogroup.com\/es\/#\/schema\/person\/d6bf0a7dfe74cded3d64da8b2c92814c\"},\"headline\":\"Un v\u00ednculo inquebrantable entre Motoh Matsushita y Egro\",\"datePublished\":\"2025-09-09T09:43:47+00:00\",\"dateModified\":\"2025-10-10T09:56:36+00:00\",\"mainEntityOfPage\":{\"@id\":\"https:\/\/www.ranciliogroup.com\/es\/un-vinculo-inquebrantable-entre-motoh-matsushita-y-egro\/\"},\"wordCount\":230,\"publisher\":{\"@id\":\"https:\/\/www.ranciliogroup.com\/es\/#organization\"},\"keywords\":[\"Motoh Matsushita\",\"Swiss\",\"Japan\",\"Tokyo\"],\"articleSection\":[\"Eventos\",\"Novedades\",\"Casos pr\u00e1cticos\"],\"inLanguage\":\"es-ES\"},{\"@type\":\"WebPage\",\"@id\":\"https:\/\/www.ranciliogroup.com\/es\/un-vinculo-inquebrantable-entre-motoh-matsushita-y-egro\/\",\"url\":\"https:\/\/www.ranciliogroup.com\/es\/un-vinculo-inquebrantable-entre-motoh-matsushita-y-egro\/\",\"name\":\"Latest update about Un v\u00ednculo inquebrantable entre Motoh Matsushita y Egro - Rancilio Group\",\"isPartOf\":{\"@id\":\"https:\/\/www.ranciliogroup.com\/es\/#website\"},\"datePublished\":\"2025-09-09T09:43:47+00:00\",\"dateModified\":\"2025-10-10T09:56:36+00:00\",\"description\":\"Read Rancilio Group's latest news about Un v\u00ednculo inquebrantable entre Motoh Matsushita y Egro\",\"breadcrumb\":{\"@id\":\"https:\/\/www.ranciliogroup.com\/es\/un-vinculo-inquebrantable-entre-motoh-matsushita-y-egro\/#breadcrumb\"},\"inLanguage\":\"es-ES\",\"potentialAction\":[{\"@type\":\"ReadAction\",\"target\":[\"https:\/\/www.ranciliogroup.com\/es\/un-vinculo-inquebrantable-entre-motoh-matsushita-y-egro\/\"]}]},{\"@type\":\"BreadcrumbList\",\"@id\":\"https:\/\/www.ranciliogroup.com\/es\/un-vinculo-inquebrantable-entre-motoh-matsushita-y-egro\/#breadcrumb\",\"itemListElement\":[{\"@type\":\"ListItem\",\"position\":1,\"name\":\"Home\",\"item\":\"https:\/\/www.ranciliogroup.com\/es\/\"},{\"@type\":\"ListItem\",\"position\":2,\"name\":\"Un v\u00ednculo inquebrantable entre Motoh Matsushita y Egro\"}]},{\"@type\":\"WebSite\",\"@id\":\"https:\/\/www.ranciliogroup.com\/es\/#website\",\"url\":\"https:\/\/www.ranciliogroup.com\/es\/\",\"name\":\"Rancilio Group\",\"description\":\"L\u00edder en M\u00e1quinas de Caf\u00e9 Profesionales\",\"publisher\":{\"@id\":\"https:\/\/www.ranciliogroup.com\/es\/#organization\"},\"potentialAction\":[{\"@type\":\"SearchAction\",\"target\":{\"@type\":\"EntryPoint\",\"urlTemplate\":\"https:\/\/www.ranciliogroup.com\/es\/?s={search_term_string}\"},\"query-input\":\"required name=search_term_string\"}],\"inLanguage\":\"es-ES\"},{\"@type\":\"Organization\",\"@id\":\"https:\/\/www.ranciliogroup.com\/es\/#organization\",\"name\":\"Rancilio Group\",\"url\":\"https:\/\/www.ranciliogroup.com\/es\/\",\"logo\":{\"@type\":\"ImageObject\",\"inLanguage\":\"es-ES\",\"@id\":\"https:\/\/www.ranciliogroup.com\/es\/#\/schema\/logo\/image\/\",\"url\":\"https:\/\/www.ranciliogroup.com\/app\/uploads\/2019\/07\/rancilio_black_logo.png\",\"contentUrl\":\"https:\/\/www.ranciliogroup.com\/app\/uploads\/2019\/07\/rancilio_black_logo.png\",\"width\":447,\"height\":57,\"caption\":\"Rancilio Group\"},\"image\":{\"@id\":\"https:\/\/www.ranciliogroup.com\/es\/#\/schema\/logo\/image\/\"},\"sameAs\":[\"https:\/\/www.facebook.com\/RancilioGroup\",\"https:\/\/twitter.com\/ranciliogroup\",\"https:\/\/www.instagram.com\/rancilio_official\/\",\"https:\/\/www.linkedin.com\/company\/ranciliogroup\/\",\"https:\/\/www.youtube.com\/user\/rancilioadmin\"]},{\"@type\":\"Person\",\"@id\":\"https:\/\/www.ranciliogroup.com\/es\/#\/schema\/person\/d6bf0a7dfe74cded3d64da8b2c92814c\",\"name\":\"temp circular\",\"image\":{\"@type\":\"ImageObject\",\"inLanguage\":\"es-ES\",\"@id\":\"https:\/\/www.ranciliogroup.com\/es\/#\/schema\/person\/image\/\",\"url\":\"https:\/\/secure.gravatar.com\/avatar\/569e71c3b97b8bcad1854d6579b35c5f?s=96&d=mm&r=g\",\"contentUrl\":\"https:\/\/secure.gravatar.com\/avatar\/569e71c3b97b8bcad1854d6579b35c5f?s=96&d=mm&r=g\",\"caption\":\"temp circular\"}}]}<\/script>\n<!-- \/ Yoast SEO plugin. -->","yoast_head_json":{"title":"Latest update about Un v\u00ednculo inquebrantable entre Motoh Matsushita y Egro - Rancilio Group","description":"Read Rancilio Group's latest news about Un v\u00ednculo inquebrantable entre Motoh Matsushita y Egro","robots":{"index":"index","follow":"follow","max-snippet":"max-snippet:-1","max-image-preview":"max-image-preview:large","max-video-preview":"max-video-preview:-1"},"canonical":"https:\/\/www.ranciliogroup.com\/es\/un-vinculo-inquebrantable-entre-motoh-matsushita-y-egro\/","og_locale":"es_ES","og_type":"article","og_title":"Latest update about Un v\u00ednculo inquebrantable entre Motoh Matsushita y Egro - Rancilio Group","og_description":"Read Rancilio Group's latest news about Un v\u00ednculo inquebrantable entre Motoh Matsushita y Egro","og_url":"https:\/\/www.ranciliogroup.com\/es\/un-vinculo-inquebrantable-entre-motoh-matsushita-y-egro\/","og_site_name":"Rancilio Group","article_publisher":"https:\/\/www.facebook.com\/RancilioGroup","article_published_time":"2025-09-09T09:43:47+00:00","article_modified_time":"2025-10-10T09:56:36+00:00","og_image":[{"width":1080,"height":720,"url":"https:\/\/www.ranciliogroup.com\/app\/uploads\/2025\/09\/DSF3069_edit-1.jpg","type":"image\/jpeg"}],"author":"temp circular","twitter_card":"summary_large_image","twitter_creator":"@ranciliogroup","twitter_site":"@ranciliogroup","twitter_misc":{"Written by":"temp circular","Est. reading time":"1 minute"},"schema":{"@context":"https:\/\/schema.org","@graph":[{"@type":"Article","@id":"https:\/\/www.ranciliogroup.com\/es\/un-vinculo-inquebrantable-entre-motoh-matsushita-y-egro\/#article","isPartOf":{"@id":"https:\/\/www.ranciliogroup.com\/es\/un-vinculo-inquebrantable-entre-motoh-matsushita-y-egro\/"},"author":{"name":"temp circular","@id":"https:\/\/www.ranciliogroup.com\/es\/#\/schema\/person\/d6bf0a7dfe74cded3d64da8b2c92814c"},"headline":"Un v\u00ednculo inquebrantable entre Motoh Matsushita y Egro","datePublished":"2025-09-09T09:43:47+00:00","dateModified":"2025-10-10T09:56:36+00:00","mainEntityOfPage":{"@id":"https:\/\/www.ranciliogroup.com\/es\/un-vinculo-inquebrantable-entre-motoh-matsushita-y-egro\/"},"wordCount":230,"publisher":{"@id":"https:\/\/www.ranciliogroup.com\/es\/#organization"},"keywords":["Motoh Matsushita","Swiss","Japan","Tokyo"],"articleSection":["Eventos","Novedades","Casos pr\u00e1cticos"],"inLanguage":"es-ES"},{"@type":"WebPage","@id":"https:\/\/www.ranciliogroup.com\/es\/un-vinculo-inquebrantable-entre-motoh-matsushita-y-egro\/","url":"https:\/\/www.ranciliogroup.com\/es\/un-vinculo-inquebrantable-entre-motoh-matsushita-y-egro\/","name":"Latest update about Un v\u00ednculo inquebrantable entre Motoh Matsushita y Egro - Rancilio Group","isPartOf":{"@id":"https:\/\/www.ranciliogroup.com\/es\/#website"},"datePublished":"2025-09-09T09:43:47+00:00","dateModified":"2025-10-10T09:56:36+00:00","description":"Read Rancilio Group's latest news about Un v\u00ednculo inquebrantable entre Motoh Matsushita y Egro","breadcrumb":{"@id":"https:\/\/www.ranciliogroup.com\/es\/un-vinculo-inquebrantable-entre-motoh-matsushita-y-egro\/#breadcrumb"},"inLanguage":"es-ES","potentialAction":[{"@type":"ReadAction","target":["https:\/\/www.ranciliogroup.com\/es\/un-vinculo-inquebrantable-entre-motoh-matsushita-y-egro\/"]}]},{"@type":"BreadcrumbList","@id":"https:\/\/www.ranciliogroup.com\/es\/un-vinculo-inquebrantable-entre-motoh-matsushita-y-egro\/#breadcrumb","itemListElement":[{"@type":"ListItem","position":1,"name":"Home","item":"https:\/\/www.ranciliogroup.com\/es\/"},{"@type":"ListItem","position":2,"name":"Un v\u00ednculo inquebrantable entre Motoh Matsushita y Egro"}]},{"@type":"WebSite","@id":"https:\/\/www.ranciliogroup.com\/es\/#website","url":"https:\/\/www.ranciliogroup.com\/es\/","name":"Rancilio Group","description":"L\u00edder en M\u00e1quinas de Caf\u00e9 Profesionales","publisher":{"@id":"https:\/\/www.ranciliogroup.com\/es\/#organization"},"potentialAction":[{"@type":"SearchAction","target":{"@type":"EntryPoint","urlTemplate":"https:\/\/www.ranciliogroup.com\/es\/?s={search_term_string}"},"query-input":"required name=search_term_string"}],"inLanguage":"es-ES"},{"@type":"Organization","@id":"https:\/\/www.ranciliogroup.com\/es\/#organization","name":"Rancilio Group","url":"https:\/\/www.ranciliogroup.com\/es\/","logo":{"@type":"ImageObject","inLanguage":"es-ES","@id":"https:\/\/www.ranciliogroup.com\/es\/#\/schema\/logo\/image\/","url":"https:\/\/www.ranciliogroup.com\/app\/uploads\/2019\/07\/rancilio_black_logo.png","contentUrl":"https:\/\/www.ranciliogroup.com\/app\/uploads\/2019\/07\/rancilio_black_logo.png","width":447,"height":57,"caption":"Rancilio Group"},"image":{"@id":"https:\/\/www.ranciliogroup.com\/es\/#\/schema\/logo\/image\/"},"sameAs":["https:\/\/www.facebook.com\/RancilioGroup","https:\/\/twitter.com\/ranciliogroup","https:\/\/www.instagram.com\/rancilio_official\/","https:\/\/www.linkedin.com\/company\/ranciliogroup\/","https:\/\/www.youtube.com\/user\/rancilioadmin"]},{"@type":"Person","@id":"https:\/\/www.ranciliogroup.com\/es\/#\/schema\/person\/d6bf0a7dfe74cded3d64da8b2c92814c","name":"temp circular","image":{"@type":"ImageObject","inLanguage":"es-ES","@id":"https:\/\/www.ranciliogroup.com\/es\/#\/schema\/person\/image\/","url":"https:\/\/secure.gravatar.com\/avatar\/569e71c3b97b8bcad1854d6579b35c5f?s=96&d=mm&r=g","contentUrl":"https:\/\/secure.gravatar.com\/avatar\/569e71c3b97b8bcad1854d6579b35c5f?s=96&d=mm&r=g","caption":"temp circular"}}]}},"_links":{"self":[{"href":"https:\/\/www.ranciliogroup.com\/es\/wp-json\/wp\/v2\/posts\/79738"}],"collection":[{"href":"https:\/\/www.ranciliogroup.com\/es\/wp-json\/wp\/v2\/posts"}],"about":[{"href":"https:\/\/www.ranciliogroup.com\/es\/wp-json\/wp\/v2\/types\/post"}],"author":[{"embeddable":true,"href":"https:\/\/www.ranciliogroup.com\/es\/wp-json\/wp\/v2\/users\/5"}],"replies":[{"embeddable":true,"href":"https:\/\/www.ranciliogroup.com\/es\/wp-json\/wp\/v2\/comments?post=79738"}],"version-history":[{"count":1,"href":"https:\/\/www.ranciliogroup.com\/es\/wp-json\/wp\/v2\/posts\/79738\/revisions"}],"predecessor-version":[{"id":79739,"href":"https:\/\/www.ranciliogroup.com\/es\/wp-json\/wp\/v2\/posts\/79738\/revisions\/79739"}],"wp:featuredmedia":[{"embeddable":true,"href":"https:\/\/www.ranciliogroup.com\/es\/wp-json\/wp\/v2\/media\/79746"}],"wp:attachment":[{"href":"https:\/\/www.ranciliogroup.com\/es\/wp-json\/wp\/v2\/media?parent=79738"}],"wp:term":[{"taxonomy":"category","embeddable":true,"href":"https:\/\/www.ranciliogroup.com\/es\/wp-json\/wp\/v2\/categories?post=79738"},{"taxonomy":"post_tag","embeddable":true,"href":"https:\/\/www.ranciliogroup.com\/es\/wp-json\/wp\/v2\/tags?post=79738"}],"curies":[{"name":"wp","href":"https:\/\/api.w.org\/{rel}","templated":true}]}}