{"id":82272,"date":"2026-03-12T12:06:52","date_gmt":"2026-03-12T11:06:52","guid":{"rendered":"https:\/\/www.ranciliogroup.com\/?p=82272"},"modified":"2026-03-12T12:06:52","modified_gmt":"2026-03-12T11:06:52","slug":"rancilio-specialty-rs1-patrocina-la-julius-meinl-barista-cup-2026","status":"publish","type":"post","link":"https:\/\/www.ranciliogroup.com\/es\/rancilio-specialty-rs1-patrocina-la-julius-meinl-barista-cup-2026\/","title":{"rendered":"Rancilio Specialty RS1 patrocina la Julius Meinl Barista Cup 2026"},"content":{"rendered":"<p>La Julius Meinl Barista Cup vuelve en 2026, reuniendo a talentosos baristas de todo el mundo para celebrar la artesan\u00eda, la creatividad y la experiencia cafetera.<\/p>\n<p>Como patrocinador oficial, <strong>Rancilio Specialty<\/strong> apoya la competici\u00f3n con la m\u00e1quina de caf\u00e9 espresso profesional <strong>RS1<\/strong>. Dise\u00f1ada para ofrecer precisi\u00f3n, la RS1 combina la tecnolog\u00eda multicaldera con la tecnolog\u00eda Advanced Temperature Profiling, lo que proporciona a los baristas un mayor control sobre el desarrollo del sabor y les ayuda a resaltar el dulzor, la acidez y el equilibrio en cada taza.<\/p>\n<p>De abril a julio de 2026, se celebrar\u00e1n competiciones nacionales en 17 pa\u00edses: Austria, Bosnia y Herzegovina, China, Croacia, Rep\u00fablica Checa, Georgia, Alemania, Hungr\u00eda, Italia, Moldavia, Polonia, Ruman\u00eda, Eslovaquia, Eslovenia, Serbia, Emiratos \u00c1rabes Unidos y Estados Unidos.<\/p>\n<p>Los baristas, que competir\u00e1n en tres categor\u00edas (espresso, cappuccino y bebida de autor), ser\u00e1n evaluados por un jurado excepcional en cuanto a t\u00e9cnica, sabor y presentaci\u00f3n. Solo aquellos que destaquen en las tres categor\u00edas tendr\u00e1n la oportunidad de competir contra los dem\u00e1s ganadores nacionales en la gran final que se celebrar\u00e1 en Viena el 4 de septiembre.<\/p>\n<p>M\u00e1s que una competici\u00f3n, la Julius Meinl Barista Cup rinde homenaje a la comunidad mundial de baristas, ofreciendo un escenario en el que se dan cita el talento, la innovaci\u00f3n y la pasi\u00f3n por el caf\u00e9.<\/p>\n<p>&nbsp;<\/p>\n<p>&nbsp;<\/p>\n<p><strong>Pr\u00f3ximas fechas:<\/strong><br \/>\n9 de abril \u00a0\u00a0\u00a0\u00a0\u00a0\u00a0\u00a0\u00a0\u00a0\u00a0\u00a0\u00a0\u00a0\u00a0\u00a0\u00a0\u00a0\u00a0\u00a0\u00a0\u00a0\u00a0\u00a0 EAU (por confirmar)<br \/>\n16 y 17 de abril\u00a0 \u00a0 \u00a0 \u00a0 \u00a0 \u00a0 \u00a0 Eslovaquia y Hungr\u00eda<br \/>\n29 de abril\u00a0\u00a0\u00a0\u00a0\u00a0\u00a0\u00a0\u00a0\u00a0\u00a0\u00a0\u00a0\u00a0\u00a0\u00a0\u00a0\u00a0\u00a0\u00a0\u00a0\u00a0\u00a0 Bosnia y Herzegovina<br \/>\n15 &#8211; 30 abril\u00a0\u00a0\u00a0\u00a0\u00a0 \u00a0\u00a0\u00a0\u00a0\u00a0\u00a0\u00a0\u00a0\u00a0\u00a0\u00a0\u00a0\u00a0 Croacia<br \/>\n13 de mayo\u00a0\u00a0\u00a0\u00a0\u00a0\u00a0\u00a0\u00a0\u00a0\u00a0\u00a0\u00a0\u00a0\u00a0\u00a0\u00a0\u00a0\u00a0\u00a0\u00a0 Eslovenia<br \/>\n5 o 15 de mayo\u00a0 \u00a0 \u00a0 \u00a0 \u00a0 \u00a0 \u00a0 \u00a0Serbia<br \/>\n22 de mayo\u00a0\u00a0\u00a0\u00a0\u00a0\u00a0\u00a0\u00a0\u00a0\u00a0\u00a0\u00a0\u00a0\u00a0\u00a0\u00a0\u00a0\u00a0\u00a0\u00a0 Italia<br \/>\n1 de junio\u00a0\u00a0\u00a0\u00a0\u00a0\u00a0\u00a0\u00a0\u00a0\u00a0\u00a0\u00a0\u00a0\u00a0\u00a0\u00a0\u00a0\u00a0\u00a0\u00a0\u00a0\u00a0\u00a0 Alemania<br \/>\n3 de junio\u00a0\u00a0\u00a0\u00a0\u00a0\u00a0\u00a0\u00a0\u00a0\u00a0\u00a0\u00a0\u00a0\u00a0\u00a0\u00a0\u00a0\u00a0\u00a0\u00a0\u00a0\u00a0\u00a0 Rep\u00fablica Checa<br \/>\n3 o 4 de junio\u00a0\u00a0\u00a0\u00a0\u00a0\u00a0\u00a0\u00a0\u00a0\u00a0\u00a0\u00a0\u00a0\u00a0\u00a0\u00a0\u00a0 EE. UU.<br \/>\n11 de junio\u00a0\u00a0\u00a0\u00a0\u00a0\u00a0\u00a0\u00a0\u00a0\u00a0\u00a0\u00a0\u00a0\u00a0\u00a0\u00a0\u00a0\u00a0\u00a0\u00a0\u00a0 Austria<br \/>\n13 de junio\u00a0\u00a0\u00a0\u00a0\u00a0\u00a0\u00a0\u00a0\u00a0\u00a0\u00a0\u00a0\u00a0\u00a0\u00a0\u00a0\u00a0\u00a0\u00a0\u00a0\u00a0 Polonia<br \/>\n23 de junio\u00a0\u00a0\u00a0\u00a0\u00a0\u00a0\u00a0\u00a0\u00a0\u00a0\u00a0\u00a0\u00a0\u00a0\u00a0\u00a0\u00a0\u00a0\u00a0\u00a0\u00a0 Georgia<br \/>\n25 de junio\u00a0\u00a0\u00a0\u00a0\u00a0\u00a0\u00a0\u00a0\u00a0\u00a0\u00a0\u00a0\u00a0\u00a0\u00a0\u00a0\u00a0\u00a0\u00a0\u00a0\u00a0 China<br \/>\n4 de julio\u00a0\u00a0\u00a0\u00a0\u00a0\u00a0\u00a0\u00a0\u00a0\u00a0\u00a0\u00a0\u00a0\u00a0\u00a0\u00a0\u00a0\u00a0\u00a0\u00a0\u00a0\u00a0\u00a0\u00a0 Moldavia<br \/>\n9 de julio\u00a0\u00a0\u00a0\u00a0\u00a0\u00a0\u00a0\u00a0\u00a0\u00a0\u00a0\u00a0\u00a0\u00a0\u00a0\u00a0\u00a0\u00a0\u00a0\u00a0\u00a0\u00a0\u00a0\u00a0 Ruman\u00eda<\/p>\n<p>&nbsp;<\/p>\n","protected":false},"excerpt":{"rendered":"<p>La Julius Meinl Barista Cup vuelve en 2026, reuniendo a talentosos baristas de todo el mundo para celebrar la artesan\u00eda,&#8230;<\/p>\n","protected":false},"author":5,"featured_media":82256,"comment_status":"closed","ping_status":"closed","sticky":false,"template":"","format":"standard","meta":[],"categories":[862],"tags":[4472,3464,4471,3365,2589],"acf":[],"yoast_head":"<!-- This site is optimized with the Yoast SEO plugin v21.5 - https:\/\/yoast.com\/wordpress\/plugins\/seo\/ -->\n<title>Latest update about Rancilio Specialty RS1 patrocina la Julius Meinl Barista Cup 2026 - Rancilio Group<\/title>\n<meta name=\"description\" content=\"Read Rancilio Group&#039;s latest news about Rancilio Specialty RS1 patrocina la Julius Meinl Barista Cup 2026\" \/>\n<meta name=\"robots\" content=\"index, follow, max-snippet:-1, max-image-preview:large, max-video-preview:-1\" \/>\n<link rel=\"canonical\" href=\"https:\/\/www.ranciliogroup.com\/es\/rancilio-specialty-rs1-patrocina-la-julius-meinl-barista-cup-2026\/\" \/>\n<meta property=\"og:locale\" content=\"es_ES\" \/>\n<meta property=\"og:type\" content=\"article\" \/>\n<meta property=\"og:title\" content=\"Latest update about Rancilio Specialty RS1 patrocina la Julius Meinl Barista Cup 2026 - Rancilio Group\" \/>\n<meta property=\"og:description\" content=\"Read Rancilio Group&#039;s latest news about Rancilio Specialty RS1 patrocina la Julius Meinl Barista Cup 2026\" \/>\n<meta property=\"og:url\" content=\"https:\/\/www.ranciliogroup.com\/es\/rancilio-specialty-rs1-patrocina-la-julius-meinl-barista-cup-2026\/\" \/>\n<meta property=\"og:site_name\" content=\"Rancilio Group\" \/>\n<meta property=\"article:publisher\" content=\"https:\/\/www.facebook.com\/RancilioGroup\" \/>\n<meta property=\"article:published_time\" content=\"2026-03-12T11:06:52+00:00\" \/>\n<meta property=\"og:image\" content=\"https:\/\/www.ranciliogroup.com\/app\/uploads\/2026\/03\/JM_Barista_Cup_RS_RS1.jpg\" \/>\n\t<meta property=\"og:image:width\" content=\"1920\" \/>\n\t<meta property=\"og:image:height\" content=\"1080\" \/>\n\t<meta property=\"og:image:type\" content=\"image\/jpeg\" \/>\n<meta name=\"author\" content=\"temp circular\" \/>\n<meta name=\"twitter:card\" content=\"summary_large_image\" \/>\n<meta name=\"twitter:creator\" content=\"@ranciliogroup\" \/>\n<meta name=\"twitter:site\" content=\"@ranciliogroup\" \/>\n<meta name=\"twitter:label1\" content=\"Written by\" \/>\n\t<meta name=\"twitter:data1\" content=\"temp circular\" \/>\n\t<meta name=\"twitter:label2\" content=\"Est. reading time\" \/>\n\t<meta name=\"twitter:data2\" content=\"2 minutes\" \/>\n<script type=\"application\/ld+json\" class=\"yoast-schema-graph\">{\"@context\":\"https:\/\/schema.org\",\"@graph\":[{\"@type\":\"Article\",\"@id\":\"https:\/\/www.ranciliogroup.com\/es\/rancilio-specialty-rs1-patrocina-la-julius-meinl-barista-cup-2026\/#article\",\"isPartOf\":{\"@id\":\"https:\/\/www.ranciliogroup.com\/es\/rancilio-specialty-rs1-patrocina-la-julius-meinl-barista-cup-2026\/\"},\"author\":{\"name\":\"temp circular\",\"@id\":\"https:\/\/www.ranciliogroup.com\/es\/#\/schema\/person\/d6bf0a7dfe74cded3d64da8b2c92814c\"},\"headline\":\"Rancilio Specialty RS1 patrocina la Julius Meinl Barista Cup 2026\",\"datePublished\":\"2026-03-12T11:06:52+00:00\",\"dateModified\":\"2026-03-12T11:06:52+00:00\",\"mainEntityOfPage\":{\"@id\":\"https:\/\/www.ranciliogroup.com\/es\/rancilio-specialty-rs1-patrocina-la-julius-meinl-barista-cup-2026\/\"},\"wordCount\":314,\"publisher\":{\"@id\":\"https:\/\/www.ranciliogroup.com\/es\/#organization\"},\"keywords\":[\"Advanced Temperature Prifiling\",\"Julius Meinl\",\"Julius Meinl Barista Cup\",\"RS1\",\"RS1\"],\"articleSection\":[\"Eventos\"],\"inLanguage\":\"es-ES\"},{\"@type\":\"WebPage\",\"@id\":\"https:\/\/www.ranciliogroup.com\/es\/rancilio-specialty-rs1-patrocina-la-julius-meinl-barista-cup-2026\/\",\"url\":\"https:\/\/www.ranciliogroup.com\/es\/rancilio-specialty-rs1-patrocina-la-julius-meinl-barista-cup-2026\/\",\"name\":\"Latest update about Rancilio Specialty RS1 patrocina la Julius Meinl Barista Cup 2026 - Rancilio Group\",\"isPartOf\":{\"@id\":\"https:\/\/www.ranciliogroup.com\/es\/#website\"},\"datePublished\":\"2026-03-12T11:06:52+00:00\",\"dateModified\":\"2026-03-12T11:06:52+00:00\",\"description\":\"Read Rancilio Group's latest news about Rancilio Specialty RS1 patrocina la Julius Meinl Barista Cup 2026\",\"breadcrumb\":{\"@id\":\"https:\/\/www.ranciliogroup.com\/es\/rancilio-specialty-rs1-patrocina-la-julius-meinl-barista-cup-2026\/#breadcrumb\"},\"inLanguage\":\"es-ES\",\"potentialAction\":[{\"@type\":\"ReadAction\",\"target\":[\"https:\/\/www.ranciliogroup.com\/es\/rancilio-specialty-rs1-patrocina-la-julius-meinl-barista-cup-2026\/\"]}]},{\"@type\":\"BreadcrumbList\",\"@id\":\"https:\/\/www.ranciliogroup.com\/es\/rancilio-specialty-rs1-patrocina-la-julius-meinl-barista-cup-2026\/#breadcrumb\",\"itemListElement\":[{\"@type\":\"ListItem\",\"position\":1,\"name\":\"Home\",\"item\":\"https:\/\/www.ranciliogroup.com\/es\/\"},{\"@type\":\"ListItem\",\"position\":2,\"name\":\"Rancilio Specialty RS1 patrocina la Julius Meinl Barista Cup 2026\"}]},{\"@type\":\"WebSite\",\"@id\":\"https:\/\/www.ranciliogroup.com\/es\/#website\",\"url\":\"https:\/\/www.ranciliogroup.com\/es\/\",\"name\":\"Rancilio Group\",\"description\":\"L\u00edder en M\u00e1quinas de Caf\u00e9 Profesionales\",\"publisher\":{\"@id\":\"https:\/\/www.ranciliogroup.com\/es\/#organization\"},\"potentialAction\":[{\"@type\":\"SearchAction\",\"target\":{\"@type\":\"EntryPoint\",\"urlTemplate\":\"https:\/\/www.ranciliogroup.com\/es\/?s={search_term_string}\"},\"query-input\":\"required name=search_term_string\"}],\"inLanguage\":\"es-ES\"},{\"@type\":\"Organization\",\"@id\":\"https:\/\/www.ranciliogroup.com\/es\/#organization\",\"name\":\"Rancilio Group\",\"url\":\"https:\/\/www.ranciliogroup.com\/es\/\",\"logo\":{\"@type\":\"ImageObject\",\"inLanguage\":\"es-ES\",\"@id\":\"https:\/\/www.ranciliogroup.com\/es\/#\/schema\/logo\/image\/\",\"url\":\"https:\/\/www.ranciliogroup.com\/app\/uploads\/2019\/07\/rancilio_black_logo.png\",\"contentUrl\":\"https:\/\/www.ranciliogroup.com\/app\/uploads\/2019\/07\/rancilio_black_logo.png\",\"width\":447,\"height\":57,\"caption\":\"Rancilio Group\"},\"image\":{\"@id\":\"https:\/\/www.ranciliogroup.com\/es\/#\/schema\/logo\/image\/\"},\"sameAs\":[\"https:\/\/www.facebook.com\/RancilioGroup\",\"https:\/\/twitter.com\/ranciliogroup\",\"https:\/\/www.instagram.com\/rancilio_official\/\",\"https:\/\/www.linkedin.com\/company\/ranciliogroup\/\",\"https:\/\/www.youtube.com\/user\/rancilioadmin\"]},{\"@type\":\"Person\",\"@id\":\"https:\/\/www.ranciliogroup.com\/es\/#\/schema\/person\/d6bf0a7dfe74cded3d64da8b2c92814c\",\"name\":\"temp circular\",\"image\":{\"@type\":\"ImageObject\",\"inLanguage\":\"es-ES\",\"@id\":\"https:\/\/www.ranciliogroup.com\/es\/#\/schema\/person\/image\/\",\"url\":\"https:\/\/secure.gravatar.com\/avatar\/569e71c3b97b8bcad1854d6579b35c5f?s=96&d=mm&r=g\",\"contentUrl\":\"https:\/\/secure.gravatar.com\/avatar\/569e71c3b97b8bcad1854d6579b35c5f?s=96&d=mm&r=g\",\"caption\":\"temp circular\"}}]}<\/script>\n<!-- \/ Yoast SEO plugin. -->","yoast_head_json":{"title":"Latest update about Rancilio Specialty RS1 patrocina la Julius Meinl Barista Cup 2026 - Rancilio Group","description":"Read Rancilio Group's latest news about Rancilio Specialty RS1 patrocina la Julius Meinl Barista Cup 2026","robots":{"index":"index","follow":"follow","max-snippet":"max-snippet:-1","max-image-preview":"max-image-preview:large","max-video-preview":"max-video-preview:-1"},"canonical":"https:\/\/www.ranciliogroup.com\/es\/rancilio-specialty-rs1-patrocina-la-julius-meinl-barista-cup-2026\/","og_locale":"es_ES","og_type":"article","og_title":"Latest update about Rancilio Specialty RS1 patrocina la Julius Meinl Barista Cup 2026 - Rancilio Group","og_description":"Read Rancilio Group's latest news about Rancilio Specialty RS1 patrocina la Julius Meinl Barista Cup 2026","og_url":"https:\/\/www.ranciliogroup.com\/es\/rancilio-specialty-rs1-patrocina-la-julius-meinl-barista-cup-2026\/","og_site_name":"Rancilio Group","article_publisher":"https:\/\/www.facebook.com\/RancilioGroup","article_published_time":"2026-03-12T11:06:52+00:00","og_image":[{"width":1920,"height":1080,"url":"https:\/\/www.ranciliogroup.com\/app\/uploads\/2026\/03\/JM_Barista_Cup_RS_RS1.jpg","type":"image\/jpeg"}],"author":"temp circular","twitter_card":"summary_large_image","twitter_creator":"@ranciliogroup","twitter_site":"@ranciliogroup","twitter_misc":{"Written by":"temp circular","Est. reading time":"2 minutes"},"schema":{"@context":"https:\/\/schema.org","@graph":[{"@type":"Article","@id":"https:\/\/www.ranciliogroup.com\/es\/rancilio-specialty-rs1-patrocina-la-julius-meinl-barista-cup-2026\/#article","isPartOf":{"@id":"https:\/\/www.ranciliogroup.com\/es\/rancilio-specialty-rs1-patrocina-la-julius-meinl-barista-cup-2026\/"},"author":{"name":"temp circular","@id":"https:\/\/www.ranciliogroup.com\/es\/#\/schema\/person\/d6bf0a7dfe74cded3d64da8b2c92814c"},"headline":"Rancilio Specialty RS1 patrocina la Julius Meinl Barista Cup 2026","datePublished":"2026-03-12T11:06:52+00:00","dateModified":"2026-03-12T11:06:52+00:00","mainEntityOfPage":{"@id":"https:\/\/www.ranciliogroup.com\/es\/rancilio-specialty-rs1-patrocina-la-julius-meinl-barista-cup-2026\/"},"wordCount":314,"publisher":{"@id":"https:\/\/www.ranciliogroup.com\/es\/#organization"},"keywords":["Advanced Temperature Prifiling","Julius Meinl","Julius Meinl Barista Cup","RS1","RS1"],"articleSection":["Eventos"],"inLanguage":"es-ES"},{"@type":"WebPage","@id":"https:\/\/www.ranciliogroup.com\/es\/rancilio-specialty-rs1-patrocina-la-julius-meinl-barista-cup-2026\/","url":"https:\/\/www.ranciliogroup.com\/es\/rancilio-specialty-rs1-patrocina-la-julius-meinl-barista-cup-2026\/","name":"Latest update about Rancilio Specialty RS1 patrocina la Julius Meinl Barista Cup 2026 - Rancilio Group","isPartOf":{"@id":"https:\/\/www.ranciliogroup.com\/es\/#website"},"datePublished":"2026-03-12T11:06:52+00:00","dateModified":"2026-03-12T11:06:52+00:00","description":"Read Rancilio Group's latest news about Rancilio Specialty RS1 patrocina la Julius Meinl Barista Cup 2026","breadcrumb":{"@id":"https:\/\/www.ranciliogroup.com\/es\/rancilio-specialty-rs1-patrocina-la-julius-meinl-barista-cup-2026\/#breadcrumb"},"inLanguage":"es-ES","potentialAction":[{"@type":"ReadAction","target":["https:\/\/www.ranciliogroup.com\/es\/rancilio-specialty-rs1-patrocina-la-julius-meinl-barista-cup-2026\/"]}]},{"@type":"BreadcrumbList","@id":"https:\/\/www.ranciliogroup.com\/es\/rancilio-specialty-rs1-patrocina-la-julius-meinl-barista-cup-2026\/#breadcrumb","itemListElement":[{"@type":"ListItem","position":1,"name":"Home","item":"https:\/\/www.ranciliogroup.com\/es\/"},{"@type":"ListItem","position":2,"name":"Rancilio Specialty RS1 patrocina la Julius Meinl Barista Cup 2026"}]},{"@type":"WebSite","@id":"https:\/\/www.ranciliogroup.com\/es\/#website","url":"https:\/\/www.ranciliogroup.com\/es\/","name":"Rancilio Group","description":"L\u00edder en M\u00e1quinas de Caf\u00e9 Profesionales","publisher":{"@id":"https:\/\/www.ranciliogroup.com\/es\/#organization"},"potentialAction":[{"@type":"SearchAction","target":{"@type":"EntryPoint","urlTemplate":"https:\/\/www.ranciliogroup.com\/es\/?s={search_term_string}"},"query-input":"required name=search_term_string"}],"inLanguage":"es-ES"},{"@type":"Organization","@id":"https:\/\/www.ranciliogroup.com\/es\/#organization","name":"Rancilio Group","url":"https:\/\/www.ranciliogroup.com\/es\/","logo":{"@type":"ImageObject","inLanguage":"es-ES","@id":"https:\/\/www.ranciliogroup.com\/es\/#\/schema\/logo\/image\/","url":"https:\/\/www.ranciliogroup.com\/app\/uploads\/2019\/07\/rancilio_black_logo.png","contentUrl":"https:\/\/www.ranciliogroup.com\/app\/uploads\/2019\/07\/rancilio_black_logo.png","width":447,"height":57,"caption":"Rancilio Group"},"image":{"@id":"https:\/\/www.ranciliogroup.com\/es\/#\/schema\/logo\/image\/"},"sameAs":["https:\/\/www.facebook.com\/RancilioGroup","https:\/\/twitter.com\/ranciliogroup","https:\/\/www.instagram.com\/rancilio_official\/","https:\/\/www.linkedin.com\/company\/ranciliogroup\/","https:\/\/www.youtube.com\/user\/rancilioadmin"]},{"@type":"Person","@id":"https:\/\/www.ranciliogroup.com\/es\/#\/schema\/person\/d6bf0a7dfe74cded3d64da8b2c92814c","name":"temp circular","image":{"@type":"ImageObject","inLanguage":"es-ES","@id":"https:\/\/www.ranciliogroup.com\/es\/#\/schema\/person\/image\/","url":"https:\/\/secure.gravatar.com\/avatar\/569e71c3b97b8bcad1854d6579b35c5f?s=96&d=mm&r=g","contentUrl":"https:\/\/secure.gravatar.com\/avatar\/569e71c3b97b8bcad1854d6579b35c5f?s=96&d=mm&r=g","caption":"temp circular"}}]}},"_links":{"self":[{"href":"https:\/\/www.ranciliogroup.com\/es\/wp-json\/wp\/v2\/posts\/82272"}],"collection":[{"href":"https:\/\/www.ranciliogroup.com\/es\/wp-json\/wp\/v2\/posts"}],"about":[{"href":"https:\/\/www.ranciliogroup.com\/es\/wp-json\/wp\/v2\/types\/post"}],"author":[{"embeddable":true,"href":"https:\/\/www.ranciliogroup.com\/es\/wp-json\/wp\/v2\/users\/5"}],"replies":[{"embeddable":true,"href":"https:\/\/www.ranciliogroup.com\/es\/wp-json\/wp\/v2\/comments?post=82272"}],"version-history":[{"count":3,"href":"https:\/\/www.ranciliogroup.com\/es\/wp-json\/wp\/v2\/posts\/82272\/revisions"}],"predecessor-version":[{"id":82275,"href":"https:\/\/www.ranciliogroup.com\/es\/wp-json\/wp\/v2\/posts\/82272\/revisions\/82275"}],"wp:featuredmedia":[{"embeddable":true,"href":"https:\/\/www.ranciliogroup.com\/es\/wp-json\/wp\/v2\/media\/82256"}],"wp:attachment":[{"href":"https:\/\/www.ranciliogroup.com\/es\/wp-json\/wp\/v2\/media?parent=82272"}],"wp:term":[{"taxonomy":"category","embeddable":true,"href":"https:\/\/www.ranciliogroup.com\/es\/wp-json\/wp\/v2\/categories?post=82272"},{"taxonomy":"post_tag","embeddable":true,"href":"https:\/\/www.ranciliogroup.com\/es\/wp-json\/wp\/v2\/tags?post=82272"}],"curies":[{"name":"wp","href":"https:\/\/api.w.org\/{rel}","templated":true}]}}