{"id":82302,"date":"2026-03-12T14:30:19","date_gmt":"2026-03-12T13:30:19","guid":{"rendered":"https:\/\/www.ranciliogroup.com\/?p=82302"},"modified":"2026-03-12T14:30:19","modified_gmt":"2026-03-12T13:30:19","slug":"rancilio-specialty-vuelve-a-praga-para-the-barista-league-europe","status":"publish","type":"post","link":"https:\/\/www.ranciliogroup.com\/es\/rancilio-specialty-vuelve-a-praga-para-the-barista-league-europe\/","title":{"rendered":"Rancilio Specialty vuelve a Praga para The Barista League: Europe"},"content":{"rendered":"<p>Rancilio Specialty se est\u00e1 preparando para una serie de nuevos retos cafeteros en The Barista League 2026: Europe, que tendr\u00e1 lugar el <strong>28 de marzo<\/strong> en el hist\u00f3rico y encantador Gabriel Loci de Praga.<\/p>\n<p>Con el apoyo de la avanzada tecnolog\u00eda de la <strong>Rancilio Specialty Invicta<\/strong>, seis equipos de talentosos baristas llevar\u00e1n la competici\u00f3n a un nivel completamente nuevo, ofreciendo a los invitados y al jurado una experiencia cafetera inmersiva.<\/p>\n<p>Basada en tres pilares \u2014 Concepto, Servicio y Producto \u2014 la nueva temporada de The Barista League pondr\u00e1 a prueba a los competidores m\u00e1s all\u00e1 de la preparaci\u00f3n de bebidas. Los jueces evaluar\u00e1n el dise\u00f1o de la experiencia, la narraci\u00f3n y el estilo del servicio, guiando al p\u00fablico a trav\u00e9s de un viaje multisensorial en torno al caf\u00e9.<\/p>\n<p>La <strong>Rancilio Specialty RS1<\/strong> recibir\u00e1 a los visitantes en el stand de Rancilio Specialty, donde los invitados podr\u00e1n poner a prueba sus conocimientos sobre caf\u00e9 y sus habilidades sensoriales participando en el juego <strong>\u00abAdivina el perfil de temperatura\u00bb<\/strong>. El juego, que muestra la moderna tecnolog\u00eda Advanced Temperature Profiling de la RS1, ofrece a los participantes la oportunidad de poner a prueba sus habilidades y ganar un recuerdo especial.<\/p>\n<p>Con la participaci\u00f3n de l\u00edderes del sector, competidores y entusiastas del caf\u00e9 de toda Europa, la competici\u00f3n de 2026, que se podr\u00e1 seguir tanto en directo como online, promete nuevas y emocionantes novedades, adem\u00e1s del caracter\u00edstico ambiente comunitario de The Barista League, con m\u00fasica, comida, bebida y divertidos juegos.<\/p>\n<p>&nbsp;<\/p>\n<p>&nbsp;<\/p>\n<p><strong>The Barista League: Europe<\/strong><br \/>\n28 de marzo de 2026<br \/>\nA partir de las 16:00 h<br \/>\n<a href=\"https:\/\/maps.app.goo.gl\/dbpDoJxhEetqDxnd7\">Gabriel Loci<\/a><br \/>\nHole\u010dkova 106\/10, 150 00<br \/>\n5-Sm\u00edchov, Praga, Rep\u00fablica Checa<\/p>\n<p>&nbsp;<\/p>\n","protected":false},"excerpt":{"rendered":"<p>Rancilio Specialty se est\u00e1 preparando para una serie de nuevos retos cafeteros en The Barista League 2026: Europe, que tendr\u00e1&#8230;<\/p>\n","protected":false},"author":5,"featured_media":82287,"comment_status":"closed","ping_status":"closed","sticky":false,"template":"","format":"standard","meta":[],"categories":[862],"tags":[3364,2591,2636,4010,2589,3113],"acf":[],"yoast_head":"<!-- This site is optimized with the Yoast SEO plugin v21.5 - https:\/\/yoast.com\/wordpress\/plugins\/seo\/ -->\n<title>Latest update about Rancilio Specialty vuelve a Praga para The Barista League: Europe - Rancilio Group<\/title>\n<meta name=\"description\" content=\"Read Rancilio Group&#039;s latest news about Rancilio Specialty vuelve a Praga para The Barista League: Europe\" \/>\n<meta name=\"robots\" content=\"index, follow, max-snippet:-1, max-image-preview:large, max-video-preview:-1\" \/>\n<link rel=\"canonical\" href=\"https:\/\/www.ranciliogroup.com\/es\/rancilio-specialty-vuelve-a-praga-para-the-barista-league-europe\/\" \/>\n<meta property=\"og:locale\" content=\"es_ES\" \/>\n<meta property=\"og:type\" content=\"article\" \/>\n<meta property=\"og:title\" content=\"Latest update about Rancilio Specialty vuelve a Praga para The Barista League: Europe - Rancilio Group\" \/>\n<meta property=\"og:description\" content=\"Read Rancilio Group&#039;s latest news about Rancilio Specialty vuelve a Praga para The Barista League: Europe\" \/>\n<meta property=\"og:url\" content=\"https:\/\/www.ranciliogroup.com\/es\/rancilio-specialty-vuelve-a-praga-para-the-barista-league-europe\/\" \/>\n<meta property=\"og:site_name\" content=\"Rancilio Group\" \/>\n<meta property=\"article:publisher\" content=\"https:\/\/www.facebook.com\/RancilioGroup\" \/>\n<meta property=\"article:published_time\" content=\"2026-03-12T13:30:19+00:00\" \/>\n<meta property=\"og:image\" content=\"https:\/\/www.ranciliogroup.com\/app\/uploads\/2026\/03\/RS1_TBL_PRAGUE_2025-1024x683.jpg\" \/>\n\t<meta property=\"og:image:width\" content=\"1024\" \/>\n\t<meta property=\"og:image:height\" content=\"683\" \/>\n\t<meta property=\"og:image:type\" content=\"image\/jpeg\" \/>\n<meta name=\"author\" content=\"temp circular\" \/>\n<meta name=\"twitter:card\" content=\"summary_large_image\" \/>\n<meta name=\"twitter:creator\" content=\"@ranciliogroup\" \/>\n<meta name=\"twitter:site\" content=\"@ranciliogroup\" \/>\n<meta name=\"twitter:label1\" content=\"Written by\" \/>\n\t<meta name=\"twitter:data1\" content=\"temp circular\" \/>\n\t<meta name=\"twitter:label2\" content=\"Est. reading time\" \/>\n\t<meta name=\"twitter:data2\" content=\"2 minutes\" \/>\n<script type=\"application\/ld+json\" class=\"yoast-schema-graph\">{\"@context\":\"https:\/\/schema.org\",\"@graph\":[{\"@type\":\"Article\",\"@id\":\"https:\/\/www.ranciliogroup.com\/es\/rancilio-specialty-vuelve-a-praga-para-the-barista-league-europe\/#article\",\"isPartOf\":{\"@id\":\"https:\/\/www.ranciliogroup.com\/es\/rancilio-specialty-vuelve-a-praga-para-the-barista-league-europe\/\"},\"author\":{\"name\":\"temp circular\",\"@id\":\"https:\/\/www.ranciliogroup.com\/es\/#\/schema\/person\/d6bf0a7dfe74cded3d64da8b2c92814c\"},\"headline\":\"Rancilio Specialty vuelve a Praga para The Barista League: Europe\",\"datePublished\":\"2026-03-12T13:30:19+00:00\",\"dateModified\":\"2026-03-12T13:30:19+00:00\",\"mainEntityOfPage\":{\"@id\":\"https:\/\/www.ranciliogroup.com\/es\/rancilio-specialty-vuelve-a-praga-para-the-barista-league-europe\/\"},\"wordCount\":294,\"publisher\":{\"@id\":\"https:\/\/www.ranciliogroup.com\/es\/#organization\"},\"keywords\":[\"Advanced Temperature Profiling\",\"Barista League\",\"Invicta\",\"Prague\",\"RS1\",\"Steady Brew\"],\"articleSection\":[\"Eventos\"],\"inLanguage\":\"es-ES\"},{\"@type\":\"WebPage\",\"@id\":\"https:\/\/www.ranciliogroup.com\/es\/rancilio-specialty-vuelve-a-praga-para-the-barista-league-europe\/\",\"url\":\"https:\/\/www.ranciliogroup.com\/es\/rancilio-specialty-vuelve-a-praga-para-the-barista-league-europe\/\",\"name\":\"Latest update about Rancilio Specialty vuelve a Praga para The Barista League: Europe - Rancilio Group\",\"isPartOf\":{\"@id\":\"https:\/\/www.ranciliogroup.com\/es\/#website\"},\"datePublished\":\"2026-03-12T13:30:19+00:00\",\"dateModified\":\"2026-03-12T13:30:19+00:00\",\"description\":\"Read Rancilio Group's latest news about Rancilio Specialty vuelve a Praga para The Barista League: Europe\",\"breadcrumb\":{\"@id\":\"https:\/\/www.ranciliogroup.com\/es\/rancilio-specialty-vuelve-a-praga-para-the-barista-league-europe\/#breadcrumb\"},\"inLanguage\":\"es-ES\",\"potentialAction\":[{\"@type\":\"ReadAction\",\"target\":[\"https:\/\/www.ranciliogroup.com\/es\/rancilio-specialty-vuelve-a-praga-para-the-barista-league-europe\/\"]}]},{\"@type\":\"BreadcrumbList\",\"@id\":\"https:\/\/www.ranciliogroup.com\/es\/rancilio-specialty-vuelve-a-praga-para-the-barista-league-europe\/#breadcrumb\",\"itemListElement\":[{\"@type\":\"ListItem\",\"position\":1,\"name\":\"Home\",\"item\":\"https:\/\/www.ranciliogroup.com\/es\/\"},{\"@type\":\"ListItem\",\"position\":2,\"name\":\"Rancilio Specialty vuelve a Praga para The Barista League: Europe\"}]},{\"@type\":\"WebSite\",\"@id\":\"https:\/\/www.ranciliogroup.com\/es\/#website\",\"url\":\"https:\/\/www.ranciliogroup.com\/es\/\",\"name\":\"Rancilio Group\",\"description\":\"L\u00edder en M\u00e1quinas de Caf\u00e9 Profesionales\",\"publisher\":{\"@id\":\"https:\/\/www.ranciliogroup.com\/es\/#organization\"},\"potentialAction\":[{\"@type\":\"SearchAction\",\"target\":{\"@type\":\"EntryPoint\",\"urlTemplate\":\"https:\/\/www.ranciliogroup.com\/es\/?s={search_term_string}\"},\"query-input\":\"required name=search_term_string\"}],\"inLanguage\":\"es-ES\"},{\"@type\":\"Organization\",\"@id\":\"https:\/\/www.ranciliogroup.com\/es\/#organization\",\"name\":\"Rancilio Group\",\"url\":\"https:\/\/www.ranciliogroup.com\/es\/\",\"logo\":{\"@type\":\"ImageObject\",\"inLanguage\":\"es-ES\",\"@id\":\"https:\/\/www.ranciliogroup.com\/es\/#\/schema\/logo\/image\/\",\"url\":\"https:\/\/www.ranciliogroup.com\/app\/uploads\/2019\/07\/rancilio_black_logo.png\",\"contentUrl\":\"https:\/\/www.ranciliogroup.com\/app\/uploads\/2019\/07\/rancilio_black_logo.png\",\"width\":447,\"height\":57,\"caption\":\"Rancilio Group\"},\"image\":{\"@id\":\"https:\/\/www.ranciliogroup.com\/es\/#\/schema\/logo\/image\/\"},\"sameAs\":[\"https:\/\/www.facebook.com\/RancilioGroup\",\"https:\/\/twitter.com\/ranciliogroup\",\"https:\/\/www.instagram.com\/rancilio_official\/\",\"https:\/\/www.linkedin.com\/company\/ranciliogroup\/\",\"https:\/\/www.youtube.com\/user\/rancilioadmin\"]},{\"@type\":\"Person\",\"@id\":\"https:\/\/www.ranciliogroup.com\/es\/#\/schema\/person\/d6bf0a7dfe74cded3d64da8b2c92814c\",\"name\":\"temp circular\",\"image\":{\"@type\":\"ImageObject\",\"inLanguage\":\"es-ES\",\"@id\":\"https:\/\/www.ranciliogroup.com\/es\/#\/schema\/person\/image\/\",\"url\":\"https:\/\/secure.gravatar.com\/avatar\/569e71c3b97b8bcad1854d6579b35c5f?s=96&d=mm&r=g\",\"contentUrl\":\"https:\/\/secure.gravatar.com\/avatar\/569e71c3b97b8bcad1854d6579b35c5f?s=96&d=mm&r=g\",\"caption\":\"temp circular\"}}]}<\/script>\n<!-- \/ Yoast SEO plugin. -->","yoast_head_json":{"title":"Latest update about Rancilio Specialty vuelve a Praga para The Barista League: Europe - Rancilio Group","description":"Read Rancilio Group's latest news about Rancilio Specialty vuelve a Praga para The Barista League: Europe","robots":{"index":"index","follow":"follow","max-snippet":"max-snippet:-1","max-image-preview":"max-image-preview:large","max-video-preview":"max-video-preview:-1"},"canonical":"https:\/\/www.ranciliogroup.com\/es\/rancilio-specialty-vuelve-a-praga-para-the-barista-league-europe\/","og_locale":"es_ES","og_type":"article","og_title":"Latest update about Rancilio Specialty vuelve a Praga para The Barista League: Europe - Rancilio Group","og_description":"Read Rancilio Group's latest news about Rancilio Specialty vuelve a Praga para The Barista League: Europe","og_url":"https:\/\/www.ranciliogroup.com\/es\/rancilio-specialty-vuelve-a-praga-para-the-barista-league-europe\/","og_site_name":"Rancilio Group","article_publisher":"https:\/\/www.facebook.com\/RancilioGroup","article_published_time":"2026-03-12T13:30:19+00:00","og_image":[{"width":1024,"height":683,"url":"https:\/\/www.ranciliogroup.com\/app\/uploads\/2026\/03\/RS1_TBL_PRAGUE_2025-1024x683.jpg","type":"image\/jpeg"}],"author":"temp circular","twitter_card":"summary_large_image","twitter_creator":"@ranciliogroup","twitter_site":"@ranciliogroup","twitter_misc":{"Written by":"temp circular","Est. reading time":"2 minutes"},"schema":{"@context":"https:\/\/schema.org","@graph":[{"@type":"Article","@id":"https:\/\/www.ranciliogroup.com\/es\/rancilio-specialty-vuelve-a-praga-para-the-barista-league-europe\/#article","isPartOf":{"@id":"https:\/\/www.ranciliogroup.com\/es\/rancilio-specialty-vuelve-a-praga-para-the-barista-league-europe\/"},"author":{"name":"temp circular","@id":"https:\/\/www.ranciliogroup.com\/es\/#\/schema\/person\/d6bf0a7dfe74cded3d64da8b2c92814c"},"headline":"Rancilio Specialty vuelve a Praga para The Barista League: Europe","datePublished":"2026-03-12T13:30:19+00:00","dateModified":"2026-03-12T13:30:19+00:00","mainEntityOfPage":{"@id":"https:\/\/www.ranciliogroup.com\/es\/rancilio-specialty-vuelve-a-praga-para-the-barista-league-europe\/"},"wordCount":294,"publisher":{"@id":"https:\/\/www.ranciliogroup.com\/es\/#organization"},"keywords":["Advanced Temperature Profiling","Barista League","Invicta","Prague","RS1","Steady Brew"],"articleSection":["Eventos"],"inLanguage":"es-ES"},{"@type":"WebPage","@id":"https:\/\/www.ranciliogroup.com\/es\/rancilio-specialty-vuelve-a-praga-para-the-barista-league-europe\/","url":"https:\/\/www.ranciliogroup.com\/es\/rancilio-specialty-vuelve-a-praga-para-the-barista-league-europe\/","name":"Latest update about Rancilio Specialty vuelve a Praga para The Barista League: Europe - Rancilio Group","isPartOf":{"@id":"https:\/\/www.ranciliogroup.com\/es\/#website"},"datePublished":"2026-03-12T13:30:19+00:00","dateModified":"2026-03-12T13:30:19+00:00","description":"Read Rancilio Group's latest news about Rancilio Specialty vuelve a Praga para The Barista League: Europe","breadcrumb":{"@id":"https:\/\/www.ranciliogroup.com\/es\/rancilio-specialty-vuelve-a-praga-para-the-barista-league-europe\/#breadcrumb"},"inLanguage":"es-ES","potentialAction":[{"@type":"ReadAction","target":["https:\/\/www.ranciliogroup.com\/es\/rancilio-specialty-vuelve-a-praga-para-the-barista-league-europe\/"]}]},{"@type":"BreadcrumbList","@id":"https:\/\/www.ranciliogroup.com\/es\/rancilio-specialty-vuelve-a-praga-para-the-barista-league-europe\/#breadcrumb","itemListElement":[{"@type":"ListItem","position":1,"name":"Home","item":"https:\/\/www.ranciliogroup.com\/es\/"},{"@type":"ListItem","position":2,"name":"Rancilio Specialty vuelve a Praga para The Barista League: Europe"}]},{"@type":"WebSite","@id":"https:\/\/www.ranciliogroup.com\/es\/#website","url":"https:\/\/www.ranciliogroup.com\/es\/","name":"Rancilio Group","description":"L\u00edder en M\u00e1quinas de Caf\u00e9 Profesionales","publisher":{"@id":"https:\/\/www.ranciliogroup.com\/es\/#organization"},"potentialAction":[{"@type":"SearchAction","target":{"@type":"EntryPoint","urlTemplate":"https:\/\/www.ranciliogroup.com\/es\/?s={search_term_string}"},"query-input":"required name=search_term_string"}],"inLanguage":"es-ES"},{"@type":"Organization","@id":"https:\/\/www.ranciliogroup.com\/es\/#organization","name":"Rancilio Group","url":"https:\/\/www.ranciliogroup.com\/es\/","logo":{"@type":"ImageObject","inLanguage":"es-ES","@id":"https:\/\/www.ranciliogroup.com\/es\/#\/schema\/logo\/image\/","url":"https:\/\/www.ranciliogroup.com\/app\/uploads\/2019\/07\/rancilio_black_logo.png","contentUrl":"https:\/\/www.ranciliogroup.com\/app\/uploads\/2019\/07\/rancilio_black_logo.png","width":447,"height":57,"caption":"Rancilio Group"},"image":{"@id":"https:\/\/www.ranciliogroup.com\/es\/#\/schema\/logo\/image\/"},"sameAs":["https:\/\/www.facebook.com\/RancilioGroup","https:\/\/twitter.com\/ranciliogroup","https:\/\/www.instagram.com\/rancilio_official\/","https:\/\/www.linkedin.com\/company\/ranciliogroup\/","https:\/\/www.youtube.com\/user\/rancilioadmin"]},{"@type":"Person","@id":"https:\/\/www.ranciliogroup.com\/es\/#\/schema\/person\/d6bf0a7dfe74cded3d64da8b2c92814c","name":"temp circular","image":{"@type":"ImageObject","inLanguage":"es-ES","@id":"https:\/\/www.ranciliogroup.com\/es\/#\/schema\/person\/image\/","url":"https:\/\/secure.gravatar.com\/avatar\/569e71c3b97b8bcad1854d6579b35c5f?s=96&d=mm&r=g","contentUrl":"https:\/\/secure.gravatar.com\/avatar\/569e71c3b97b8bcad1854d6579b35c5f?s=96&d=mm&r=g","caption":"temp circular"}}]}},"_links":{"self":[{"href":"https:\/\/www.ranciliogroup.com\/es\/wp-json\/wp\/v2\/posts\/82302"}],"collection":[{"href":"https:\/\/www.ranciliogroup.com\/es\/wp-json\/wp\/v2\/posts"}],"about":[{"href":"https:\/\/www.ranciliogroup.com\/es\/wp-json\/wp\/v2\/types\/post"}],"author":[{"embeddable":true,"href":"https:\/\/www.ranciliogroup.com\/es\/wp-json\/wp\/v2\/users\/5"}],"replies":[{"embeddable":true,"href":"https:\/\/www.ranciliogroup.com\/es\/wp-json\/wp\/v2\/comments?post=82302"}],"version-history":[{"count":2,"href":"https:\/\/www.ranciliogroup.com\/es\/wp-json\/wp\/v2\/posts\/82302\/revisions"}],"predecessor-version":[{"id":82304,"href":"https:\/\/www.ranciliogroup.com\/es\/wp-json\/wp\/v2\/posts\/82302\/revisions\/82304"}],"wp:featuredmedia":[{"embeddable":true,"href":"https:\/\/www.ranciliogroup.com\/es\/wp-json\/wp\/v2\/media\/82287"}],"wp:attachment":[{"href":"https:\/\/www.ranciliogroup.com\/es\/wp-json\/wp\/v2\/media?parent=82302"}],"wp:term":[{"taxonomy":"category","embeddable":true,"href":"https:\/\/www.ranciliogroup.com\/es\/wp-json\/wp\/v2\/categories?post=82302"},{"taxonomy":"post_tag","embeddable":true,"href":"https:\/\/www.ranciliogroup.com\/es\/wp-json\/wp\/v2\/tags?post=82302"}],"curies":[{"name":"wp","href":"https:\/\/api.w.org\/{rel}","templated":true}]}}