{"id":83673,"date":"2026-04-28T12:14:00","date_gmt":"2026-04-28T10:14:00","guid":{"rendered":"https:\/\/www.ranciliogroup.com\/?p=83673"},"modified":"2026-04-28T12:14:00","modified_gmt":"2026-04-28T10:14:00","slug":"rancilio-specialty-y-egro-acaparan-el-protagonismo-en-el-london-coffee-festival-2026","status":"publish","type":"post","link":"https:\/\/www.ranciliogroup.com\/es\/rancilio-specialty-y-egro-acaparan-el-protagonismo-en-el-london-coffee-festival-2026\/","title":{"rendered":"Rancilio Specialty y Egro acaparan el protagonismo en el London Coffee Festival 2026"},"content":{"rendered":"<p>Del 14 al 17 de mayo, el London Coffee Festival vuelve a The Truman Brewery, el coraz\u00f3n de la escena londinense del caf\u00e9 de especialidad. Rancilio, Rancilio Specialty y Egro est\u00e1n listos para dar la bienvenida a los profesionales del sector y a los amantes del caf\u00e9 con una experiencia inmersiva centrada en la innovaci\u00f3n y el rendimiento.<\/p>\n<p>Destacan la m\u00e1quina profesional Rancilio Specialty RS1 de caldera m\u00faltiple, que cuenta con la tecnolog\u00eda Advanced Temperature Profiling, y la m\u00e1quina tradicional Invicta de caldera \u00fanica; ambas se presentan en un color especial creado para la ocasi\u00f3n.<\/p>\n<p>Rancilio presenta tambi\u00e9n la nueva Classe 5 Crono, equipada con una pantalla digital y un temporizador integrado para supervisar cada extracci\u00f3n en tiempo real y garantizar la m\u00e1xima uniformidad en la taza. Completan la gama el molinillo profesional Kryo Elite, as\u00ed como los modelos Stile, Silvia y Silvia Pro X, pensador para los baristas aficionados con experiencia.<\/p>\n<p>La gama Egro ofrece soluciones totalmente autom\u00e1ticas con MoDe Pro Milk y Next NMS+, ideales para establecimientos de gran afluencia que requieren una amplia carta de caf\u00e9s y una calidad constante.<\/p>\n<p>Con demostraciones en directo, talleres, catas y oportunidades para establecer contactos, el London Coffee Festival se convierte en un punto de encuentro clave para descubrir las \u00faltimas tecnolog\u00edas y tendencias tanto en el \u00e1mbito profesional como en el dom\u00e9stico.<\/p>\n<p><strong>\u00a0<\/strong><\/p>\n<p><strong>\u00a0<\/strong><\/p>\n<p><strong>The London Coffee Festival 2026<\/strong><br \/>\n14-17 de mayo de 2026<br \/>\nDe 10:00 a 17:00 h<br \/>\nStand HP10<br \/>\n<a href=\"https:\/\/www.google.com\/maps\/place\/The+Truman+Brewery\/@51.5212729,-0.0745701,17z\/data=!3m2!4b1!5s0x48761cca7ad8f109:0x76afa4b352d0a421!4m6!3m5!1s0x48761cb681c09d1b:0xffb3966176941f91!8m2!3d51.5212729!4d-0.0719898!16zL20vMDd4cTEx?authuser=0&amp;entry=ttu&amp;g_ep=EgoyMDI1MDQwMi4xIKXMDSoJLDEwMjExNDUzSAFQAw%3D%3D\">The Truman Brewery<\/a><br \/>\n91 Brick Lane, E1 6QR<br \/>\nLondres, Reino Unido<\/p>\n<p>&nbsp;<\/p>\n","protected":false},"excerpt":{"rendered":"<p>Del 14 al 17 de mayo, el London Coffee Festival vuelve a The Truman Brewery, el coraz\u00f3n de la escena&#8230;<\/p>\n","protected":false},"author":5,"featured_media":83660,"comment_status":"closed","ping_status":"closed","sticky":false,"template":"","format":"standard","meta":[],"categories":[862],"tags":[4291,2636,2637,4086,4515,2923,3177,2692,2589,2922,2747,2876],"acf":[],"yoast_head":"<!-- This site is optimized with the Yoast SEO plugin v21.5 - https:\/\/yoast.com\/wordpress\/plugins\/seo\/ -->\n<title>Latest update about Rancilio Specialty y Egro acaparan el protagonismo en el London Coffee Festival 2026 - Rancilio Group<\/title>\n<meta name=\"description\" content=\"Read Rancilio Group&#039;s latest news about Rancilio Specialty y Egro acaparan el protagonismo en el London Coffee Festival 2026\" \/>\n<meta name=\"robots\" content=\"index, follow, max-snippet:-1, max-image-preview:large, max-video-preview:-1\" \/>\n<link rel=\"canonical\" href=\"https:\/\/www.ranciliogroup.com\/es\/rancilio-specialty-y-egro-acaparan-el-protagonismo-en-el-london-coffee-festival-2026\/\" \/>\n<meta property=\"og:locale\" content=\"es_ES\" \/>\n<meta property=\"og:type\" content=\"article\" \/>\n<meta property=\"og:title\" content=\"Latest update about Rancilio Specialty y Egro acaparan el protagonismo en el London Coffee Festival 2026 - Rancilio Group\" \/>\n<meta property=\"og:description\" content=\"Read Rancilio Group&#039;s latest news about Rancilio Specialty y Egro acaparan el protagonismo en el London Coffee Festival 2026\" \/>\n<meta property=\"og:url\" content=\"https:\/\/www.ranciliogroup.com\/es\/rancilio-specialty-y-egro-acaparan-el-protagonismo-en-el-london-coffee-festival-2026\/\" \/>\n<meta property=\"og:site_name\" content=\"Rancilio Group\" \/>\n<meta property=\"article:publisher\" content=\"https:\/\/www.facebook.com\/RancilioGroup\" \/>\n<meta property=\"article:published_time\" content=\"2026-04-28T10:14:00+00:00\" \/>\n<meta property=\"og:image\" content=\"https:\/\/www.ranciliogroup.com\/app\/uploads\/2026\/04\/2026_LCF_WEB.jpg\" \/>\n\t<meta property=\"og:image:width\" content=\"1920\" \/>\n\t<meta property=\"og:image:height\" content=\"1080\" \/>\n\t<meta property=\"og:image:type\" content=\"image\/jpeg\" \/>\n<meta name=\"author\" content=\"temp circular\" \/>\n<meta name=\"twitter:card\" content=\"summary_large_image\" \/>\n<meta name=\"twitter:creator\" content=\"@ranciliogroup\" \/>\n<meta name=\"twitter:site\" content=\"@ranciliogroup\" \/>\n<meta name=\"twitter:label1\" content=\"Written by\" \/>\n\t<meta name=\"twitter:data1\" content=\"temp circular\" \/>\n\t<meta name=\"twitter:label2\" content=\"Est. reading time\" \/>\n\t<meta name=\"twitter:data2\" content=\"2 minutes\" \/>\n<script type=\"application\/ld+json\" class=\"yoast-schema-graph\">{\"@context\":\"https:\/\/schema.org\",\"@graph\":[{\"@type\":\"Article\",\"@id\":\"https:\/\/www.ranciliogroup.com\/es\/rancilio-specialty-y-egro-acaparan-el-protagonismo-en-el-london-coffee-festival-2026\/#article\",\"isPartOf\":{\"@id\":\"https:\/\/www.ranciliogroup.com\/es\/rancilio-specialty-y-egro-acaparan-el-protagonismo-en-el-london-coffee-festival-2026\/\"},\"author\":{\"name\":\"temp circular\",\"@id\":\"https:\/\/www.ranciliogroup.com\/es\/#\/schema\/person\/d6bf0a7dfe74cded3d64da8b2c92814c\"},\"headline\":\"Rancilio Specialty y Egro acaparan el protagonismo en el London Coffee Festival 2026\",\"datePublished\":\"2026-04-28T10:14:00+00:00\",\"dateModified\":\"2026-04-28T10:14:00+00:00\",\"mainEntityOfPage\":{\"@id\":\"https:\/\/www.ranciliogroup.com\/es\/rancilio-specialty-y-egro-acaparan-el-protagonismo-en-el-london-coffee-festival-2026\/\"},\"wordCount\":270,\"publisher\":{\"@id\":\"https:\/\/www.ranciliogroup.com\/es\/#organization\"},\"keywords\":[\"Classe 5 Crono\",\"Invicta\",\"Kryo\",\"LCF\",\"London\",\"London Coffee Festival\",\"MoDe\",\"Next\",\"RS1\",\"Silvia\",\"Silvia Pro X\",\"Stile\"],\"articleSection\":[\"Eventos\"],\"inLanguage\":\"es-ES\"},{\"@type\":\"WebPage\",\"@id\":\"https:\/\/www.ranciliogroup.com\/es\/rancilio-specialty-y-egro-acaparan-el-protagonismo-en-el-london-coffee-festival-2026\/\",\"url\":\"https:\/\/www.ranciliogroup.com\/es\/rancilio-specialty-y-egro-acaparan-el-protagonismo-en-el-london-coffee-festival-2026\/\",\"name\":\"Latest update about Rancilio Specialty y Egro acaparan el protagonismo en el London Coffee Festival 2026 - Rancilio Group\",\"isPartOf\":{\"@id\":\"https:\/\/www.ranciliogroup.com\/es\/#website\"},\"datePublished\":\"2026-04-28T10:14:00+00:00\",\"dateModified\":\"2026-04-28T10:14:00+00:00\",\"description\":\"Read Rancilio Group's latest news about Rancilio Specialty y Egro acaparan el protagonismo en el London Coffee Festival 2026\",\"breadcrumb\":{\"@id\":\"https:\/\/www.ranciliogroup.com\/es\/rancilio-specialty-y-egro-acaparan-el-protagonismo-en-el-london-coffee-festival-2026\/#breadcrumb\"},\"inLanguage\":\"es-ES\",\"potentialAction\":[{\"@type\":\"ReadAction\",\"target\":[\"https:\/\/www.ranciliogroup.com\/es\/rancilio-specialty-y-egro-acaparan-el-protagonismo-en-el-london-coffee-festival-2026\/\"]}]},{\"@type\":\"BreadcrumbList\",\"@id\":\"https:\/\/www.ranciliogroup.com\/es\/rancilio-specialty-y-egro-acaparan-el-protagonismo-en-el-london-coffee-festival-2026\/#breadcrumb\",\"itemListElement\":[{\"@type\":\"ListItem\",\"position\":1,\"name\":\"Home\",\"item\":\"https:\/\/www.ranciliogroup.com\/es\/\"},{\"@type\":\"ListItem\",\"position\":2,\"name\":\"Rancilio Specialty y Egro acaparan el protagonismo en el London Coffee Festival 2026\"}]},{\"@type\":\"WebSite\",\"@id\":\"https:\/\/www.ranciliogroup.com\/es\/#website\",\"url\":\"https:\/\/www.ranciliogroup.com\/es\/\",\"name\":\"Rancilio Group\",\"description\":\"L\u00edder en M\u00e1quinas de Caf\u00e9 Profesionales\",\"publisher\":{\"@id\":\"https:\/\/www.ranciliogroup.com\/es\/#organization\"},\"potentialAction\":[{\"@type\":\"SearchAction\",\"target\":{\"@type\":\"EntryPoint\",\"urlTemplate\":\"https:\/\/www.ranciliogroup.com\/es\/?s={search_term_string}\"},\"query-input\":\"required name=search_term_string\"}],\"inLanguage\":\"es-ES\"},{\"@type\":\"Organization\",\"@id\":\"https:\/\/www.ranciliogroup.com\/es\/#organization\",\"name\":\"Rancilio Group\",\"url\":\"https:\/\/www.ranciliogroup.com\/es\/\",\"logo\":{\"@type\":\"ImageObject\",\"inLanguage\":\"es-ES\",\"@id\":\"https:\/\/www.ranciliogroup.com\/es\/#\/schema\/logo\/image\/\",\"url\":\"https:\/\/www.ranciliogroup.com\/app\/uploads\/2019\/07\/rancilio_black_logo.png\",\"contentUrl\":\"https:\/\/www.ranciliogroup.com\/app\/uploads\/2019\/07\/rancilio_black_logo.png\",\"width\":447,\"height\":57,\"caption\":\"Rancilio Group\"},\"image\":{\"@id\":\"https:\/\/www.ranciliogroup.com\/es\/#\/schema\/logo\/image\/\"},\"sameAs\":[\"https:\/\/www.facebook.com\/RancilioGroup\",\"https:\/\/twitter.com\/ranciliogroup\",\"https:\/\/www.instagram.com\/rancilio_official\/\",\"https:\/\/www.linkedin.com\/company\/ranciliogroup\/\",\"https:\/\/www.youtube.com\/user\/rancilioadmin\"]},{\"@type\":\"Person\",\"@id\":\"https:\/\/www.ranciliogroup.com\/es\/#\/schema\/person\/d6bf0a7dfe74cded3d64da8b2c92814c\",\"name\":\"temp circular\",\"image\":{\"@type\":\"ImageObject\",\"inLanguage\":\"es-ES\",\"@id\":\"https:\/\/www.ranciliogroup.com\/es\/#\/schema\/person\/image\/\",\"url\":\"https:\/\/secure.gravatar.com\/avatar\/569e71c3b97b8bcad1854d6579b35c5f?s=96&d=mm&r=g\",\"contentUrl\":\"https:\/\/secure.gravatar.com\/avatar\/569e71c3b97b8bcad1854d6579b35c5f?s=96&d=mm&r=g\",\"caption\":\"temp circular\"}}]}<\/script>\n<!-- \/ Yoast SEO plugin. -->","yoast_head_json":{"title":"Latest update about Rancilio Specialty y Egro acaparan el protagonismo en el London Coffee Festival 2026 - Rancilio Group","description":"Read Rancilio Group's latest news about Rancilio Specialty y Egro acaparan el protagonismo en el London Coffee Festival 2026","robots":{"index":"index","follow":"follow","max-snippet":"max-snippet:-1","max-image-preview":"max-image-preview:large","max-video-preview":"max-video-preview:-1"},"canonical":"https:\/\/www.ranciliogroup.com\/es\/rancilio-specialty-y-egro-acaparan-el-protagonismo-en-el-london-coffee-festival-2026\/","og_locale":"es_ES","og_type":"article","og_title":"Latest update about Rancilio Specialty y Egro acaparan el protagonismo en el London Coffee Festival 2026 - Rancilio Group","og_description":"Read Rancilio Group's latest news about Rancilio Specialty y Egro acaparan el protagonismo en el London Coffee Festival 2026","og_url":"https:\/\/www.ranciliogroup.com\/es\/rancilio-specialty-y-egro-acaparan-el-protagonismo-en-el-london-coffee-festival-2026\/","og_site_name":"Rancilio Group","article_publisher":"https:\/\/www.facebook.com\/RancilioGroup","article_published_time":"2026-04-28T10:14:00+00:00","og_image":[{"width":1920,"height":1080,"url":"https:\/\/www.ranciliogroup.com\/app\/uploads\/2026\/04\/2026_LCF_WEB.jpg","type":"image\/jpeg"}],"author":"temp circular","twitter_card":"summary_large_image","twitter_creator":"@ranciliogroup","twitter_site":"@ranciliogroup","twitter_misc":{"Written by":"temp circular","Est. reading time":"2 minutes"},"schema":{"@context":"https:\/\/schema.org","@graph":[{"@type":"Article","@id":"https:\/\/www.ranciliogroup.com\/es\/rancilio-specialty-y-egro-acaparan-el-protagonismo-en-el-london-coffee-festival-2026\/#article","isPartOf":{"@id":"https:\/\/www.ranciliogroup.com\/es\/rancilio-specialty-y-egro-acaparan-el-protagonismo-en-el-london-coffee-festival-2026\/"},"author":{"name":"temp circular","@id":"https:\/\/www.ranciliogroup.com\/es\/#\/schema\/person\/d6bf0a7dfe74cded3d64da8b2c92814c"},"headline":"Rancilio Specialty y Egro acaparan el protagonismo en el London Coffee Festival 2026","datePublished":"2026-04-28T10:14:00+00:00","dateModified":"2026-04-28T10:14:00+00:00","mainEntityOfPage":{"@id":"https:\/\/www.ranciliogroup.com\/es\/rancilio-specialty-y-egro-acaparan-el-protagonismo-en-el-london-coffee-festival-2026\/"},"wordCount":270,"publisher":{"@id":"https:\/\/www.ranciliogroup.com\/es\/#organization"},"keywords":["Classe 5 Crono","Invicta","Kryo","LCF","London","London Coffee Festival","MoDe","Next","RS1","Silvia","Silvia Pro X","Stile"],"articleSection":["Eventos"],"inLanguage":"es-ES"},{"@type":"WebPage","@id":"https:\/\/www.ranciliogroup.com\/es\/rancilio-specialty-y-egro-acaparan-el-protagonismo-en-el-london-coffee-festival-2026\/","url":"https:\/\/www.ranciliogroup.com\/es\/rancilio-specialty-y-egro-acaparan-el-protagonismo-en-el-london-coffee-festival-2026\/","name":"Latest update about Rancilio Specialty y Egro acaparan el protagonismo en el London Coffee Festival 2026 - Rancilio Group","isPartOf":{"@id":"https:\/\/www.ranciliogroup.com\/es\/#website"},"datePublished":"2026-04-28T10:14:00+00:00","dateModified":"2026-04-28T10:14:00+00:00","description":"Read Rancilio Group's latest news about Rancilio Specialty y Egro acaparan el protagonismo en el London Coffee Festival 2026","breadcrumb":{"@id":"https:\/\/www.ranciliogroup.com\/es\/rancilio-specialty-y-egro-acaparan-el-protagonismo-en-el-london-coffee-festival-2026\/#breadcrumb"},"inLanguage":"es-ES","potentialAction":[{"@type":"ReadAction","target":["https:\/\/www.ranciliogroup.com\/es\/rancilio-specialty-y-egro-acaparan-el-protagonismo-en-el-london-coffee-festival-2026\/"]}]},{"@type":"BreadcrumbList","@id":"https:\/\/www.ranciliogroup.com\/es\/rancilio-specialty-y-egro-acaparan-el-protagonismo-en-el-london-coffee-festival-2026\/#breadcrumb","itemListElement":[{"@type":"ListItem","position":1,"name":"Home","item":"https:\/\/www.ranciliogroup.com\/es\/"},{"@type":"ListItem","position":2,"name":"Rancilio Specialty y Egro acaparan el protagonismo en el London Coffee Festival 2026"}]},{"@type":"WebSite","@id":"https:\/\/www.ranciliogroup.com\/es\/#website","url":"https:\/\/www.ranciliogroup.com\/es\/","name":"Rancilio Group","description":"L\u00edder en M\u00e1quinas de Caf\u00e9 Profesionales","publisher":{"@id":"https:\/\/www.ranciliogroup.com\/es\/#organization"},"potentialAction":[{"@type":"SearchAction","target":{"@type":"EntryPoint","urlTemplate":"https:\/\/www.ranciliogroup.com\/es\/?s={search_term_string}"},"query-input":"required name=search_term_string"}],"inLanguage":"es-ES"},{"@type":"Organization","@id":"https:\/\/www.ranciliogroup.com\/es\/#organization","name":"Rancilio Group","url":"https:\/\/www.ranciliogroup.com\/es\/","logo":{"@type":"ImageObject","inLanguage":"es-ES","@id":"https:\/\/www.ranciliogroup.com\/es\/#\/schema\/logo\/image\/","url":"https:\/\/www.ranciliogroup.com\/app\/uploads\/2019\/07\/rancilio_black_logo.png","contentUrl":"https:\/\/www.ranciliogroup.com\/app\/uploads\/2019\/07\/rancilio_black_logo.png","width":447,"height":57,"caption":"Rancilio Group"},"image":{"@id":"https:\/\/www.ranciliogroup.com\/es\/#\/schema\/logo\/image\/"},"sameAs":["https:\/\/www.facebook.com\/RancilioGroup","https:\/\/twitter.com\/ranciliogroup","https:\/\/www.instagram.com\/rancilio_official\/","https:\/\/www.linkedin.com\/company\/ranciliogroup\/","https:\/\/www.youtube.com\/user\/rancilioadmin"]},{"@type":"Person","@id":"https:\/\/www.ranciliogroup.com\/es\/#\/schema\/person\/d6bf0a7dfe74cded3d64da8b2c92814c","name":"temp circular","image":{"@type":"ImageObject","inLanguage":"es-ES","@id":"https:\/\/www.ranciliogroup.com\/es\/#\/schema\/person\/image\/","url":"https:\/\/secure.gravatar.com\/avatar\/569e71c3b97b8bcad1854d6579b35c5f?s=96&d=mm&r=g","contentUrl":"https:\/\/secure.gravatar.com\/avatar\/569e71c3b97b8bcad1854d6579b35c5f?s=96&d=mm&r=g","caption":"temp circular"}}]}},"_links":{"self":[{"href":"https:\/\/www.ranciliogroup.com\/es\/wp-json\/wp\/v2\/posts\/83673"}],"collection":[{"href":"https:\/\/www.ranciliogroup.com\/es\/wp-json\/wp\/v2\/posts"}],"about":[{"href":"https:\/\/www.ranciliogroup.com\/es\/wp-json\/wp\/v2\/types\/post"}],"author":[{"embeddable":true,"href":"https:\/\/www.ranciliogroup.com\/es\/wp-json\/wp\/v2\/users\/5"}],"replies":[{"embeddable":true,"href":"https:\/\/www.ranciliogroup.com\/es\/wp-json\/wp\/v2\/comments?post=83673"}],"version-history":[{"count":1,"href":"https:\/\/www.ranciliogroup.com\/es\/wp-json\/wp\/v2\/posts\/83673\/revisions"}],"predecessor-version":[{"id":83674,"href":"https:\/\/www.ranciliogroup.com\/es\/wp-json\/wp\/v2\/posts\/83673\/revisions\/83674"}],"wp:featuredmedia":[{"embeddable":true,"href":"https:\/\/www.ranciliogroup.com\/es\/wp-json\/wp\/v2\/media\/83660"}],"wp:attachment":[{"href":"https:\/\/www.ranciliogroup.com\/es\/wp-json\/wp\/v2\/media?parent=83673"}],"wp:term":[{"taxonomy":"category","embeddable":true,"href":"https:\/\/www.ranciliogroup.com\/es\/wp-json\/wp\/v2\/categories?post=83673"},{"taxonomy":"post_tag","embeddable":true,"href":"https:\/\/www.ranciliogroup.com\/es\/wp-json\/wp\/v2\/tags?post=83673"}],"curies":[{"name":"wp","href":"https:\/\/api.w.org\/{rel}","templated":true}]}}