{"id":83707,"date":"2026-04-28T15:10:36","date_gmt":"2026-04-28T13:10:36","guid":{"rendered":"https:\/\/www.ranciliogroup.com\/?p=83707"},"modified":"2026-04-28T15:10:36","modified_gmt":"2026-04-28T13:10:36","slug":"rancilio-rancilio-specialty-y-egro-en-el-national-restaurant-show","status":"publish","type":"post","link":"https:\/\/www.ranciliogroup.com\/es\/rancilio-rancilio-specialty-y-egro-en-el-national-restaurant-show\/","title":{"rendered":"Rancilio, Rancilio Specialty y Egro en el National Restaurant Show"},"content":{"rendered":"<p>Del 16 al 19 de mayo de 2026, Rancilio, Rancilio Specialty y Egro dar\u00e1n la bienvenida a miles de profesionales del sector de la restauraci\u00f3n en el stand de Welbilt del National Restaurant Show (Feria de la Asociaci\u00f3n Estadounidense de Restaurantes).<\/p>\n<p>La Rancilio Specialty Invicta mostrar\u00e1 todo el potencial de cada extracci\u00f3n a los amantes del caf\u00e9. Dise\u00f1ada para optimizar el servicio, pone la tecnolog\u00eda avanzada de extracci\u00f3n al alcance de los baristas mediante un control electr\u00f3nico preciso de las funciones de caf\u00e9, agua y vapor, y mejora la eficiencia del flujo de trabajo.<\/p>\n<p>La nueva Rancilio Classe 5 Crono ampl\u00eda el \u00e9xito de la Classe 5 USB y ahora cuenta con una pantalla digital integrada con un temporizador de extracci\u00f3n para cada grupo. En combinaci\u00f3n con el molinillo Rancilio Kryo, garantiza un rendimiento constante y de alta calidad durante todo el servicio.<\/p>\n<p>Egro presentar\u00e1 sus soluciones totalmente autom\u00e1ticas tanto en el stand como en la Zona de Hospitalidad, entre las que se incluyen los modelos de gama alta Next y Egro Touch Coffee. Con un dise\u00f1o elegante y compacto pensado para facilitar su mantenimiento, estas m\u00e1quinas ofrecen caf\u00e9 molido al momento de alta calidad, facilidad de uso y un men\u00fa amplio y vers\u00e1til.<\/p>\n<p>El National Restaurant Show, uno de los pilares del sector de la restauraci\u00f3n, ofrece una oportunidad \u00fanica para explorar tecnolog\u00edas innovadoras, descubrir nuevos productos e identificar las tendencias mundiales.<\/p>\n<p>&nbsp;<\/p>\n<p>&nbsp;<\/p>\n<p><strong>The National Restaurant Show<\/strong><br \/>\n16-19 de mayo de 2026<br \/>\nStand n.\u00ba 4801<br \/>\n<a href=\"https:\/\/www.google.com\/maps\/place\/McCormick+Place+Lakeside+Center,+East+Building\/@41.8458004,-87.6331527,14z\/data=!3m1!5s0x880e2b824951fd8b:0xc46f8ba4eba96fb0!4m6!3m5!1s0x880e2b80c4121197:0x72ccc5d868eedc85!8m2!3d41.8523139!4d-87.6118774!16s%2Fg%2F11g8np5w3r?authuser=0&amp;entry=ttu\">McCormick Place<\/a><br \/>\nEdificio Sur<br \/>\n2301 S Martin Luther King Dr<br \/>\nChicago, IL 60616, EE. UU.<\/p>\n<p>&nbsp;<\/p>\n<p>&nbsp;<\/p>\n","protected":false},"excerpt":{"rendered":"<p>Del 16 al 19 de mayo de 2026, Rancilio, Rancilio Specialty y Egro dar\u00e1n la bienvenida a miles de profesionales&#8230;<\/p>\n","protected":false},"author":5,"featured_media":83685,"comment_status":"closed","ping_status":"closed","sticky":false,"template":"","format":"standard","meta":[],"categories":[862],"tags":[4536,4291,2636,2637,4534,2692,4535,2941],"acf":[],"yoast_head":"<!-- This site is optimized with the Yoast SEO plugin v21.5 - https:\/\/yoast.com\/wordpress\/plugins\/seo\/ -->\n<title>Latest update about Rancilio, Rancilio Specialty y Egro en el National Restaurant Show - Rancilio Group<\/title>\n<meta name=\"description\" content=\"Read Rancilio Group&#039;s latest news about Rancilio, Rancilio Specialty y Egro en el National Restaurant Show\" \/>\n<meta name=\"robots\" content=\"index, follow, max-snippet:-1, max-image-preview:large, max-video-preview:-1\" \/>\n<link rel=\"canonical\" href=\"https:\/\/www.ranciliogroup.com\/es\/rancilio-rancilio-specialty-y-egro-en-el-national-restaurant-show\/\" \/>\n<meta property=\"og:locale\" content=\"es_ES\" \/>\n<meta property=\"og:type\" content=\"article\" \/>\n<meta property=\"og:title\" content=\"Latest update about Rancilio, Rancilio Specialty y Egro en el National Restaurant Show - Rancilio Group\" \/>\n<meta property=\"og:description\" content=\"Read Rancilio Group&#039;s latest news about Rancilio, Rancilio Specialty y Egro en el National Restaurant Show\" \/>\n<meta property=\"og:url\" content=\"https:\/\/www.ranciliogroup.com\/es\/rancilio-rancilio-specialty-y-egro-en-el-national-restaurant-show\/\" \/>\n<meta property=\"og:site_name\" content=\"Rancilio Group\" \/>\n<meta property=\"article:publisher\" content=\"https:\/\/www.facebook.com\/RancilioGroup\" \/>\n<meta property=\"article:published_time\" content=\"2026-04-28T13:10:36+00:00\" \/>\n<meta property=\"og:image\" content=\"https:\/\/www.ranciliogroup.com\/app\/uploads\/2026\/04\/NRA_RG_2026.jpg\" \/>\n\t<meta property=\"og:image:width\" content=\"1920\" \/>\n\t<meta property=\"og:image:height\" content=\"1080\" \/>\n\t<meta property=\"og:image:type\" content=\"image\/jpeg\" \/>\n<meta name=\"author\" content=\"temp circular\" \/>\n<meta name=\"twitter:card\" content=\"summary_large_image\" \/>\n<meta name=\"twitter:creator\" content=\"@ranciliogroup\" \/>\n<meta name=\"twitter:site\" content=\"@ranciliogroup\" \/>\n<meta name=\"twitter:label1\" content=\"Written by\" \/>\n\t<meta name=\"twitter:data1\" content=\"temp circular\" \/>\n\t<meta name=\"twitter:label2\" content=\"Est. reading time\" \/>\n\t<meta name=\"twitter:data2\" content=\"2 minutes\" \/>\n<script type=\"application\/ld+json\" class=\"yoast-schema-graph\">{\"@context\":\"https:\/\/schema.org\",\"@graph\":[{\"@type\":\"Article\",\"@id\":\"https:\/\/www.ranciliogroup.com\/es\/rancilio-rancilio-specialty-y-egro-en-el-national-restaurant-show\/#article\",\"isPartOf\":{\"@id\":\"https:\/\/www.ranciliogroup.com\/es\/rancilio-rancilio-specialty-y-egro-en-el-national-restaurant-show\/\"},\"author\":{\"name\":\"temp circular\",\"@id\":\"https:\/\/www.ranciliogroup.com\/es\/#\/schema\/person\/d6bf0a7dfe74cded3d64da8b2c92814c\"},\"headline\":\"Rancilio, Rancilio Specialty y Egro en el National Restaurant Show\",\"datePublished\":\"2026-04-28T13:10:36+00:00\",\"dateModified\":\"2026-04-28T13:10:36+00:00\",\"mainEntityOfPage\":{\"@id\":\"https:\/\/www.ranciliogroup.com\/es\/rancilio-rancilio-specialty-y-egro-en-el-national-restaurant-show\/\"},\"wordCount\":282,\"publisher\":{\"@id\":\"https:\/\/www.ranciliogroup.com\/es\/#organization\"},\"keywords\":[\"Chicago\",\"Classe 5 Crono\",\"Invicta\",\"Kryo\",\"National Restaurant Association Show\",\"Next\",\"NRA Show\",\"Touch Coffee\"],\"articleSection\":[\"Eventos\"],\"inLanguage\":\"es-ES\"},{\"@type\":\"WebPage\",\"@id\":\"https:\/\/www.ranciliogroup.com\/es\/rancilio-rancilio-specialty-y-egro-en-el-national-restaurant-show\/\",\"url\":\"https:\/\/www.ranciliogroup.com\/es\/rancilio-rancilio-specialty-y-egro-en-el-national-restaurant-show\/\",\"name\":\"Latest update about Rancilio, Rancilio Specialty y Egro en el National Restaurant Show - Rancilio Group\",\"isPartOf\":{\"@id\":\"https:\/\/www.ranciliogroup.com\/es\/#website\"},\"datePublished\":\"2026-04-28T13:10:36+00:00\",\"dateModified\":\"2026-04-28T13:10:36+00:00\",\"description\":\"Read Rancilio Group's latest news about Rancilio, Rancilio Specialty y Egro en el National Restaurant Show\",\"breadcrumb\":{\"@id\":\"https:\/\/www.ranciliogroup.com\/es\/rancilio-rancilio-specialty-y-egro-en-el-national-restaurant-show\/#breadcrumb\"},\"inLanguage\":\"es-ES\",\"potentialAction\":[{\"@type\":\"ReadAction\",\"target\":[\"https:\/\/www.ranciliogroup.com\/es\/rancilio-rancilio-specialty-y-egro-en-el-national-restaurant-show\/\"]}]},{\"@type\":\"BreadcrumbList\",\"@id\":\"https:\/\/www.ranciliogroup.com\/es\/rancilio-rancilio-specialty-y-egro-en-el-national-restaurant-show\/#breadcrumb\",\"itemListElement\":[{\"@type\":\"ListItem\",\"position\":1,\"name\":\"Home\",\"item\":\"https:\/\/www.ranciliogroup.com\/es\/\"},{\"@type\":\"ListItem\",\"position\":2,\"name\":\"Rancilio, Rancilio Specialty y Egro en el National Restaurant Show\"}]},{\"@type\":\"WebSite\",\"@id\":\"https:\/\/www.ranciliogroup.com\/es\/#website\",\"url\":\"https:\/\/www.ranciliogroup.com\/es\/\",\"name\":\"Rancilio Group\",\"description\":\"L\u00edder en M\u00e1quinas de Caf\u00e9 Profesionales\",\"publisher\":{\"@id\":\"https:\/\/www.ranciliogroup.com\/es\/#organization\"},\"potentialAction\":[{\"@type\":\"SearchAction\",\"target\":{\"@type\":\"EntryPoint\",\"urlTemplate\":\"https:\/\/www.ranciliogroup.com\/es\/?s={search_term_string}\"},\"query-input\":\"required name=search_term_string\"}],\"inLanguage\":\"es-ES\"},{\"@type\":\"Organization\",\"@id\":\"https:\/\/www.ranciliogroup.com\/es\/#organization\",\"name\":\"Rancilio Group\",\"url\":\"https:\/\/www.ranciliogroup.com\/es\/\",\"logo\":{\"@type\":\"ImageObject\",\"inLanguage\":\"es-ES\",\"@id\":\"https:\/\/www.ranciliogroup.com\/es\/#\/schema\/logo\/image\/\",\"url\":\"https:\/\/www.ranciliogroup.com\/app\/uploads\/2019\/07\/rancilio_black_logo.png\",\"contentUrl\":\"https:\/\/www.ranciliogroup.com\/app\/uploads\/2019\/07\/rancilio_black_logo.png\",\"width\":447,\"height\":57,\"caption\":\"Rancilio Group\"},\"image\":{\"@id\":\"https:\/\/www.ranciliogroup.com\/es\/#\/schema\/logo\/image\/\"},\"sameAs\":[\"https:\/\/www.facebook.com\/RancilioGroup\",\"https:\/\/twitter.com\/ranciliogroup\",\"https:\/\/www.instagram.com\/rancilio_official\/\",\"https:\/\/www.linkedin.com\/company\/ranciliogroup\/\",\"https:\/\/www.youtube.com\/user\/rancilioadmin\"]},{\"@type\":\"Person\",\"@id\":\"https:\/\/www.ranciliogroup.com\/es\/#\/schema\/person\/d6bf0a7dfe74cded3d64da8b2c92814c\",\"name\":\"temp circular\",\"image\":{\"@type\":\"ImageObject\",\"inLanguage\":\"es-ES\",\"@id\":\"https:\/\/www.ranciliogroup.com\/es\/#\/schema\/person\/image\/\",\"url\":\"https:\/\/secure.gravatar.com\/avatar\/569e71c3b97b8bcad1854d6579b35c5f?s=96&d=mm&r=g\",\"contentUrl\":\"https:\/\/secure.gravatar.com\/avatar\/569e71c3b97b8bcad1854d6579b35c5f?s=96&d=mm&r=g\",\"caption\":\"temp circular\"}}]}<\/script>\n<!-- \/ Yoast SEO plugin. -->","yoast_head_json":{"title":"Latest update about Rancilio, Rancilio Specialty y Egro en el National Restaurant Show - Rancilio Group","description":"Read Rancilio Group's latest news about Rancilio, Rancilio Specialty y Egro en el National Restaurant Show","robots":{"index":"index","follow":"follow","max-snippet":"max-snippet:-1","max-image-preview":"max-image-preview:large","max-video-preview":"max-video-preview:-1"},"canonical":"https:\/\/www.ranciliogroup.com\/es\/rancilio-rancilio-specialty-y-egro-en-el-national-restaurant-show\/","og_locale":"es_ES","og_type":"article","og_title":"Latest update about Rancilio, Rancilio Specialty y Egro en el National Restaurant Show - Rancilio Group","og_description":"Read Rancilio Group's latest news about Rancilio, Rancilio Specialty y Egro en el National Restaurant Show","og_url":"https:\/\/www.ranciliogroup.com\/es\/rancilio-rancilio-specialty-y-egro-en-el-national-restaurant-show\/","og_site_name":"Rancilio Group","article_publisher":"https:\/\/www.facebook.com\/RancilioGroup","article_published_time":"2026-04-28T13:10:36+00:00","og_image":[{"width":1920,"height":1080,"url":"https:\/\/www.ranciliogroup.com\/app\/uploads\/2026\/04\/NRA_RG_2026.jpg","type":"image\/jpeg"}],"author":"temp circular","twitter_card":"summary_large_image","twitter_creator":"@ranciliogroup","twitter_site":"@ranciliogroup","twitter_misc":{"Written by":"temp circular","Est. reading time":"2 minutes"},"schema":{"@context":"https:\/\/schema.org","@graph":[{"@type":"Article","@id":"https:\/\/www.ranciliogroup.com\/es\/rancilio-rancilio-specialty-y-egro-en-el-national-restaurant-show\/#article","isPartOf":{"@id":"https:\/\/www.ranciliogroup.com\/es\/rancilio-rancilio-specialty-y-egro-en-el-national-restaurant-show\/"},"author":{"name":"temp circular","@id":"https:\/\/www.ranciliogroup.com\/es\/#\/schema\/person\/d6bf0a7dfe74cded3d64da8b2c92814c"},"headline":"Rancilio, Rancilio Specialty y Egro en el National Restaurant Show","datePublished":"2026-04-28T13:10:36+00:00","dateModified":"2026-04-28T13:10:36+00:00","mainEntityOfPage":{"@id":"https:\/\/www.ranciliogroup.com\/es\/rancilio-rancilio-specialty-y-egro-en-el-national-restaurant-show\/"},"wordCount":282,"publisher":{"@id":"https:\/\/www.ranciliogroup.com\/es\/#organization"},"keywords":["Chicago","Classe 5 Crono","Invicta","Kryo","National Restaurant Association Show","Next","NRA Show","Touch Coffee"],"articleSection":["Eventos"],"inLanguage":"es-ES"},{"@type":"WebPage","@id":"https:\/\/www.ranciliogroup.com\/es\/rancilio-rancilio-specialty-y-egro-en-el-national-restaurant-show\/","url":"https:\/\/www.ranciliogroup.com\/es\/rancilio-rancilio-specialty-y-egro-en-el-national-restaurant-show\/","name":"Latest update about Rancilio, Rancilio Specialty y Egro en el National Restaurant Show - Rancilio Group","isPartOf":{"@id":"https:\/\/www.ranciliogroup.com\/es\/#website"},"datePublished":"2026-04-28T13:10:36+00:00","dateModified":"2026-04-28T13:10:36+00:00","description":"Read Rancilio Group's latest news about Rancilio, Rancilio Specialty y Egro en el National Restaurant Show","breadcrumb":{"@id":"https:\/\/www.ranciliogroup.com\/es\/rancilio-rancilio-specialty-y-egro-en-el-national-restaurant-show\/#breadcrumb"},"inLanguage":"es-ES","potentialAction":[{"@type":"ReadAction","target":["https:\/\/www.ranciliogroup.com\/es\/rancilio-rancilio-specialty-y-egro-en-el-national-restaurant-show\/"]}]},{"@type":"BreadcrumbList","@id":"https:\/\/www.ranciliogroup.com\/es\/rancilio-rancilio-specialty-y-egro-en-el-national-restaurant-show\/#breadcrumb","itemListElement":[{"@type":"ListItem","position":1,"name":"Home","item":"https:\/\/www.ranciliogroup.com\/es\/"},{"@type":"ListItem","position":2,"name":"Rancilio, Rancilio Specialty y Egro en el National Restaurant Show"}]},{"@type":"WebSite","@id":"https:\/\/www.ranciliogroup.com\/es\/#website","url":"https:\/\/www.ranciliogroup.com\/es\/","name":"Rancilio Group","description":"L\u00edder en M\u00e1quinas de Caf\u00e9 Profesionales","publisher":{"@id":"https:\/\/www.ranciliogroup.com\/es\/#organization"},"potentialAction":[{"@type":"SearchAction","target":{"@type":"EntryPoint","urlTemplate":"https:\/\/www.ranciliogroup.com\/es\/?s={search_term_string}"},"query-input":"required name=search_term_string"}],"inLanguage":"es-ES"},{"@type":"Organization","@id":"https:\/\/www.ranciliogroup.com\/es\/#organization","name":"Rancilio Group","url":"https:\/\/www.ranciliogroup.com\/es\/","logo":{"@type":"ImageObject","inLanguage":"es-ES","@id":"https:\/\/www.ranciliogroup.com\/es\/#\/schema\/logo\/image\/","url":"https:\/\/www.ranciliogroup.com\/app\/uploads\/2019\/07\/rancilio_black_logo.png","contentUrl":"https:\/\/www.ranciliogroup.com\/app\/uploads\/2019\/07\/rancilio_black_logo.png","width":447,"height":57,"caption":"Rancilio Group"},"image":{"@id":"https:\/\/www.ranciliogroup.com\/es\/#\/schema\/logo\/image\/"},"sameAs":["https:\/\/www.facebook.com\/RancilioGroup","https:\/\/twitter.com\/ranciliogroup","https:\/\/www.instagram.com\/rancilio_official\/","https:\/\/www.linkedin.com\/company\/ranciliogroup\/","https:\/\/www.youtube.com\/user\/rancilioadmin"]},{"@type":"Person","@id":"https:\/\/www.ranciliogroup.com\/es\/#\/schema\/person\/d6bf0a7dfe74cded3d64da8b2c92814c","name":"temp circular","image":{"@type":"ImageObject","inLanguage":"es-ES","@id":"https:\/\/www.ranciliogroup.com\/es\/#\/schema\/person\/image\/","url":"https:\/\/secure.gravatar.com\/avatar\/569e71c3b97b8bcad1854d6579b35c5f?s=96&d=mm&r=g","contentUrl":"https:\/\/secure.gravatar.com\/avatar\/569e71c3b97b8bcad1854d6579b35c5f?s=96&d=mm&r=g","caption":"temp circular"}}]}},"_links":{"self":[{"href":"https:\/\/www.ranciliogroup.com\/es\/wp-json\/wp\/v2\/posts\/83707"}],"collection":[{"href":"https:\/\/www.ranciliogroup.com\/es\/wp-json\/wp\/v2\/posts"}],"about":[{"href":"https:\/\/www.ranciliogroup.com\/es\/wp-json\/wp\/v2\/types\/post"}],"author":[{"embeddable":true,"href":"https:\/\/www.ranciliogroup.com\/es\/wp-json\/wp\/v2\/users\/5"}],"replies":[{"embeddable":true,"href":"https:\/\/www.ranciliogroup.com\/es\/wp-json\/wp\/v2\/comments?post=83707"}],"version-history":[{"count":2,"href":"https:\/\/www.ranciliogroup.com\/es\/wp-json\/wp\/v2\/posts\/83707\/revisions"}],"predecessor-version":[{"id":83709,"href":"https:\/\/www.ranciliogroup.com\/es\/wp-json\/wp\/v2\/posts\/83707\/revisions\/83709"}],"wp:featuredmedia":[{"embeddable":true,"href":"https:\/\/www.ranciliogroup.com\/es\/wp-json\/wp\/v2\/media\/83685"}],"wp:attachment":[{"href":"https:\/\/www.ranciliogroup.com\/es\/wp-json\/wp\/v2\/media?parent=83707"}],"wp:term":[{"taxonomy":"category","embeddable":true,"href":"https:\/\/www.ranciliogroup.com\/es\/wp-json\/wp\/v2\/categories?post=83707"},{"taxonomy":"post_tag","embeddable":true,"href":"https:\/\/www.ranciliogroup.com\/es\/wp-json\/wp\/v2\/tags?post=83707"}],"curies":[{"name":"wp","href":"https:\/\/api.w.org\/{rel}","templated":true}]}}