{"id":29313,"date":"2018-10-27T21:55:06","date_gmt":"2018-10-27T19:55:06","guid":{"rendered":"https:\/\/www.ranciliogroup.com\/rancilio-group-will-be-at-the-zurich-trade-fair-for-ifas-2018\/"},"modified":"2022-03-08T11:58:07","modified_gmt":"2022-03-08T10:58:07","slug":"rancilio-group-will-be-at-the-zurich-trade-fair-for-ifas-2018","status":"publish","type":"post","link":"https:\/\/www.ranciliogroup.com\/fr\/rancilio-group-will-be-at-the-zurich-trade-fair-for-ifas-2018\/","title":{"rendered":"Rancilio Group \u00e0 la foire de Zurich pour IFAS 2018"},"content":{"rendered":"<h2><strong>IFAS 2018<\/strong><\/h2>\n<div class=\"Page_Class_FeatureBox_White_Text\">\n<p><strong><span class=\"fs18\">Plus de 300 exposants se retrouveront en Suisse du 23 au 26 octobre pour l\u2019exposition consacr\u00e9e au march\u00e9 sanitaire<\/span><\/strong><\/p>\n<div class=\"sep20H\"><\/div>\n<p><span class=\"fs14\">La prochaine \u00e9dition d\u2019IFAS, au programme \u00e0 la foire de Zurich du 23 au 26 octobre, pr\u00e9sentera les nouvelles tendances du march\u00e9 sanitaire en offrant aux visiteurs un vaste panorama sur les nouvelles technologies qui sont en train de r\u00e9volutionner la totalit\u00e9 du secteur. Des instruments con\u00e7us pour r\u00e9pondre aux exigences quotidiennes des patients de structures sanitaires comme les centres de r\u00e9habilitation et les maisons de retraite pour les personnes \u00e2g\u00e9es. Le caf\u00e9 aura aussi sa place parmi les solutions pour l\u2019accueil qui seront pr\u00e9sent\u00e9es \u00e0 IFASS et Rancilio Group, avec l\u2019\u00e9quipe d\u2019Egro Suisse AG, sera pr\u00e9sent avec un stand consacr\u00e9 aussi bien aux super automatiques Egro qu\u2019aux machines \u00e0 caf\u00e9 expresso traditionnelles de la marque Rancilio avec le syst\u00e8me de t\u00e9l\u00e9m\u00e9trie CONNECT.<br \/>\nL\u2019univers des super automatiques r\u00e9servera un espace sp\u00e9cial \u00e0 Egro Next, la nouveaut\u00e9 de l\u2019ann\u00e9e con\u00e7ue par le service suisse de recherche et d\u00e9veloppement. Facile \u00e0 utiliser gr\u00e2ce \u00e0 l\u2019interface tactile intuitive se basant sur le syst\u00e8me d\u2019exploitation Android, Egro NEXT garantit une qualit\u00e9 \u00e9lev\u00e9e dans la tasse pour chaque type de boisson, chaude ou froide, \u00e0 base de caf\u00e9, de lait et de poudres.<br \/>\nLes visiteurs pourront d\u00e9couvrir \u00e9galement les autres produits du catalogue Egro (Zero, Zero+, One, Byo) ainsi que les machines \u00e0 caf\u00e9 traditionnelles de la marque Rancilio. Des produits divers con\u00e7us pour des lieux diff\u00e9rents et afin d\u2019offrir une exp\u00e9rience de caf\u00e9 extraordinaire \u00e0 toute la client\u00e8le.<br \/>\nPendant toutes les journ\u00e9es de la foire le champion de Latte Art Pietro Vannelli sera l\u2019\u00e2me du bar de Rancilio Group et il servira au public des caf\u00e9s et des cappuccinos pr\u00e9par\u00e9s avec la machine \u00e0 caf\u00e9 traditionnelle Rancilio Classe 11 USB, le fleuron de la marque Rancilio.<br \/>\nRancilio Group vous attend \u00e0 Zurich pour IFAS 2018 du 23 au 26 octobre.<\/span><\/p>\n<p>Rancilio Group<br \/>\nIFAS 2018<br \/>\nHall 6 \u2013 Stand 176<\/p>\n<\/div>\n<div class=\"divClear\"><\/div>\n","protected":false},"excerpt":{"rendered":"<p>IFAS 2018 Plus de 300 exposants se retrouveront en Suisse du 23 au 26 octobre pour l\u2019exposition consacr\u00e9e au march\u00e9&#8230;<\/p>\n","protected":false},"author":2,"featured_media":29314,"comment_status":"closed","ping_status":"closed","sticky":false,"template":"","format":"standard","meta":[],"categories":[878],"tags":[],"acf":[],"yoast_head":"<!-- This site is optimized with the Yoast SEO plugin v21.5 - https:\/\/yoast.com\/wordpress\/plugins\/seo\/ -->\n<title>IFAS 2018 - Rancilio Group<\/title>\n<meta name=\"description\" content=\"Read Rancilio Group&#039;s latest news about Rancilio Group \u00e0 la foire de Zurich pour IFAS 2018\" \/>\n<meta name=\"robots\" content=\"index, follow, max-snippet:-1, max-image-preview:large, max-video-preview:-1\" \/>\n<link rel=\"canonical\" href=\"https:\/\/www.ranciliogroup.com\/fr\/rancilio-group-will-be-at-the-zurich-trade-fair-for-ifas-2018\/\" \/>\n<meta property=\"og:locale\" content=\"fr_FR\" \/>\n<meta property=\"og:type\" content=\"article\" \/>\n<meta property=\"og:title\" content=\"IFAS 2018 - Rancilio Group\" \/>\n<meta property=\"og:description\" content=\"Read Rancilio Group&#039;s latest news about Rancilio Group \u00e0 la foire de Zurich pour IFAS 2018\" \/>\n<meta property=\"og:url\" content=\"https:\/\/www.ranciliogroup.com\/fr\/rancilio-group-will-be-at-the-zurich-trade-fair-for-ifas-2018\/\" \/>\n<meta property=\"og:site_name\" content=\"Rancilio Group\" \/>\n<meta property=\"article:publisher\" content=\"https:\/\/www.facebook.com\/RancilioGroup\" \/>\n<meta property=\"article:published_time\" content=\"2018-10-27T19:55:06+00:00\" \/>\n<meta property=\"article:modified_time\" content=\"2022-03-08T10:58:07+00:00\" \/>\n<meta property=\"og:image\" content=\"https:\/\/www.ranciliogroup.com\/app\/uploads\/2019\/10\/IFAS_mit-Quellenangabe1-1270x665.jpg\" \/>\n\t<meta property=\"og:image:width\" content=\"1270\" \/>\n\t<meta property=\"og:image:height\" content=\"665\" \/>\n\t<meta property=\"og:image:type\" content=\"image\/jpeg\" \/>\n<meta name=\"author\" content=\"Leo\" \/>\n<meta name=\"twitter:card\" content=\"summary_large_image\" \/>\n<meta name=\"twitter:creator\" content=\"@ranciliogroup\" \/>\n<meta name=\"twitter:site\" content=\"@ranciliogroup\" \/>\n<meta name=\"twitter:label1\" content=\"Written by\" \/>\n\t<meta name=\"twitter:data1\" content=\"Leo\" \/>\n\t<meta name=\"twitter:label2\" content=\"Est. reading time\" \/>\n\t<meta name=\"twitter:data2\" content=\"2 minutes\" \/>\n<script type=\"application\/ld+json\" class=\"yoast-schema-graph\">{\"@context\":\"https:\/\/schema.org\",\"@graph\":[{\"@type\":\"Article\",\"@id\":\"https:\/\/www.ranciliogroup.com\/fr\/rancilio-group-will-be-at-the-zurich-trade-fair-for-ifas-2018\/#article\",\"isPartOf\":{\"@id\":\"https:\/\/www.ranciliogroup.com\/fr\/rancilio-group-will-be-at-the-zurich-trade-fair-for-ifas-2018\/\"},\"author\":{\"name\":\"Leo\",\"@id\":\"https:\/\/www.ranciliogroup.com\/fr\/#\/schema\/person\/308c9cc609c571bfb3f04639f7c48c0e\"},\"headline\":\"Rancilio Group \u00e0 la foire de Zurich pour IFAS 2018\",\"datePublished\":\"2018-10-27T19:55:06+00:00\",\"dateModified\":\"2022-03-08T10:58:07+00:00\",\"mainEntityOfPage\":{\"@id\":\"https:\/\/www.ranciliogroup.com\/fr\/rancilio-group-will-be-at-the-zurich-trade-fair-for-ifas-2018\/\"},\"wordCount\":352,\"publisher\":{\"@id\":\"https:\/\/www.ranciliogroup.com\/fr\/#organization\"},\"articleSection\":[\"Tous\"],\"inLanguage\":\"fr-FR\"},{\"@type\":\"WebPage\",\"@id\":\"https:\/\/www.ranciliogroup.com\/fr\/rancilio-group-will-be-at-the-zurich-trade-fair-for-ifas-2018\/\",\"url\":\"https:\/\/www.ranciliogroup.com\/fr\/rancilio-group-will-be-at-the-zurich-trade-fair-for-ifas-2018\/\",\"name\":\"IFAS 2018 - Rancilio Group\",\"isPartOf\":{\"@id\":\"https:\/\/www.ranciliogroup.com\/fr\/#website\"},\"datePublished\":\"2018-10-27T19:55:06+00:00\",\"dateModified\":\"2022-03-08T10:58:07+00:00\",\"description\":\"Read Rancilio Group's latest news about Rancilio Group \u00e0 la foire de Zurich pour IFAS 2018\",\"breadcrumb\":{\"@id\":\"https:\/\/www.ranciliogroup.com\/fr\/rancilio-group-will-be-at-the-zurich-trade-fair-for-ifas-2018\/#breadcrumb\"},\"inLanguage\":\"fr-FR\",\"potentialAction\":[{\"@type\":\"ReadAction\",\"target\":[\"https:\/\/www.ranciliogroup.com\/fr\/rancilio-group-will-be-at-the-zurich-trade-fair-for-ifas-2018\/\"]}]},{\"@type\":\"BreadcrumbList\",\"@id\":\"https:\/\/www.ranciliogroup.com\/fr\/rancilio-group-will-be-at-the-zurich-trade-fair-for-ifas-2018\/#breadcrumb\",\"itemListElement\":[{\"@type\":\"ListItem\",\"position\":1,\"name\":\"Home\",\"item\":\"https:\/\/www.ranciliogroup.com\/fr\/\"},{\"@type\":\"ListItem\",\"position\":2,\"name\":\"Rancilio Group \u00e0 la foire de Zurich pour IFAS 2018\"}]},{\"@type\":\"WebSite\",\"@id\":\"https:\/\/www.ranciliogroup.com\/fr\/#website\",\"url\":\"https:\/\/www.ranciliogroup.com\/fr\/\",\"name\":\"Rancilio Group\",\"description\":\"Leader des machines \u00e0 caf\u00e9 professionnelles\",\"publisher\":{\"@id\":\"https:\/\/www.ranciliogroup.com\/fr\/#organization\"},\"potentialAction\":[{\"@type\":\"SearchAction\",\"target\":{\"@type\":\"EntryPoint\",\"urlTemplate\":\"https:\/\/www.ranciliogroup.com\/fr\/?s={search_term_string}\"},\"query-input\":\"required name=search_term_string\"}],\"inLanguage\":\"fr-FR\"},{\"@type\":\"Organization\",\"@id\":\"https:\/\/www.ranciliogroup.com\/fr\/#organization\",\"name\":\"Rancilio Group\",\"url\":\"https:\/\/www.ranciliogroup.com\/fr\/\",\"logo\":{\"@type\":\"ImageObject\",\"inLanguage\":\"fr-FR\",\"@id\":\"https:\/\/www.ranciliogroup.com\/fr\/#\/schema\/logo\/image\/\",\"url\":\"https:\/\/www.ranciliogroup.com\/app\/uploads\/2019\/07\/rancilio_black_logo.png\",\"contentUrl\":\"https:\/\/www.ranciliogroup.com\/app\/uploads\/2019\/07\/rancilio_black_logo.png\",\"width\":447,\"height\":57,\"caption\":\"Rancilio Group\"},\"image\":{\"@id\":\"https:\/\/www.ranciliogroup.com\/fr\/#\/schema\/logo\/image\/\"},\"sameAs\":[\"https:\/\/www.facebook.com\/RancilioGroup\",\"https:\/\/twitter.com\/ranciliogroup\",\"https:\/\/www.instagram.com\/rancilio_official\/\",\"https:\/\/www.linkedin.com\/company\/ranciliogroup\/\",\"https:\/\/www.youtube.com\/user\/rancilioadmin\"]},{\"@type\":\"Person\",\"@id\":\"https:\/\/www.ranciliogroup.com\/fr\/#\/schema\/person\/308c9cc609c571bfb3f04639f7c48c0e\",\"name\":\"Leo\",\"image\":{\"@type\":\"ImageObject\",\"inLanguage\":\"fr-FR\",\"@id\":\"https:\/\/www.ranciliogroup.com\/fr\/#\/schema\/person\/image\/\",\"url\":\"https:\/\/secure.gravatar.com\/avatar\/be661210d2340629d38fdb4e71a1488b?s=96&d=mm&r=g\",\"contentUrl\":\"https:\/\/secure.gravatar.com\/avatar\/be661210d2340629d38fdb4e71a1488b?s=96&d=mm&r=g\",\"caption\":\"Leo\"}}]}<\/script>\n<!-- \/ Yoast SEO plugin. -->","yoast_head_json":{"title":"IFAS 2018 - Rancilio Group","description":"Read Rancilio Group's latest news about Rancilio Group \u00e0 la foire de Zurich pour IFAS 2018","robots":{"index":"index","follow":"follow","max-snippet":"max-snippet:-1","max-image-preview":"max-image-preview:large","max-video-preview":"max-video-preview:-1"},"canonical":"https:\/\/www.ranciliogroup.com\/fr\/rancilio-group-will-be-at-the-zurich-trade-fair-for-ifas-2018\/","og_locale":"fr_FR","og_type":"article","og_title":"IFAS 2018 - Rancilio Group","og_description":"Read Rancilio Group's latest news about Rancilio Group \u00e0 la foire de Zurich pour IFAS 2018","og_url":"https:\/\/www.ranciliogroup.com\/fr\/rancilio-group-will-be-at-the-zurich-trade-fair-for-ifas-2018\/","og_site_name":"Rancilio Group","article_publisher":"https:\/\/www.facebook.com\/RancilioGroup","article_published_time":"2018-10-27T19:55:06+00:00","article_modified_time":"2022-03-08T10:58:07+00:00","og_image":[{"width":1270,"height":665,"url":"https:\/\/www.ranciliogroup.com\/app\/uploads\/2019\/10\/IFAS_mit-Quellenangabe1-1270x665.jpg","type":"image\/jpeg"}],"author":"Leo","twitter_card":"summary_large_image","twitter_creator":"@ranciliogroup","twitter_site":"@ranciliogroup","twitter_misc":{"Written by":"Leo","Est. reading time":"2 minutes"},"schema":{"@context":"https:\/\/schema.org","@graph":[{"@type":"Article","@id":"https:\/\/www.ranciliogroup.com\/fr\/rancilio-group-will-be-at-the-zurich-trade-fair-for-ifas-2018\/#article","isPartOf":{"@id":"https:\/\/www.ranciliogroup.com\/fr\/rancilio-group-will-be-at-the-zurich-trade-fair-for-ifas-2018\/"},"author":{"name":"Leo","@id":"https:\/\/www.ranciliogroup.com\/fr\/#\/schema\/person\/308c9cc609c571bfb3f04639f7c48c0e"},"headline":"Rancilio Group \u00e0 la foire de Zurich pour IFAS 2018","datePublished":"2018-10-27T19:55:06+00:00","dateModified":"2022-03-08T10:58:07+00:00","mainEntityOfPage":{"@id":"https:\/\/www.ranciliogroup.com\/fr\/rancilio-group-will-be-at-the-zurich-trade-fair-for-ifas-2018\/"},"wordCount":352,"publisher":{"@id":"https:\/\/www.ranciliogroup.com\/fr\/#organization"},"articleSection":["Tous"],"inLanguage":"fr-FR"},{"@type":"WebPage","@id":"https:\/\/www.ranciliogroup.com\/fr\/rancilio-group-will-be-at-the-zurich-trade-fair-for-ifas-2018\/","url":"https:\/\/www.ranciliogroup.com\/fr\/rancilio-group-will-be-at-the-zurich-trade-fair-for-ifas-2018\/","name":"IFAS 2018 - Rancilio Group","isPartOf":{"@id":"https:\/\/www.ranciliogroup.com\/fr\/#website"},"datePublished":"2018-10-27T19:55:06+00:00","dateModified":"2022-03-08T10:58:07+00:00","description":"Read Rancilio Group's latest news about Rancilio Group \u00e0 la foire de Zurich pour IFAS 2018","breadcrumb":{"@id":"https:\/\/www.ranciliogroup.com\/fr\/rancilio-group-will-be-at-the-zurich-trade-fair-for-ifas-2018\/#breadcrumb"},"inLanguage":"fr-FR","potentialAction":[{"@type":"ReadAction","target":["https:\/\/www.ranciliogroup.com\/fr\/rancilio-group-will-be-at-the-zurich-trade-fair-for-ifas-2018\/"]}]},{"@type":"BreadcrumbList","@id":"https:\/\/www.ranciliogroup.com\/fr\/rancilio-group-will-be-at-the-zurich-trade-fair-for-ifas-2018\/#breadcrumb","itemListElement":[{"@type":"ListItem","position":1,"name":"Home","item":"https:\/\/www.ranciliogroup.com\/fr\/"},{"@type":"ListItem","position":2,"name":"Rancilio Group \u00e0 la foire de Zurich pour IFAS 2018"}]},{"@type":"WebSite","@id":"https:\/\/www.ranciliogroup.com\/fr\/#website","url":"https:\/\/www.ranciliogroup.com\/fr\/","name":"Rancilio Group","description":"Leader des machines \u00e0 caf\u00e9 professionnelles","publisher":{"@id":"https:\/\/www.ranciliogroup.com\/fr\/#organization"},"potentialAction":[{"@type":"SearchAction","target":{"@type":"EntryPoint","urlTemplate":"https:\/\/www.ranciliogroup.com\/fr\/?s={search_term_string}"},"query-input":"required name=search_term_string"}],"inLanguage":"fr-FR"},{"@type":"Organization","@id":"https:\/\/www.ranciliogroup.com\/fr\/#organization","name":"Rancilio Group","url":"https:\/\/www.ranciliogroup.com\/fr\/","logo":{"@type":"ImageObject","inLanguage":"fr-FR","@id":"https:\/\/www.ranciliogroup.com\/fr\/#\/schema\/logo\/image\/","url":"https:\/\/www.ranciliogroup.com\/app\/uploads\/2019\/07\/rancilio_black_logo.png","contentUrl":"https:\/\/www.ranciliogroup.com\/app\/uploads\/2019\/07\/rancilio_black_logo.png","width":447,"height":57,"caption":"Rancilio Group"},"image":{"@id":"https:\/\/www.ranciliogroup.com\/fr\/#\/schema\/logo\/image\/"},"sameAs":["https:\/\/www.facebook.com\/RancilioGroup","https:\/\/twitter.com\/ranciliogroup","https:\/\/www.instagram.com\/rancilio_official\/","https:\/\/www.linkedin.com\/company\/ranciliogroup\/","https:\/\/www.youtube.com\/user\/rancilioadmin"]},{"@type":"Person","@id":"https:\/\/www.ranciliogroup.com\/fr\/#\/schema\/person\/308c9cc609c571bfb3f04639f7c48c0e","name":"Leo","image":{"@type":"ImageObject","inLanguage":"fr-FR","@id":"https:\/\/www.ranciliogroup.com\/fr\/#\/schema\/person\/image\/","url":"https:\/\/secure.gravatar.com\/avatar\/be661210d2340629d38fdb4e71a1488b?s=96&d=mm&r=g","contentUrl":"https:\/\/secure.gravatar.com\/avatar\/be661210d2340629d38fdb4e71a1488b?s=96&d=mm&r=g","caption":"Leo"}}]}},"_links":{"self":[{"href":"https:\/\/www.ranciliogroup.com\/fr\/wp-json\/wp\/v2\/posts\/29313"}],"collection":[{"href":"https:\/\/www.ranciliogroup.com\/fr\/wp-json\/wp\/v2\/posts"}],"about":[{"href":"https:\/\/www.ranciliogroup.com\/fr\/wp-json\/wp\/v2\/types\/post"}],"author":[{"embeddable":true,"href":"https:\/\/www.ranciliogroup.com\/fr\/wp-json\/wp\/v2\/users\/2"}],"replies":[{"embeddable":true,"href":"https:\/\/www.ranciliogroup.com\/fr\/wp-json\/wp\/v2\/comments?post=29313"}],"version-history":[{"count":2,"href":"https:\/\/www.ranciliogroup.com\/fr\/wp-json\/wp\/v2\/posts\/29313\/revisions"}],"predecessor-version":[{"id":29331,"href":"https:\/\/www.ranciliogroup.com\/fr\/wp-json\/wp\/v2\/posts\/29313\/revisions\/29331"}],"wp:featuredmedia":[{"embeddable":true,"href":"https:\/\/www.ranciliogroup.com\/fr\/wp-json\/wp\/v2\/media\/29314"}],"wp:attachment":[{"href":"https:\/\/www.ranciliogroup.com\/fr\/wp-json\/wp\/v2\/media?parent=29313"}],"wp:term":[{"taxonomy":"category","embeddable":true,"href":"https:\/\/www.ranciliogroup.com\/fr\/wp-json\/wp\/v2\/categories?post=29313"},{"taxonomy":"post_tag","embeddable":true,"href":"https:\/\/www.ranciliogroup.com\/fr\/wp-json\/wp\/v2\/tags?post=29313"}],"curies":[{"name":"wp","href":"https:\/\/api.w.org\/{rel}","templated":true}]}}