{"id":32785,"date":"2022-03-21T14:05:39","date_gmt":"2022-03-21T13:05:39","guid":{"rendered":"https:\/\/www.ranciliogroup.com\/?p=32785"},"modified":"2022-03-24T16:31:51","modified_gmt":"2022-03-24T15:31:51","slug":"rancilio-group-in-florida-for-the-mcdonalds-convention","status":"publish","type":"post","link":"https:\/\/www.ranciliogroup.com\/fr\/rancilio-group-in-florida-for-the-mcdonalds-convention\/","title":{"rendered":"Rancilio Group en Floride pour la convention McDonald\u2019s"},"content":{"rendered":"<p><em>Rancilio Group fait partie des soci\u00e9t\u00e9s invit\u00e9es \u00e0 la convention internationale McDonald\u2019s organis\u00e9e \u00e0 Orlando en Floride, du 4 au 7 avril 2022.<\/em><\/p>\n<p>Dans le cadre superbe de l\u2019Orange County Convention Center, cet \u00e9v\u00e8nement extraordinaire regroupera pendant trois jours les franchis\u00e9s, les partenaires et les fournisseurs officiels de McDonald\u2019s provenant du monde entier. Rancilio Group aura l\u2019occasion de pr\u00e9senter une s\u00e9lection des produits que l\u2019on trouve dans les restaurants et caf\u00e9s McDonald\u2019s. Deux machines \u00e0 caf\u00e9 multi-chaudi\u00e8res seront expos\u00e9es pour la marque Rancilio &#8211; Classe 11 USB Xcelsius avec la technologie de profilage de temp\u00e9rature dans la version \u00e0 3 groupes et Classe 20 ASB dans la version \u00e0 2 groupes &#8211; et les moulins \u00e0 caf\u00e9 \u00e0 la demande Kryo Evo de la ligne Rancilio Grindtec. La marque Egro pr\u00e9sentera, quant \u00e0 elle, deux machines \u00e0 caf\u00e9 super automatiques : Egro Next, pour les boissons \u00e0 base de caf\u00e9 et de lait frais, et Egro Touch Coffee pour pr\u00e9paration automatique de caf\u00e9 filtre. <\/p>\n<p><strong>Convention internationale McDonald\u2019s<\/strong><br \/>\n4-7 avril 2022<br \/>\nOrange County Convention Center<br \/>\nOrlando, Floride<\/p>\n","protected":false},"excerpt":{"rendered":"<p>Rancilio Group fait partie des soci\u00e9t\u00e9s invit\u00e9es \u00e0 la convention internationale McDonald\u2019s organis\u00e9e \u00e0 Orlando en Floride, du 4 au&#8230;<\/p>\n","protected":false},"author":5,"featured_media":32801,"comment_status":"closed","ping_status":"closed","sticky":false,"template":"","format":"standard","meta":[],"categories":[878],"tags":[],"acf":[],"yoast_head":"<!-- This site is optimized with the Yoast SEO plugin v21.5 - https:\/\/yoast.com\/wordpress\/plugins\/seo\/ -->\n<title>Latest update about Rancilio Group en Floride pour la convention McDonald\u2019s - Rancilio Group<\/title>\n<meta name=\"description\" content=\"Read Rancilio Group&#039;s latest news about Rancilio Group en Floride pour la convention McDonald\u2019s\" \/>\n<meta name=\"robots\" content=\"index, follow, max-snippet:-1, max-image-preview:large, max-video-preview:-1\" \/>\n<link rel=\"canonical\" href=\"https:\/\/www.ranciliogroup.com\/fr\/rancilio-group-in-florida-for-the-mcdonalds-convention\/\" \/>\n<meta property=\"og:locale\" content=\"fr_FR\" \/>\n<meta property=\"og:type\" content=\"article\" \/>\n<meta property=\"og:title\" content=\"Latest update about Rancilio Group en Floride pour la convention McDonald\u2019s - Rancilio Group\" \/>\n<meta property=\"og:description\" content=\"Read Rancilio Group&#039;s latest news about Rancilio Group en Floride pour la convention McDonald\u2019s\" \/>\n<meta property=\"og:url\" content=\"https:\/\/www.ranciliogroup.com\/fr\/rancilio-group-in-florida-for-the-mcdonalds-convention\/\" \/>\n<meta property=\"og:site_name\" content=\"Rancilio Group\" \/>\n<meta property=\"article:publisher\" content=\"https:\/\/www.facebook.com\/RancilioGroup\" \/>\n<meta property=\"article:published_time\" content=\"2022-03-21T13:05:39+00:00\" \/>\n<meta property=\"article:modified_time\" content=\"2022-03-24T15:31:51+00:00\" \/>\n<meta property=\"og:image\" content=\"https:\/\/www.ranciliogroup.com\/app\/uploads\/2022\/03\/RG_WCMCDONALDS_01.jpg\" \/>\n\t<meta property=\"og:image:width\" content=\"1000\" \/>\n\t<meta property=\"og:image:height\" content=\"1000\" \/>\n\t<meta property=\"og:image:type\" content=\"image\/jpeg\" \/>\n<meta name=\"author\" content=\"temp circular\" \/>\n<meta name=\"twitter:card\" content=\"summary_large_image\" \/>\n<meta name=\"twitter:creator\" content=\"@ranciliogroup\" \/>\n<meta name=\"twitter:site\" content=\"@ranciliogroup\" \/>\n<meta name=\"twitter:label1\" content=\"Written by\" \/>\n\t<meta name=\"twitter:data1\" content=\"temp circular\" \/>\n\t<meta name=\"twitter:label2\" content=\"Est. reading time\" \/>\n\t<meta name=\"twitter:data2\" content=\"1 minute\" \/>\n<script type=\"application\/ld+json\" class=\"yoast-schema-graph\">{\"@context\":\"https:\/\/schema.org\",\"@graph\":[{\"@type\":\"Article\",\"@id\":\"https:\/\/www.ranciliogroup.com\/fr\/rancilio-group-in-florida-for-the-mcdonalds-convention\/#article\",\"isPartOf\":{\"@id\":\"https:\/\/www.ranciliogroup.com\/fr\/rancilio-group-in-florida-for-the-mcdonalds-convention\/\"},\"author\":{\"name\":\"temp circular\",\"@id\":\"https:\/\/www.ranciliogroup.com\/fr\/#\/schema\/person\/d6bf0a7dfe74cded3d64da8b2c92814c\"},\"headline\":\"Rancilio Group en Floride pour la convention McDonald\u2019s\",\"datePublished\":\"2022-03-21T13:05:39+00:00\",\"dateModified\":\"2022-03-24T15:31:51+00:00\",\"mainEntityOfPage\":{\"@id\":\"https:\/\/www.ranciliogroup.com\/fr\/rancilio-group-in-florida-for-the-mcdonalds-convention\/\"},\"wordCount\":187,\"publisher\":{\"@id\":\"https:\/\/www.ranciliogroup.com\/fr\/#organization\"},\"articleSection\":[\"Tous\"],\"inLanguage\":\"fr-FR\"},{\"@type\":\"WebPage\",\"@id\":\"https:\/\/www.ranciliogroup.com\/fr\/rancilio-group-in-florida-for-the-mcdonalds-convention\/\",\"url\":\"https:\/\/www.ranciliogroup.com\/fr\/rancilio-group-in-florida-for-the-mcdonalds-convention\/\",\"name\":\"Latest update about Rancilio Group en Floride pour la convention McDonald\u2019s - Rancilio Group\",\"isPartOf\":{\"@id\":\"https:\/\/www.ranciliogroup.com\/fr\/#website\"},\"datePublished\":\"2022-03-21T13:05:39+00:00\",\"dateModified\":\"2022-03-24T15:31:51+00:00\",\"description\":\"Read Rancilio Group's latest news about Rancilio Group en Floride pour la convention McDonald\u2019s\",\"breadcrumb\":{\"@id\":\"https:\/\/www.ranciliogroup.com\/fr\/rancilio-group-in-florida-for-the-mcdonalds-convention\/#breadcrumb\"},\"inLanguage\":\"fr-FR\",\"potentialAction\":[{\"@type\":\"ReadAction\",\"target\":[\"https:\/\/www.ranciliogroup.com\/fr\/rancilio-group-in-florida-for-the-mcdonalds-convention\/\"]}]},{\"@type\":\"BreadcrumbList\",\"@id\":\"https:\/\/www.ranciliogroup.com\/fr\/rancilio-group-in-florida-for-the-mcdonalds-convention\/#breadcrumb\",\"itemListElement\":[{\"@type\":\"ListItem\",\"position\":1,\"name\":\"Home\",\"item\":\"https:\/\/www.ranciliogroup.com\/fr\/\"},{\"@type\":\"ListItem\",\"position\":2,\"name\":\"Rancilio Group en Floride pour la convention McDonald\u2019s\"}]},{\"@type\":\"WebSite\",\"@id\":\"https:\/\/www.ranciliogroup.com\/fr\/#website\",\"url\":\"https:\/\/www.ranciliogroup.com\/fr\/\",\"name\":\"Rancilio Group\",\"description\":\"Leader des machines \u00e0 caf\u00e9 professionnelles\",\"publisher\":{\"@id\":\"https:\/\/www.ranciliogroup.com\/fr\/#organization\"},\"potentialAction\":[{\"@type\":\"SearchAction\",\"target\":{\"@type\":\"EntryPoint\",\"urlTemplate\":\"https:\/\/www.ranciliogroup.com\/fr\/?s={search_term_string}\"},\"query-input\":\"required name=search_term_string\"}],\"inLanguage\":\"fr-FR\"},{\"@type\":\"Organization\",\"@id\":\"https:\/\/www.ranciliogroup.com\/fr\/#organization\",\"name\":\"Rancilio Group\",\"url\":\"https:\/\/www.ranciliogroup.com\/fr\/\",\"logo\":{\"@type\":\"ImageObject\",\"inLanguage\":\"fr-FR\",\"@id\":\"https:\/\/www.ranciliogroup.com\/fr\/#\/schema\/logo\/image\/\",\"url\":\"https:\/\/www.ranciliogroup.com\/app\/uploads\/2019\/07\/rancilio_black_logo.png\",\"contentUrl\":\"https:\/\/www.ranciliogroup.com\/app\/uploads\/2019\/07\/rancilio_black_logo.png\",\"width\":447,\"height\":57,\"caption\":\"Rancilio Group\"},\"image\":{\"@id\":\"https:\/\/www.ranciliogroup.com\/fr\/#\/schema\/logo\/image\/\"},\"sameAs\":[\"https:\/\/www.facebook.com\/RancilioGroup\",\"https:\/\/twitter.com\/ranciliogroup\",\"https:\/\/www.instagram.com\/rancilio_official\/\",\"https:\/\/www.linkedin.com\/company\/ranciliogroup\/\",\"https:\/\/www.youtube.com\/user\/rancilioadmin\"]},{\"@type\":\"Person\",\"@id\":\"https:\/\/www.ranciliogroup.com\/fr\/#\/schema\/person\/d6bf0a7dfe74cded3d64da8b2c92814c\",\"name\":\"temp circular\",\"image\":{\"@type\":\"ImageObject\",\"inLanguage\":\"fr-FR\",\"@id\":\"https:\/\/www.ranciliogroup.com\/fr\/#\/schema\/person\/image\/\",\"url\":\"https:\/\/secure.gravatar.com\/avatar\/569e71c3b97b8bcad1854d6579b35c5f?s=96&d=mm&r=g\",\"contentUrl\":\"https:\/\/secure.gravatar.com\/avatar\/569e71c3b97b8bcad1854d6579b35c5f?s=96&d=mm&r=g\",\"caption\":\"temp circular\"}}]}<\/script>\n<!-- \/ Yoast SEO plugin. -->","yoast_head_json":{"title":"Latest update about Rancilio Group en Floride pour la convention McDonald\u2019s - Rancilio Group","description":"Read Rancilio Group's latest news about Rancilio Group en Floride pour la convention McDonald\u2019s","robots":{"index":"index","follow":"follow","max-snippet":"max-snippet:-1","max-image-preview":"max-image-preview:large","max-video-preview":"max-video-preview:-1"},"canonical":"https:\/\/www.ranciliogroup.com\/fr\/rancilio-group-in-florida-for-the-mcdonalds-convention\/","og_locale":"fr_FR","og_type":"article","og_title":"Latest update about Rancilio Group en Floride pour la convention McDonald\u2019s - Rancilio Group","og_description":"Read Rancilio Group's latest news about Rancilio Group en Floride pour la convention McDonald\u2019s","og_url":"https:\/\/www.ranciliogroup.com\/fr\/rancilio-group-in-florida-for-the-mcdonalds-convention\/","og_site_name":"Rancilio Group","article_publisher":"https:\/\/www.facebook.com\/RancilioGroup","article_published_time":"2022-03-21T13:05:39+00:00","article_modified_time":"2022-03-24T15:31:51+00:00","og_image":[{"width":1000,"height":1000,"url":"https:\/\/www.ranciliogroup.com\/app\/uploads\/2022\/03\/RG_WCMCDONALDS_01.jpg","type":"image\/jpeg"}],"author":"temp circular","twitter_card":"summary_large_image","twitter_creator":"@ranciliogroup","twitter_site":"@ranciliogroup","twitter_misc":{"Written by":"temp circular","Est. reading time":"1 minute"},"schema":{"@context":"https:\/\/schema.org","@graph":[{"@type":"Article","@id":"https:\/\/www.ranciliogroup.com\/fr\/rancilio-group-in-florida-for-the-mcdonalds-convention\/#article","isPartOf":{"@id":"https:\/\/www.ranciliogroup.com\/fr\/rancilio-group-in-florida-for-the-mcdonalds-convention\/"},"author":{"name":"temp circular","@id":"https:\/\/www.ranciliogroup.com\/fr\/#\/schema\/person\/d6bf0a7dfe74cded3d64da8b2c92814c"},"headline":"Rancilio Group en Floride pour la convention McDonald\u2019s","datePublished":"2022-03-21T13:05:39+00:00","dateModified":"2022-03-24T15:31:51+00:00","mainEntityOfPage":{"@id":"https:\/\/www.ranciliogroup.com\/fr\/rancilio-group-in-florida-for-the-mcdonalds-convention\/"},"wordCount":187,"publisher":{"@id":"https:\/\/www.ranciliogroup.com\/fr\/#organization"},"articleSection":["Tous"],"inLanguage":"fr-FR"},{"@type":"WebPage","@id":"https:\/\/www.ranciliogroup.com\/fr\/rancilio-group-in-florida-for-the-mcdonalds-convention\/","url":"https:\/\/www.ranciliogroup.com\/fr\/rancilio-group-in-florida-for-the-mcdonalds-convention\/","name":"Latest update about Rancilio Group en Floride pour la convention McDonald\u2019s - Rancilio Group","isPartOf":{"@id":"https:\/\/www.ranciliogroup.com\/fr\/#website"},"datePublished":"2022-03-21T13:05:39+00:00","dateModified":"2022-03-24T15:31:51+00:00","description":"Read Rancilio Group's latest news about Rancilio Group en Floride pour la convention McDonald\u2019s","breadcrumb":{"@id":"https:\/\/www.ranciliogroup.com\/fr\/rancilio-group-in-florida-for-the-mcdonalds-convention\/#breadcrumb"},"inLanguage":"fr-FR","potentialAction":[{"@type":"ReadAction","target":["https:\/\/www.ranciliogroup.com\/fr\/rancilio-group-in-florida-for-the-mcdonalds-convention\/"]}]},{"@type":"BreadcrumbList","@id":"https:\/\/www.ranciliogroup.com\/fr\/rancilio-group-in-florida-for-the-mcdonalds-convention\/#breadcrumb","itemListElement":[{"@type":"ListItem","position":1,"name":"Home","item":"https:\/\/www.ranciliogroup.com\/fr\/"},{"@type":"ListItem","position":2,"name":"Rancilio Group en Floride pour la convention McDonald\u2019s"}]},{"@type":"WebSite","@id":"https:\/\/www.ranciliogroup.com\/fr\/#website","url":"https:\/\/www.ranciliogroup.com\/fr\/","name":"Rancilio Group","description":"Leader des machines \u00e0 caf\u00e9 professionnelles","publisher":{"@id":"https:\/\/www.ranciliogroup.com\/fr\/#organization"},"potentialAction":[{"@type":"SearchAction","target":{"@type":"EntryPoint","urlTemplate":"https:\/\/www.ranciliogroup.com\/fr\/?s={search_term_string}"},"query-input":"required name=search_term_string"}],"inLanguage":"fr-FR"},{"@type":"Organization","@id":"https:\/\/www.ranciliogroup.com\/fr\/#organization","name":"Rancilio Group","url":"https:\/\/www.ranciliogroup.com\/fr\/","logo":{"@type":"ImageObject","inLanguage":"fr-FR","@id":"https:\/\/www.ranciliogroup.com\/fr\/#\/schema\/logo\/image\/","url":"https:\/\/www.ranciliogroup.com\/app\/uploads\/2019\/07\/rancilio_black_logo.png","contentUrl":"https:\/\/www.ranciliogroup.com\/app\/uploads\/2019\/07\/rancilio_black_logo.png","width":447,"height":57,"caption":"Rancilio Group"},"image":{"@id":"https:\/\/www.ranciliogroup.com\/fr\/#\/schema\/logo\/image\/"},"sameAs":["https:\/\/www.facebook.com\/RancilioGroup","https:\/\/twitter.com\/ranciliogroup","https:\/\/www.instagram.com\/rancilio_official\/","https:\/\/www.linkedin.com\/company\/ranciliogroup\/","https:\/\/www.youtube.com\/user\/rancilioadmin"]},{"@type":"Person","@id":"https:\/\/www.ranciliogroup.com\/fr\/#\/schema\/person\/d6bf0a7dfe74cded3d64da8b2c92814c","name":"temp circular","image":{"@type":"ImageObject","inLanguage":"fr-FR","@id":"https:\/\/www.ranciliogroup.com\/fr\/#\/schema\/person\/image\/","url":"https:\/\/secure.gravatar.com\/avatar\/569e71c3b97b8bcad1854d6579b35c5f?s=96&d=mm&r=g","contentUrl":"https:\/\/secure.gravatar.com\/avatar\/569e71c3b97b8bcad1854d6579b35c5f?s=96&d=mm&r=g","caption":"temp circular"}}]}},"_links":{"self":[{"href":"https:\/\/www.ranciliogroup.com\/fr\/wp-json\/wp\/v2\/posts\/32785"}],"collection":[{"href":"https:\/\/www.ranciliogroup.com\/fr\/wp-json\/wp\/v2\/posts"}],"about":[{"href":"https:\/\/www.ranciliogroup.com\/fr\/wp-json\/wp\/v2\/types\/post"}],"author":[{"embeddable":true,"href":"https:\/\/www.ranciliogroup.com\/fr\/wp-json\/wp\/v2\/users\/5"}],"replies":[{"embeddable":true,"href":"https:\/\/www.ranciliogroup.com\/fr\/wp-json\/wp\/v2\/comments?post=32785"}],"version-history":[{"count":3,"href":"https:\/\/www.ranciliogroup.com\/fr\/wp-json\/wp\/v2\/posts\/32785\/revisions"}],"predecessor-version":[{"id":44045,"href":"https:\/\/www.ranciliogroup.com\/fr\/wp-json\/wp\/v2\/posts\/32785\/revisions\/44045"}],"wp:featuredmedia":[{"embeddable":true,"href":"https:\/\/www.ranciliogroup.com\/fr\/wp-json\/wp\/v2\/media\/32801"}],"wp:attachment":[{"href":"https:\/\/www.ranciliogroup.com\/fr\/wp-json\/wp\/v2\/media?parent=32785"}],"wp:term":[{"taxonomy":"category","embeddable":true,"href":"https:\/\/www.ranciliogroup.com\/fr\/wp-json\/wp\/v2\/categories?post=32785"},{"taxonomy":"post_tag","embeddable":true,"href":"https:\/\/www.ranciliogroup.com\/fr\/wp-json\/wp\/v2\/tags?post=32785"}],"curies":[{"name":"wp","href":"https:\/\/api.w.org\/{rel}","templated":true}]}}