{"id":32898,"date":"2022-03-17T14:06:53","date_gmt":"2022-03-17T13:06:53","guid":{"rendered":"https:\/\/www.ranciliogroup.com\/?p=32898"},"modified":"2022-03-24T16:45:35","modified_gmt":"2022-03-24T15:45:35","slug":"rancilio-group-at-the-lisbon-coffee-fest","status":"publish","type":"post","link":"https:\/\/www.ranciliogroup.com\/fr\/rancilio-group-at-the-lisbon-coffee-fest\/","title":{"rendered":"Rancilio Group au Lisbon Coffee Fest"},"content":{"rendered":"<p><em>La filiale portugaise de Rancilio Group participera \u00e0 la prochaine \u00e9dition du Lisbon Coffee Fest qui se tiendra du 25 au 27 mars 2022 \u00e0 la LX Factory, l\u2019ancienne zone industrielle d\u2019Alcantara.  <\/em><br \/>\nUn \u00e9v\u00e8nement tr\u00e8s attendu qui accueillera les finales du championnat des baristas, organis\u00e9 par la Specialty Coffee Association (SCA) et proposera \u00e9galement un calendrier riche en \u00e9v\u00e9nements avec de nombreux ateliers, un concours pour le meilleur torr\u00e9facteur et une exposition sur l\u2019histoire du caf\u00e9. Le public portugais aura aussi l\u2019occasion de d\u00e9couvrir les toutes derni\u00e8res innovations de la machine \u00e0 caf\u00e9 expresso Rancilio Specialty RS1. \u00c9quip\u00e9e d\u2019une nouvelle interface con\u00e7ue pour mettre en valeur les principales fonctions de la machine et simplifier le travail du barista, RS1 dispose \u00e9galement d\u2019une nouvelle technologie permettant de contr\u00f4ler les phases de pr\u00e9- et post-infusion. Cette nouvelle technologie associ\u00e9e \u00e0 celle du profilage de la temp\u00e9rature avanc\u00e9, d\u00e9j\u00e0 disponible, permet de g\u00e9rer les deux variables qui influencent le plus le r\u00e9sultat de chaque extraction de caf\u00e9 : la temp\u00e9rature et la pression. RS1 sera pr\u00e9sent\u00e9e \u00e0 la fois en version inox et en version noire, une couleur qui, \u00e0 partir de cette ann\u00e9e, devient, tout comme le blanc, une couleur standard de ce produit. Kryo Evo OD, la nouvelle version du moulin \u00e0 caf\u00e9 \u00e0 la demande de la ligne Rancilio Grindtec, sera \u00e9galement pr\u00e9sent\u00e9e au Lisbon Coffee Fest. <\/p>\n<p><strong>Lisbon Coffee Fest<\/strong><br \/>\n25-27 mars 2022<br \/>\nXL Factory &#8211; Lisbonne<br \/>\nRancilio Group<br \/>\nStand G4<\/p>\n","protected":false},"excerpt":{"rendered":"<p>La filiale portugaise de Rancilio Group participera \u00e0 la prochaine \u00e9dition du Lisbon Coffee Fest qui se tiendra du 25&#8230;<\/p>\n","protected":false},"author":5,"featured_media":32891,"comment_status":"closed","ping_status":"closed","sticky":false,"template":"","format":"standard","meta":[],"categories":[878],"tags":[],"acf":[],"yoast_head":"<!-- This site is optimized with the Yoast SEO plugin v21.5 - https:\/\/yoast.com\/wordpress\/plugins\/seo\/ -->\n<title>Latest update about Rancilio Group au Lisbon Coffee Fest - Rancilio Group<\/title>\n<meta name=\"description\" content=\"Read Rancilio Group&#039;s latest news about Rancilio Group au Lisbon Coffee Fest\" \/>\n<meta name=\"robots\" content=\"index, follow, max-snippet:-1, max-image-preview:large, max-video-preview:-1\" \/>\n<link rel=\"canonical\" href=\"https:\/\/www.ranciliogroup.com\/fr\/rancilio-group-at-the-lisbon-coffee-fest\/\" \/>\n<meta property=\"og:locale\" content=\"fr_FR\" \/>\n<meta property=\"og:type\" content=\"article\" \/>\n<meta property=\"og:title\" content=\"Latest update about Rancilio Group au Lisbon Coffee Fest - Rancilio Group\" \/>\n<meta property=\"og:description\" content=\"Read Rancilio Group&#039;s latest news about Rancilio Group au Lisbon Coffee Fest\" \/>\n<meta property=\"og:url\" content=\"https:\/\/www.ranciliogroup.com\/fr\/rancilio-group-at-the-lisbon-coffee-fest\/\" \/>\n<meta property=\"og:site_name\" content=\"Rancilio Group\" \/>\n<meta property=\"article:publisher\" content=\"https:\/\/www.facebook.com\/RancilioGroup\" \/>\n<meta property=\"article:published_time\" content=\"2022-03-17T13:06:53+00:00\" \/>\n<meta property=\"article:modified_time\" content=\"2022-03-24T15:45:35+00:00\" \/>\n<meta property=\"og:image\" content=\"https:\/\/www.ranciliogroup.com\/app\/uploads\/2022\/03\/RG_LISBON-COFFEE-FEST_03-1024x682.png\" \/>\n\t<meta property=\"og:image:width\" content=\"1024\" \/>\n\t<meta property=\"og:image:height\" content=\"682\" \/>\n\t<meta property=\"og:image:type\" content=\"image\/png\" \/>\n<meta name=\"author\" content=\"temp circular\" \/>\n<meta name=\"twitter:card\" content=\"summary_large_image\" \/>\n<meta name=\"twitter:creator\" content=\"@ranciliogroup\" \/>\n<meta name=\"twitter:site\" content=\"@ranciliogroup\" \/>\n<meta name=\"twitter:label1\" content=\"Written by\" \/>\n\t<meta name=\"twitter:data1\" content=\"temp circular\" \/>\n\t<meta name=\"twitter:label2\" content=\"Est. reading time\" \/>\n\t<meta name=\"twitter:data2\" content=\"1 minute\" \/>\n<script type=\"application\/ld+json\" class=\"yoast-schema-graph\">{\"@context\":\"https:\/\/schema.org\",\"@graph\":[{\"@type\":\"Article\",\"@id\":\"https:\/\/www.ranciliogroup.com\/fr\/rancilio-group-at-the-lisbon-coffee-fest\/#article\",\"isPartOf\":{\"@id\":\"https:\/\/www.ranciliogroup.com\/fr\/rancilio-group-at-the-lisbon-coffee-fest\/\"},\"author\":{\"name\":\"temp circular\",\"@id\":\"https:\/\/www.ranciliogroup.com\/fr\/#\/schema\/person\/d6bf0a7dfe74cded3d64da8b2c92814c\"},\"headline\":\"Rancilio Group au Lisbon Coffee Fest\",\"datePublished\":\"2022-03-17T13:06:53+00:00\",\"dateModified\":\"2022-03-24T15:45:35+00:00\",\"mainEntityOfPage\":{\"@id\":\"https:\/\/www.ranciliogroup.com\/fr\/rancilio-group-at-the-lisbon-coffee-fest\/\"},\"wordCount\":261,\"publisher\":{\"@id\":\"https:\/\/www.ranciliogroup.com\/fr\/#organization\"},\"articleSection\":[\"Tous\"],\"inLanguage\":\"fr-FR\"},{\"@type\":\"WebPage\",\"@id\":\"https:\/\/www.ranciliogroup.com\/fr\/rancilio-group-at-the-lisbon-coffee-fest\/\",\"url\":\"https:\/\/www.ranciliogroup.com\/fr\/rancilio-group-at-the-lisbon-coffee-fest\/\",\"name\":\"Latest update about Rancilio Group au Lisbon Coffee Fest - Rancilio Group\",\"isPartOf\":{\"@id\":\"https:\/\/www.ranciliogroup.com\/fr\/#website\"},\"datePublished\":\"2022-03-17T13:06:53+00:00\",\"dateModified\":\"2022-03-24T15:45:35+00:00\",\"description\":\"Read Rancilio Group's latest news about Rancilio Group au Lisbon Coffee Fest\",\"breadcrumb\":{\"@id\":\"https:\/\/www.ranciliogroup.com\/fr\/rancilio-group-at-the-lisbon-coffee-fest\/#breadcrumb\"},\"inLanguage\":\"fr-FR\",\"potentialAction\":[{\"@type\":\"ReadAction\",\"target\":[\"https:\/\/www.ranciliogroup.com\/fr\/rancilio-group-at-the-lisbon-coffee-fest\/\"]}]},{\"@type\":\"BreadcrumbList\",\"@id\":\"https:\/\/www.ranciliogroup.com\/fr\/rancilio-group-at-the-lisbon-coffee-fest\/#breadcrumb\",\"itemListElement\":[{\"@type\":\"ListItem\",\"position\":1,\"name\":\"Home\",\"item\":\"https:\/\/www.ranciliogroup.com\/fr\/\"},{\"@type\":\"ListItem\",\"position\":2,\"name\":\"Rancilio Group au Lisbon Coffee Fest\"}]},{\"@type\":\"WebSite\",\"@id\":\"https:\/\/www.ranciliogroup.com\/fr\/#website\",\"url\":\"https:\/\/www.ranciliogroup.com\/fr\/\",\"name\":\"Rancilio Group\",\"description\":\"Leader des machines \u00e0 caf\u00e9 professionnelles\",\"publisher\":{\"@id\":\"https:\/\/www.ranciliogroup.com\/fr\/#organization\"},\"potentialAction\":[{\"@type\":\"SearchAction\",\"target\":{\"@type\":\"EntryPoint\",\"urlTemplate\":\"https:\/\/www.ranciliogroup.com\/fr\/?s={search_term_string}\"},\"query-input\":\"required name=search_term_string\"}],\"inLanguage\":\"fr-FR\"},{\"@type\":\"Organization\",\"@id\":\"https:\/\/www.ranciliogroup.com\/fr\/#organization\",\"name\":\"Rancilio Group\",\"url\":\"https:\/\/www.ranciliogroup.com\/fr\/\",\"logo\":{\"@type\":\"ImageObject\",\"inLanguage\":\"fr-FR\",\"@id\":\"https:\/\/www.ranciliogroup.com\/fr\/#\/schema\/logo\/image\/\",\"url\":\"https:\/\/www.ranciliogroup.com\/app\/uploads\/2019\/07\/rancilio_black_logo.png\",\"contentUrl\":\"https:\/\/www.ranciliogroup.com\/app\/uploads\/2019\/07\/rancilio_black_logo.png\",\"width\":447,\"height\":57,\"caption\":\"Rancilio Group\"},\"image\":{\"@id\":\"https:\/\/www.ranciliogroup.com\/fr\/#\/schema\/logo\/image\/\"},\"sameAs\":[\"https:\/\/www.facebook.com\/RancilioGroup\",\"https:\/\/twitter.com\/ranciliogroup\",\"https:\/\/www.instagram.com\/rancilio_official\/\",\"https:\/\/www.linkedin.com\/company\/ranciliogroup\/\",\"https:\/\/www.youtube.com\/user\/rancilioadmin\"]},{\"@type\":\"Person\",\"@id\":\"https:\/\/www.ranciliogroup.com\/fr\/#\/schema\/person\/d6bf0a7dfe74cded3d64da8b2c92814c\",\"name\":\"temp circular\",\"image\":{\"@type\":\"ImageObject\",\"inLanguage\":\"fr-FR\",\"@id\":\"https:\/\/www.ranciliogroup.com\/fr\/#\/schema\/person\/image\/\",\"url\":\"https:\/\/secure.gravatar.com\/avatar\/569e71c3b97b8bcad1854d6579b35c5f?s=96&d=mm&r=g\",\"contentUrl\":\"https:\/\/secure.gravatar.com\/avatar\/569e71c3b97b8bcad1854d6579b35c5f?s=96&d=mm&r=g\",\"caption\":\"temp circular\"}}]}<\/script>\n<!-- \/ Yoast SEO plugin. -->","yoast_head_json":{"title":"Latest update about Rancilio Group au Lisbon Coffee Fest - Rancilio Group","description":"Read Rancilio Group's latest news about Rancilio Group au Lisbon Coffee Fest","robots":{"index":"index","follow":"follow","max-snippet":"max-snippet:-1","max-image-preview":"max-image-preview:large","max-video-preview":"max-video-preview:-1"},"canonical":"https:\/\/www.ranciliogroup.com\/fr\/rancilio-group-at-the-lisbon-coffee-fest\/","og_locale":"fr_FR","og_type":"article","og_title":"Latest update about Rancilio Group au Lisbon Coffee Fest - Rancilio Group","og_description":"Read Rancilio Group's latest news about Rancilio Group au Lisbon Coffee Fest","og_url":"https:\/\/www.ranciliogroup.com\/fr\/rancilio-group-at-the-lisbon-coffee-fest\/","og_site_name":"Rancilio Group","article_publisher":"https:\/\/www.facebook.com\/RancilioGroup","article_published_time":"2022-03-17T13:06:53+00:00","article_modified_time":"2022-03-24T15:45:35+00:00","og_image":[{"width":1024,"height":682,"url":"https:\/\/www.ranciliogroup.com\/app\/uploads\/2022\/03\/RG_LISBON-COFFEE-FEST_03-1024x682.png","type":"image\/png"}],"author":"temp circular","twitter_card":"summary_large_image","twitter_creator":"@ranciliogroup","twitter_site":"@ranciliogroup","twitter_misc":{"Written by":"temp circular","Est. reading time":"1 minute"},"schema":{"@context":"https:\/\/schema.org","@graph":[{"@type":"Article","@id":"https:\/\/www.ranciliogroup.com\/fr\/rancilio-group-at-the-lisbon-coffee-fest\/#article","isPartOf":{"@id":"https:\/\/www.ranciliogroup.com\/fr\/rancilio-group-at-the-lisbon-coffee-fest\/"},"author":{"name":"temp circular","@id":"https:\/\/www.ranciliogroup.com\/fr\/#\/schema\/person\/d6bf0a7dfe74cded3d64da8b2c92814c"},"headline":"Rancilio Group au Lisbon Coffee Fest","datePublished":"2022-03-17T13:06:53+00:00","dateModified":"2022-03-24T15:45:35+00:00","mainEntityOfPage":{"@id":"https:\/\/www.ranciliogroup.com\/fr\/rancilio-group-at-the-lisbon-coffee-fest\/"},"wordCount":261,"publisher":{"@id":"https:\/\/www.ranciliogroup.com\/fr\/#organization"},"articleSection":["Tous"],"inLanguage":"fr-FR"},{"@type":"WebPage","@id":"https:\/\/www.ranciliogroup.com\/fr\/rancilio-group-at-the-lisbon-coffee-fest\/","url":"https:\/\/www.ranciliogroup.com\/fr\/rancilio-group-at-the-lisbon-coffee-fest\/","name":"Latest update about Rancilio Group au Lisbon Coffee Fest - Rancilio Group","isPartOf":{"@id":"https:\/\/www.ranciliogroup.com\/fr\/#website"},"datePublished":"2022-03-17T13:06:53+00:00","dateModified":"2022-03-24T15:45:35+00:00","description":"Read Rancilio Group's latest news about Rancilio Group au Lisbon Coffee Fest","breadcrumb":{"@id":"https:\/\/www.ranciliogroup.com\/fr\/rancilio-group-at-the-lisbon-coffee-fest\/#breadcrumb"},"inLanguage":"fr-FR","potentialAction":[{"@type":"ReadAction","target":["https:\/\/www.ranciliogroup.com\/fr\/rancilio-group-at-the-lisbon-coffee-fest\/"]}]},{"@type":"BreadcrumbList","@id":"https:\/\/www.ranciliogroup.com\/fr\/rancilio-group-at-the-lisbon-coffee-fest\/#breadcrumb","itemListElement":[{"@type":"ListItem","position":1,"name":"Home","item":"https:\/\/www.ranciliogroup.com\/fr\/"},{"@type":"ListItem","position":2,"name":"Rancilio Group au Lisbon Coffee Fest"}]},{"@type":"WebSite","@id":"https:\/\/www.ranciliogroup.com\/fr\/#website","url":"https:\/\/www.ranciliogroup.com\/fr\/","name":"Rancilio Group","description":"Leader des machines \u00e0 caf\u00e9 professionnelles","publisher":{"@id":"https:\/\/www.ranciliogroup.com\/fr\/#organization"},"potentialAction":[{"@type":"SearchAction","target":{"@type":"EntryPoint","urlTemplate":"https:\/\/www.ranciliogroup.com\/fr\/?s={search_term_string}"},"query-input":"required name=search_term_string"}],"inLanguage":"fr-FR"},{"@type":"Organization","@id":"https:\/\/www.ranciliogroup.com\/fr\/#organization","name":"Rancilio Group","url":"https:\/\/www.ranciliogroup.com\/fr\/","logo":{"@type":"ImageObject","inLanguage":"fr-FR","@id":"https:\/\/www.ranciliogroup.com\/fr\/#\/schema\/logo\/image\/","url":"https:\/\/www.ranciliogroup.com\/app\/uploads\/2019\/07\/rancilio_black_logo.png","contentUrl":"https:\/\/www.ranciliogroup.com\/app\/uploads\/2019\/07\/rancilio_black_logo.png","width":447,"height":57,"caption":"Rancilio Group"},"image":{"@id":"https:\/\/www.ranciliogroup.com\/fr\/#\/schema\/logo\/image\/"},"sameAs":["https:\/\/www.facebook.com\/RancilioGroup","https:\/\/twitter.com\/ranciliogroup","https:\/\/www.instagram.com\/rancilio_official\/","https:\/\/www.linkedin.com\/company\/ranciliogroup\/","https:\/\/www.youtube.com\/user\/rancilioadmin"]},{"@type":"Person","@id":"https:\/\/www.ranciliogroup.com\/fr\/#\/schema\/person\/d6bf0a7dfe74cded3d64da8b2c92814c","name":"temp circular","image":{"@type":"ImageObject","inLanguage":"fr-FR","@id":"https:\/\/www.ranciliogroup.com\/fr\/#\/schema\/person\/image\/","url":"https:\/\/secure.gravatar.com\/avatar\/569e71c3b97b8bcad1854d6579b35c5f?s=96&d=mm&r=g","contentUrl":"https:\/\/secure.gravatar.com\/avatar\/569e71c3b97b8bcad1854d6579b35c5f?s=96&d=mm&r=g","caption":"temp circular"}}]}},"_links":{"self":[{"href":"https:\/\/www.ranciliogroup.com\/fr\/wp-json\/wp\/v2\/posts\/32898"}],"collection":[{"href":"https:\/\/www.ranciliogroup.com\/fr\/wp-json\/wp\/v2\/posts"}],"about":[{"href":"https:\/\/www.ranciliogroup.com\/fr\/wp-json\/wp\/v2\/types\/post"}],"author":[{"embeddable":true,"href":"https:\/\/www.ranciliogroup.com\/fr\/wp-json\/wp\/v2\/users\/5"}],"replies":[{"embeddable":true,"href":"https:\/\/www.ranciliogroup.com\/fr\/wp-json\/wp\/v2\/comments?post=32898"}],"version-history":[{"count":2,"href":"https:\/\/www.ranciliogroup.com\/fr\/wp-json\/wp\/v2\/posts\/32898\/revisions"}],"predecessor-version":[{"id":44054,"href":"https:\/\/www.ranciliogroup.com\/fr\/wp-json\/wp\/v2\/posts\/32898\/revisions\/44054"}],"wp:featuredmedia":[{"embeddable":true,"href":"https:\/\/www.ranciliogroup.com\/fr\/wp-json\/wp\/v2\/media\/32891"}],"wp:attachment":[{"href":"https:\/\/www.ranciliogroup.com\/fr\/wp-json\/wp\/v2\/media?parent=32898"}],"wp:term":[{"taxonomy":"category","embeddable":true,"href":"https:\/\/www.ranciliogroup.com\/fr\/wp-json\/wp\/v2\/categories?post=32898"},{"taxonomy":"post_tag","embeddable":true,"href":"https:\/\/www.ranciliogroup.com\/fr\/wp-json\/wp\/v2\/tags?post=32898"}],"curies":[{"name":"wp","href":"https:\/\/api.w.org\/{rel}","templated":true}]}}