{"id":32918,"date":"2022-03-15T12:46:36","date_gmt":"2022-03-15T11:46:36","guid":{"rendered":"https:\/\/www.ranciliogroup.com\/?p=32918"},"modified":"2022-03-24T16:55:29","modified_gmt":"2022-03-24T15:55:29","slug":"rancilio-specialty-flies-to-germany-for-barista-league-hamburg","status":"publish","type":"post","link":"https:\/\/www.ranciliogroup.com\/fr\/rancilio-specialty-flies-to-germany-for-barista-league-hamburg\/","title":{"rendered":"Rancilio Specialty s\u2019envole pour l\u2019Allemagne pour participer \u00e0 la Barista League Hamburg"},"content":{"rendered":"<p><em>La prochaine \u00e9dition de la Barista League se tiendra samedi 19 mars 2022 au Drilling de Hambourg, l\u2019endroit pr\u00e9f\u00e9r\u00e9 de tous les amateurs de caf\u00e9 de la ville.<\/em><\/p>\n<p>Une fois de plus, la comp\u00e9tition pour les baristas amateurs sera une occasion de f\u00eate avec la machine \u00e0 caf\u00e9 Rancilio Specialty RS1 sur le devant de la sc\u00e8ne, de nouveau en tant que sponsor technique de l\u2019\u00e9v\u00e9nement. Trois s\u00e9ries de d\u00e9fis sur le th\u00e8me du caf\u00e9, avec la musique de MC Susie Kealy pour faire danser baristas et spectateurs, du fun et des bonnes vibrations, mais aussi les meilleurs grains de caf\u00e9 de la ville, voil\u00e0 les ingr\u00e9dients parfaits pour faire de cet \u00e9v\u00e9nement de Hambourg un rendez-vous inoubliable. Les noms des membres du jury ont d\u00e9j\u00e0 \u00e9t\u00e9 communiqu\u00e9s : Janine De Laar, Themba Tshabalala, Agnieszka Kruk, Chris Balz et Vejlko Tatalovic. Comme toujours, tout le monde est invit\u00e9. <\/p>\n<p><a href=\"https:\/\/www.tickettailor.com\/events\/thebaristaleague\/612004\/\">Les billets sont disponibles sur <\/a>.<\/p>\n<p>Ouverture pr\u00e9vue \u00e0 18:00 ; les organisateurs ont pr\u00e9vu la fermeture entre 22:30 et 23:00.<\/p>\n<p><strong>Barista League Hamburg<\/strong><br \/>\nSamedi 19 mars<br \/>\nde 18:00 \u00e0 22:30<br \/>\nDrilling Hamburg <\/p>\n","protected":false},"excerpt":{"rendered":"<p>La prochaine \u00e9dition de la Barista League se tiendra samedi 19 mars 2022 au Drilling de Hambourg, l\u2019endroit pr\u00e9f\u00e9r\u00e9 de&#8230;<\/p>\n","protected":false},"author":5,"featured_media":32911,"comment_status":"closed","ping_status":"closed","sticky":false,"template":"","format":"standard","meta":[],"categories":[878],"tags":[],"acf":[],"yoast_head":"<!-- This site is optimized with the Yoast SEO plugin v21.5 - https:\/\/yoast.com\/wordpress\/plugins\/seo\/ -->\n<title>Latest update about Rancilio Specialty s\u2019envole pour l\u2019Allemagne pour participer \u00e0 la Barista League Hamburg - Rancilio Group<\/title>\n<meta name=\"description\" content=\"Read Rancilio Group&#039;s latest news about Rancilio Specialty s\u2019envole pour l\u2019Allemagne pour participer \u00e0 la Barista League Hamburg\" \/>\n<meta name=\"robots\" content=\"index, follow, max-snippet:-1, max-image-preview:large, max-video-preview:-1\" \/>\n<link rel=\"canonical\" href=\"https:\/\/www.ranciliogroup.com\/fr\/rancilio-specialty-flies-to-germany-for-barista-league-hamburg\/\" \/>\n<meta property=\"og:locale\" content=\"fr_FR\" \/>\n<meta property=\"og:type\" content=\"article\" \/>\n<meta property=\"og:title\" content=\"Latest update about Rancilio Specialty s\u2019envole pour l\u2019Allemagne pour participer \u00e0 la Barista League Hamburg - Rancilio Group\" \/>\n<meta property=\"og:description\" content=\"Read Rancilio Group&#039;s latest news about Rancilio Specialty s\u2019envole pour l\u2019Allemagne pour participer \u00e0 la Barista League Hamburg\" \/>\n<meta property=\"og:url\" content=\"https:\/\/www.ranciliogroup.com\/fr\/rancilio-specialty-flies-to-germany-for-barista-league-hamburg\/\" \/>\n<meta property=\"og:site_name\" content=\"Rancilio Group\" \/>\n<meta property=\"article:publisher\" content=\"https:\/\/www.facebook.com\/RancilioGroup\" \/>\n<meta property=\"article:published_time\" content=\"2022-03-15T11:46:36+00:00\" \/>\n<meta property=\"article:modified_time\" content=\"2022-03-24T15:55:29+00:00\" \/>\n<meta property=\"og:image\" content=\"https:\/\/www.ranciliogroup.com\/app\/uploads\/2022\/03\/Upcoming_events_Hamburg.png\" \/>\n\t<meta property=\"og:image:width\" content=\"500\" \/>\n\t<meta property=\"og:image:height\" content=\"503\" \/>\n\t<meta property=\"og:image:type\" content=\"image\/png\" \/>\n<meta name=\"author\" content=\"temp circular\" \/>\n<meta name=\"twitter:card\" content=\"summary_large_image\" \/>\n<meta name=\"twitter:creator\" content=\"@ranciliogroup\" \/>\n<meta name=\"twitter:site\" content=\"@ranciliogroup\" \/>\n<meta name=\"twitter:label1\" content=\"Written by\" \/>\n\t<meta name=\"twitter:data1\" content=\"temp circular\" \/>\n\t<meta name=\"twitter:label2\" content=\"Est. reading time\" \/>\n\t<meta name=\"twitter:data2\" content=\"1 minute\" \/>\n<script type=\"application\/ld+json\" class=\"yoast-schema-graph\">{\"@context\":\"https:\/\/schema.org\",\"@graph\":[{\"@type\":\"Article\",\"@id\":\"https:\/\/www.ranciliogroup.com\/fr\/rancilio-specialty-flies-to-germany-for-barista-league-hamburg\/#article\",\"isPartOf\":{\"@id\":\"https:\/\/www.ranciliogroup.com\/fr\/rancilio-specialty-flies-to-germany-for-barista-league-hamburg\/\"},\"author\":{\"name\":\"temp circular\",\"@id\":\"https:\/\/www.ranciliogroup.com\/fr\/#\/schema\/person\/d6bf0a7dfe74cded3d64da8b2c92814c\"},\"headline\":\"Rancilio Specialty s\u2019envole pour l\u2019Allemagne pour participer \u00e0 la Barista League Hamburg\",\"datePublished\":\"2022-03-15T11:46:36+00:00\",\"dateModified\":\"2022-03-24T15:55:29+00:00\",\"mainEntityOfPage\":{\"@id\":\"https:\/\/www.ranciliogroup.com\/fr\/rancilio-specialty-flies-to-germany-for-barista-league-hamburg\/\"},\"wordCount\":197,\"publisher\":{\"@id\":\"https:\/\/www.ranciliogroup.com\/fr\/#organization\"},\"articleSection\":[\"Tous\"],\"inLanguage\":\"fr-FR\"},{\"@type\":\"WebPage\",\"@id\":\"https:\/\/www.ranciliogroup.com\/fr\/rancilio-specialty-flies-to-germany-for-barista-league-hamburg\/\",\"url\":\"https:\/\/www.ranciliogroup.com\/fr\/rancilio-specialty-flies-to-germany-for-barista-league-hamburg\/\",\"name\":\"Latest update about Rancilio Specialty s\u2019envole pour l\u2019Allemagne pour participer \u00e0 la Barista League Hamburg - Rancilio Group\",\"isPartOf\":{\"@id\":\"https:\/\/www.ranciliogroup.com\/fr\/#website\"},\"datePublished\":\"2022-03-15T11:46:36+00:00\",\"dateModified\":\"2022-03-24T15:55:29+00:00\",\"description\":\"Read Rancilio Group's latest news about Rancilio Specialty s\u2019envole pour l\u2019Allemagne pour participer \u00e0 la Barista League Hamburg\",\"breadcrumb\":{\"@id\":\"https:\/\/www.ranciliogroup.com\/fr\/rancilio-specialty-flies-to-germany-for-barista-league-hamburg\/#breadcrumb\"},\"inLanguage\":\"fr-FR\",\"potentialAction\":[{\"@type\":\"ReadAction\",\"target\":[\"https:\/\/www.ranciliogroup.com\/fr\/rancilio-specialty-flies-to-germany-for-barista-league-hamburg\/\"]}]},{\"@type\":\"BreadcrumbList\",\"@id\":\"https:\/\/www.ranciliogroup.com\/fr\/rancilio-specialty-flies-to-germany-for-barista-league-hamburg\/#breadcrumb\",\"itemListElement\":[{\"@type\":\"ListItem\",\"position\":1,\"name\":\"Home\",\"item\":\"https:\/\/www.ranciliogroup.com\/fr\/\"},{\"@type\":\"ListItem\",\"position\":2,\"name\":\"Rancilio Specialty s\u2019envole pour l\u2019Allemagne pour participer \u00e0 la Barista League Hamburg\"}]},{\"@type\":\"WebSite\",\"@id\":\"https:\/\/www.ranciliogroup.com\/fr\/#website\",\"url\":\"https:\/\/www.ranciliogroup.com\/fr\/\",\"name\":\"Rancilio Group\",\"description\":\"Leader des machines \u00e0 caf\u00e9 professionnelles\",\"publisher\":{\"@id\":\"https:\/\/www.ranciliogroup.com\/fr\/#organization\"},\"potentialAction\":[{\"@type\":\"SearchAction\",\"target\":{\"@type\":\"EntryPoint\",\"urlTemplate\":\"https:\/\/www.ranciliogroup.com\/fr\/?s={search_term_string}\"},\"query-input\":\"required name=search_term_string\"}],\"inLanguage\":\"fr-FR\"},{\"@type\":\"Organization\",\"@id\":\"https:\/\/www.ranciliogroup.com\/fr\/#organization\",\"name\":\"Rancilio Group\",\"url\":\"https:\/\/www.ranciliogroup.com\/fr\/\",\"logo\":{\"@type\":\"ImageObject\",\"inLanguage\":\"fr-FR\",\"@id\":\"https:\/\/www.ranciliogroup.com\/fr\/#\/schema\/logo\/image\/\",\"url\":\"https:\/\/www.ranciliogroup.com\/app\/uploads\/2019\/07\/rancilio_black_logo.png\",\"contentUrl\":\"https:\/\/www.ranciliogroup.com\/app\/uploads\/2019\/07\/rancilio_black_logo.png\",\"width\":447,\"height\":57,\"caption\":\"Rancilio Group\"},\"image\":{\"@id\":\"https:\/\/www.ranciliogroup.com\/fr\/#\/schema\/logo\/image\/\"},\"sameAs\":[\"https:\/\/www.facebook.com\/RancilioGroup\",\"https:\/\/twitter.com\/ranciliogroup\",\"https:\/\/www.instagram.com\/rancilio_official\/\",\"https:\/\/www.linkedin.com\/company\/ranciliogroup\/\",\"https:\/\/www.youtube.com\/user\/rancilioadmin\"]},{\"@type\":\"Person\",\"@id\":\"https:\/\/www.ranciliogroup.com\/fr\/#\/schema\/person\/d6bf0a7dfe74cded3d64da8b2c92814c\",\"name\":\"temp circular\",\"image\":{\"@type\":\"ImageObject\",\"inLanguage\":\"fr-FR\",\"@id\":\"https:\/\/www.ranciliogroup.com\/fr\/#\/schema\/person\/image\/\",\"url\":\"https:\/\/secure.gravatar.com\/avatar\/569e71c3b97b8bcad1854d6579b35c5f?s=96&d=mm&r=g\",\"contentUrl\":\"https:\/\/secure.gravatar.com\/avatar\/569e71c3b97b8bcad1854d6579b35c5f?s=96&d=mm&r=g\",\"caption\":\"temp circular\"}}]}<\/script>\n<!-- \/ Yoast SEO plugin. -->","yoast_head_json":{"title":"Latest update about Rancilio Specialty s\u2019envole pour l\u2019Allemagne pour participer \u00e0 la Barista League Hamburg - Rancilio Group","description":"Read Rancilio Group's latest news about Rancilio Specialty s\u2019envole pour l\u2019Allemagne pour participer \u00e0 la Barista League Hamburg","robots":{"index":"index","follow":"follow","max-snippet":"max-snippet:-1","max-image-preview":"max-image-preview:large","max-video-preview":"max-video-preview:-1"},"canonical":"https:\/\/www.ranciliogroup.com\/fr\/rancilio-specialty-flies-to-germany-for-barista-league-hamburg\/","og_locale":"fr_FR","og_type":"article","og_title":"Latest update about Rancilio Specialty s\u2019envole pour l\u2019Allemagne pour participer \u00e0 la Barista League Hamburg - Rancilio Group","og_description":"Read Rancilio Group's latest news about Rancilio Specialty s\u2019envole pour l\u2019Allemagne pour participer \u00e0 la Barista League Hamburg","og_url":"https:\/\/www.ranciliogroup.com\/fr\/rancilio-specialty-flies-to-germany-for-barista-league-hamburg\/","og_site_name":"Rancilio Group","article_publisher":"https:\/\/www.facebook.com\/RancilioGroup","article_published_time":"2022-03-15T11:46:36+00:00","article_modified_time":"2022-03-24T15:55:29+00:00","og_image":[{"width":500,"height":503,"url":"https:\/\/www.ranciliogroup.com\/app\/uploads\/2022\/03\/Upcoming_events_Hamburg.png","type":"image\/png"}],"author":"temp circular","twitter_card":"summary_large_image","twitter_creator":"@ranciliogroup","twitter_site":"@ranciliogroup","twitter_misc":{"Written by":"temp circular","Est. reading time":"1 minute"},"schema":{"@context":"https:\/\/schema.org","@graph":[{"@type":"Article","@id":"https:\/\/www.ranciliogroup.com\/fr\/rancilio-specialty-flies-to-germany-for-barista-league-hamburg\/#article","isPartOf":{"@id":"https:\/\/www.ranciliogroup.com\/fr\/rancilio-specialty-flies-to-germany-for-barista-league-hamburg\/"},"author":{"name":"temp circular","@id":"https:\/\/www.ranciliogroup.com\/fr\/#\/schema\/person\/d6bf0a7dfe74cded3d64da8b2c92814c"},"headline":"Rancilio Specialty s\u2019envole pour l\u2019Allemagne pour participer \u00e0 la Barista League Hamburg","datePublished":"2022-03-15T11:46:36+00:00","dateModified":"2022-03-24T15:55:29+00:00","mainEntityOfPage":{"@id":"https:\/\/www.ranciliogroup.com\/fr\/rancilio-specialty-flies-to-germany-for-barista-league-hamburg\/"},"wordCount":197,"publisher":{"@id":"https:\/\/www.ranciliogroup.com\/fr\/#organization"},"articleSection":["Tous"],"inLanguage":"fr-FR"},{"@type":"WebPage","@id":"https:\/\/www.ranciliogroup.com\/fr\/rancilio-specialty-flies-to-germany-for-barista-league-hamburg\/","url":"https:\/\/www.ranciliogroup.com\/fr\/rancilio-specialty-flies-to-germany-for-barista-league-hamburg\/","name":"Latest update about Rancilio Specialty s\u2019envole pour l\u2019Allemagne pour participer \u00e0 la Barista League Hamburg - Rancilio Group","isPartOf":{"@id":"https:\/\/www.ranciliogroup.com\/fr\/#website"},"datePublished":"2022-03-15T11:46:36+00:00","dateModified":"2022-03-24T15:55:29+00:00","description":"Read Rancilio Group's latest news about Rancilio Specialty s\u2019envole pour l\u2019Allemagne pour participer \u00e0 la Barista League Hamburg","breadcrumb":{"@id":"https:\/\/www.ranciliogroup.com\/fr\/rancilio-specialty-flies-to-germany-for-barista-league-hamburg\/#breadcrumb"},"inLanguage":"fr-FR","potentialAction":[{"@type":"ReadAction","target":["https:\/\/www.ranciliogroup.com\/fr\/rancilio-specialty-flies-to-germany-for-barista-league-hamburg\/"]}]},{"@type":"BreadcrumbList","@id":"https:\/\/www.ranciliogroup.com\/fr\/rancilio-specialty-flies-to-germany-for-barista-league-hamburg\/#breadcrumb","itemListElement":[{"@type":"ListItem","position":1,"name":"Home","item":"https:\/\/www.ranciliogroup.com\/fr\/"},{"@type":"ListItem","position":2,"name":"Rancilio Specialty s\u2019envole pour l\u2019Allemagne pour participer \u00e0 la Barista League Hamburg"}]},{"@type":"WebSite","@id":"https:\/\/www.ranciliogroup.com\/fr\/#website","url":"https:\/\/www.ranciliogroup.com\/fr\/","name":"Rancilio Group","description":"Leader des machines \u00e0 caf\u00e9 professionnelles","publisher":{"@id":"https:\/\/www.ranciliogroup.com\/fr\/#organization"},"potentialAction":[{"@type":"SearchAction","target":{"@type":"EntryPoint","urlTemplate":"https:\/\/www.ranciliogroup.com\/fr\/?s={search_term_string}"},"query-input":"required name=search_term_string"}],"inLanguage":"fr-FR"},{"@type":"Organization","@id":"https:\/\/www.ranciliogroup.com\/fr\/#organization","name":"Rancilio Group","url":"https:\/\/www.ranciliogroup.com\/fr\/","logo":{"@type":"ImageObject","inLanguage":"fr-FR","@id":"https:\/\/www.ranciliogroup.com\/fr\/#\/schema\/logo\/image\/","url":"https:\/\/www.ranciliogroup.com\/app\/uploads\/2019\/07\/rancilio_black_logo.png","contentUrl":"https:\/\/www.ranciliogroup.com\/app\/uploads\/2019\/07\/rancilio_black_logo.png","width":447,"height":57,"caption":"Rancilio Group"},"image":{"@id":"https:\/\/www.ranciliogroup.com\/fr\/#\/schema\/logo\/image\/"},"sameAs":["https:\/\/www.facebook.com\/RancilioGroup","https:\/\/twitter.com\/ranciliogroup","https:\/\/www.instagram.com\/rancilio_official\/","https:\/\/www.linkedin.com\/company\/ranciliogroup\/","https:\/\/www.youtube.com\/user\/rancilioadmin"]},{"@type":"Person","@id":"https:\/\/www.ranciliogroup.com\/fr\/#\/schema\/person\/d6bf0a7dfe74cded3d64da8b2c92814c","name":"temp circular","image":{"@type":"ImageObject","inLanguage":"fr-FR","@id":"https:\/\/www.ranciliogroup.com\/fr\/#\/schema\/person\/image\/","url":"https:\/\/secure.gravatar.com\/avatar\/569e71c3b97b8bcad1854d6579b35c5f?s=96&d=mm&r=g","contentUrl":"https:\/\/secure.gravatar.com\/avatar\/569e71c3b97b8bcad1854d6579b35c5f?s=96&d=mm&r=g","caption":"temp circular"}}]}},"_links":{"self":[{"href":"https:\/\/www.ranciliogroup.com\/fr\/wp-json\/wp\/v2\/posts\/32918"}],"collection":[{"href":"https:\/\/www.ranciliogroup.com\/fr\/wp-json\/wp\/v2\/posts"}],"about":[{"href":"https:\/\/www.ranciliogroup.com\/fr\/wp-json\/wp\/v2\/types\/post"}],"author":[{"embeddable":true,"href":"https:\/\/www.ranciliogroup.com\/fr\/wp-json\/wp\/v2\/users\/5"}],"replies":[{"embeddable":true,"href":"https:\/\/www.ranciliogroup.com\/fr\/wp-json\/wp\/v2\/comments?post=32918"}],"version-history":[{"count":3,"href":"https:\/\/www.ranciliogroup.com\/fr\/wp-json\/wp\/v2\/posts\/32918\/revisions"}],"predecessor-version":[{"id":44062,"href":"https:\/\/www.ranciliogroup.com\/fr\/wp-json\/wp\/v2\/posts\/32918\/revisions\/44062"}],"wp:featuredmedia":[{"embeddable":true,"href":"https:\/\/www.ranciliogroup.com\/fr\/wp-json\/wp\/v2\/media\/32911"}],"wp:attachment":[{"href":"https:\/\/www.ranciliogroup.com\/fr\/wp-json\/wp\/v2\/media?parent=32918"}],"wp:term":[{"taxonomy":"category","embeddable":true,"href":"https:\/\/www.ranciliogroup.com\/fr\/wp-json\/wp\/v2\/categories?post=32918"},{"taxonomy":"post_tag","embeddable":true,"href":"https:\/\/www.ranciliogroup.com\/fr\/wp-json\/wp\/v2\/tags?post=32918"}],"curies":[{"name":"wp","href":"https:\/\/api.w.org\/{rel}","templated":true}]}}