{"id":61296,"date":"2022-09-19T12:22:27","date_gmt":"2022-09-19T10:22:27","guid":{"rendered":"https:\/\/www.ranciliogroup.com\/?p=61296"},"modified":"2025-02-13T14:18:01","modified_gmt":"2025-02-13T13:18:01","slug":"rancilio-group-inaugure-le-nouveau-siege-de-sa-filiale-espagnole-a-barcelone","status":"publish","type":"post","link":"https:\/\/www.ranciliogroup.com\/fr\/rancilio-group-inaugure-le-nouveau-siege-de-sa-filiale-espagnole-a-barcelone\/","title":{"rendered":"Rancilio Group inaugure le nouveau si\u00e8ge de sa filiale espagnole \u00e0 Barcelone"},"content":{"rendered":"<p>Le nouveau si\u00e8ge de Rancilio Group Iberia a \u00e9t\u00e9 inaugur\u00e9 \u00e0 Barcelone le jeudi 15 septembre avec un \u00e9v\u00e9nement sp\u00e9cial portes ouvertes qui a vu la participation de partenaires et de clients venus d&#8217;Espagne et du Portugal. Le nouveau si\u00e8ge, qui a \u00e9t\u00e9 con\u00e7u comme un espace multifonctionnel, constituera un des principaux p\u00f4les pour les activit\u00e9s commerciales de Rancilio Group dans toute la p\u00e9ninsule ib\u00e9rique. En plus d&#8217;un \u00e9l\u00e9gant showroom multimarques, il abrite les locaux commerciaux et des entrep\u00f4ts pour le stockage de produits et de pi\u00e8ces d\u00e9tach\u00e9es. On y trouve \u00e9galement des espaces d\u00e9di\u00e9s aux cours de formation pour les baristas et les techniciens sp\u00e9cialis\u00e9s, un centre de formation, un centre d&#8217;assistance technique, un Extraction Lab ainsi qu\u2019un espace pour les \u00e9v\u00e9nements et les ateliers. Le nouveau si\u00e8ge de Rancilio Group Iberia est situ\u00e9 dans le complexe industriel Les Grases \u00e0 Sant Feliu de Llobregat, aux portes de Barcelone. Il se trouve \u00e0 un endroit strat\u00e9gique, \u00e0 proximit\u00e9 de l&#8217;a\u00e9roport Josep Tarradellas Barcelona-El Prat et des deux principales autoroutes du nord-est de l&#8217;Espagne : l&#8217;A2 qui assure la liaison avec Madrid et l&#8217;AP7 qui permet de rejoindre la France et les pays d&#8217;Europe continentale.<\/p>\n","protected":false},"excerpt":{"rendered":"<p>Le nouveau si\u00e8ge de Rancilio Group Iberia a \u00e9t\u00e9 inaugur\u00e9 \u00e0 Barcelone le jeudi 15 septembre avec un \u00e9v\u00e9nement sp\u00e9cial&#8230;<\/p>\n","protected":false},"author":5,"featured_media":61317,"comment_status":"closed","ping_status":"closed","sticky":false,"template":"","format":"standard","meta":[],"categories":[964,966],"tags":[],"acf":[],"yoast_head":"<!-- This site is optimized with the Yoast SEO plugin v21.5 - https:\/\/yoast.com\/wordpress\/plugins\/seo\/ -->\n<title>Latest update about Rancilio Group inaugure le nouveau si\u00e8ge de sa filiale espagnole \u00e0 Barcelone - Rancilio Group<\/title>\n<meta name=\"description\" content=\"Read Rancilio Group&#039;s latest news about Rancilio Group inaugure le nouveau si\u00e8ge de sa filiale espagnole \u00e0 Barcelone\" \/>\n<meta name=\"robots\" content=\"index, follow, max-snippet:-1, max-image-preview:large, max-video-preview:-1\" \/>\n<link rel=\"canonical\" href=\"https:\/\/www.ranciliogroup.com\/fr\/rancilio-group-inaugure-le-nouveau-siege-de-sa-filiale-espagnole-a-barcelone\/\" \/>\n<meta property=\"og:locale\" content=\"fr_FR\" \/>\n<meta property=\"og:type\" content=\"article\" \/>\n<meta property=\"og:title\" content=\"Latest update about Rancilio Group inaugure le nouveau si\u00e8ge de sa filiale espagnole \u00e0 Barcelone - Rancilio Group\" \/>\n<meta property=\"og:description\" content=\"Read Rancilio Group&#039;s latest news about Rancilio Group inaugure le nouveau si\u00e8ge de sa filiale espagnole \u00e0 Barcelone\" \/>\n<meta property=\"og:url\" content=\"https:\/\/www.ranciliogroup.com\/fr\/rancilio-group-inaugure-le-nouveau-siege-de-sa-filiale-espagnole-a-barcelone\/\" \/>\n<meta property=\"og:site_name\" content=\"Rancilio Group\" \/>\n<meta property=\"article:publisher\" content=\"https:\/\/www.facebook.com\/RancilioGroup\" \/>\n<meta property=\"article:published_time\" content=\"2022-09-19T10:22:27+00:00\" \/>\n<meta property=\"article:modified_time\" content=\"2025-02-13T13:18:01+00:00\" \/>\n<meta property=\"og:image\" content=\"https:\/\/www.ranciliogroup.com\/app\/uploads\/2022\/09\/File_066-2-scaled.jpg\" \/>\n\t<meta property=\"og:image:width\" content=\"2560\" \/>\n\t<meta property=\"og:image:height\" content=\"1051\" \/>\n\t<meta property=\"og:image:type\" content=\"image\/jpeg\" \/>\n<meta name=\"author\" content=\"temp circular\" \/>\n<meta name=\"twitter:card\" content=\"summary_large_image\" \/>\n<meta name=\"twitter:creator\" content=\"@ranciliogroup\" \/>\n<meta name=\"twitter:site\" content=\"@ranciliogroup\" \/>\n<meta name=\"twitter:label1\" content=\"Written by\" \/>\n\t<meta name=\"twitter:data1\" content=\"temp circular\" \/>\n\t<meta name=\"twitter:label2\" content=\"Est. reading time\" \/>\n\t<meta name=\"twitter:data2\" content=\"1 minute\" \/>\n<script type=\"application\/ld+json\" class=\"yoast-schema-graph\">{\"@context\":\"https:\/\/schema.org\",\"@graph\":[{\"@type\":\"Article\",\"@id\":\"https:\/\/www.ranciliogroup.com\/fr\/rancilio-group-inaugure-le-nouveau-siege-de-sa-filiale-espagnole-a-barcelone\/#article\",\"isPartOf\":{\"@id\":\"https:\/\/www.ranciliogroup.com\/fr\/rancilio-group-inaugure-le-nouveau-siege-de-sa-filiale-espagnole-a-barcelone\/\"},\"author\":{\"name\":\"temp circular\",\"@id\":\"https:\/\/www.ranciliogroup.com\/fr\/#\/schema\/person\/d6bf0a7dfe74cded3d64da8b2c92814c\"},\"headline\":\"Rancilio Group inaugure le nouveau si\u00e8ge de sa filiale espagnole \u00e0 Barcelone\",\"datePublished\":\"2022-09-19T10:22:27+00:00\",\"dateModified\":\"2025-02-13T13:18:01+00:00\",\"mainEntityOfPage\":{\"@id\":\"https:\/\/www.ranciliogroup.com\/fr\/rancilio-group-inaugure-le-nouveau-siege-de-sa-filiale-espagnole-a-barcelone\/\"},\"wordCount\":224,\"publisher\":{\"@id\":\"https:\/\/www.ranciliogroup.com\/fr\/#organization\"},\"articleSection\":[\"News\",\"Presse\"],\"inLanguage\":\"fr-FR\"},{\"@type\":\"WebPage\",\"@id\":\"https:\/\/www.ranciliogroup.com\/fr\/rancilio-group-inaugure-le-nouveau-siege-de-sa-filiale-espagnole-a-barcelone\/\",\"url\":\"https:\/\/www.ranciliogroup.com\/fr\/rancilio-group-inaugure-le-nouveau-siege-de-sa-filiale-espagnole-a-barcelone\/\",\"name\":\"Latest update about Rancilio Group inaugure le nouveau si\u00e8ge de sa filiale espagnole \u00e0 Barcelone - Rancilio Group\",\"isPartOf\":{\"@id\":\"https:\/\/www.ranciliogroup.com\/fr\/#website\"},\"datePublished\":\"2022-09-19T10:22:27+00:00\",\"dateModified\":\"2025-02-13T13:18:01+00:00\",\"description\":\"Read Rancilio Group's latest news about Rancilio Group inaugure le nouveau si\u00e8ge de sa filiale espagnole \u00e0 Barcelone\",\"breadcrumb\":{\"@id\":\"https:\/\/www.ranciliogroup.com\/fr\/rancilio-group-inaugure-le-nouveau-siege-de-sa-filiale-espagnole-a-barcelone\/#breadcrumb\"},\"inLanguage\":\"fr-FR\",\"potentialAction\":[{\"@type\":\"ReadAction\",\"target\":[\"https:\/\/www.ranciliogroup.com\/fr\/rancilio-group-inaugure-le-nouveau-siege-de-sa-filiale-espagnole-a-barcelone\/\"]}]},{\"@type\":\"BreadcrumbList\",\"@id\":\"https:\/\/www.ranciliogroup.com\/fr\/rancilio-group-inaugure-le-nouveau-siege-de-sa-filiale-espagnole-a-barcelone\/#breadcrumb\",\"itemListElement\":[{\"@type\":\"ListItem\",\"position\":1,\"name\":\"Home\",\"item\":\"https:\/\/www.ranciliogroup.com\/fr\/\"},{\"@type\":\"ListItem\",\"position\":2,\"name\":\"Rancilio Group inaugure le nouveau si\u00e8ge de sa filiale espagnole \u00e0 Barcelone\"}]},{\"@type\":\"WebSite\",\"@id\":\"https:\/\/www.ranciliogroup.com\/fr\/#website\",\"url\":\"https:\/\/www.ranciliogroup.com\/fr\/\",\"name\":\"Rancilio Group\",\"description\":\"Leader des machines \u00e0 caf\u00e9 professionnelles\",\"publisher\":{\"@id\":\"https:\/\/www.ranciliogroup.com\/fr\/#organization\"},\"potentialAction\":[{\"@type\":\"SearchAction\",\"target\":{\"@type\":\"EntryPoint\",\"urlTemplate\":\"https:\/\/www.ranciliogroup.com\/fr\/?s={search_term_string}\"},\"query-input\":\"required name=search_term_string\"}],\"inLanguage\":\"fr-FR\"},{\"@type\":\"Organization\",\"@id\":\"https:\/\/www.ranciliogroup.com\/fr\/#organization\",\"name\":\"Rancilio Group\",\"url\":\"https:\/\/www.ranciliogroup.com\/fr\/\",\"logo\":{\"@type\":\"ImageObject\",\"inLanguage\":\"fr-FR\",\"@id\":\"https:\/\/www.ranciliogroup.com\/fr\/#\/schema\/logo\/image\/\",\"url\":\"https:\/\/www.ranciliogroup.com\/app\/uploads\/2019\/07\/rancilio_black_logo.png\",\"contentUrl\":\"https:\/\/www.ranciliogroup.com\/app\/uploads\/2019\/07\/rancilio_black_logo.png\",\"width\":447,\"height\":57,\"caption\":\"Rancilio Group\"},\"image\":{\"@id\":\"https:\/\/www.ranciliogroup.com\/fr\/#\/schema\/logo\/image\/\"},\"sameAs\":[\"https:\/\/www.facebook.com\/RancilioGroup\",\"https:\/\/twitter.com\/ranciliogroup\",\"https:\/\/www.instagram.com\/rancilio_official\/\",\"https:\/\/www.linkedin.com\/company\/ranciliogroup\/\",\"https:\/\/www.youtube.com\/user\/rancilioadmin\"]},{\"@type\":\"Person\",\"@id\":\"https:\/\/www.ranciliogroup.com\/fr\/#\/schema\/person\/d6bf0a7dfe74cded3d64da8b2c92814c\",\"name\":\"temp circular\",\"image\":{\"@type\":\"ImageObject\",\"inLanguage\":\"fr-FR\",\"@id\":\"https:\/\/www.ranciliogroup.com\/fr\/#\/schema\/person\/image\/\",\"url\":\"https:\/\/secure.gravatar.com\/avatar\/569e71c3b97b8bcad1854d6579b35c5f?s=96&d=mm&r=g\",\"contentUrl\":\"https:\/\/secure.gravatar.com\/avatar\/569e71c3b97b8bcad1854d6579b35c5f?s=96&d=mm&r=g\",\"caption\":\"temp circular\"}}]}<\/script>\n<!-- \/ Yoast SEO plugin. -->","yoast_head_json":{"title":"Latest update about Rancilio Group inaugure le nouveau si\u00e8ge de sa filiale espagnole \u00e0 Barcelone - Rancilio Group","description":"Read Rancilio Group's latest news about Rancilio Group inaugure le nouveau si\u00e8ge de sa filiale espagnole \u00e0 Barcelone","robots":{"index":"index","follow":"follow","max-snippet":"max-snippet:-1","max-image-preview":"max-image-preview:large","max-video-preview":"max-video-preview:-1"},"canonical":"https:\/\/www.ranciliogroup.com\/fr\/rancilio-group-inaugure-le-nouveau-siege-de-sa-filiale-espagnole-a-barcelone\/","og_locale":"fr_FR","og_type":"article","og_title":"Latest update about Rancilio Group inaugure le nouveau si\u00e8ge de sa filiale espagnole \u00e0 Barcelone - Rancilio Group","og_description":"Read Rancilio Group's latest news about Rancilio Group inaugure le nouveau si\u00e8ge de sa filiale espagnole \u00e0 Barcelone","og_url":"https:\/\/www.ranciliogroup.com\/fr\/rancilio-group-inaugure-le-nouveau-siege-de-sa-filiale-espagnole-a-barcelone\/","og_site_name":"Rancilio Group","article_publisher":"https:\/\/www.facebook.com\/RancilioGroup","article_published_time":"2022-09-19T10:22:27+00:00","article_modified_time":"2025-02-13T13:18:01+00:00","og_image":[{"width":2560,"height":1051,"url":"https:\/\/www.ranciliogroup.com\/app\/uploads\/2022\/09\/File_066-2-scaled.jpg","type":"image\/jpeg"}],"author":"temp circular","twitter_card":"summary_large_image","twitter_creator":"@ranciliogroup","twitter_site":"@ranciliogroup","twitter_misc":{"Written by":"temp circular","Est. reading time":"1 minute"},"schema":{"@context":"https:\/\/schema.org","@graph":[{"@type":"Article","@id":"https:\/\/www.ranciliogroup.com\/fr\/rancilio-group-inaugure-le-nouveau-siege-de-sa-filiale-espagnole-a-barcelone\/#article","isPartOf":{"@id":"https:\/\/www.ranciliogroup.com\/fr\/rancilio-group-inaugure-le-nouveau-siege-de-sa-filiale-espagnole-a-barcelone\/"},"author":{"name":"temp circular","@id":"https:\/\/www.ranciliogroup.com\/fr\/#\/schema\/person\/d6bf0a7dfe74cded3d64da8b2c92814c"},"headline":"Rancilio Group inaugure le nouveau si\u00e8ge de sa filiale espagnole \u00e0 Barcelone","datePublished":"2022-09-19T10:22:27+00:00","dateModified":"2025-02-13T13:18:01+00:00","mainEntityOfPage":{"@id":"https:\/\/www.ranciliogroup.com\/fr\/rancilio-group-inaugure-le-nouveau-siege-de-sa-filiale-espagnole-a-barcelone\/"},"wordCount":224,"publisher":{"@id":"https:\/\/www.ranciliogroup.com\/fr\/#organization"},"articleSection":["News","Presse"],"inLanguage":"fr-FR"},{"@type":"WebPage","@id":"https:\/\/www.ranciliogroup.com\/fr\/rancilio-group-inaugure-le-nouveau-siege-de-sa-filiale-espagnole-a-barcelone\/","url":"https:\/\/www.ranciliogroup.com\/fr\/rancilio-group-inaugure-le-nouveau-siege-de-sa-filiale-espagnole-a-barcelone\/","name":"Latest update about Rancilio Group inaugure le nouveau si\u00e8ge de sa filiale espagnole \u00e0 Barcelone - Rancilio Group","isPartOf":{"@id":"https:\/\/www.ranciliogroup.com\/fr\/#website"},"datePublished":"2022-09-19T10:22:27+00:00","dateModified":"2025-02-13T13:18:01+00:00","description":"Read Rancilio Group's latest news about Rancilio Group inaugure le nouveau si\u00e8ge de sa filiale espagnole \u00e0 Barcelone","breadcrumb":{"@id":"https:\/\/www.ranciliogroup.com\/fr\/rancilio-group-inaugure-le-nouveau-siege-de-sa-filiale-espagnole-a-barcelone\/#breadcrumb"},"inLanguage":"fr-FR","potentialAction":[{"@type":"ReadAction","target":["https:\/\/www.ranciliogroup.com\/fr\/rancilio-group-inaugure-le-nouveau-siege-de-sa-filiale-espagnole-a-barcelone\/"]}]},{"@type":"BreadcrumbList","@id":"https:\/\/www.ranciliogroup.com\/fr\/rancilio-group-inaugure-le-nouveau-siege-de-sa-filiale-espagnole-a-barcelone\/#breadcrumb","itemListElement":[{"@type":"ListItem","position":1,"name":"Home","item":"https:\/\/www.ranciliogroup.com\/fr\/"},{"@type":"ListItem","position":2,"name":"Rancilio Group inaugure le nouveau si\u00e8ge de sa filiale espagnole \u00e0 Barcelone"}]},{"@type":"WebSite","@id":"https:\/\/www.ranciliogroup.com\/fr\/#website","url":"https:\/\/www.ranciliogroup.com\/fr\/","name":"Rancilio Group","description":"Leader des machines \u00e0 caf\u00e9 professionnelles","publisher":{"@id":"https:\/\/www.ranciliogroup.com\/fr\/#organization"},"potentialAction":[{"@type":"SearchAction","target":{"@type":"EntryPoint","urlTemplate":"https:\/\/www.ranciliogroup.com\/fr\/?s={search_term_string}"},"query-input":"required name=search_term_string"}],"inLanguage":"fr-FR"},{"@type":"Organization","@id":"https:\/\/www.ranciliogroup.com\/fr\/#organization","name":"Rancilio Group","url":"https:\/\/www.ranciliogroup.com\/fr\/","logo":{"@type":"ImageObject","inLanguage":"fr-FR","@id":"https:\/\/www.ranciliogroup.com\/fr\/#\/schema\/logo\/image\/","url":"https:\/\/www.ranciliogroup.com\/app\/uploads\/2019\/07\/rancilio_black_logo.png","contentUrl":"https:\/\/www.ranciliogroup.com\/app\/uploads\/2019\/07\/rancilio_black_logo.png","width":447,"height":57,"caption":"Rancilio Group"},"image":{"@id":"https:\/\/www.ranciliogroup.com\/fr\/#\/schema\/logo\/image\/"},"sameAs":["https:\/\/www.facebook.com\/RancilioGroup","https:\/\/twitter.com\/ranciliogroup","https:\/\/www.instagram.com\/rancilio_official\/","https:\/\/www.linkedin.com\/company\/ranciliogroup\/","https:\/\/www.youtube.com\/user\/rancilioadmin"]},{"@type":"Person","@id":"https:\/\/www.ranciliogroup.com\/fr\/#\/schema\/person\/d6bf0a7dfe74cded3d64da8b2c92814c","name":"temp circular","image":{"@type":"ImageObject","inLanguage":"fr-FR","@id":"https:\/\/www.ranciliogroup.com\/fr\/#\/schema\/person\/image\/","url":"https:\/\/secure.gravatar.com\/avatar\/569e71c3b97b8bcad1854d6579b35c5f?s=96&d=mm&r=g","contentUrl":"https:\/\/secure.gravatar.com\/avatar\/569e71c3b97b8bcad1854d6579b35c5f?s=96&d=mm&r=g","caption":"temp circular"}}]}},"_links":{"self":[{"href":"https:\/\/www.ranciliogroup.com\/fr\/wp-json\/wp\/v2\/posts\/61296"}],"collection":[{"href":"https:\/\/www.ranciliogroup.com\/fr\/wp-json\/wp\/v2\/posts"}],"about":[{"href":"https:\/\/www.ranciliogroup.com\/fr\/wp-json\/wp\/v2\/types\/post"}],"author":[{"embeddable":true,"href":"https:\/\/www.ranciliogroup.com\/fr\/wp-json\/wp\/v2\/users\/5"}],"replies":[{"embeddable":true,"href":"https:\/\/www.ranciliogroup.com\/fr\/wp-json\/wp\/v2\/comments?post=61296"}],"version-history":[{"count":1,"href":"https:\/\/www.ranciliogroup.com\/fr\/wp-json\/wp\/v2\/posts\/61296\/revisions"}],"predecessor-version":[{"id":61297,"href":"https:\/\/www.ranciliogroup.com\/fr\/wp-json\/wp\/v2\/posts\/61296\/revisions\/61297"}],"wp:featuredmedia":[{"embeddable":true,"href":"https:\/\/www.ranciliogroup.com\/fr\/wp-json\/wp\/v2\/media\/61317"}],"wp:attachment":[{"href":"https:\/\/www.ranciliogroup.com\/fr\/wp-json\/wp\/v2\/media?parent=61296"}],"wp:term":[{"taxonomy":"category","embeddable":true,"href":"https:\/\/www.ranciliogroup.com\/fr\/wp-json\/wp\/v2\/categories?post=61296"},{"taxonomy":"post_tag","embeddable":true,"href":"https:\/\/www.ranciliogroup.com\/fr\/wp-json\/wp\/v2\/tags?post=61296"}],"curies":[{"name":"wp","href":"https:\/\/api.w.org\/{rel}","templated":true}]}}