{"id":65799,"date":"2023-02-15T11:06:59","date_gmt":"2023-02-15T10:06:59","guid":{"rendered":"https:\/\/www.ranciliogroup.com\/?p=65799"},"modified":"2023-02-15T11:06:59","modified_gmt":"2023-02-15T10:06:59","slug":"la-rancilio-specialty-et-la-barista-league-de-nouveau-ensemble-a-mexico","status":"publish","type":"post","link":"https:\/\/www.ranciliogroup.com\/fr\/la-rancilio-specialty-et-la-barista-league-de-nouveau-ensemble-a-mexico\/","title":{"rendered":"La Rancilio Specialty et la Barista League de nouveau ensemble \u00e0 Mexico"},"content":{"rendered":"<p>Apr\u00e8s le succ\u00e8s de l&#8217;ann\u00e9e derni\u00e8re, Rancilio Specialty et la Barista League sont de retour \u00e0 Mexico pour une nouvelle s\u00e9rie de comp\u00e9titions passionnantes le dimanche 5 mars.<\/p>\n<p>Rancilio Specialty Invicta reviendra en tant que sponsor officiel de l&#8217;\u00e9v\u00e9nement en aidant 12 baristas intr\u00e9pides \u00e0 relever trois s\u00e9ries de d\u00e9fis endiabl\u00e9s sur le th\u00e8me du caf\u00e9. La technologie d&#8217;extraction du caf\u00e9 Invicta sera un outil unique entre les mains des concurrents qui, r\u00e9partis en \u00e9quipes, devront prouver leur cr\u00e9ativit\u00e9 et leur talent devant six juges \u00e9toil\u00e9s : Shak Zapata, Adan Guti\u00e9rrez, Ale Lugo, Cristi\u00e1n Ponce, Ana Herrera et Jenny Borrego.<\/p>\n<p>Suivez la comp\u00e9tition qui couronnera les prochains champions avec Rancilio Specialty et d\u00e9gustez le caf\u00e9 des meilleurs torr\u00e9facteurs de Mexico. Musique servie par un DJ sensationnel, rafra\u00eechissements et amusement seront comme toujours les mots-cl\u00e9s de cet \u00e9v\u00e9nement passionnant con\u00e7u pour tous les baristas et les amateurs de caf\u00e9.<\/p>\n<p>Les tickets sont en vente sur <a href=\"https:\/\/www.passline.com\/eventos\/the-barista-league-en-foro-indie-rocks\">passline.com<\/a><\/p>\n<p>&nbsp;<\/p>\n<p><strong>\u00a0<\/strong><\/p>\n<p><strong>La Barista League Mexico<\/strong><br \/>\nDimanche 5 mars 2023<br \/>\nDe 18h00 \u00e0 23h00<br \/>\n<a href=\"https:\/\/www.google.com\/maps\/place\/Foro+Indierocks!\/@19.4166164,-99.1561844,15z\/data=!4m5!3m4!1s0x0:0x1192dbc4d6d4a8e!8m2!3d19.4166258!4d-99.1561913\">Foro Indierocks<\/a><br \/>\nZacatecas 39, Col. Roma Norte<br \/>\n06700 Ciudad de M\u00e9xico, Mexico<br \/>\n<strong>\u00a0<\/strong><\/p>\n<p><strong>Suivez cet \u00e9v\u00e9nement sur la page officielle d\u2019Instagram<\/strong><br \/>\n@ranciliospecialty #ranciliospecialty<\/p>\n<p><a href=\"https:\/\/www.ranciliogroup.com\/fr\/specialty\/invicta\/\"><strong>Pour en savoir plus sur Rancilio Specialty Invicta<\/strong><\/a><\/p>\n","protected":false},"excerpt":{"rendered":"<p>Apr\u00e8s le succ\u00e8s de l&#8217;ann\u00e9e derni\u00e8re, Rancilio Specialty et la Barista League sont de retour \u00e0 Mexico pour une nouvelle&#8230;<\/p>\n","protected":false},"author":5,"featured_media":65786,"comment_status":"closed","ping_status":"closed","sticky":false,"template":"","format":"standard","meta":[],"categories":[878],"tags":[2801,2624,2596,2593],"acf":[],"yoast_head":"<!-- This site is optimized with the Yoast SEO plugin v21.5 - https:\/\/yoast.com\/wordpress\/plugins\/seo\/ -->\n<title>Latest update about La Rancilio Specialty et la Barista League de nouveau ensemble \u00e0 Mexico - Rancilio Group<\/title>\n<meta name=\"description\" content=\"Read Rancilio Group&#039;s latest news about La Rancilio Specialty et la Barista League de nouveau ensemble \u00e0 Mexico\" \/>\n<meta name=\"robots\" content=\"index, follow, max-snippet:-1, max-image-preview:large, max-video-preview:-1\" \/>\n<link rel=\"canonical\" href=\"https:\/\/www.ranciliogroup.com\/fr\/la-rancilio-specialty-et-la-barista-league-de-nouveau-ensemble-a-mexico\/\" \/>\n<meta property=\"og:locale\" content=\"fr_FR\" \/>\n<meta property=\"og:type\" content=\"article\" \/>\n<meta property=\"og:title\" content=\"Latest update about La Rancilio Specialty et la Barista League de nouveau ensemble \u00e0 Mexico - Rancilio Group\" \/>\n<meta property=\"og:description\" content=\"Read Rancilio Group&#039;s latest news about La Rancilio Specialty et la Barista League de nouveau ensemble \u00e0 Mexico\" \/>\n<meta property=\"og:url\" content=\"https:\/\/www.ranciliogroup.com\/fr\/la-rancilio-specialty-et-la-barista-league-de-nouveau-ensemble-a-mexico\/\" \/>\n<meta property=\"og:site_name\" content=\"Rancilio Group\" \/>\n<meta property=\"article:publisher\" content=\"https:\/\/www.facebook.com\/RancilioGroup\" \/>\n<meta property=\"article:published_time\" content=\"2023-02-15T10:06:59+00:00\" \/>\n<meta property=\"og:image\" content=\"https:\/\/www.ranciliogroup.com\/app\/uploads\/2023\/02\/TheBaristaLeague-CDMX-2022-web.jpg\" \/>\n\t<meta property=\"og:image:width\" content=\"1080\" \/>\n\t<meta property=\"og:image:height\" content=\"720\" \/>\n\t<meta property=\"og:image:type\" content=\"image\/jpeg\" \/>\n<meta name=\"author\" content=\"temp circular\" \/>\n<meta name=\"twitter:card\" content=\"summary_large_image\" \/>\n<meta name=\"twitter:creator\" content=\"@ranciliogroup\" \/>\n<meta name=\"twitter:site\" content=\"@ranciliogroup\" \/>\n<meta name=\"twitter:label1\" content=\"Written by\" \/>\n\t<meta name=\"twitter:data1\" content=\"temp circular\" \/>\n\t<meta name=\"twitter:label2\" content=\"Est. reading time\" \/>\n\t<meta name=\"twitter:data2\" content=\"1 minute\" \/>\n<script type=\"application\/ld+json\" class=\"yoast-schema-graph\">{\"@context\":\"https:\/\/schema.org\",\"@graph\":[{\"@type\":\"Article\",\"@id\":\"https:\/\/www.ranciliogroup.com\/fr\/la-rancilio-specialty-et-la-barista-league-de-nouveau-ensemble-a-mexico\/#article\",\"isPartOf\":{\"@id\":\"https:\/\/www.ranciliogroup.com\/fr\/la-rancilio-specialty-et-la-barista-league-de-nouveau-ensemble-a-mexico\/\"},\"author\":{\"name\":\"temp circular\",\"@id\":\"https:\/\/www.ranciliogroup.com\/fr\/#\/schema\/person\/d6bf0a7dfe74cded3d64da8b2c92814c\"},\"headline\":\"La Rancilio Specialty et la Barista League de nouveau ensemble \u00e0 Mexico\",\"datePublished\":\"2023-02-15T10:06:59+00:00\",\"dateModified\":\"2023-02-15T10:06:59+00:00\",\"mainEntityOfPage\":{\"@id\":\"https:\/\/www.ranciliogroup.com\/fr\/la-rancilio-specialty-et-la-barista-league-de-nouveau-ensemble-a-mexico\/\"},\"wordCount\":228,\"publisher\":{\"@id\":\"https:\/\/www.ranciliogroup.com\/fr\/#organization\"},\"keywords\":[\"Mexico\",\"Invicta\",\"Barista League\",\"Rancilio Specialty\"],\"articleSection\":[\"Tous\"],\"inLanguage\":\"fr-FR\"},{\"@type\":\"WebPage\",\"@id\":\"https:\/\/www.ranciliogroup.com\/fr\/la-rancilio-specialty-et-la-barista-league-de-nouveau-ensemble-a-mexico\/\",\"url\":\"https:\/\/www.ranciliogroup.com\/fr\/la-rancilio-specialty-et-la-barista-league-de-nouveau-ensemble-a-mexico\/\",\"name\":\"Latest update about La Rancilio Specialty et la Barista League de nouveau ensemble \u00e0 Mexico - Rancilio Group\",\"isPartOf\":{\"@id\":\"https:\/\/www.ranciliogroup.com\/fr\/#website\"},\"datePublished\":\"2023-02-15T10:06:59+00:00\",\"dateModified\":\"2023-02-15T10:06:59+00:00\",\"description\":\"Read Rancilio Group's latest news about La Rancilio Specialty et la Barista League de nouveau ensemble \u00e0 Mexico\",\"breadcrumb\":{\"@id\":\"https:\/\/www.ranciliogroup.com\/fr\/la-rancilio-specialty-et-la-barista-league-de-nouveau-ensemble-a-mexico\/#breadcrumb\"},\"inLanguage\":\"fr-FR\",\"potentialAction\":[{\"@type\":\"ReadAction\",\"target\":[\"https:\/\/www.ranciliogroup.com\/fr\/la-rancilio-specialty-et-la-barista-league-de-nouveau-ensemble-a-mexico\/\"]}]},{\"@type\":\"BreadcrumbList\",\"@id\":\"https:\/\/www.ranciliogroup.com\/fr\/la-rancilio-specialty-et-la-barista-league-de-nouveau-ensemble-a-mexico\/#breadcrumb\",\"itemListElement\":[{\"@type\":\"ListItem\",\"position\":1,\"name\":\"Home\",\"item\":\"https:\/\/www.ranciliogroup.com\/fr\/\"},{\"@type\":\"ListItem\",\"position\":2,\"name\":\"La Rancilio Specialty et la Barista League de nouveau ensemble \u00e0 Mexico\"}]},{\"@type\":\"WebSite\",\"@id\":\"https:\/\/www.ranciliogroup.com\/fr\/#website\",\"url\":\"https:\/\/www.ranciliogroup.com\/fr\/\",\"name\":\"Rancilio Group\",\"description\":\"Leader des machines \u00e0 caf\u00e9 professionnelles\",\"publisher\":{\"@id\":\"https:\/\/www.ranciliogroup.com\/fr\/#organization\"},\"potentialAction\":[{\"@type\":\"SearchAction\",\"target\":{\"@type\":\"EntryPoint\",\"urlTemplate\":\"https:\/\/www.ranciliogroup.com\/fr\/?s={search_term_string}\"},\"query-input\":\"required name=search_term_string\"}],\"inLanguage\":\"fr-FR\"},{\"@type\":\"Organization\",\"@id\":\"https:\/\/www.ranciliogroup.com\/fr\/#organization\",\"name\":\"Rancilio Group\",\"url\":\"https:\/\/www.ranciliogroup.com\/fr\/\",\"logo\":{\"@type\":\"ImageObject\",\"inLanguage\":\"fr-FR\",\"@id\":\"https:\/\/www.ranciliogroup.com\/fr\/#\/schema\/logo\/image\/\",\"url\":\"https:\/\/www.ranciliogroup.com\/app\/uploads\/2019\/07\/rancilio_black_logo.png\",\"contentUrl\":\"https:\/\/www.ranciliogroup.com\/app\/uploads\/2019\/07\/rancilio_black_logo.png\",\"width\":447,\"height\":57,\"caption\":\"Rancilio Group\"},\"image\":{\"@id\":\"https:\/\/www.ranciliogroup.com\/fr\/#\/schema\/logo\/image\/\"},\"sameAs\":[\"https:\/\/www.facebook.com\/RancilioGroup\",\"https:\/\/twitter.com\/ranciliogroup\",\"https:\/\/www.instagram.com\/rancilio_official\/\",\"https:\/\/www.linkedin.com\/company\/ranciliogroup\/\",\"https:\/\/www.youtube.com\/user\/rancilioadmin\"]},{\"@type\":\"Person\",\"@id\":\"https:\/\/www.ranciliogroup.com\/fr\/#\/schema\/person\/d6bf0a7dfe74cded3d64da8b2c92814c\",\"name\":\"temp circular\",\"image\":{\"@type\":\"ImageObject\",\"inLanguage\":\"fr-FR\",\"@id\":\"https:\/\/www.ranciliogroup.com\/fr\/#\/schema\/person\/image\/\",\"url\":\"https:\/\/secure.gravatar.com\/avatar\/569e71c3b97b8bcad1854d6579b35c5f?s=96&d=mm&r=g\",\"contentUrl\":\"https:\/\/secure.gravatar.com\/avatar\/569e71c3b97b8bcad1854d6579b35c5f?s=96&d=mm&r=g\",\"caption\":\"temp circular\"}}]}<\/script>\n<!-- \/ Yoast SEO plugin. -->","yoast_head_json":{"title":"Latest update about La Rancilio Specialty et la Barista League de nouveau ensemble \u00e0 Mexico - Rancilio Group","description":"Read Rancilio Group's latest news about La Rancilio Specialty et la Barista League de nouveau ensemble \u00e0 Mexico","robots":{"index":"index","follow":"follow","max-snippet":"max-snippet:-1","max-image-preview":"max-image-preview:large","max-video-preview":"max-video-preview:-1"},"canonical":"https:\/\/www.ranciliogroup.com\/fr\/la-rancilio-specialty-et-la-barista-league-de-nouveau-ensemble-a-mexico\/","og_locale":"fr_FR","og_type":"article","og_title":"Latest update about La Rancilio Specialty et la Barista League de nouveau ensemble \u00e0 Mexico - Rancilio Group","og_description":"Read Rancilio Group's latest news about La Rancilio Specialty et la Barista League de nouveau ensemble \u00e0 Mexico","og_url":"https:\/\/www.ranciliogroup.com\/fr\/la-rancilio-specialty-et-la-barista-league-de-nouveau-ensemble-a-mexico\/","og_site_name":"Rancilio Group","article_publisher":"https:\/\/www.facebook.com\/RancilioGroup","article_published_time":"2023-02-15T10:06:59+00:00","og_image":[{"width":1080,"height":720,"url":"https:\/\/www.ranciliogroup.com\/app\/uploads\/2023\/02\/TheBaristaLeague-CDMX-2022-web.jpg","type":"image\/jpeg"}],"author":"temp circular","twitter_card":"summary_large_image","twitter_creator":"@ranciliogroup","twitter_site":"@ranciliogroup","twitter_misc":{"Written by":"temp circular","Est. reading time":"1 minute"},"schema":{"@context":"https:\/\/schema.org","@graph":[{"@type":"Article","@id":"https:\/\/www.ranciliogroup.com\/fr\/la-rancilio-specialty-et-la-barista-league-de-nouveau-ensemble-a-mexico\/#article","isPartOf":{"@id":"https:\/\/www.ranciliogroup.com\/fr\/la-rancilio-specialty-et-la-barista-league-de-nouveau-ensemble-a-mexico\/"},"author":{"name":"temp circular","@id":"https:\/\/www.ranciliogroup.com\/fr\/#\/schema\/person\/d6bf0a7dfe74cded3d64da8b2c92814c"},"headline":"La Rancilio Specialty et la Barista League de nouveau ensemble \u00e0 Mexico","datePublished":"2023-02-15T10:06:59+00:00","dateModified":"2023-02-15T10:06:59+00:00","mainEntityOfPage":{"@id":"https:\/\/www.ranciliogroup.com\/fr\/la-rancilio-specialty-et-la-barista-league-de-nouveau-ensemble-a-mexico\/"},"wordCount":228,"publisher":{"@id":"https:\/\/www.ranciliogroup.com\/fr\/#organization"},"keywords":["Mexico","Invicta","Barista League","Rancilio Specialty"],"articleSection":["Tous"],"inLanguage":"fr-FR"},{"@type":"WebPage","@id":"https:\/\/www.ranciliogroup.com\/fr\/la-rancilio-specialty-et-la-barista-league-de-nouveau-ensemble-a-mexico\/","url":"https:\/\/www.ranciliogroup.com\/fr\/la-rancilio-specialty-et-la-barista-league-de-nouveau-ensemble-a-mexico\/","name":"Latest update about La Rancilio Specialty et la Barista League de nouveau ensemble \u00e0 Mexico - Rancilio Group","isPartOf":{"@id":"https:\/\/www.ranciliogroup.com\/fr\/#website"},"datePublished":"2023-02-15T10:06:59+00:00","dateModified":"2023-02-15T10:06:59+00:00","description":"Read Rancilio Group's latest news about La Rancilio Specialty et la Barista League de nouveau ensemble \u00e0 Mexico","breadcrumb":{"@id":"https:\/\/www.ranciliogroup.com\/fr\/la-rancilio-specialty-et-la-barista-league-de-nouveau-ensemble-a-mexico\/#breadcrumb"},"inLanguage":"fr-FR","potentialAction":[{"@type":"ReadAction","target":["https:\/\/www.ranciliogroup.com\/fr\/la-rancilio-specialty-et-la-barista-league-de-nouveau-ensemble-a-mexico\/"]}]},{"@type":"BreadcrumbList","@id":"https:\/\/www.ranciliogroup.com\/fr\/la-rancilio-specialty-et-la-barista-league-de-nouveau-ensemble-a-mexico\/#breadcrumb","itemListElement":[{"@type":"ListItem","position":1,"name":"Home","item":"https:\/\/www.ranciliogroup.com\/fr\/"},{"@type":"ListItem","position":2,"name":"La Rancilio Specialty et la Barista League de nouveau ensemble \u00e0 Mexico"}]},{"@type":"WebSite","@id":"https:\/\/www.ranciliogroup.com\/fr\/#website","url":"https:\/\/www.ranciliogroup.com\/fr\/","name":"Rancilio Group","description":"Leader des machines \u00e0 caf\u00e9 professionnelles","publisher":{"@id":"https:\/\/www.ranciliogroup.com\/fr\/#organization"},"potentialAction":[{"@type":"SearchAction","target":{"@type":"EntryPoint","urlTemplate":"https:\/\/www.ranciliogroup.com\/fr\/?s={search_term_string}"},"query-input":"required name=search_term_string"}],"inLanguage":"fr-FR"},{"@type":"Organization","@id":"https:\/\/www.ranciliogroup.com\/fr\/#organization","name":"Rancilio Group","url":"https:\/\/www.ranciliogroup.com\/fr\/","logo":{"@type":"ImageObject","inLanguage":"fr-FR","@id":"https:\/\/www.ranciliogroup.com\/fr\/#\/schema\/logo\/image\/","url":"https:\/\/www.ranciliogroup.com\/app\/uploads\/2019\/07\/rancilio_black_logo.png","contentUrl":"https:\/\/www.ranciliogroup.com\/app\/uploads\/2019\/07\/rancilio_black_logo.png","width":447,"height":57,"caption":"Rancilio Group"},"image":{"@id":"https:\/\/www.ranciliogroup.com\/fr\/#\/schema\/logo\/image\/"},"sameAs":["https:\/\/www.facebook.com\/RancilioGroup","https:\/\/twitter.com\/ranciliogroup","https:\/\/www.instagram.com\/rancilio_official\/","https:\/\/www.linkedin.com\/company\/ranciliogroup\/","https:\/\/www.youtube.com\/user\/rancilioadmin"]},{"@type":"Person","@id":"https:\/\/www.ranciliogroup.com\/fr\/#\/schema\/person\/d6bf0a7dfe74cded3d64da8b2c92814c","name":"temp circular","image":{"@type":"ImageObject","inLanguage":"fr-FR","@id":"https:\/\/www.ranciliogroup.com\/fr\/#\/schema\/person\/image\/","url":"https:\/\/secure.gravatar.com\/avatar\/569e71c3b97b8bcad1854d6579b35c5f?s=96&d=mm&r=g","contentUrl":"https:\/\/secure.gravatar.com\/avatar\/569e71c3b97b8bcad1854d6579b35c5f?s=96&d=mm&r=g","caption":"temp circular"}}]}},"_links":{"self":[{"href":"https:\/\/www.ranciliogroup.com\/fr\/wp-json\/wp\/v2\/posts\/65799"}],"collection":[{"href":"https:\/\/www.ranciliogroup.com\/fr\/wp-json\/wp\/v2\/posts"}],"about":[{"href":"https:\/\/www.ranciliogroup.com\/fr\/wp-json\/wp\/v2\/types\/post"}],"author":[{"embeddable":true,"href":"https:\/\/www.ranciliogroup.com\/fr\/wp-json\/wp\/v2\/users\/5"}],"replies":[{"embeddable":true,"href":"https:\/\/www.ranciliogroup.com\/fr\/wp-json\/wp\/v2\/comments?post=65799"}],"version-history":[{"count":1,"href":"https:\/\/www.ranciliogroup.com\/fr\/wp-json\/wp\/v2\/posts\/65799\/revisions"}],"predecessor-version":[{"id":65800,"href":"https:\/\/www.ranciliogroup.com\/fr\/wp-json\/wp\/v2\/posts\/65799\/revisions\/65800"}],"wp:featuredmedia":[{"embeddable":true,"href":"https:\/\/www.ranciliogroup.com\/fr\/wp-json\/wp\/v2\/media\/65786"}],"wp:attachment":[{"href":"https:\/\/www.ranciliogroup.com\/fr\/wp-json\/wp\/v2\/media?parent=65799"}],"wp:term":[{"taxonomy":"category","embeddable":true,"href":"https:\/\/www.ranciliogroup.com\/fr\/wp-json\/wp\/v2\/categories?post=65799"},{"taxonomy":"post_tag","embeddable":true,"href":"https:\/\/www.ranciliogroup.com\/fr\/wp-json\/wp\/v2\/tags?post=65799"}],"curies":[{"name":"wp","href":"https:\/\/api.w.org\/{rel}","templated":true}]}}