{"id":66044,"date":"2023-03-30T15:16:49","date_gmt":"2023-03-30T13:16:49","guid":{"rendered":"https:\/\/www.ranciliogroup.com\/?p=66044"},"modified":"2023-03-30T15:16:49","modified_gmt":"2023-03-30T13:16:49","slug":"rancilio-group-a-madrid-pour-la-36e-edition-de-salon-gourmets","status":"publish","type":"post","link":"https:\/\/www.ranciliogroup.com\/fr\/rancilio-group-a-madrid-pour-la-36e-edition-de-salon-gourmets\/","title":{"rendered":"Rancilio Group \u00e0 Madrid pour la 36e \u00e9dition de Sal\u00f3n Gourmets"},"content":{"rendered":"<p>Du 17 au 20 avril 2023, Rancilio Group accueillera tous les professionnels et les amateurs du monde entier \u00e0 la 36<sup>e<\/sup> \u00e9dition du Sal\u00f3n Gourmets \u00e0 IFEMA &#8211; Fiera de Madrid.<\/p>\n<p>Rancilio Group participe \u00e0 l&#8217;\u00e9v\u00e9nement avec une s\u00e9lection sp\u00e9ciale de sa vaste gamme de produits. Rancilio Classe 5 sera la vedette du stand de Rancilio Group avec une toute nouvelle version sp\u00e9cialement con\u00e7ue pour les baristas responsables, toujours attentifs aux \u00e9conomies d&#8217;\u00e9nergie. La machine \u00e0 expresso \u00e0 chaudi\u00e8re unique, simple \u00e0 utiliser et dot\u00e9e de la technologie Steady Brew pour une stabilit\u00e9 thermique de pointe, sera, en effet, pr\u00e9sente avec de nouvelles fonctionnalit\u00e9s, en exclusivit\u00e9 pour ceux qui viendront \u00e0 l&#8217;\u00e9v\u00e9nement.<\/p>\n<p>Les visiteurs du stand auront \u00e9galement l&#8217;occasion de d\u00e9guster des caf\u00e9s de sp\u00e9cialit\u00e9 pr\u00e9par\u00e9s par la machine \u00e0 expresso \u00e0 chaudi\u00e8re unique Invicta, bien connue pour son design embl\u00e9matique et sa facilit\u00e9 d&#8217;utilisation.<\/p>\n<p>Egro sera pr\u00e9sente avec sa nouvelle machine \u00e0 caf\u00e9 enti\u00e8rement automatique QuBe, id\u00e9ale pour les secteurs de l\u2019h\u00f4tellerie et du service de caf\u00e9 au bureau (OCS), ainsi que pour tous les \u00e9tablissements, bureaux et coins-caf\u00e9 \u00e0 faible consommation journali\u00e8re qui n\u00e9cessitent un menu de caf\u00e9 vari\u00e9.<\/p>\n<p>Chaque ann\u00e9e, le Sal\u00f3n Gourmets r\u00e9unit tous les professionnels du secteur gastronomique \u00e0 l&#8217;\u00e9chelle internationale dans le cadre d&#8217;une exposition sensationnelle d&#8217;aliments et de boissons de qualit\u00e9 sup\u00e9rieure. Les visiteurs peuvent appr\u00e9cier les sp\u00e9cialit\u00e9s gastronomiques &#8211; allant des produits traditionnels aux nouvelles tendances &#8211; tout en profitant du riche programme d&#8217;\u00e9v\u00e9nements pr\u00e9vus pour le salon de cette ann\u00e9e.<\/p>\n<p>&nbsp;<\/p>\n<p><strong>SAL\u00d3N GOURMETS <\/strong><strong>\/ Rancilio Group<\/strong><br \/>\n17-20 avril 2023<br \/>\nBooth 4G18<br \/>\n<a href=\"https:\/\/www.google.com\/maps\/place\/IFEMA+Madrid\/@40.4678304,-3.6195005,17z\/data=!3m1!5s0xd422e5a3f0ffc4b:0xcae365e0f0e79d14!4m6!3m5!1s0xd422e50d152df37:0x801ce4be7e7a5eec!8m2!3d40.4678304!4d-3.6173065!16s%2Fg%2F120w89y8\">Ifema Madrid<\/a><br \/>\nAv. Parten\u00f3n, 5<br \/>\n28042 Madrid, Espagne<\/p>\n<p>&nbsp;<\/p>\n<p><a href=\"https:\/\/www.linkedin.com\/company\/ranciliogroup\/posts\/\"><strong>Suivez l\u2019\u00e9v\u00e9nement sur Linkedin<\/strong><\/a><\/p>\n<p>&nbsp;<\/p>\n<p><strong>D\u00e9couvrez nos produits pr\u00e9sent\u00e9s<\/strong><br \/>\n<a href=\"https:\/\/www.ranciliogroup.com\/fr\/rancilio\/classe-5\/\">Rancilio Classe 5<\/a><br \/>\n<a href=\"https:\/\/www.ranciliogroup.com\/fr\/rancilio\/classe-7\/\">Rancilio Classe 7<\/a><br \/>\n<a href=\"https:\/\/www.ranciliogroup.com\/fr\/rancilio\/classe-20\/\">Rancilio Classe 20<\/a><br \/>\n<a href=\"https:\/\/www.ranciliogroup.com\/fr\/rancilio\/kryo\/\">Rancilio Kryo<\/a><br \/>\n<a href=\"https:\/\/www.ranciliogroup.com\/fr\/rancilio\/stile\/\">Rancilio Stile<\/a><br \/>\n<a href=\"https:\/\/www.ranciliogroup.com\/fr\/specialty\/invicta\/\">Rancilio Specialty Invicta<\/a><br \/>\n<a href=\"https:\/\/www.ranciliogroup.com\/fr\/egro\/qube\/\">Egro Qube<\/a><br \/>\n<a href=\"https:\/\/www.ranciliogroup.com\/fr\/egro\/one\/\">Egro One<\/a><br \/>\n<a href=\"https:\/\/www.ranciliogroup.com\/fr\/egro\/next\/\">Egro Next<\/a><\/p>\n","protected":false},"excerpt":{"rendered":"<p>Du 17 au 20 avril 2023, Rancilio Group accueillera tous les professionnels et les amateurs du monde entier \u00e0 la&#8230;<\/p>\n","protected":false},"author":5,"featured_media":66031,"comment_status":"closed","ping_status":"closed","sticky":false,"template":"","format":"standard","meta":[],"categories":[878],"tags":[2881,2882,2883,2884,2885,2886,2852,2824,2825,2685,2626,2625,2624,2593,2554],"acf":[],"yoast_head":"<!-- This site is optimized with the Yoast SEO plugin v21.5 - https:\/\/yoast.com\/wordpress\/plugins\/seo\/ -->\n<title>Latest update about Rancilio Group \u00e0 Madrid pour la 36e \u00e9dition de Sal\u00f3n Gourmets - Rancilio Group<\/title>\n<meta name=\"description\" content=\"Read Rancilio Group&#039;s latest news about Rancilio Group \u00e0 Madrid pour la 36e \u00e9dition de Sal\u00f3n Gourmets\" \/>\n<meta name=\"robots\" content=\"index, follow, max-snippet:-1, max-image-preview:large, max-video-preview:-1\" \/>\n<link rel=\"canonical\" href=\"https:\/\/www.ranciliogroup.com\/fr\/rancilio-group-a-madrid-pour-la-36e-edition-de-salon-gourmets\/\" \/>\n<meta property=\"og:locale\" content=\"fr_FR\" \/>\n<meta property=\"og:type\" content=\"article\" \/>\n<meta property=\"og:title\" content=\"Latest update about Rancilio Group \u00e0 Madrid pour la 36e \u00e9dition de Sal\u00f3n Gourmets - Rancilio Group\" \/>\n<meta property=\"og:description\" content=\"Read Rancilio Group&#039;s latest news about Rancilio Group \u00e0 Madrid pour la 36e \u00e9dition de Sal\u00f3n Gourmets\" \/>\n<meta property=\"og:url\" content=\"https:\/\/www.ranciliogroup.com\/fr\/rancilio-group-a-madrid-pour-la-36e-edition-de-salon-gourmets\/\" \/>\n<meta property=\"og:site_name\" content=\"Rancilio Group\" \/>\n<meta property=\"article:publisher\" content=\"https:\/\/www.facebook.com\/RancilioGroup\" \/>\n<meta property=\"article:published_time\" content=\"2023-03-30T13:16:49+00:00\" \/>\n<meta property=\"og:image\" content=\"https:\/\/www.ranciliogroup.com\/app\/uploads\/2023\/03\/salon-gourmets-gmb-web.jpg\" \/>\n\t<meta property=\"og:image:width\" content=\"1080\" \/>\n\t<meta property=\"og:image:height\" content=\"720\" \/>\n\t<meta property=\"og:image:type\" content=\"image\/jpeg\" \/>\n<meta name=\"author\" content=\"temp circular\" \/>\n<meta name=\"twitter:card\" content=\"summary_large_image\" \/>\n<meta name=\"twitter:creator\" content=\"@ranciliogroup\" \/>\n<meta name=\"twitter:site\" content=\"@ranciliogroup\" \/>\n<meta name=\"twitter:label1\" content=\"Written by\" \/>\n\t<meta name=\"twitter:data1\" content=\"temp circular\" \/>\n\t<meta name=\"twitter:label2\" content=\"Est. reading time\" \/>\n\t<meta name=\"twitter:data2\" content=\"2 minutes\" \/>\n<script type=\"application\/ld+json\" class=\"yoast-schema-graph\">{\"@context\":\"https:\/\/schema.org\",\"@graph\":[{\"@type\":\"Article\",\"@id\":\"https:\/\/www.ranciliogroup.com\/fr\/rancilio-group-a-madrid-pour-la-36e-edition-de-salon-gourmets\/#article\",\"isPartOf\":{\"@id\":\"https:\/\/www.ranciliogroup.com\/fr\/rancilio-group-a-madrid-pour-la-36e-edition-de-salon-gourmets\/\"},\"author\":{\"name\":\"temp circular\",\"@id\":\"https:\/\/www.ranciliogroup.com\/fr\/#\/schema\/person\/d6bf0a7dfe74cded3d64da8b2c92814c\"},\"headline\":\"Rancilio Group \u00e0 Madrid pour la 36e \u00e9dition de Sal\u00f3n Gourmets\",\"datePublished\":\"2023-03-30T13:16:49+00:00\",\"dateModified\":\"2023-03-30T13:16:49+00:00\",\"mainEntityOfPage\":{\"@id\":\"https:\/\/www.ranciliogroup.com\/fr\/rancilio-group-a-madrid-pour-la-36e-edition-de-salon-gourmets\/\"},\"wordCount\":335,\"publisher\":{\"@id\":\"https:\/\/www.ranciliogroup.com\/fr\/#organization\"},\"keywords\":[\"Classe 5\",\"Classe 7\",\"QuBe\",\"One\",\"Salon Gourmets\",\"Madrid\",\"Stile\",\"Rancilio\",\"Classe 20\",\"Next\",\"Rancilio Group\",\"Kryo\",\"Invicta\",\"Rancilio Specialty\",\"Egro\"],\"articleSection\":[\"Tous\"],\"inLanguage\":\"fr-FR\"},{\"@type\":\"WebPage\",\"@id\":\"https:\/\/www.ranciliogroup.com\/fr\/rancilio-group-a-madrid-pour-la-36e-edition-de-salon-gourmets\/\",\"url\":\"https:\/\/www.ranciliogroup.com\/fr\/rancilio-group-a-madrid-pour-la-36e-edition-de-salon-gourmets\/\",\"name\":\"Latest update about Rancilio Group \u00e0 Madrid pour la 36e \u00e9dition de Sal\u00f3n Gourmets - Rancilio Group\",\"isPartOf\":{\"@id\":\"https:\/\/www.ranciliogroup.com\/fr\/#website\"},\"datePublished\":\"2023-03-30T13:16:49+00:00\",\"dateModified\":\"2023-03-30T13:16:49+00:00\",\"description\":\"Read Rancilio Group's latest news about Rancilio Group \u00e0 Madrid pour la 36e \u00e9dition de Sal\u00f3n Gourmets\",\"breadcrumb\":{\"@id\":\"https:\/\/www.ranciliogroup.com\/fr\/rancilio-group-a-madrid-pour-la-36e-edition-de-salon-gourmets\/#breadcrumb\"},\"inLanguage\":\"fr-FR\",\"potentialAction\":[{\"@type\":\"ReadAction\",\"target\":[\"https:\/\/www.ranciliogroup.com\/fr\/rancilio-group-a-madrid-pour-la-36e-edition-de-salon-gourmets\/\"]}]},{\"@type\":\"BreadcrumbList\",\"@id\":\"https:\/\/www.ranciliogroup.com\/fr\/rancilio-group-a-madrid-pour-la-36e-edition-de-salon-gourmets\/#breadcrumb\",\"itemListElement\":[{\"@type\":\"ListItem\",\"position\":1,\"name\":\"Home\",\"item\":\"https:\/\/www.ranciliogroup.com\/fr\/\"},{\"@type\":\"ListItem\",\"position\":2,\"name\":\"Rancilio Group \u00e0 Madrid pour la 36e \u00e9dition de Sal\u00f3n Gourmets\"}]},{\"@type\":\"WebSite\",\"@id\":\"https:\/\/www.ranciliogroup.com\/fr\/#website\",\"url\":\"https:\/\/www.ranciliogroup.com\/fr\/\",\"name\":\"Rancilio Group\",\"description\":\"Leader des machines \u00e0 caf\u00e9 professionnelles\",\"publisher\":{\"@id\":\"https:\/\/www.ranciliogroup.com\/fr\/#organization\"},\"potentialAction\":[{\"@type\":\"SearchAction\",\"target\":{\"@type\":\"EntryPoint\",\"urlTemplate\":\"https:\/\/www.ranciliogroup.com\/fr\/?s={search_term_string}\"},\"query-input\":\"required name=search_term_string\"}],\"inLanguage\":\"fr-FR\"},{\"@type\":\"Organization\",\"@id\":\"https:\/\/www.ranciliogroup.com\/fr\/#organization\",\"name\":\"Rancilio Group\",\"url\":\"https:\/\/www.ranciliogroup.com\/fr\/\",\"logo\":{\"@type\":\"ImageObject\",\"inLanguage\":\"fr-FR\",\"@id\":\"https:\/\/www.ranciliogroup.com\/fr\/#\/schema\/logo\/image\/\",\"url\":\"https:\/\/www.ranciliogroup.com\/app\/uploads\/2019\/07\/rancilio_black_logo.png\",\"contentUrl\":\"https:\/\/www.ranciliogroup.com\/app\/uploads\/2019\/07\/rancilio_black_logo.png\",\"width\":447,\"height\":57,\"caption\":\"Rancilio Group\"},\"image\":{\"@id\":\"https:\/\/www.ranciliogroup.com\/fr\/#\/schema\/logo\/image\/\"},\"sameAs\":[\"https:\/\/www.facebook.com\/RancilioGroup\",\"https:\/\/twitter.com\/ranciliogroup\",\"https:\/\/www.instagram.com\/rancilio_official\/\",\"https:\/\/www.linkedin.com\/company\/ranciliogroup\/\",\"https:\/\/www.youtube.com\/user\/rancilioadmin\"]},{\"@type\":\"Person\",\"@id\":\"https:\/\/www.ranciliogroup.com\/fr\/#\/schema\/person\/d6bf0a7dfe74cded3d64da8b2c92814c\",\"name\":\"temp circular\",\"image\":{\"@type\":\"ImageObject\",\"inLanguage\":\"fr-FR\",\"@id\":\"https:\/\/www.ranciliogroup.com\/fr\/#\/schema\/person\/image\/\",\"url\":\"https:\/\/secure.gravatar.com\/avatar\/569e71c3b97b8bcad1854d6579b35c5f?s=96&d=mm&r=g\",\"contentUrl\":\"https:\/\/secure.gravatar.com\/avatar\/569e71c3b97b8bcad1854d6579b35c5f?s=96&d=mm&r=g\",\"caption\":\"temp circular\"}}]}<\/script>\n<!-- \/ Yoast SEO plugin. -->","yoast_head_json":{"title":"Latest update about Rancilio Group \u00e0 Madrid pour la 36e \u00e9dition de Sal\u00f3n Gourmets - Rancilio Group","description":"Read Rancilio Group's latest news about Rancilio Group \u00e0 Madrid pour la 36e \u00e9dition de Sal\u00f3n Gourmets","robots":{"index":"index","follow":"follow","max-snippet":"max-snippet:-1","max-image-preview":"max-image-preview:large","max-video-preview":"max-video-preview:-1"},"canonical":"https:\/\/www.ranciliogroup.com\/fr\/rancilio-group-a-madrid-pour-la-36e-edition-de-salon-gourmets\/","og_locale":"fr_FR","og_type":"article","og_title":"Latest update about Rancilio Group \u00e0 Madrid pour la 36e \u00e9dition de Sal\u00f3n Gourmets - Rancilio Group","og_description":"Read Rancilio Group's latest news about Rancilio Group \u00e0 Madrid pour la 36e \u00e9dition de Sal\u00f3n Gourmets","og_url":"https:\/\/www.ranciliogroup.com\/fr\/rancilio-group-a-madrid-pour-la-36e-edition-de-salon-gourmets\/","og_site_name":"Rancilio Group","article_publisher":"https:\/\/www.facebook.com\/RancilioGroup","article_published_time":"2023-03-30T13:16:49+00:00","og_image":[{"width":1080,"height":720,"url":"https:\/\/www.ranciliogroup.com\/app\/uploads\/2023\/03\/salon-gourmets-gmb-web.jpg","type":"image\/jpeg"}],"author":"temp circular","twitter_card":"summary_large_image","twitter_creator":"@ranciliogroup","twitter_site":"@ranciliogroup","twitter_misc":{"Written by":"temp circular","Est. reading time":"2 minutes"},"schema":{"@context":"https:\/\/schema.org","@graph":[{"@type":"Article","@id":"https:\/\/www.ranciliogroup.com\/fr\/rancilio-group-a-madrid-pour-la-36e-edition-de-salon-gourmets\/#article","isPartOf":{"@id":"https:\/\/www.ranciliogroup.com\/fr\/rancilio-group-a-madrid-pour-la-36e-edition-de-salon-gourmets\/"},"author":{"name":"temp circular","@id":"https:\/\/www.ranciliogroup.com\/fr\/#\/schema\/person\/d6bf0a7dfe74cded3d64da8b2c92814c"},"headline":"Rancilio Group \u00e0 Madrid pour la 36e \u00e9dition de Sal\u00f3n Gourmets","datePublished":"2023-03-30T13:16:49+00:00","dateModified":"2023-03-30T13:16:49+00:00","mainEntityOfPage":{"@id":"https:\/\/www.ranciliogroup.com\/fr\/rancilio-group-a-madrid-pour-la-36e-edition-de-salon-gourmets\/"},"wordCount":335,"publisher":{"@id":"https:\/\/www.ranciliogroup.com\/fr\/#organization"},"keywords":["Classe 5","Classe 7","QuBe","One","Salon Gourmets","Madrid","Stile","Rancilio","Classe 20","Next","Rancilio Group","Kryo","Invicta","Rancilio Specialty","Egro"],"articleSection":["Tous"],"inLanguage":"fr-FR"},{"@type":"WebPage","@id":"https:\/\/www.ranciliogroup.com\/fr\/rancilio-group-a-madrid-pour-la-36e-edition-de-salon-gourmets\/","url":"https:\/\/www.ranciliogroup.com\/fr\/rancilio-group-a-madrid-pour-la-36e-edition-de-salon-gourmets\/","name":"Latest update about Rancilio Group \u00e0 Madrid pour la 36e \u00e9dition de Sal\u00f3n Gourmets - Rancilio Group","isPartOf":{"@id":"https:\/\/www.ranciliogroup.com\/fr\/#website"},"datePublished":"2023-03-30T13:16:49+00:00","dateModified":"2023-03-30T13:16:49+00:00","description":"Read Rancilio Group's latest news about Rancilio Group \u00e0 Madrid pour la 36e \u00e9dition de Sal\u00f3n Gourmets","breadcrumb":{"@id":"https:\/\/www.ranciliogroup.com\/fr\/rancilio-group-a-madrid-pour-la-36e-edition-de-salon-gourmets\/#breadcrumb"},"inLanguage":"fr-FR","potentialAction":[{"@type":"ReadAction","target":["https:\/\/www.ranciliogroup.com\/fr\/rancilio-group-a-madrid-pour-la-36e-edition-de-salon-gourmets\/"]}]},{"@type":"BreadcrumbList","@id":"https:\/\/www.ranciliogroup.com\/fr\/rancilio-group-a-madrid-pour-la-36e-edition-de-salon-gourmets\/#breadcrumb","itemListElement":[{"@type":"ListItem","position":1,"name":"Home","item":"https:\/\/www.ranciliogroup.com\/fr\/"},{"@type":"ListItem","position":2,"name":"Rancilio Group \u00e0 Madrid pour la 36e \u00e9dition de Sal\u00f3n Gourmets"}]},{"@type":"WebSite","@id":"https:\/\/www.ranciliogroup.com\/fr\/#website","url":"https:\/\/www.ranciliogroup.com\/fr\/","name":"Rancilio Group","description":"Leader des machines \u00e0 caf\u00e9 professionnelles","publisher":{"@id":"https:\/\/www.ranciliogroup.com\/fr\/#organization"},"potentialAction":[{"@type":"SearchAction","target":{"@type":"EntryPoint","urlTemplate":"https:\/\/www.ranciliogroup.com\/fr\/?s={search_term_string}"},"query-input":"required name=search_term_string"}],"inLanguage":"fr-FR"},{"@type":"Organization","@id":"https:\/\/www.ranciliogroup.com\/fr\/#organization","name":"Rancilio Group","url":"https:\/\/www.ranciliogroup.com\/fr\/","logo":{"@type":"ImageObject","inLanguage":"fr-FR","@id":"https:\/\/www.ranciliogroup.com\/fr\/#\/schema\/logo\/image\/","url":"https:\/\/www.ranciliogroup.com\/app\/uploads\/2019\/07\/rancilio_black_logo.png","contentUrl":"https:\/\/www.ranciliogroup.com\/app\/uploads\/2019\/07\/rancilio_black_logo.png","width":447,"height":57,"caption":"Rancilio Group"},"image":{"@id":"https:\/\/www.ranciliogroup.com\/fr\/#\/schema\/logo\/image\/"},"sameAs":["https:\/\/www.facebook.com\/RancilioGroup","https:\/\/twitter.com\/ranciliogroup","https:\/\/www.instagram.com\/rancilio_official\/","https:\/\/www.linkedin.com\/company\/ranciliogroup\/","https:\/\/www.youtube.com\/user\/rancilioadmin"]},{"@type":"Person","@id":"https:\/\/www.ranciliogroup.com\/fr\/#\/schema\/person\/d6bf0a7dfe74cded3d64da8b2c92814c","name":"temp circular","image":{"@type":"ImageObject","inLanguage":"fr-FR","@id":"https:\/\/www.ranciliogroup.com\/fr\/#\/schema\/person\/image\/","url":"https:\/\/secure.gravatar.com\/avatar\/569e71c3b97b8bcad1854d6579b35c5f?s=96&d=mm&r=g","contentUrl":"https:\/\/secure.gravatar.com\/avatar\/569e71c3b97b8bcad1854d6579b35c5f?s=96&d=mm&r=g","caption":"temp circular"}}]}},"_links":{"self":[{"href":"https:\/\/www.ranciliogroup.com\/fr\/wp-json\/wp\/v2\/posts\/66044"}],"collection":[{"href":"https:\/\/www.ranciliogroup.com\/fr\/wp-json\/wp\/v2\/posts"}],"about":[{"href":"https:\/\/www.ranciliogroup.com\/fr\/wp-json\/wp\/v2\/types\/post"}],"author":[{"embeddable":true,"href":"https:\/\/www.ranciliogroup.com\/fr\/wp-json\/wp\/v2\/users\/5"}],"replies":[{"embeddable":true,"href":"https:\/\/www.ranciliogroup.com\/fr\/wp-json\/wp\/v2\/comments?post=66044"}],"version-history":[{"count":1,"href":"https:\/\/www.ranciliogroup.com\/fr\/wp-json\/wp\/v2\/posts\/66044\/revisions"}],"predecessor-version":[{"id":66045,"href":"https:\/\/www.ranciliogroup.com\/fr\/wp-json\/wp\/v2\/posts\/66044\/revisions\/66045"}],"wp:featuredmedia":[{"embeddable":true,"href":"https:\/\/www.ranciliogroup.com\/fr\/wp-json\/wp\/v2\/media\/66031"}],"wp:attachment":[{"href":"https:\/\/www.ranciliogroup.com\/fr\/wp-json\/wp\/v2\/media?parent=66044"}],"wp:term":[{"taxonomy":"category","embeddable":true,"href":"https:\/\/www.ranciliogroup.com\/fr\/wp-json\/wp\/v2\/categories?post=66044"},{"taxonomy":"post_tag","embeddable":true,"href":"https:\/\/www.ranciliogroup.com\/fr\/wp-json\/wp\/v2\/tags?post=66044"}],"curies":[{"name":"wp","href":"https:\/\/api.w.org\/{rel}","templated":true}]}}