{"id":66145,"date":"2023-04-06T10:56:52","date_gmt":"2023-04-06T08:56:52","guid":{"rendered":"https:\/\/www.ranciliogroup.com\/?p=66145"},"modified":"2023-04-12T14:10:25","modified_gmt":"2023-04-12T12:10:25","slug":"podcast-a-history-of-coffee-au-london-coffee-festival-avec-rancilio","status":"publish","type":"post","link":"https:\/\/www.ranciliogroup.com\/fr\/podcast-a-history-of-coffee-au-london-coffee-festival-avec-rancilio\/","title":{"rendered":"Podcast A History of Coffee au London Coffee Festival avec Rancilio"},"content":{"rendered":"<p>Les samedi 22 et dimanche 23 avril, Rancilio vous invite \u00e0 un \u00e9v\u00e9nement sp\u00e9cial, organis\u00e9 \u00e0 l&#8217;occasion de la deuxi\u00e8me s\u00e9rie du podcast <em>A History of Coffee<\/em> &#8211; qui sortira le 17 avril sur Spotify et Apple Podcast.<\/p>\n<p>La nouvelle s\u00e9rie de podcasts a \u00e9t\u00e9 d\u00e9velopp\u00e9e gr\u00e2ce au contenu \u00e9ditorial gratuit offert par Rancilio et est pr\u00e9sent\u00e9e par le documentariste et cr\u00e9ateur du podcast sur le caf\u00e9 <em>Filter Stories<\/em>, James Harper, et le professeur Jonathan Morris, historien professionnel et auteur de <em>Coffee <\/em>:<em> A Global History<\/em>.<\/p>\n<p>James Harper et le professeur Jonathan Morris racontent comment une minuscule graine psychoactive a chang\u00e9 le monde et conditionne nos vies aujourd&#8217;hui. Les caf\u00e9s, le colonialisme et la r\u00e9volution en Ha\u00efti, le caf\u00e9 am\u00e9ricain et les origines de la culture de l&#8217;expresso en Italie sont racont\u00e9s \u00e0 travers quatre \u00e9pisodes immersifs d\u00e9di\u00e9s \u00e0 tous les amateurs de caf\u00e9.<\/p>\n<p>Les auteurs sont pr\u00eats \u00e0 donner un premier aper\u00e7u exclusif de cette nouvelle s\u00e9rie passionnante cr\u00e9\u00e9e en collaboration avec Rancilio sur la sc\u00e8ne de <em>The Lab<\/em> au London Coffee Festival de cette ann\u00e9e avec l&#8217;\u00e9v\u00e9nement live <em>The Dark Days of Espresso<\/em>. L&#8217;\u00e9v\u00e9nement c\u00e9l\u00e8bre la deuxi\u00e8me s\u00e9rie du podcast <em>A History of Coffee<\/em> et propose une version courte de l&#8217;\u00e9pisode sur la culture italienne de l&#8217;expresso en trois rendez-vous incontournables.<\/p>\n<p>&nbsp;<\/p>\n<p><strong>The Dark Days of Espresso: rencontrez les animateurs <\/strong><br \/>\n<strong>Samedi 22 avril<\/strong><\/p>\n<p>De 14h30 \u00e0 15h00<br \/>\n<em>Animateurs : James Harper et le Professeur Jonathan Morris<\/em><br \/>\n<em>The Lab \/ London Coffee Festival<\/em><\/p>\n<p>&nbsp;<\/p>\n<p><strong>Dimanche 23 avril<\/strong><br \/>\nDe 11h15 \u00e0 11h45<\/p>\n<p>De 14h30 \u00e0 15h00<br \/>\n<em>Animateurs : James Harper et le Professeur Jonathan Morris<\/em><br \/>\n<em>The Lab \/ London Coffee Festival<\/em><\/p>\n<p>&nbsp;<\/p>\n<p>&nbsp;<\/p>\n<p><strong>London Coffee Festival<\/strong><br \/>\n22-23 avril 2023<br \/>\nThe Lab<br \/>\n<a href=\"https:\/\/www.google.com\/maps\/place\/The+Truman+Brewery\/@51.5212729,-0.0719898,15z\/data=!4m6!3m5!1s0x48761cb681c09d1b:0xffb3966176941f91!8m2!3d51.5212729!4d-0.0719898!16zL20vMDd4cTEx\">The Truman Brewery<\/a><br \/>\nBrick Lane<br \/>\nE1 6QR London<\/p>\n<p>&nbsp;<\/p>\n<p><strong>Suivez l\u2019\u00e9v\u00e9nement sur Instagram<\/strong><br \/>\n@rancilio_official #rancilio<br \/>\n@ranciliospecialty #ranciliospecialty<br \/>\n@londoncoffeefestival #londoncoffeefestival2023<br \/>\n@filterstoriespodcast<br \/>\n@coffeehistoryjm<\/p>\n","protected":false},"excerpt":{"rendered":"<p>Les samedi 22 et dimanche 23 avril, Rancilio vous invite \u00e0 un \u00e9v\u00e9nement sp\u00e9cial, organis\u00e9 \u00e0 l&#8217;occasion de la deuxi\u00e8me&#8230;<\/p>\n","protected":false},"author":5,"featured_media":66105,"comment_status":"closed","ping_status":"closed","sticky":false,"template":"","format":"standard","meta":[],"categories":[878],"tags":[2920,2921,2824],"acf":[],"yoast_head":"<!-- This site is optimized with the Yoast SEO plugin v21.5 - https:\/\/yoast.com\/wordpress\/plugins\/seo\/ -->\n<title>Latest update about Podcast A History of Coffee au London Coffee Festival avec Rancilio - Rancilio Group<\/title>\n<meta name=\"description\" content=\"Read Rancilio Group&#039;s latest news about Podcast A History of Coffee au London Coffee Festival avec Rancilio\" \/>\n<meta name=\"robots\" content=\"index, follow, max-snippet:-1, max-image-preview:large, max-video-preview:-1\" \/>\n<link rel=\"canonical\" href=\"https:\/\/www.ranciliogroup.com\/fr\/podcast-a-history-of-coffee-au-london-coffee-festival-avec-rancilio\/\" \/>\n<meta property=\"og:locale\" content=\"fr_FR\" \/>\n<meta property=\"og:type\" content=\"article\" \/>\n<meta property=\"og:title\" content=\"Latest update about Podcast A History of Coffee au London Coffee Festival avec Rancilio - Rancilio Group\" \/>\n<meta property=\"og:description\" content=\"Read Rancilio Group&#039;s latest news about Podcast A History of Coffee au London Coffee Festival avec Rancilio\" \/>\n<meta property=\"og:url\" content=\"https:\/\/www.ranciliogroup.com\/fr\/podcast-a-history-of-coffee-au-london-coffee-festival-avec-rancilio\/\" \/>\n<meta property=\"og:site_name\" content=\"Rancilio Group\" \/>\n<meta property=\"article:publisher\" content=\"https:\/\/www.facebook.com\/RancilioGroup\" \/>\n<meta property=\"article:published_time\" content=\"2023-04-06T08:56:52+00:00\" \/>\n<meta property=\"article:modified_time\" content=\"2023-04-12T12:10:25+00:00\" \/>\n<meta property=\"og:image\" content=\"https:\/\/www.ranciliogroup.com\/app\/uploads\/2023\/04\/Rancilio-A-History-of-Coffee_web02.jpg\" \/>\n\t<meta property=\"og:image:width\" content=\"1280\" \/>\n\t<meta property=\"og:image:height\" content=\"720\" \/>\n\t<meta property=\"og:image:type\" content=\"image\/jpeg\" \/>\n<meta name=\"author\" content=\"temp circular\" \/>\n<meta name=\"twitter:card\" content=\"summary_large_image\" \/>\n<meta name=\"twitter:creator\" content=\"@ranciliogroup\" \/>\n<meta name=\"twitter:site\" content=\"@ranciliogroup\" \/>\n<meta name=\"twitter:label1\" content=\"Written by\" \/>\n\t<meta name=\"twitter:data1\" content=\"temp circular\" \/>\n\t<meta name=\"twitter:label2\" content=\"Est. reading time\" \/>\n\t<meta name=\"twitter:data2\" content=\"2 minutes\" \/>\n<script type=\"application\/ld+json\" class=\"yoast-schema-graph\">{\"@context\":\"https:\/\/schema.org\",\"@graph\":[{\"@type\":\"Article\",\"@id\":\"https:\/\/www.ranciliogroup.com\/fr\/podcast-a-history-of-coffee-au-london-coffee-festival-avec-rancilio\/#article\",\"isPartOf\":{\"@id\":\"https:\/\/www.ranciliogroup.com\/fr\/podcast-a-history-of-coffee-au-london-coffee-festival-avec-rancilio\/\"},\"author\":{\"name\":\"temp circular\",\"@id\":\"https:\/\/www.ranciliogroup.com\/fr\/#\/schema\/person\/d6bf0a7dfe74cded3d64da8b2c92814c\"},\"headline\":\"Podcast A History of Coffee au London Coffee Festival avec Rancilio\",\"datePublished\":\"2023-04-06T08:56:52+00:00\",\"dateModified\":\"2023-04-12T12:10:25+00:00\",\"mainEntityOfPage\":{\"@id\":\"https:\/\/www.ranciliogroup.com\/fr\/podcast-a-history-of-coffee-au-london-coffee-festival-avec-rancilio\/\"},\"wordCount\":330,\"publisher\":{\"@id\":\"https:\/\/www.ranciliogroup.com\/fr\/#organization\"},\"keywords\":[\"London Coffee Festival\",\"A History of Coffee\",\"Rancilio\"],\"articleSection\":[\"Tous\"],\"inLanguage\":\"fr-FR\"},{\"@type\":\"WebPage\",\"@id\":\"https:\/\/www.ranciliogroup.com\/fr\/podcast-a-history-of-coffee-au-london-coffee-festival-avec-rancilio\/\",\"url\":\"https:\/\/www.ranciliogroup.com\/fr\/podcast-a-history-of-coffee-au-london-coffee-festival-avec-rancilio\/\",\"name\":\"Latest update about Podcast A History of Coffee au London Coffee Festival avec Rancilio - Rancilio Group\",\"isPartOf\":{\"@id\":\"https:\/\/www.ranciliogroup.com\/fr\/#website\"},\"datePublished\":\"2023-04-06T08:56:52+00:00\",\"dateModified\":\"2023-04-12T12:10:25+00:00\",\"description\":\"Read Rancilio Group's latest news about Podcast A History of Coffee au London Coffee Festival avec Rancilio\",\"breadcrumb\":{\"@id\":\"https:\/\/www.ranciliogroup.com\/fr\/podcast-a-history-of-coffee-au-london-coffee-festival-avec-rancilio\/#breadcrumb\"},\"inLanguage\":\"fr-FR\",\"potentialAction\":[{\"@type\":\"ReadAction\",\"target\":[\"https:\/\/www.ranciliogroup.com\/fr\/podcast-a-history-of-coffee-au-london-coffee-festival-avec-rancilio\/\"]}]},{\"@type\":\"BreadcrumbList\",\"@id\":\"https:\/\/www.ranciliogroup.com\/fr\/podcast-a-history-of-coffee-au-london-coffee-festival-avec-rancilio\/#breadcrumb\",\"itemListElement\":[{\"@type\":\"ListItem\",\"position\":1,\"name\":\"Home\",\"item\":\"https:\/\/www.ranciliogroup.com\/fr\/\"},{\"@type\":\"ListItem\",\"position\":2,\"name\":\"Podcast A History of Coffee au London Coffee Festival avec Rancilio\"}]},{\"@type\":\"WebSite\",\"@id\":\"https:\/\/www.ranciliogroup.com\/fr\/#website\",\"url\":\"https:\/\/www.ranciliogroup.com\/fr\/\",\"name\":\"Rancilio Group\",\"description\":\"Leader des machines \u00e0 caf\u00e9 professionnelles\",\"publisher\":{\"@id\":\"https:\/\/www.ranciliogroup.com\/fr\/#organization\"},\"potentialAction\":[{\"@type\":\"SearchAction\",\"target\":{\"@type\":\"EntryPoint\",\"urlTemplate\":\"https:\/\/www.ranciliogroup.com\/fr\/?s={search_term_string}\"},\"query-input\":\"required name=search_term_string\"}],\"inLanguage\":\"fr-FR\"},{\"@type\":\"Organization\",\"@id\":\"https:\/\/www.ranciliogroup.com\/fr\/#organization\",\"name\":\"Rancilio Group\",\"url\":\"https:\/\/www.ranciliogroup.com\/fr\/\",\"logo\":{\"@type\":\"ImageObject\",\"inLanguage\":\"fr-FR\",\"@id\":\"https:\/\/www.ranciliogroup.com\/fr\/#\/schema\/logo\/image\/\",\"url\":\"https:\/\/www.ranciliogroup.com\/app\/uploads\/2019\/07\/rancilio_black_logo.png\",\"contentUrl\":\"https:\/\/www.ranciliogroup.com\/app\/uploads\/2019\/07\/rancilio_black_logo.png\",\"width\":447,\"height\":57,\"caption\":\"Rancilio Group\"},\"image\":{\"@id\":\"https:\/\/www.ranciliogroup.com\/fr\/#\/schema\/logo\/image\/\"},\"sameAs\":[\"https:\/\/www.facebook.com\/RancilioGroup\",\"https:\/\/twitter.com\/ranciliogroup\",\"https:\/\/www.instagram.com\/rancilio_official\/\",\"https:\/\/www.linkedin.com\/company\/ranciliogroup\/\",\"https:\/\/www.youtube.com\/user\/rancilioadmin\"]},{\"@type\":\"Person\",\"@id\":\"https:\/\/www.ranciliogroup.com\/fr\/#\/schema\/person\/d6bf0a7dfe74cded3d64da8b2c92814c\",\"name\":\"temp circular\",\"image\":{\"@type\":\"ImageObject\",\"inLanguage\":\"fr-FR\",\"@id\":\"https:\/\/www.ranciliogroup.com\/fr\/#\/schema\/person\/image\/\",\"url\":\"https:\/\/secure.gravatar.com\/avatar\/569e71c3b97b8bcad1854d6579b35c5f?s=96&d=mm&r=g\",\"contentUrl\":\"https:\/\/secure.gravatar.com\/avatar\/569e71c3b97b8bcad1854d6579b35c5f?s=96&d=mm&r=g\",\"caption\":\"temp circular\"}}]}<\/script>\n<!-- \/ Yoast SEO plugin. -->","yoast_head_json":{"title":"Latest update about Podcast A History of Coffee au London Coffee Festival avec Rancilio - Rancilio Group","description":"Read Rancilio Group's latest news about Podcast A History of Coffee au London Coffee Festival avec Rancilio","robots":{"index":"index","follow":"follow","max-snippet":"max-snippet:-1","max-image-preview":"max-image-preview:large","max-video-preview":"max-video-preview:-1"},"canonical":"https:\/\/www.ranciliogroup.com\/fr\/podcast-a-history-of-coffee-au-london-coffee-festival-avec-rancilio\/","og_locale":"fr_FR","og_type":"article","og_title":"Latest update about Podcast A History of Coffee au London Coffee Festival avec Rancilio - Rancilio Group","og_description":"Read Rancilio Group's latest news about Podcast A History of Coffee au London Coffee Festival avec Rancilio","og_url":"https:\/\/www.ranciliogroup.com\/fr\/podcast-a-history-of-coffee-au-london-coffee-festival-avec-rancilio\/","og_site_name":"Rancilio Group","article_publisher":"https:\/\/www.facebook.com\/RancilioGroup","article_published_time":"2023-04-06T08:56:52+00:00","article_modified_time":"2023-04-12T12:10:25+00:00","og_image":[{"width":1280,"height":720,"url":"https:\/\/www.ranciliogroup.com\/app\/uploads\/2023\/04\/Rancilio-A-History-of-Coffee_web02.jpg","type":"image\/jpeg"}],"author":"temp circular","twitter_card":"summary_large_image","twitter_creator":"@ranciliogroup","twitter_site":"@ranciliogroup","twitter_misc":{"Written by":"temp circular","Est. reading time":"2 minutes"},"schema":{"@context":"https:\/\/schema.org","@graph":[{"@type":"Article","@id":"https:\/\/www.ranciliogroup.com\/fr\/podcast-a-history-of-coffee-au-london-coffee-festival-avec-rancilio\/#article","isPartOf":{"@id":"https:\/\/www.ranciliogroup.com\/fr\/podcast-a-history-of-coffee-au-london-coffee-festival-avec-rancilio\/"},"author":{"name":"temp circular","@id":"https:\/\/www.ranciliogroup.com\/fr\/#\/schema\/person\/d6bf0a7dfe74cded3d64da8b2c92814c"},"headline":"Podcast A History of Coffee au London Coffee Festival avec Rancilio","datePublished":"2023-04-06T08:56:52+00:00","dateModified":"2023-04-12T12:10:25+00:00","mainEntityOfPage":{"@id":"https:\/\/www.ranciliogroup.com\/fr\/podcast-a-history-of-coffee-au-london-coffee-festival-avec-rancilio\/"},"wordCount":330,"publisher":{"@id":"https:\/\/www.ranciliogroup.com\/fr\/#organization"},"keywords":["London Coffee Festival","A History of Coffee","Rancilio"],"articleSection":["Tous"],"inLanguage":"fr-FR"},{"@type":"WebPage","@id":"https:\/\/www.ranciliogroup.com\/fr\/podcast-a-history-of-coffee-au-london-coffee-festival-avec-rancilio\/","url":"https:\/\/www.ranciliogroup.com\/fr\/podcast-a-history-of-coffee-au-london-coffee-festival-avec-rancilio\/","name":"Latest update about Podcast A History of Coffee au London Coffee Festival avec Rancilio - Rancilio Group","isPartOf":{"@id":"https:\/\/www.ranciliogroup.com\/fr\/#website"},"datePublished":"2023-04-06T08:56:52+00:00","dateModified":"2023-04-12T12:10:25+00:00","description":"Read Rancilio Group's latest news about Podcast A History of Coffee au London Coffee Festival avec Rancilio","breadcrumb":{"@id":"https:\/\/www.ranciliogroup.com\/fr\/podcast-a-history-of-coffee-au-london-coffee-festival-avec-rancilio\/#breadcrumb"},"inLanguage":"fr-FR","potentialAction":[{"@type":"ReadAction","target":["https:\/\/www.ranciliogroup.com\/fr\/podcast-a-history-of-coffee-au-london-coffee-festival-avec-rancilio\/"]}]},{"@type":"BreadcrumbList","@id":"https:\/\/www.ranciliogroup.com\/fr\/podcast-a-history-of-coffee-au-london-coffee-festival-avec-rancilio\/#breadcrumb","itemListElement":[{"@type":"ListItem","position":1,"name":"Home","item":"https:\/\/www.ranciliogroup.com\/fr\/"},{"@type":"ListItem","position":2,"name":"Podcast A History of Coffee au London Coffee Festival avec Rancilio"}]},{"@type":"WebSite","@id":"https:\/\/www.ranciliogroup.com\/fr\/#website","url":"https:\/\/www.ranciliogroup.com\/fr\/","name":"Rancilio Group","description":"Leader des machines \u00e0 caf\u00e9 professionnelles","publisher":{"@id":"https:\/\/www.ranciliogroup.com\/fr\/#organization"},"potentialAction":[{"@type":"SearchAction","target":{"@type":"EntryPoint","urlTemplate":"https:\/\/www.ranciliogroup.com\/fr\/?s={search_term_string}"},"query-input":"required name=search_term_string"}],"inLanguage":"fr-FR"},{"@type":"Organization","@id":"https:\/\/www.ranciliogroup.com\/fr\/#organization","name":"Rancilio Group","url":"https:\/\/www.ranciliogroup.com\/fr\/","logo":{"@type":"ImageObject","inLanguage":"fr-FR","@id":"https:\/\/www.ranciliogroup.com\/fr\/#\/schema\/logo\/image\/","url":"https:\/\/www.ranciliogroup.com\/app\/uploads\/2019\/07\/rancilio_black_logo.png","contentUrl":"https:\/\/www.ranciliogroup.com\/app\/uploads\/2019\/07\/rancilio_black_logo.png","width":447,"height":57,"caption":"Rancilio Group"},"image":{"@id":"https:\/\/www.ranciliogroup.com\/fr\/#\/schema\/logo\/image\/"},"sameAs":["https:\/\/www.facebook.com\/RancilioGroup","https:\/\/twitter.com\/ranciliogroup","https:\/\/www.instagram.com\/rancilio_official\/","https:\/\/www.linkedin.com\/company\/ranciliogroup\/","https:\/\/www.youtube.com\/user\/rancilioadmin"]},{"@type":"Person","@id":"https:\/\/www.ranciliogroup.com\/fr\/#\/schema\/person\/d6bf0a7dfe74cded3d64da8b2c92814c","name":"temp circular","image":{"@type":"ImageObject","inLanguage":"fr-FR","@id":"https:\/\/www.ranciliogroup.com\/fr\/#\/schema\/person\/image\/","url":"https:\/\/secure.gravatar.com\/avatar\/569e71c3b97b8bcad1854d6579b35c5f?s=96&d=mm&r=g","contentUrl":"https:\/\/secure.gravatar.com\/avatar\/569e71c3b97b8bcad1854d6579b35c5f?s=96&d=mm&r=g","caption":"temp circular"}}]}},"_links":{"self":[{"href":"https:\/\/www.ranciliogroup.com\/fr\/wp-json\/wp\/v2\/posts\/66145"}],"collection":[{"href":"https:\/\/www.ranciliogroup.com\/fr\/wp-json\/wp\/v2\/posts"}],"about":[{"href":"https:\/\/www.ranciliogroup.com\/fr\/wp-json\/wp\/v2\/types\/post"}],"author":[{"embeddable":true,"href":"https:\/\/www.ranciliogroup.com\/fr\/wp-json\/wp\/v2\/users\/5"}],"replies":[{"embeddable":true,"href":"https:\/\/www.ranciliogroup.com\/fr\/wp-json\/wp\/v2\/comments?post=66145"}],"version-history":[{"count":3,"href":"https:\/\/www.ranciliogroup.com\/fr\/wp-json\/wp\/v2\/posts\/66145\/revisions"}],"predecessor-version":[{"id":66212,"href":"https:\/\/www.ranciliogroup.com\/fr\/wp-json\/wp\/v2\/posts\/66145\/revisions\/66212"}],"wp:featuredmedia":[{"embeddable":true,"href":"https:\/\/www.ranciliogroup.com\/fr\/wp-json\/wp\/v2\/media\/66105"}],"wp:attachment":[{"href":"https:\/\/www.ranciliogroup.com\/fr\/wp-json\/wp\/v2\/media?parent=66145"}],"wp:term":[{"taxonomy":"category","embeddable":true,"href":"https:\/\/www.ranciliogroup.com\/fr\/wp-json\/wp\/v2\/categories?post=66145"},{"taxonomy":"post_tag","embeddable":true,"href":"https:\/\/www.ranciliogroup.com\/fr\/wp-json\/wp\/v2\/tags?post=66145"}],"curies":[{"name":"wp","href":"https:\/\/api.w.org\/{rel}","templated":true}]}}