{"id":66159,"date":"2023-04-06T11:30:12","date_gmt":"2023-04-06T09:30:12","guid":{"rendered":"https:\/\/www.ranciliogroup.com\/?p=66159"},"modified":"2023-04-06T11:30:12","modified_gmt":"2023-04-06T09:30:12","slug":"rancilio-group-vole-vers-portland-pour-la-specialty-coffee-expo","status":"publish","type":"post","link":"https:\/\/www.ranciliogroup.com\/fr\/rancilio-group-vole-vers-portland-pour-la-specialty-coffee-expo\/","title":{"rendered":"Rancilio Group vole vers Portland pour la Specialty Coffee Expo"},"content":{"rendered":"<p>Du 21 au 23 avril, les torr\u00e9facteurs, les d\u00e9taillants et les professionnels du caf\u00e9 se r\u00e9uniront \u00e0 la Specialty Coffee Expo 2023 \u00e0 Portland, la plus grande ville de l&#8217;Oregon.<\/p>\n<p>L&#8217;\u00e9quipe nord-am\u00e9ricaine de Rancilio Group est pr\u00eate \u00e0 accueillir tous les visiteurs sur son stand avec une s\u00e9lection sp\u00e9ciale de produits rassembl\u00e9s sp\u00e9cifiquement pour cet \u00e9v\u00e9nement extraordinaire organis\u00e9 par la SCA.<\/p>\n<p>La machine \u00e0 expresso \u00e0 groupe unique avec technologie \u00e0 double chaudi\u00e8re Silvia Pro X sera pr\u00e9sente aux c\u00f4t\u00e9s du nouveau moulin \u00e0 caf\u00e9 ultra compact Stile pour tous les amateurs de caf\u00e9 \u00e0 la maison.<\/p>\n<p>Tous les amateurs de caf\u00e9 filtre auront la possibilit\u00e9 d&#8217;essayer Egro Touch Coffee, la machine \u00e0 caf\u00e9 enti\u00e8rement automatique, con\u00e7ue pour un caf\u00e9 filtre de qualit\u00e9. Egro Next Top Milk et Egro One compl\u00e9teront la gamme de machines \u00e0 caf\u00e9 enti\u00e8rement automatiques Egro pr\u00e9sentes au salon.<\/p>\n<p>Enfin, Rancilio Specialty a pr\u00e9par\u00e9 un espace pour tous les connaisseurs de caf\u00e9 de sp\u00e9cialit\u00e9 qui viendront au stand pour voir la RS1 et l&#8217;Invicta \u00e0 l&#8217;\u0153uvre. Invicta a \u00e9galement \u00e9t\u00e9 choisie comme machine \u00e0 expresso officielle des Championnats am\u00e9ricains de Latte Art qui se d\u00e9rouleront \u00e0 l&#8217;occasion de l&#8217;exposition SCA.<\/p>\n<p>Des ateliers, des d\u00e9monstrations live, des comp\u00e9titions et des conf\u00e9rences sp\u00e9ciales seront organis\u00e9s pour tous les professionnels du caf\u00e9 participant \u00e0 l&#8217;\u00e9v\u00e9nement, afin de leur offrir une occasion sans pareille de constituer des r\u00e9seaux, d&#8217;apprendre et d&#8217;\u00e9changer leurs points de vue sur le secteur du caf\u00e9.<\/p>\n<p>&nbsp;<\/p>\n<p><strong>Specialty Coffee Expo \/ Rancilio Group<\/strong><br \/>\n21-23 avril 2023<br \/>\nStand 1955<br \/>\n<a href=\"https:\/\/www.google.com\/maps\/place\/Oregon+Convention+Center\/@45.5293588,-122.6624767,15z\/data=!4m2!3m1!1s0x0:0x610cf37babf5b9df?sa=X&amp;ved=2ahUKEwj_z9HW9-z9AhXiSPEDHbcTD-4Q_BJ6BQiOARAI\">Oregon Convention Center<\/a><br \/>\n777 NE Martin Luther King Jr Blvd<br \/>\nPortland, \u00c9tats-Unis<\/p>\n<p>&nbsp;<\/p>\n<p><strong>Pour plus d\u2019informations concernant l\u2019\u00e9v\u00e9nement<\/strong><br \/>\n<a href=\"https:\/\/www.coffeeexpo.org\/\">https:\/\/www.coffeeexpo.org\/<\/a><\/p>\n<p><strong>\u00a0<\/strong><\/p>\n<p><strong>D\u00e9couvrez nos produits pr\u00e9sent\u00e9s<\/strong><br \/>\n<a href=\"https:\/\/www.ranciliogroup.com\/fr\/rancilio\/classe-5\/\">Rancilio Classe 5<\/a><br \/>\n<a href=\"https:\/\/www.ranciliogroup.com\/fr\/rancilio\/classe-7\/\">Rancilio Classe 7<\/a><br \/>\n<a href=\"https:\/\/www.ranciliogroup.com\/fr\/rancilio\/classe-20\/\">Rancilio Classe 20<\/a><br \/>\n<a href=\"https:\/\/www.ranciliogroup.com\/fr\/rancilio\/kryo\/\">Rancilio Kryo<\/a><br \/>\n<a href=\"https:\/\/www.ranciliogroup.com\/fr\/rancilio\/stile\/\">Rancilio Stile<\/a><br \/>\n<a href=\"https:\/\/www.ranciliogroup.com\/fr\/rancilio\/silvia-pro-x\/\">Rancilio Silvia Pro X<\/a><br \/>\n<a href=\"https:\/\/www.ranciliogroup.com\/fr\/specialty\/rs1\/\">Rancilio Specialty RS1<\/a><br \/>\n<a href=\"https:\/\/www.ranciliogroup.com\/fr\/specialty\/invicta\/\">Rancilio Specialty Invicta<\/a><br \/>\n<a href=\"https:\/\/www.ranciliogroup.com\/fr\/egro\/touch-coffee\/\">Egro Touch Coffee<\/a><br \/>\n<a href=\"https:\/\/www.ranciliogroup.com\/fr\/egro\/one\/\">Egro One<\/a><br \/>\n<a href=\"https:\/\/www.ranciliogroup.com\/fr\/egro\/next\/\">Egro Next<\/a><\/p>\n","protected":false},"excerpt":{"rendered":"<p>Du 21 au 23 avril, les torr\u00e9facteurs, les d\u00e9taillants et les professionnels du caf\u00e9 se r\u00e9uniront \u00e0 la Specialty Coffee&#8230;<\/p>\n","protected":false},"author":5,"featured_media":66121,"comment_status":"closed","ping_status":"closed","sticky":false,"template":"","format":"standard","meta":[],"categories":[878],"tags":[2928,2927,2929,2881,2882,2884,2852,2824,2825,2735,2685,2625,2624,2593,2594,2554],"acf":[],"yoast_head":"<!-- This site is optimized with the Yoast SEO plugin v21.5 - https:\/\/yoast.com\/wordpress\/plugins\/seo\/ -->\n<title>Latest update about Rancilio Group vole vers Portland pour la Specialty Coffee Expo - Rancilio Group<\/title>\n<meta name=\"description\" content=\"Read Rancilio Group&#039;s latest news about Rancilio Group vole vers Portland pour la Specialty Coffee Expo\" \/>\n<meta name=\"robots\" content=\"index, follow, max-snippet:-1, max-image-preview:large, max-video-preview:-1\" \/>\n<link rel=\"canonical\" href=\"https:\/\/www.ranciliogroup.com\/fr\/rancilio-group-vole-vers-portland-pour-la-specialty-coffee-expo\/\" \/>\n<meta property=\"og:locale\" content=\"fr_FR\" \/>\n<meta property=\"og:type\" content=\"article\" \/>\n<meta property=\"og:title\" content=\"Latest update about Rancilio Group vole vers Portland pour la Specialty Coffee Expo - Rancilio Group\" \/>\n<meta property=\"og:description\" content=\"Read Rancilio Group&#039;s latest news about Rancilio Group vole vers Portland pour la Specialty Coffee Expo\" \/>\n<meta property=\"og:url\" content=\"https:\/\/www.ranciliogroup.com\/fr\/rancilio-group-vole-vers-portland-pour-la-specialty-coffee-expo\/\" \/>\n<meta property=\"og:site_name\" content=\"Rancilio Group\" \/>\n<meta property=\"article:publisher\" content=\"https:\/\/www.facebook.com\/RancilioGroup\" \/>\n<meta property=\"article:published_time\" content=\"2023-04-06T09:30:12+00:00\" \/>\n<meta property=\"og:image\" content=\"https:\/\/www.ranciliogroup.com\/app\/uploads\/2023\/04\/SCA_Expo_Rancilio_web.jpg\" \/>\n\t<meta property=\"og:image:width\" content=\"1080\" \/>\n\t<meta property=\"og:image:height\" content=\"590\" \/>\n\t<meta property=\"og:image:type\" content=\"image\/jpeg\" \/>\n<meta name=\"author\" content=\"temp circular\" \/>\n<meta name=\"twitter:card\" content=\"summary_large_image\" \/>\n<meta name=\"twitter:creator\" content=\"@ranciliogroup\" \/>\n<meta name=\"twitter:site\" content=\"@ranciliogroup\" \/>\n<meta name=\"twitter:label1\" content=\"Written by\" \/>\n\t<meta name=\"twitter:data1\" content=\"temp circular\" \/>\n\t<meta name=\"twitter:label2\" content=\"Est. reading time\" \/>\n\t<meta name=\"twitter:data2\" content=\"2 minutes\" \/>\n<script type=\"application\/ld+json\" class=\"yoast-schema-graph\">{\"@context\":\"https:\/\/schema.org\",\"@graph\":[{\"@type\":\"Article\",\"@id\":\"https:\/\/www.ranciliogroup.com\/fr\/rancilio-group-vole-vers-portland-pour-la-specialty-coffee-expo\/#article\",\"isPartOf\":{\"@id\":\"https:\/\/www.ranciliogroup.com\/fr\/rancilio-group-vole-vers-portland-pour-la-specialty-coffee-expo\/\"},\"author\":{\"name\":\"temp circular\",\"@id\":\"https:\/\/www.ranciliogroup.com\/fr\/#\/schema\/person\/d6bf0a7dfe74cded3d64da8b2c92814c\"},\"headline\":\"Rancilio Group vole vers Portland pour la Specialty Coffee Expo\",\"datePublished\":\"2023-04-06T09:30:12+00:00\",\"dateModified\":\"2023-04-06T09:30:12+00:00\",\"mainEntityOfPage\":{\"@id\":\"https:\/\/www.ranciliogroup.com\/fr\/rancilio-group-vole-vers-portland-pour-la-specialty-coffee-expo\/\"},\"wordCount\":334,\"publisher\":{\"@id\":\"https:\/\/www.ranciliogroup.com\/fr\/#organization\"},\"keywords\":[\"Portland\",\"SCA Expo\",\"Touch Coffee\",\"Classe 5\",\"Classe 7\",\"One\",\"Stile\",\"Rancilio\",\"Classe 20\",\"Silvia Pro X\",\"Next\",\"Kryo\",\"Invicta\",\"Rancilio Specialty\",\"RS1\",\"Egro\"],\"articleSection\":[\"Tous\"],\"inLanguage\":\"fr-FR\"},{\"@type\":\"WebPage\",\"@id\":\"https:\/\/www.ranciliogroup.com\/fr\/rancilio-group-vole-vers-portland-pour-la-specialty-coffee-expo\/\",\"url\":\"https:\/\/www.ranciliogroup.com\/fr\/rancilio-group-vole-vers-portland-pour-la-specialty-coffee-expo\/\",\"name\":\"Latest update about Rancilio Group vole vers Portland pour la Specialty Coffee Expo - Rancilio Group\",\"isPartOf\":{\"@id\":\"https:\/\/www.ranciliogroup.com\/fr\/#website\"},\"datePublished\":\"2023-04-06T09:30:12+00:00\",\"dateModified\":\"2023-04-06T09:30:12+00:00\",\"description\":\"Read Rancilio Group's latest news about Rancilio Group vole vers Portland pour la Specialty Coffee Expo\",\"breadcrumb\":{\"@id\":\"https:\/\/www.ranciliogroup.com\/fr\/rancilio-group-vole-vers-portland-pour-la-specialty-coffee-expo\/#breadcrumb\"},\"inLanguage\":\"fr-FR\",\"potentialAction\":[{\"@type\":\"ReadAction\",\"target\":[\"https:\/\/www.ranciliogroup.com\/fr\/rancilio-group-vole-vers-portland-pour-la-specialty-coffee-expo\/\"]}]},{\"@type\":\"BreadcrumbList\",\"@id\":\"https:\/\/www.ranciliogroup.com\/fr\/rancilio-group-vole-vers-portland-pour-la-specialty-coffee-expo\/#breadcrumb\",\"itemListElement\":[{\"@type\":\"ListItem\",\"position\":1,\"name\":\"Home\",\"item\":\"https:\/\/www.ranciliogroup.com\/fr\/\"},{\"@type\":\"ListItem\",\"position\":2,\"name\":\"Rancilio Group vole vers Portland pour la Specialty Coffee Expo\"}]},{\"@type\":\"WebSite\",\"@id\":\"https:\/\/www.ranciliogroup.com\/fr\/#website\",\"url\":\"https:\/\/www.ranciliogroup.com\/fr\/\",\"name\":\"Rancilio Group\",\"description\":\"Leader des machines \u00e0 caf\u00e9 professionnelles\",\"publisher\":{\"@id\":\"https:\/\/www.ranciliogroup.com\/fr\/#organization\"},\"potentialAction\":[{\"@type\":\"SearchAction\",\"target\":{\"@type\":\"EntryPoint\",\"urlTemplate\":\"https:\/\/www.ranciliogroup.com\/fr\/?s={search_term_string}\"},\"query-input\":\"required name=search_term_string\"}],\"inLanguage\":\"fr-FR\"},{\"@type\":\"Organization\",\"@id\":\"https:\/\/www.ranciliogroup.com\/fr\/#organization\",\"name\":\"Rancilio Group\",\"url\":\"https:\/\/www.ranciliogroup.com\/fr\/\",\"logo\":{\"@type\":\"ImageObject\",\"inLanguage\":\"fr-FR\",\"@id\":\"https:\/\/www.ranciliogroup.com\/fr\/#\/schema\/logo\/image\/\",\"url\":\"https:\/\/www.ranciliogroup.com\/app\/uploads\/2019\/07\/rancilio_black_logo.png\",\"contentUrl\":\"https:\/\/www.ranciliogroup.com\/app\/uploads\/2019\/07\/rancilio_black_logo.png\",\"width\":447,\"height\":57,\"caption\":\"Rancilio Group\"},\"image\":{\"@id\":\"https:\/\/www.ranciliogroup.com\/fr\/#\/schema\/logo\/image\/\"},\"sameAs\":[\"https:\/\/www.facebook.com\/RancilioGroup\",\"https:\/\/twitter.com\/ranciliogroup\",\"https:\/\/www.instagram.com\/rancilio_official\/\",\"https:\/\/www.linkedin.com\/company\/ranciliogroup\/\",\"https:\/\/www.youtube.com\/user\/rancilioadmin\"]},{\"@type\":\"Person\",\"@id\":\"https:\/\/www.ranciliogroup.com\/fr\/#\/schema\/person\/d6bf0a7dfe74cded3d64da8b2c92814c\",\"name\":\"temp circular\",\"image\":{\"@type\":\"ImageObject\",\"inLanguage\":\"fr-FR\",\"@id\":\"https:\/\/www.ranciliogroup.com\/fr\/#\/schema\/person\/image\/\",\"url\":\"https:\/\/secure.gravatar.com\/avatar\/569e71c3b97b8bcad1854d6579b35c5f?s=96&d=mm&r=g\",\"contentUrl\":\"https:\/\/secure.gravatar.com\/avatar\/569e71c3b97b8bcad1854d6579b35c5f?s=96&d=mm&r=g\",\"caption\":\"temp circular\"}}]}<\/script>\n<!-- \/ Yoast SEO plugin. -->","yoast_head_json":{"title":"Latest update about Rancilio Group vole vers Portland pour la Specialty Coffee Expo - Rancilio Group","description":"Read Rancilio Group's latest news about Rancilio Group vole vers Portland pour la Specialty Coffee Expo","robots":{"index":"index","follow":"follow","max-snippet":"max-snippet:-1","max-image-preview":"max-image-preview:large","max-video-preview":"max-video-preview:-1"},"canonical":"https:\/\/www.ranciliogroup.com\/fr\/rancilio-group-vole-vers-portland-pour-la-specialty-coffee-expo\/","og_locale":"fr_FR","og_type":"article","og_title":"Latest update about Rancilio Group vole vers Portland pour la Specialty Coffee Expo - Rancilio Group","og_description":"Read Rancilio Group's latest news about Rancilio Group vole vers Portland pour la Specialty Coffee Expo","og_url":"https:\/\/www.ranciliogroup.com\/fr\/rancilio-group-vole-vers-portland-pour-la-specialty-coffee-expo\/","og_site_name":"Rancilio Group","article_publisher":"https:\/\/www.facebook.com\/RancilioGroup","article_published_time":"2023-04-06T09:30:12+00:00","og_image":[{"width":1080,"height":590,"url":"https:\/\/www.ranciliogroup.com\/app\/uploads\/2023\/04\/SCA_Expo_Rancilio_web.jpg","type":"image\/jpeg"}],"author":"temp circular","twitter_card":"summary_large_image","twitter_creator":"@ranciliogroup","twitter_site":"@ranciliogroup","twitter_misc":{"Written by":"temp circular","Est. reading time":"2 minutes"},"schema":{"@context":"https:\/\/schema.org","@graph":[{"@type":"Article","@id":"https:\/\/www.ranciliogroup.com\/fr\/rancilio-group-vole-vers-portland-pour-la-specialty-coffee-expo\/#article","isPartOf":{"@id":"https:\/\/www.ranciliogroup.com\/fr\/rancilio-group-vole-vers-portland-pour-la-specialty-coffee-expo\/"},"author":{"name":"temp circular","@id":"https:\/\/www.ranciliogroup.com\/fr\/#\/schema\/person\/d6bf0a7dfe74cded3d64da8b2c92814c"},"headline":"Rancilio Group vole vers Portland pour la Specialty Coffee Expo","datePublished":"2023-04-06T09:30:12+00:00","dateModified":"2023-04-06T09:30:12+00:00","mainEntityOfPage":{"@id":"https:\/\/www.ranciliogroup.com\/fr\/rancilio-group-vole-vers-portland-pour-la-specialty-coffee-expo\/"},"wordCount":334,"publisher":{"@id":"https:\/\/www.ranciliogroup.com\/fr\/#organization"},"keywords":["Portland","SCA Expo","Touch Coffee","Classe 5","Classe 7","One","Stile","Rancilio","Classe 20","Silvia Pro X","Next","Kryo","Invicta","Rancilio Specialty","RS1","Egro"],"articleSection":["Tous"],"inLanguage":"fr-FR"},{"@type":"WebPage","@id":"https:\/\/www.ranciliogroup.com\/fr\/rancilio-group-vole-vers-portland-pour-la-specialty-coffee-expo\/","url":"https:\/\/www.ranciliogroup.com\/fr\/rancilio-group-vole-vers-portland-pour-la-specialty-coffee-expo\/","name":"Latest update about Rancilio Group vole vers Portland pour la Specialty Coffee Expo - Rancilio Group","isPartOf":{"@id":"https:\/\/www.ranciliogroup.com\/fr\/#website"},"datePublished":"2023-04-06T09:30:12+00:00","dateModified":"2023-04-06T09:30:12+00:00","description":"Read Rancilio Group's latest news about Rancilio Group vole vers Portland pour la Specialty Coffee Expo","breadcrumb":{"@id":"https:\/\/www.ranciliogroup.com\/fr\/rancilio-group-vole-vers-portland-pour-la-specialty-coffee-expo\/#breadcrumb"},"inLanguage":"fr-FR","potentialAction":[{"@type":"ReadAction","target":["https:\/\/www.ranciliogroup.com\/fr\/rancilio-group-vole-vers-portland-pour-la-specialty-coffee-expo\/"]}]},{"@type":"BreadcrumbList","@id":"https:\/\/www.ranciliogroup.com\/fr\/rancilio-group-vole-vers-portland-pour-la-specialty-coffee-expo\/#breadcrumb","itemListElement":[{"@type":"ListItem","position":1,"name":"Home","item":"https:\/\/www.ranciliogroup.com\/fr\/"},{"@type":"ListItem","position":2,"name":"Rancilio Group vole vers Portland pour la Specialty Coffee Expo"}]},{"@type":"WebSite","@id":"https:\/\/www.ranciliogroup.com\/fr\/#website","url":"https:\/\/www.ranciliogroup.com\/fr\/","name":"Rancilio Group","description":"Leader des machines \u00e0 caf\u00e9 professionnelles","publisher":{"@id":"https:\/\/www.ranciliogroup.com\/fr\/#organization"},"potentialAction":[{"@type":"SearchAction","target":{"@type":"EntryPoint","urlTemplate":"https:\/\/www.ranciliogroup.com\/fr\/?s={search_term_string}"},"query-input":"required name=search_term_string"}],"inLanguage":"fr-FR"},{"@type":"Organization","@id":"https:\/\/www.ranciliogroup.com\/fr\/#organization","name":"Rancilio Group","url":"https:\/\/www.ranciliogroup.com\/fr\/","logo":{"@type":"ImageObject","inLanguage":"fr-FR","@id":"https:\/\/www.ranciliogroup.com\/fr\/#\/schema\/logo\/image\/","url":"https:\/\/www.ranciliogroup.com\/app\/uploads\/2019\/07\/rancilio_black_logo.png","contentUrl":"https:\/\/www.ranciliogroup.com\/app\/uploads\/2019\/07\/rancilio_black_logo.png","width":447,"height":57,"caption":"Rancilio Group"},"image":{"@id":"https:\/\/www.ranciliogroup.com\/fr\/#\/schema\/logo\/image\/"},"sameAs":["https:\/\/www.facebook.com\/RancilioGroup","https:\/\/twitter.com\/ranciliogroup","https:\/\/www.instagram.com\/rancilio_official\/","https:\/\/www.linkedin.com\/company\/ranciliogroup\/","https:\/\/www.youtube.com\/user\/rancilioadmin"]},{"@type":"Person","@id":"https:\/\/www.ranciliogroup.com\/fr\/#\/schema\/person\/d6bf0a7dfe74cded3d64da8b2c92814c","name":"temp circular","image":{"@type":"ImageObject","inLanguage":"fr-FR","@id":"https:\/\/www.ranciliogroup.com\/fr\/#\/schema\/person\/image\/","url":"https:\/\/secure.gravatar.com\/avatar\/569e71c3b97b8bcad1854d6579b35c5f?s=96&d=mm&r=g","contentUrl":"https:\/\/secure.gravatar.com\/avatar\/569e71c3b97b8bcad1854d6579b35c5f?s=96&d=mm&r=g","caption":"temp circular"}}]}},"_links":{"self":[{"href":"https:\/\/www.ranciliogroup.com\/fr\/wp-json\/wp\/v2\/posts\/66159"}],"collection":[{"href":"https:\/\/www.ranciliogroup.com\/fr\/wp-json\/wp\/v2\/posts"}],"about":[{"href":"https:\/\/www.ranciliogroup.com\/fr\/wp-json\/wp\/v2\/types\/post"}],"author":[{"embeddable":true,"href":"https:\/\/www.ranciliogroup.com\/fr\/wp-json\/wp\/v2\/users\/5"}],"replies":[{"embeddable":true,"href":"https:\/\/www.ranciliogroup.com\/fr\/wp-json\/wp\/v2\/comments?post=66159"}],"version-history":[{"count":1,"href":"https:\/\/www.ranciliogroup.com\/fr\/wp-json\/wp\/v2\/posts\/66159\/revisions"}],"predecessor-version":[{"id":66160,"href":"https:\/\/www.ranciliogroup.com\/fr\/wp-json\/wp\/v2\/posts\/66159\/revisions\/66160"}],"wp:featuredmedia":[{"embeddable":true,"href":"https:\/\/www.ranciliogroup.com\/fr\/wp-json\/wp\/v2\/media\/66121"}],"wp:attachment":[{"href":"https:\/\/www.ranciliogroup.com\/fr\/wp-json\/wp\/v2\/media?parent=66159"}],"wp:term":[{"taxonomy":"category","embeddable":true,"href":"https:\/\/www.ranciliogroup.com\/fr\/wp-json\/wp\/v2\/categories?post=66159"},{"taxonomy":"post_tag","embeddable":true,"href":"https:\/\/www.ranciliogroup.com\/fr\/wp-json\/wp\/v2\/tags?post=66159"}],"curies":[{"name":"wp","href":"https:\/\/api.w.org\/{rel}","templated":true}]}}