{"id":67187,"date":"2023-05-15T11:29:52","date_gmt":"2023-05-15T09:29:52","guid":{"rendered":"https:\/\/www.ranciliogroup.com\/?p=67187"},"modified":"2023-05-15T11:29:52","modified_gmt":"2023-05-15T09:29:52","slug":"rancilio-specialty-et-the-barista-league-se-rendent-pour-la-premiere-fois-a-brno","status":"publish","type":"post","link":"https:\/\/www.ranciliogroup.com\/fr\/rancilio-specialty-et-the-barista-league-se-rendent-pour-la-premiere-fois-a-brno\/","title":{"rendered":"Rancilio Specialty et The Barista League se rendent pour la premi\u00e8re fois \u00e0 Brno"},"content":{"rendered":"<p>Le vendredi 26 mai, Rancilio Specialty et The Barista League se rendront pour la premi\u00e8re fois dans la charmante ville de Brno, en R\u00e9publique tch\u00e8que.<\/p>\n<p>Dans l&#8217;espace confortable et moderne d&#8217;Industra.Coffee, 12 \u00e9quipes de baristas professionnels s&#8217;affronteront au cours de trois d\u00e9fis passionnants autour du caf\u00e9.<\/p>\n<p>Invicta, la machine \u00e0 caf\u00e9 \u00e0 chaudi\u00e8re unique de Rancilio Specialty est le sponsor officiel de l&#8217;\u00e9v\u00e9nement et soutiendra les participants pendant leur performance gr\u00e2ce \u00e0 sa technologie avanc\u00e9e d&#8217;extraction et de vapeur.<\/p>\n<p>Les champions seront annonc\u00e9s par un jury compos\u00e9 de quatre juges d\u2019exception &#8211; Ale\u0161 Posp\u00ed\u0161il, Ani\u010dka Markov\u00e1, Karol\u00edna Nekvindov\u00e1 et Kate\u0159ina My\u0161kov\u00e1 &#8211; qui \u00e9valueront la cr\u00e9ativit\u00e9, l&#8217;ex\u00e9cution et les comp\u00e9tences des candidats au cours des trois \u00e9preuves.<\/p>\n<p>Les invit\u00e9s qui se joindront \u00e0 l&#8217;\u00e9v\u00e9nement pourront d\u00e9guster des caf\u00e9s s\u00e9lectionn\u00e9s provenant des meilleurs torr\u00e9facteurs locaux, et profiter de la musique de DJ Omek tout en encourageant leur \u00e9quipe pr\u00e9f\u00e9r\u00e9e.<\/p>\n<p>Billets disponibles sur <a href=\"https:\/\/www.tickettailor.com\/events\/thebaristaleague\/822527\">Tickettailor.com<\/a><\/p>\n<p>&nbsp;<\/p>\n<p>&nbsp;<\/p>\n<p><strong>Barista League Brno<\/strong><br \/>\nVendredi 26 mai 2023<br \/>\nde 18h00 \u00e0 23h00<br \/>\n<a href=\"https:\/\/www.google.com\/maps\/place\/INDUSTRA\/@49.2082316,16.633916,13z\/data=!4m6!3m5!1s0x4712951d7a50fae5:0xd2ead97ad2780dd7!8m2!3d49.2082316!4d16.633916!16s%2Fg%2F11h79r8g02\">INDUSTRA.COFFEE<\/a><br \/>\nB\u00edla budova naproti ZET OFFICE<br \/>\nLazaretn\u00ed, za volejbalov\u00fdm h\u0159i\u0161t\u011bm 925\/9<br \/>\n615 00 Brno-\u017didenice, R\u00e9publique tch\u00e8que<\/p>\n<p>&nbsp;<\/p>\n<p><strong>Suivez cet \u00e9v\u00e9nement sur la page officielle d\u2019Instagram<\/strong><br \/>\n@ranciliospecialty #ranciliospecialty<\/p>\n<p>&nbsp;<\/p>\n<p><a href=\"https:\/\/www.ranciliogroup.com\/fr\/specialty\/invicta\/\"><strong>D\u00e9couvrez Rancilio Specialty Invicta<\/strong><\/a><\/p>\n<p>&nbsp;<\/p>\n","protected":false},"excerpt":{"rendered":"<p>Le vendredi 26 mai, Rancilio Specialty et The Barista League se rendront pour la premi\u00e8re fois dans la charmante ville&#8230;<\/p>\n","protected":false},"author":5,"featured_media":67176,"comment_status":"closed","ping_status":"closed","sticky":false,"template":"","format":"standard","meta":[],"categories":[878],"tags":[2985,2624,2596],"acf":[],"yoast_head":"<!-- This site is optimized with the Yoast SEO plugin v21.5 - https:\/\/yoast.com\/wordpress\/plugins\/seo\/ -->\n<title>Latest update about Rancilio Specialty et The Barista League se rendent pour la premi\u00e8re fois \u00e0 Brno - Rancilio Group<\/title>\n<meta name=\"description\" content=\"Read Rancilio Group&#039;s latest news about Rancilio Specialty et The Barista League se rendent pour la premi\u00e8re fois \u00e0 Brno\" \/>\n<meta name=\"robots\" content=\"index, follow, max-snippet:-1, max-image-preview:large, max-video-preview:-1\" \/>\n<link rel=\"canonical\" href=\"https:\/\/www.ranciliogroup.com\/fr\/rancilio-specialty-et-the-barista-league-se-rendent-pour-la-premiere-fois-a-brno\/\" \/>\n<meta property=\"og:locale\" content=\"fr_FR\" \/>\n<meta property=\"og:type\" content=\"article\" \/>\n<meta property=\"og:title\" content=\"Latest update about Rancilio Specialty et The Barista League se rendent pour la premi\u00e8re fois \u00e0 Brno - Rancilio Group\" \/>\n<meta property=\"og:description\" content=\"Read Rancilio Group&#039;s latest news about Rancilio Specialty et The Barista League se rendent pour la premi\u00e8re fois \u00e0 Brno\" \/>\n<meta property=\"og:url\" content=\"https:\/\/www.ranciliogroup.com\/fr\/rancilio-specialty-et-the-barista-league-se-rendent-pour-la-premiere-fois-a-brno\/\" \/>\n<meta property=\"og:site_name\" content=\"Rancilio Group\" \/>\n<meta property=\"article:publisher\" content=\"https:\/\/www.facebook.com\/RancilioGroup\" \/>\n<meta property=\"article:published_time\" content=\"2023-05-15T09:29:52+00:00\" \/>\n<meta property=\"og:image\" content=\"https:\/\/www.ranciliogroup.com\/app\/uploads\/2023\/05\/Invicta-RS-TBL.jpg\" \/>\n\t<meta property=\"og:image:width\" content=\"1080\" \/>\n\t<meta property=\"og:image:height\" content=\"720\" \/>\n\t<meta property=\"og:image:type\" content=\"image\/jpeg\" \/>\n<meta name=\"author\" content=\"temp circular\" \/>\n<meta name=\"twitter:card\" content=\"summary_large_image\" \/>\n<meta name=\"twitter:creator\" content=\"@ranciliogroup\" \/>\n<meta name=\"twitter:site\" content=\"@ranciliogroup\" \/>\n<meta name=\"twitter:label1\" content=\"Written by\" \/>\n\t<meta name=\"twitter:data1\" content=\"temp circular\" \/>\n\t<meta name=\"twitter:label2\" content=\"Est. reading time\" \/>\n\t<meta name=\"twitter:data2\" content=\"1 minute\" \/>\n<script type=\"application\/ld+json\" class=\"yoast-schema-graph\">{\"@context\":\"https:\/\/schema.org\",\"@graph\":[{\"@type\":\"Article\",\"@id\":\"https:\/\/www.ranciliogroup.com\/fr\/rancilio-specialty-et-the-barista-league-se-rendent-pour-la-premiere-fois-a-brno\/#article\",\"isPartOf\":{\"@id\":\"https:\/\/www.ranciliogroup.com\/fr\/rancilio-specialty-et-the-barista-league-se-rendent-pour-la-premiere-fois-a-brno\/\"},\"author\":{\"name\":\"temp circular\",\"@id\":\"https:\/\/www.ranciliogroup.com\/fr\/#\/schema\/person\/d6bf0a7dfe74cded3d64da8b2c92814c\"},\"headline\":\"Rancilio Specialty et The Barista League se rendent pour la premi\u00e8re fois \u00e0 Brno\",\"datePublished\":\"2023-05-15T09:29:52+00:00\",\"dateModified\":\"2023-05-15T09:29:52+00:00\",\"mainEntityOfPage\":{\"@id\":\"https:\/\/www.ranciliogroup.com\/fr\/rancilio-specialty-et-the-barista-league-se-rendent-pour-la-premiere-fois-a-brno\/\"},\"wordCount\":244,\"publisher\":{\"@id\":\"https:\/\/www.ranciliogroup.com\/fr\/#organization\"},\"keywords\":[\"Brno\",\"Invicta\",\"Barista League\"],\"articleSection\":[\"Tous\"],\"inLanguage\":\"fr-FR\"},{\"@type\":\"WebPage\",\"@id\":\"https:\/\/www.ranciliogroup.com\/fr\/rancilio-specialty-et-the-barista-league-se-rendent-pour-la-premiere-fois-a-brno\/\",\"url\":\"https:\/\/www.ranciliogroup.com\/fr\/rancilio-specialty-et-the-barista-league-se-rendent-pour-la-premiere-fois-a-brno\/\",\"name\":\"Latest update about Rancilio Specialty et The Barista League se rendent pour la premi\u00e8re fois \u00e0 Brno - Rancilio Group\",\"isPartOf\":{\"@id\":\"https:\/\/www.ranciliogroup.com\/fr\/#website\"},\"datePublished\":\"2023-05-15T09:29:52+00:00\",\"dateModified\":\"2023-05-15T09:29:52+00:00\",\"description\":\"Read Rancilio Group's latest news about Rancilio Specialty et The Barista League se rendent pour la premi\u00e8re fois \u00e0 Brno\",\"breadcrumb\":{\"@id\":\"https:\/\/www.ranciliogroup.com\/fr\/rancilio-specialty-et-the-barista-league-se-rendent-pour-la-premiere-fois-a-brno\/#breadcrumb\"},\"inLanguage\":\"fr-FR\",\"potentialAction\":[{\"@type\":\"ReadAction\",\"target\":[\"https:\/\/www.ranciliogroup.com\/fr\/rancilio-specialty-et-the-barista-league-se-rendent-pour-la-premiere-fois-a-brno\/\"]}]},{\"@type\":\"BreadcrumbList\",\"@id\":\"https:\/\/www.ranciliogroup.com\/fr\/rancilio-specialty-et-the-barista-league-se-rendent-pour-la-premiere-fois-a-brno\/#breadcrumb\",\"itemListElement\":[{\"@type\":\"ListItem\",\"position\":1,\"name\":\"Home\",\"item\":\"https:\/\/www.ranciliogroup.com\/fr\/\"},{\"@type\":\"ListItem\",\"position\":2,\"name\":\"Rancilio Specialty et The Barista League se rendent pour la premi\u00e8re fois \u00e0 Brno\"}]},{\"@type\":\"WebSite\",\"@id\":\"https:\/\/www.ranciliogroup.com\/fr\/#website\",\"url\":\"https:\/\/www.ranciliogroup.com\/fr\/\",\"name\":\"Rancilio Group\",\"description\":\"Leader des machines \u00e0 caf\u00e9 professionnelles\",\"publisher\":{\"@id\":\"https:\/\/www.ranciliogroup.com\/fr\/#organization\"},\"potentialAction\":[{\"@type\":\"SearchAction\",\"target\":{\"@type\":\"EntryPoint\",\"urlTemplate\":\"https:\/\/www.ranciliogroup.com\/fr\/?s={search_term_string}\"},\"query-input\":\"required name=search_term_string\"}],\"inLanguage\":\"fr-FR\"},{\"@type\":\"Organization\",\"@id\":\"https:\/\/www.ranciliogroup.com\/fr\/#organization\",\"name\":\"Rancilio Group\",\"url\":\"https:\/\/www.ranciliogroup.com\/fr\/\",\"logo\":{\"@type\":\"ImageObject\",\"inLanguage\":\"fr-FR\",\"@id\":\"https:\/\/www.ranciliogroup.com\/fr\/#\/schema\/logo\/image\/\",\"url\":\"https:\/\/www.ranciliogroup.com\/app\/uploads\/2019\/07\/rancilio_black_logo.png\",\"contentUrl\":\"https:\/\/www.ranciliogroup.com\/app\/uploads\/2019\/07\/rancilio_black_logo.png\",\"width\":447,\"height\":57,\"caption\":\"Rancilio Group\"},\"image\":{\"@id\":\"https:\/\/www.ranciliogroup.com\/fr\/#\/schema\/logo\/image\/\"},\"sameAs\":[\"https:\/\/www.facebook.com\/RancilioGroup\",\"https:\/\/twitter.com\/ranciliogroup\",\"https:\/\/www.instagram.com\/rancilio_official\/\",\"https:\/\/www.linkedin.com\/company\/ranciliogroup\/\",\"https:\/\/www.youtube.com\/user\/rancilioadmin\"]},{\"@type\":\"Person\",\"@id\":\"https:\/\/www.ranciliogroup.com\/fr\/#\/schema\/person\/d6bf0a7dfe74cded3d64da8b2c92814c\",\"name\":\"temp circular\",\"image\":{\"@type\":\"ImageObject\",\"inLanguage\":\"fr-FR\",\"@id\":\"https:\/\/www.ranciliogroup.com\/fr\/#\/schema\/person\/image\/\",\"url\":\"https:\/\/secure.gravatar.com\/avatar\/569e71c3b97b8bcad1854d6579b35c5f?s=96&d=mm&r=g\",\"contentUrl\":\"https:\/\/secure.gravatar.com\/avatar\/569e71c3b97b8bcad1854d6579b35c5f?s=96&d=mm&r=g\",\"caption\":\"temp circular\"}}]}<\/script>\n<!-- \/ Yoast SEO plugin. -->","yoast_head_json":{"title":"Latest update about Rancilio Specialty et The Barista League se rendent pour la premi\u00e8re fois \u00e0 Brno - Rancilio Group","description":"Read Rancilio Group's latest news about Rancilio Specialty et The Barista League se rendent pour la premi\u00e8re fois \u00e0 Brno","robots":{"index":"index","follow":"follow","max-snippet":"max-snippet:-1","max-image-preview":"max-image-preview:large","max-video-preview":"max-video-preview:-1"},"canonical":"https:\/\/www.ranciliogroup.com\/fr\/rancilio-specialty-et-the-barista-league-se-rendent-pour-la-premiere-fois-a-brno\/","og_locale":"fr_FR","og_type":"article","og_title":"Latest update about Rancilio Specialty et The Barista League se rendent pour la premi\u00e8re fois \u00e0 Brno - Rancilio Group","og_description":"Read Rancilio Group's latest news about Rancilio Specialty et The Barista League se rendent pour la premi\u00e8re fois \u00e0 Brno","og_url":"https:\/\/www.ranciliogroup.com\/fr\/rancilio-specialty-et-the-barista-league-se-rendent-pour-la-premiere-fois-a-brno\/","og_site_name":"Rancilio Group","article_publisher":"https:\/\/www.facebook.com\/RancilioGroup","article_published_time":"2023-05-15T09:29:52+00:00","og_image":[{"width":1080,"height":720,"url":"https:\/\/www.ranciliogroup.com\/app\/uploads\/2023\/05\/Invicta-RS-TBL.jpg","type":"image\/jpeg"}],"author":"temp circular","twitter_card":"summary_large_image","twitter_creator":"@ranciliogroup","twitter_site":"@ranciliogroup","twitter_misc":{"Written by":"temp circular","Est. reading time":"1 minute"},"schema":{"@context":"https:\/\/schema.org","@graph":[{"@type":"Article","@id":"https:\/\/www.ranciliogroup.com\/fr\/rancilio-specialty-et-the-barista-league-se-rendent-pour-la-premiere-fois-a-brno\/#article","isPartOf":{"@id":"https:\/\/www.ranciliogroup.com\/fr\/rancilio-specialty-et-the-barista-league-se-rendent-pour-la-premiere-fois-a-brno\/"},"author":{"name":"temp circular","@id":"https:\/\/www.ranciliogroup.com\/fr\/#\/schema\/person\/d6bf0a7dfe74cded3d64da8b2c92814c"},"headline":"Rancilio Specialty et The Barista League se rendent pour la premi\u00e8re fois \u00e0 Brno","datePublished":"2023-05-15T09:29:52+00:00","dateModified":"2023-05-15T09:29:52+00:00","mainEntityOfPage":{"@id":"https:\/\/www.ranciliogroup.com\/fr\/rancilio-specialty-et-the-barista-league-se-rendent-pour-la-premiere-fois-a-brno\/"},"wordCount":244,"publisher":{"@id":"https:\/\/www.ranciliogroup.com\/fr\/#organization"},"keywords":["Brno","Invicta","Barista League"],"articleSection":["Tous"],"inLanguage":"fr-FR"},{"@type":"WebPage","@id":"https:\/\/www.ranciliogroup.com\/fr\/rancilio-specialty-et-the-barista-league-se-rendent-pour-la-premiere-fois-a-brno\/","url":"https:\/\/www.ranciliogroup.com\/fr\/rancilio-specialty-et-the-barista-league-se-rendent-pour-la-premiere-fois-a-brno\/","name":"Latest update about Rancilio Specialty et The Barista League se rendent pour la premi\u00e8re fois \u00e0 Brno - Rancilio Group","isPartOf":{"@id":"https:\/\/www.ranciliogroup.com\/fr\/#website"},"datePublished":"2023-05-15T09:29:52+00:00","dateModified":"2023-05-15T09:29:52+00:00","description":"Read Rancilio Group's latest news about Rancilio Specialty et The Barista League se rendent pour la premi\u00e8re fois \u00e0 Brno","breadcrumb":{"@id":"https:\/\/www.ranciliogroup.com\/fr\/rancilio-specialty-et-the-barista-league-se-rendent-pour-la-premiere-fois-a-brno\/#breadcrumb"},"inLanguage":"fr-FR","potentialAction":[{"@type":"ReadAction","target":["https:\/\/www.ranciliogroup.com\/fr\/rancilio-specialty-et-the-barista-league-se-rendent-pour-la-premiere-fois-a-brno\/"]}]},{"@type":"BreadcrumbList","@id":"https:\/\/www.ranciliogroup.com\/fr\/rancilio-specialty-et-the-barista-league-se-rendent-pour-la-premiere-fois-a-brno\/#breadcrumb","itemListElement":[{"@type":"ListItem","position":1,"name":"Home","item":"https:\/\/www.ranciliogroup.com\/fr\/"},{"@type":"ListItem","position":2,"name":"Rancilio Specialty et The Barista League se rendent pour la premi\u00e8re fois \u00e0 Brno"}]},{"@type":"WebSite","@id":"https:\/\/www.ranciliogroup.com\/fr\/#website","url":"https:\/\/www.ranciliogroup.com\/fr\/","name":"Rancilio Group","description":"Leader des machines \u00e0 caf\u00e9 professionnelles","publisher":{"@id":"https:\/\/www.ranciliogroup.com\/fr\/#organization"},"potentialAction":[{"@type":"SearchAction","target":{"@type":"EntryPoint","urlTemplate":"https:\/\/www.ranciliogroup.com\/fr\/?s={search_term_string}"},"query-input":"required name=search_term_string"}],"inLanguage":"fr-FR"},{"@type":"Organization","@id":"https:\/\/www.ranciliogroup.com\/fr\/#organization","name":"Rancilio Group","url":"https:\/\/www.ranciliogroup.com\/fr\/","logo":{"@type":"ImageObject","inLanguage":"fr-FR","@id":"https:\/\/www.ranciliogroup.com\/fr\/#\/schema\/logo\/image\/","url":"https:\/\/www.ranciliogroup.com\/app\/uploads\/2019\/07\/rancilio_black_logo.png","contentUrl":"https:\/\/www.ranciliogroup.com\/app\/uploads\/2019\/07\/rancilio_black_logo.png","width":447,"height":57,"caption":"Rancilio Group"},"image":{"@id":"https:\/\/www.ranciliogroup.com\/fr\/#\/schema\/logo\/image\/"},"sameAs":["https:\/\/www.facebook.com\/RancilioGroup","https:\/\/twitter.com\/ranciliogroup","https:\/\/www.instagram.com\/rancilio_official\/","https:\/\/www.linkedin.com\/company\/ranciliogroup\/","https:\/\/www.youtube.com\/user\/rancilioadmin"]},{"@type":"Person","@id":"https:\/\/www.ranciliogroup.com\/fr\/#\/schema\/person\/d6bf0a7dfe74cded3d64da8b2c92814c","name":"temp circular","image":{"@type":"ImageObject","inLanguage":"fr-FR","@id":"https:\/\/www.ranciliogroup.com\/fr\/#\/schema\/person\/image\/","url":"https:\/\/secure.gravatar.com\/avatar\/569e71c3b97b8bcad1854d6579b35c5f?s=96&d=mm&r=g","contentUrl":"https:\/\/secure.gravatar.com\/avatar\/569e71c3b97b8bcad1854d6579b35c5f?s=96&d=mm&r=g","caption":"temp circular"}}]}},"_links":{"self":[{"href":"https:\/\/www.ranciliogroup.com\/fr\/wp-json\/wp\/v2\/posts\/67187"}],"collection":[{"href":"https:\/\/www.ranciliogroup.com\/fr\/wp-json\/wp\/v2\/posts"}],"about":[{"href":"https:\/\/www.ranciliogroup.com\/fr\/wp-json\/wp\/v2\/types\/post"}],"author":[{"embeddable":true,"href":"https:\/\/www.ranciliogroup.com\/fr\/wp-json\/wp\/v2\/users\/5"}],"replies":[{"embeddable":true,"href":"https:\/\/www.ranciliogroup.com\/fr\/wp-json\/wp\/v2\/comments?post=67187"}],"version-history":[{"count":1,"href":"https:\/\/www.ranciliogroup.com\/fr\/wp-json\/wp\/v2\/posts\/67187\/revisions"}],"predecessor-version":[{"id":67188,"href":"https:\/\/www.ranciliogroup.com\/fr\/wp-json\/wp\/v2\/posts\/67187\/revisions\/67188"}],"wp:featuredmedia":[{"embeddable":true,"href":"https:\/\/www.ranciliogroup.com\/fr\/wp-json\/wp\/v2\/media\/67176"}],"wp:attachment":[{"href":"https:\/\/www.ranciliogroup.com\/fr\/wp-json\/wp\/v2\/media?parent=67187"}],"wp:term":[{"taxonomy":"category","embeddable":true,"href":"https:\/\/www.ranciliogroup.com\/fr\/wp-json\/wp\/v2\/categories?post=67187"},{"taxonomy":"post_tag","embeddable":true,"href":"https:\/\/www.ranciliogroup.com\/fr\/wp-json\/wp\/v2\/tags?post=67187"}],"curies":[{"name":"wp","href":"https:\/\/api.w.org\/{rel}","templated":true}]}}