{"id":68447,"date":"2023-06-06T10:30:26","date_gmt":"2023-06-06T08:30:26","guid":{"rendered":"https:\/\/www.ranciliogroup.com\/?p=68447"},"modified":"2023-06-06T10:30:26","modified_gmt":"2023-06-06T08:30:26","slug":"rancilio-specialty-senvole-vers-toronto-pour-un-nouveau-defi-de-la-barista-league","status":"publish","type":"post","link":"https:\/\/www.ranciliogroup.com\/fr\/rancilio-specialty-senvole-vers-toronto-pour-un-nouveau-defi-de-la-barista-league\/","title":{"rendered":"Rancilio Specialty s&#8217;envole vers Toronto pour un nouveau d\u00e9fi de la Barista League"},"content":{"rendered":"<p>Rancilio Specialty Invicta est le sponsor officiel de la derni\u00e8re \u00e9dition de la comp\u00e9tition de la Barista League, qui se d\u00e9roulera dans le cadre moderne et sophistiqu\u00e9 de Toronto.<\/p>\n<p>Le samedi 17 juin, Invicta accompagnera 24 baristas ambitieux dans leur course vers la victoire. R\u00e9partis en 12 \u00e9quipes, ces professionnels devront surmonter trois s\u00e9ries de d\u00e9fis autour du caf\u00e9, con\u00e7us pour mettre \u00e0 l&#8217;\u00e9preuve leurs comp\u00e9tences techniques, cr\u00e9atives et professionnelles.<\/p>\n<p>La machine \u00e0 caf\u00e9 \u00e0 chaudi\u00e8re unique Invicta sera un outil pr\u00e9cieux \u00e0 leur disposition gr\u00e2ce au contr\u00f4le \u00e9lectronique avanc\u00e9 sur les fonctions de caf\u00e9, d&#8217;eau et de vapeur que cette machine \u00e9l\u00e9gante et appr\u00e9ci\u00e9e offre \u00e0 ses utilisateurs.<\/p>\n<p>Pour cette \u00e9dition, Venice Vallega, Caitlin Campbel, Tiff Bhagwandin, Gail Lynch et Chris Durning feront partie du jury d\u2019experts en caf\u00e9, charg\u00e9 d\u2019examiner ces courageux baristas et de d\u00e9clarer l&#8217;\u00e9quipe gagnante.<\/p>\n<p>Boissons, musique, bonne ambiance et caf\u00e9 de sp\u00e9cialit\u00e9 des meilleurs torr\u00e9facteurs locaux seront comme toujours les ingr\u00e9dients que tous les amateurs de caf\u00e9 appr\u00e9cient \u00e0 chaque \u00e9v\u00e9nement de la Barista League.<\/p>\n<p>Billets disponibles sur <a href=\"https:\/\/www.tickettailor.com\/events\/thebaristaleague\/822528\">Tickettailor.com<\/a><\/p>\n<p>&nbsp;<\/p>\n<p>&nbsp;<\/p>\n<p><strong>La Barista League Toronto<\/strong><br \/>\nSamedi 17 juin 2023<br \/>\nDe 18h00 \u00e0 23h00<br \/>\n<a href=\"https:\/\/www.google.com\/maps\/place\/The+Redwood+Theatre\/@43.671236,-79.3271529,17z\/data=!4m6!3m5!1s0x89d4cb870b5b1185:0x375c5bfd96ab371!8m2!3d43.671236!4d-79.3271529!16s%2Fg%2F11g3yzhfl9\">The Redwood Theatre<\/a><br \/>\n1300 Gerrard St East<br \/>\nM4L 1Y7 Toronto, Canada<\/p>\n<p>&nbsp;<\/p>\n<p><strong>Suivez cet \u00e9v\u00e9nement sur la page officielle d\u2019Instagram<\/strong><br \/>\n@ranciliospecialty #ranciliospecialty<\/p>\n<p><a href=\"https:\/\/www.ranciliogroup.com\/fr\/specialty\/invicta\/\"><strong>D\u00e9couvrez Rancilio Specialty Invicta<\/strong><\/a><\/p>\n","protected":false},"excerpt":{"rendered":"<p>Rancilio Specialty Invicta est le sponsor officiel de la derni\u00e8re \u00e9dition de la comp\u00e9tition de la Barista League, qui se&#8230;<\/p>\n","protected":false},"author":5,"featured_media":68432,"comment_status":"closed","ping_status":"closed","sticky":false,"template":"","format":"standard","meta":[],"categories":[878],"tags":[3014,3015,2624,2596],"acf":[],"yoast_head":"<!-- This site is optimized with the Yoast SEO plugin v21.5 - https:\/\/yoast.com\/wordpress\/plugins\/seo\/ -->\n<title>Latest update about Rancilio Specialty s&#039;envole vers Toronto pour un nouveau d\u00e9fi de la Barista League - Rancilio Group<\/title>\n<meta name=\"description\" content=\"Read Rancilio Group&#039;s latest news about Rancilio Specialty s&#039;envole vers Toronto pour un nouveau d\u00e9fi de la Barista League\" \/>\n<meta name=\"robots\" content=\"index, follow, max-snippet:-1, max-image-preview:large, max-video-preview:-1\" \/>\n<link rel=\"canonical\" href=\"https:\/\/www.ranciliogroup.com\/fr\/rancilio-specialty-senvole-vers-toronto-pour-un-nouveau-defi-de-la-barista-league\/\" \/>\n<meta property=\"og:locale\" content=\"fr_FR\" \/>\n<meta property=\"og:type\" content=\"article\" \/>\n<meta property=\"og:title\" content=\"Latest update about Rancilio Specialty s&#039;envole vers Toronto pour un nouveau d\u00e9fi de la Barista League - Rancilio Group\" \/>\n<meta property=\"og:description\" content=\"Read Rancilio Group&#039;s latest news about Rancilio Specialty s&#039;envole vers Toronto pour un nouveau d\u00e9fi de la Barista League\" \/>\n<meta property=\"og:url\" content=\"https:\/\/www.ranciliogroup.com\/fr\/rancilio-specialty-senvole-vers-toronto-pour-un-nouveau-defi-de-la-barista-league\/\" \/>\n<meta property=\"og:site_name\" content=\"Rancilio Group\" \/>\n<meta property=\"article:publisher\" content=\"https:\/\/www.facebook.com\/RancilioGroup\" \/>\n<meta property=\"article:published_time\" content=\"2023-06-06T08:30:26+00:00\" \/>\n<meta property=\"og:image\" content=\"https:\/\/www.ranciliogroup.com\/app\/uploads\/2023\/06\/RancilioSpecialty-TBL-Brno-03.jpg\" \/>\n\t<meta property=\"og:image:width\" content=\"1080\" \/>\n\t<meta property=\"og:image:height\" content=\"719\" \/>\n\t<meta property=\"og:image:type\" content=\"image\/jpeg\" \/>\n<meta name=\"author\" content=\"temp circular\" \/>\n<meta name=\"twitter:card\" content=\"summary_large_image\" \/>\n<meta name=\"twitter:creator\" content=\"@ranciliogroup\" \/>\n<meta name=\"twitter:site\" content=\"@ranciliogroup\" \/>\n<meta name=\"twitter:label1\" content=\"Written by\" \/>\n\t<meta name=\"twitter:data1\" content=\"temp circular\" \/>\n\t<meta name=\"twitter:label2\" content=\"Est. reading time\" \/>\n\t<meta name=\"twitter:data2\" content=\"1 minute\" \/>\n<script type=\"application\/ld+json\" class=\"yoast-schema-graph\">{\"@context\":\"https:\/\/schema.org\",\"@graph\":[{\"@type\":\"Article\",\"@id\":\"https:\/\/www.ranciliogroup.com\/fr\/rancilio-specialty-senvole-vers-toronto-pour-un-nouveau-defi-de-la-barista-league\/#article\",\"isPartOf\":{\"@id\":\"https:\/\/www.ranciliogroup.com\/fr\/rancilio-specialty-senvole-vers-toronto-pour-un-nouveau-defi-de-la-barista-league\/\"},\"author\":{\"name\":\"temp circular\",\"@id\":\"https:\/\/www.ranciliogroup.com\/fr\/#\/schema\/person\/d6bf0a7dfe74cded3d64da8b2c92814c\"},\"headline\":\"Rancilio Specialty s&#8217;envole vers Toronto pour un nouveau d\u00e9fi de la Barista League\",\"datePublished\":\"2023-06-06T08:30:26+00:00\",\"dateModified\":\"2023-06-06T08:30:26+00:00\",\"mainEntityOfPage\":{\"@id\":\"https:\/\/www.ranciliogroup.com\/fr\/rancilio-specialty-senvole-vers-toronto-pour-un-nouveau-defi-de-la-barista-league\/\"},\"wordCount\":247,\"publisher\":{\"@id\":\"https:\/\/www.ranciliogroup.com\/fr\/#organization\"},\"keywords\":[\"Toronto\",\"Canada\",\"Invicta\",\"Barista League\"],\"articleSection\":[\"Tous\"],\"inLanguage\":\"fr-FR\"},{\"@type\":\"WebPage\",\"@id\":\"https:\/\/www.ranciliogroup.com\/fr\/rancilio-specialty-senvole-vers-toronto-pour-un-nouveau-defi-de-la-barista-league\/\",\"url\":\"https:\/\/www.ranciliogroup.com\/fr\/rancilio-specialty-senvole-vers-toronto-pour-un-nouveau-defi-de-la-barista-league\/\",\"name\":\"Latest update about Rancilio Specialty s'envole vers Toronto pour un nouveau d\u00e9fi de la Barista League - Rancilio Group\",\"isPartOf\":{\"@id\":\"https:\/\/www.ranciliogroup.com\/fr\/#website\"},\"datePublished\":\"2023-06-06T08:30:26+00:00\",\"dateModified\":\"2023-06-06T08:30:26+00:00\",\"description\":\"Read Rancilio Group's latest news about Rancilio Specialty s'envole vers Toronto pour un nouveau d\u00e9fi de la Barista League\",\"breadcrumb\":{\"@id\":\"https:\/\/www.ranciliogroup.com\/fr\/rancilio-specialty-senvole-vers-toronto-pour-un-nouveau-defi-de-la-barista-league\/#breadcrumb\"},\"inLanguage\":\"fr-FR\",\"potentialAction\":[{\"@type\":\"ReadAction\",\"target\":[\"https:\/\/www.ranciliogroup.com\/fr\/rancilio-specialty-senvole-vers-toronto-pour-un-nouveau-defi-de-la-barista-league\/\"]}]},{\"@type\":\"BreadcrumbList\",\"@id\":\"https:\/\/www.ranciliogroup.com\/fr\/rancilio-specialty-senvole-vers-toronto-pour-un-nouveau-defi-de-la-barista-league\/#breadcrumb\",\"itemListElement\":[{\"@type\":\"ListItem\",\"position\":1,\"name\":\"Home\",\"item\":\"https:\/\/www.ranciliogroup.com\/fr\/\"},{\"@type\":\"ListItem\",\"position\":2,\"name\":\"Rancilio Specialty s&#8217;envole vers Toronto pour un nouveau d\u00e9fi de la Barista League\"}]},{\"@type\":\"WebSite\",\"@id\":\"https:\/\/www.ranciliogroup.com\/fr\/#website\",\"url\":\"https:\/\/www.ranciliogroup.com\/fr\/\",\"name\":\"Rancilio Group\",\"description\":\"Leader des machines \u00e0 caf\u00e9 professionnelles\",\"publisher\":{\"@id\":\"https:\/\/www.ranciliogroup.com\/fr\/#organization\"},\"potentialAction\":[{\"@type\":\"SearchAction\",\"target\":{\"@type\":\"EntryPoint\",\"urlTemplate\":\"https:\/\/www.ranciliogroup.com\/fr\/?s={search_term_string}\"},\"query-input\":\"required name=search_term_string\"}],\"inLanguage\":\"fr-FR\"},{\"@type\":\"Organization\",\"@id\":\"https:\/\/www.ranciliogroup.com\/fr\/#organization\",\"name\":\"Rancilio Group\",\"url\":\"https:\/\/www.ranciliogroup.com\/fr\/\",\"logo\":{\"@type\":\"ImageObject\",\"inLanguage\":\"fr-FR\",\"@id\":\"https:\/\/www.ranciliogroup.com\/fr\/#\/schema\/logo\/image\/\",\"url\":\"https:\/\/www.ranciliogroup.com\/app\/uploads\/2019\/07\/rancilio_black_logo.png\",\"contentUrl\":\"https:\/\/www.ranciliogroup.com\/app\/uploads\/2019\/07\/rancilio_black_logo.png\",\"width\":447,\"height\":57,\"caption\":\"Rancilio Group\"},\"image\":{\"@id\":\"https:\/\/www.ranciliogroup.com\/fr\/#\/schema\/logo\/image\/\"},\"sameAs\":[\"https:\/\/www.facebook.com\/RancilioGroup\",\"https:\/\/twitter.com\/ranciliogroup\",\"https:\/\/www.instagram.com\/rancilio_official\/\",\"https:\/\/www.linkedin.com\/company\/ranciliogroup\/\",\"https:\/\/www.youtube.com\/user\/rancilioadmin\"]},{\"@type\":\"Person\",\"@id\":\"https:\/\/www.ranciliogroup.com\/fr\/#\/schema\/person\/d6bf0a7dfe74cded3d64da8b2c92814c\",\"name\":\"temp circular\",\"image\":{\"@type\":\"ImageObject\",\"inLanguage\":\"fr-FR\",\"@id\":\"https:\/\/www.ranciliogroup.com\/fr\/#\/schema\/person\/image\/\",\"url\":\"https:\/\/secure.gravatar.com\/avatar\/569e71c3b97b8bcad1854d6579b35c5f?s=96&d=mm&r=g\",\"contentUrl\":\"https:\/\/secure.gravatar.com\/avatar\/569e71c3b97b8bcad1854d6579b35c5f?s=96&d=mm&r=g\",\"caption\":\"temp circular\"}}]}<\/script>\n<!-- \/ Yoast SEO plugin. -->","yoast_head_json":{"title":"Latest update about Rancilio Specialty s'envole vers Toronto pour un nouveau d\u00e9fi de la Barista League - Rancilio Group","description":"Read Rancilio Group's latest news about Rancilio Specialty s'envole vers Toronto pour un nouveau d\u00e9fi de la Barista League","robots":{"index":"index","follow":"follow","max-snippet":"max-snippet:-1","max-image-preview":"max-image-preview:large","max-video-preview":"max-video-preview:-1"},"canonical":"https:\/\/www.ranciliogroup.com\/fr\/rancilio-specialty-senvole-vers-toronto-pour-un-nouveau-defi-de-la-barista-league\/","og_locale":"fr_FR","og_type":"article","og_title":"Latest update about Rancilio Specialty s'envole vers Toronto pour un nouveau d\u00e9fi de la Barista League - Rancilio Group","og_description":"Read Rancilio Group's latest news about Rancilio Specialty s'envole vers Toronto pour un nouveau d\u00e9fi de la Barista League","og_url":"https:\/\/www.ranciliogroup.com\/fr\/rancilio-specialty-senvole-vers-toronto-pour-un-nouveau-defi-de-la-barista-league\/","og_site_name":"Rancilio Group","article_publisher":"https:\/\/www.facebook.com\/RancilioGroup","article_published_time":"2023-06-06T08:30:26+00:00","og_image":[{"width":1080,"height":719,"url":"https:\/\/www.ranciliogroup.com\/app\/uploads\/2023\/06\/RancilioSpecialty-TBL-Brno-03.jpg","type":"image\/jpeg"}],"author":"temp circular","twitter_card":"summary_large_image","twitter_creator":"@ranciliogroup","twitter_site":"@ranciliogroup","twitter_misc":{"Written by":"temp circular","Est. reading time":"1 minute"},"schema":{"@context":"https:\/\/schema.org","@graph":[{"@type":"Article","@id":"https:\/\/www.ranciliogroup.com\/fr\/rancilio-specialty-senvole-vers-toronto-pour-un-nouveau-defi-de-la-barista-league\/#article","isPartOf":{"@id":"https:\/\/www.ranciliogroup.com\/fr\/rancilio-specialty-senvole-vers-toronto-pour-un-nouveau-defi-de-la-barista-league\/"},"author":{"name":"temp circular","@id":"https:\/\/www.ranciliogroup.com\/fr\/#\/schema\/person\/d6bf0a7dfe74cded3d64da8b2c92814c"},"headline":"Rancilio Specialty s&#8217;envole vers Toronto pour un nouveau d\u00e9fi de la Barista League","datePublished":"2023-06-06T08:30:26+00:00","dateModified":"2023-06-06T08:30:26+00:00","mainEntityOfPage":{"@id":"https:\/\/www.ranciliogroup.com\/fr\/rancilio-specialty-senvole-vers-toronto-pour-un-nouveau-defi-de-la-barista-league\/"},"wordCount":247,"publisher":{"@id":"https:\/\/www.ranciliogroup.com\/fr\/#organization"},"keywords":["Toronto","Canada","Invicta","Barista League"],"articleSection":["Tous"],"inLanguage":"fr-FR"},{"@type":"WebPage","@id":"https:\/\/www.ranciliogroup.com\/fr\/rancilio-specialty-senvole-vers-toronto-pour-un-nouveau-defi-de-la-barista-league\/","url":"https:\/\/www.ranciliogroup.com\/fr\/rancilio-specialty-senvole-vers-toronto-pour-un-nouveau-defi-de-la-barista-league\/","name":"Latest update about Rancilio Specialty s'envole vers Toronto pour un nouveau d\u00e9fi de la Barista League - Rancilio Group","isPartOf":{"@id":"https:\/\/www.ranciliogroup.com\/fr\/#website"},"datePublished":"2023-06-06T08:30:26+00:00","dateModified":"2023-06-06T08:30:26+00:00","description":"Read Rancilio Group's latest news about Rancilio Specialty s'envole vers Toronto pour un nouveau d\u00e9fi de la Barista League","breadcrumb":{"@id":"https:\/\/www.ranciliogroup.com\/fr\/rancilio-specialty-senvole-vers-toronto-pour-un-nouveau-defi-de-la-barista-league\/#breadcrumb"},"inLanguage":"fr-FR","potentialAction":[{"@type":"ReadAction","target":["https:\/\/www.ranciliogroup.com\/fr\/rancilio-specialty-senvole-vers-toronto-pour-un-nouveau-defi-de-la-barista-league\/"]}]},{"@type":"BreadcrumbList","@id":"https:\/\/www.ranciliogroup.com\/fr\/rancilio-specialty-senvole-vers-toronto-pour-un-nouveau-defi-de-la-barista-league\/#breadcrumb","itemListElement":[{"@type":"ListItem","position":1,"name":"Home","item":"https:\/\/www.ranciliogroup.com\/fr\/"},{"@type":"ListItem","position":2,"name":"Rancilio Specialty s&#8217;envole vers Toronto pour un nouveau d\u00e9fi de la Barista League"}]},{"@type":"WebSite","@id":"https:\/\/www.ranciliogroup.com\/fr\/#website","url":"https:\/\/www.ranciliogroup.com\/fr\/","name":"Rancilio Group","description":"Leader des machines \u00e0 caf\u00e9 professionnelles","publisher":{"@id":"https:\/\/www.ranciliogroup.com\/fr\/#organization"},"potentialAction":[{"@type":"SearchAction","target":{"@type":"EntryPoint","urlTemplate":"https:\/\/www.ranciliogroup.com\/fr\/?s={search_term_string}"},"query-input":"required name=search_term_string"}],"inLanguage":"fr-FR"},{"@type":"Organization","@id":"https:\/\/www.ranciliogroup.com\/fr\/#organization","name":"Rancilio Group","url":"https:\/\/www.ranciliogroup.com\/fr\/","logo":{"@type":"ImageObject","inLanguage":"fr-FR","@id":"https:\/\/www.ranciliogroup.com\/fr\/#\/schema\/logo\/image\/","url":"https:\/\/www.ranciliogroup.com\/app\/uploads\/2019\/07\/rancilio_black_logo.png","contentUrl":"https:\/\/www.ranciliogroup.com\/app\/uploads\/2019\/07\/rancilio_black_logo.png","width":447,"height":57,"caption":"Rancilio Group"},"image":{"@id":"https:\/\/www.ranciliogroup.com\/fr\/#\/schema\/logo\/image\/"},"sameAs":["https:\/\/www.facebook.com\/RancilioGroup","https:\/\/twitter.com\/ranciliogroup","https:\/\/www.instagram.com\/rancilio_official\/","https:\/\/www.linkedin.com\/company\/ranciliogroup\/","https:\/\/www.youtube.com\/user\/rancilioadmin"]},{"@type":"Person","@id":"https:\/\/www.ranciliogroup.com\/fr\/#\/schema\/person\/d6bf0a7dfe74cded3d64da8b2c92814c","name":"temp circular","image":{"@type":"ImageObject","inLanguage":"fr-FR","@id":"https:\/\/www.ranciliogroup.com\/fr\/#\/schema\/person\/image\/","url":"https:\/\/secure.gravatar.com\/avatar\/569e71c3b97b8bcad1854d6579b35c5f?s=96&d=mm&r=g","contentUrl":"https:\/\/secure.gravatar.com\/avatar\/569e71c3b97b8bcad1854d6579b35c5f?s=96&d=mm&r=g","caption":"temp circular"}}]}},"_links":{"self":[{"href":"https:\/\/www.ranciliogroup.com\/fr\/wp-json\/wp\/v2\/posts\/68447"}],"collection":[{"href":"https:\/\/www.ranciliogroup.com\/fr\/wp-json\/wp\/v2\/posts"}],"about":[{"href":"https:\/\/www.ranciliogroup.com\/fr\/wp-json\/wp\/v2\/types\/post"}],"author":[{"embeddable":true,"href":"https:\/\/www.ranciliogroup.com\/fr\/wp-json\/wp\/v2\/users\/5"}],"replies":[{"embeddable":true,"href":"https:\/\/www.ranciliogroup.com\/fr\/wp-json\/wp\/v2\/comments?post=68447"}],"version-history":[{"count":1,"href":"https:\/\/www.ranciliogroup.com\/fr\/wp-json\/wp\/v2\/posts\/68447\/revisions"}],"predecessor-version":[{"id":68448,"href":"https:\/\/www.ranciliogroup.com\/fr\/wp-json\/wp\/v2\/posts\/68447\/revisions\/68448"}],"wp:featuredmedia":[{"embeddable":true,"href":"https:\/\/www.ranciliogroup.com\/fr\/wp-json\/wp\/v2\/media\/68432"}],"wp:attachment":[{"href":"https:\/\/www.ranciliogroup.com\/fr\/wp-json\/wp\/v2\/media?parent=68447"}],"wp:term":[{"taxonomy":"category","embeddable":true,"href":"https:\/\/www.ranciliogroup.com\/fr\/wp-json\/wp\/v2\/categories?post=68447"},{"taxonomy":"post_tag","embeddable":true,"href":"https:\/\/www.ranciliogroup.com\/fr\/wp-json\/wp\/v2\/tags?post=68447"}],"curies":[{"name":"wp","href":"https:\/\/api.w.org\/{rel}","templated":true}]}}