{"id":68489,"date":"2023-06-06T12:05:55","date_gmt":"2023-06-06T10:05:55","guid":{"rendered":"https:\/\/www.ranciliogroup.com\/?p=68489"},"modified":"2023-06-06T12:05:55","modified_gmt":"2023-06-06T10:05:55","slug":"rancilio-group-au-world-of-coffee-athens-2023","status":"publish","type":"post","link":"https:\/\/www.ranciliogroup.com\/fr\/rancilio-group-au-world-of-coffee-athens-2023\/","title":{"rendered":"Rancilio Group au World of Coffee Athens 2023"},"content":{"rendered":"<p>Du 22 au 24 juin, Rancilio Group se trouvera dans la florissante ville d\u2019Ath\u00e8nes pour se joindre au monde dynamique du caf\u00e9 en Gr\u00e8ce \u00e0 l&#8217;occasion du tr\u00e8s attendu World of Coffee 2023.<\/p>\n<p>C\u2019est dans ce berceau de la civilisation occidentale que Rancilio Group accueillera tous les professionnels et passionn\u00e9s de caf\u00e9 de sp\u00e9cialit\u00e9 pour participer \u00e0 cet \u00e9v\u00e9nement organis\u00e9 par la Specialty Coffee Association.<\/p>\n<p>Rancilio Specialty RS1 et Invicta sont pr\u00eates \u00e0 voler la vedette avec un nouvel habillage sp\u00e9cialement con\u00e7u pour honorer l\u2019embl\u00e9matique drapeau de la Gr\u00e8ce et sa magnifique capitale. En tant que membre de l&#8217;\u00e9quipe de Rancilio Group pour cet \u00e9v\u00e9nement, Andrea Guerra &#8211; ma\u00eetre formateur \u00e0 l&#8217;Accademia Baristi la Tosteria de Florence et instructeur agr\u00e9\u00e9 par le SCA &#8211; pr\u00e9sentera la technologie d&#8217;extraction et l\u2019Advanced Temperature Profiling de la RS1, une occasion pour offrir des d\u00e9gustations sp\u00e9ciales aux visiteurs du stand.<\/p>\n<p>Les adeptes de la ligne pour la maison de Rancilio pourront admirer une version bleue prometteuse de la machine \u00e0 expresso \u00e0 double chaudi\u00e8re Silvia Pro X qui c\u00f4toiera Stile, le nouveau moulin \u00e0 caf\u00e9 ultra-compact pour la maison.<\/p>\n<p>Egro Next NMS+ et Egro Touch Coffee seront \u00e9galement pr\u00e9sents pour pr\u00e9parer une s\u00e9lection de boissons de qualit\u00e9 sup\u00e9rieure, destin\u00e9e \u00e0 tous les participants int\u00e9ress\u00e9s par le monde des machines \u00e0 caf\u00e9 enti\u00e8rement automatiques. Avec son syst\u00e8me de lait NMS+ \u00e0 la pointe de la technologie, Next propose une large gamme de boissons \u00e0 base de caf\u00e9, de lait et de poudres ; tandis qu\u2019Egro Touch Coffee est le choix naturel pour tous les fins connaisseurs de caf\u00e9 filtre.<\/p>\n<p>Entre concours, conf\u00e9rences, d\u00e9monstrations en direct et ateliers d\u00e9di\u00e9s \u00e0 la qualit\u00e9, \u00e0 la durabilit\u00e9 et \u00e0 l&#8217;\u00e9quit\u00e9 dans l&#8217;industrie du caf\u00e9 de sp\u00e9cialit\u00e9, les visiteurs pourront vivre trois jours entiers en immersion dans le monde dynamique du caf\u00e9 de sp\u00e9cialit\u00e9.<\/p>\n<p>&nbsp;<\/p>\n<p>&nbsp;<\/p>\n<p><strong>World of Coffee Athens \/ Rancilio Group<\/strong><br \/>\n22-24 juin 2023<br \/>\nDe 10h00 \u00e0 17h00<br \/>\nPavillon 3-F24<br \/>\n<a href=\"https:\/\/www.google.com\/maps\/place\/Metropolitan+Expo\/@37.9534414,23.9585232,15z\/data=!4m6!3m5!1s0x14a1901bb4ad1373:0x6774dd64b0abd049!8m2!3d37.9534414!4d23.9585232!16s%2Fg%2F1td3_4wr\">Athens Metropolitan Expo<\/a><br \/>\nA\u00e9roport international d\u2019Ath\u00e8nes \u00ab El. Venizelos \u00bb<br \/>\nSpata 190 19, Gr\u00e8ce<\/p>\n<p>&nbsp;<\/p>\n<p><a href=\"https:\/\/www.linkedin.com\/company\/ranciliogroup\/posts\/\"><strong>Suivez l\u2019\u00e9v\u00e9nement sur Linkedin<\/strong><\/a><\/p>\n<p>&nbsp;<\/p>\n<p><strong>D\u00e9couvrez l\u2019\u00e9v\u00e9nement<\/strong><\/p>\n<p><a href=\"https:\/\/www.worldofcoffee.org\/\">https:\/\/www.worldofcoffee.org\/<\/a><\/p>\n","protected":false},"excerpt":{"rendered":"<p>Du 22 au 24 juin, Rancilio Group se trouvera dans la florissante ville d\u2019Ath\u00e8nes pour se joindre au monde dynamique&#8230;<\/p>\n","protected":false},"author":5,"featured_media":68472,"comment_status":"closed","ping_status":"closed","sticky":false,"template":"","format":"standard","meta":[],"categories":[878],"tags":[3032,3033,2929,2852,2733,2735,2697,2685,2624,2594],"acf":[],"yoast_head":"<!-- This site is optimized with the Yoast SEO plugin v21.5 - https:\/\/yoast.com\/wordpress\/plugins\/seo\/ -->\n<title>Latest update about Rancilio Group au World of Coffee Athens 2023 - Rancilio Group<\/title>\n<meta name=\"description\" content=\"Read Rancilio Group&#039;s latest news about Rancilio Group au World of Coffee Athens 2023\" \/>\n<meta name=\"robots\" content=\"index, follow, max-snippet:-1, max-image-preview:large, max-video-preview:-1\" \/>\n<link rel=\"canonical\" href=\"https:\/\/www.ranciliogroup.com\/fr\/rancilio-group-au-world-of-coffee-athens-2023\/\" \/>\n<meta property=\"og:locale\" content=\"fr_FR\" \/>\n<meta property=\"og:type\" content=\"article\" \/>\n<meta property=\"og:title\" content=\"Latest update about Rancilio Group au World of Coffee Athens 2023 - Rancilio Group\" \/>\n<meta property=\"og:description\" content=\"Read Rancilio Group&#039;s latest news about Rancilio Group au World of Coffee Athens 2023\" \/>\n<meta property=\"og:url\" content=\"https:\/\/www.ranciliogroup.com\/fr\/rancilio-group-au-world-of-coffee-athens-2023\/\" \/>\n<meta property=\"og:site_name\" content=\"Rancilio Group\" \/>\n<meta property=\"article:publisher\" content=\"https:\/\/www.facebook.com\/RancilioGroup\" \/>\n<meta property=\"article:published_time\" content=\"2023-06-06T10:05:55+00:00\" \/>\n<meta property=\"og:image\" content=\"https:\/\/www.ranciliogroup.com\/app\/uploads\/2023\/06\/WOC-Athens-2023.jpg\" \/>\n\t<meta property=\"og:image:width\" content=\"1080\" \/>\n\t<meta property=\"og:image:height\" content=\"810\" \/>\n\t<meta property=\"og:image:type\" content=\"image\/jpeg\" \/>\n<meta name=\"author\" content=\"temp circular\" \/>\n<meta name=\"twitter:card\" content=\"summary_large_image\" \/>\n<meta name=\"twitter:creator\" content=\"@ranciliogroup\" \/>\n<meta name=\"twitter:site\" content=\"@ranciliogroup\" \/>\n<meta name=\"twitter:label1\" content=\"Written by\" \/>\n\t<meta name=\"twitter:data1\" content=\"temp circular\" \/>\n\t<meta name=\"twitter:label2\" content=\"Est. reading time\" \/>\n\t<meta name=\"twitter:data2\" content=\"2 minutes\" \/>\n<script type=\"application\/ld+json\" class=\"yoast-schema-graph\">{\"@context\":\"https:\/\/schema.org\",\"@graph\":[{\"@type\":\"Article\",\"@id\":\"https:\/\/www.ranciliogroup.com\/fr\/rancilio-group-au-world-of-coffee-athens-2023\/#article\",\"isPartOf\":{\"@id\":\"https:\/\/www.ranciliogroup.com\/fr\/rancilio-group-au-world-of-coffee-athens-2023\/\"},\"author\":{\"name\":\"temp circular\",\"@id\":\"https:\/\/www.ranciliogroup.com\/fr\/#\/schema\/person\/d6bf0a7dfe74cded3d64da8b2c92814c\"},\"headline\":\"Rancilio Group au World of Coffee Athens 2023\",\"datePublished\":\"2023-06-06T10:05:55+00:00\",\"dateModified\":\"2023-06-06T10:05:55+00:00\",\"mainEntityOfPage\":{\"@id\":\"https:\/\/www.ranciliogroup.com\/fr\/rancilio-group-au-world-of-coffee-athens-2023\/\"},\"wordCount\":380,\"publisher\":{\"@id\":\"https:\/\/www.ranciliogroup.com\/fr\/#organization\"},\"keywords\":[\"Athens\",\"SCA\",\"Touch Coffee\",\"Stile\",\"WOC\",\"Silvia Pro X\",\"NMS+\",\"Next\",\"Invicta\",\"RS1\"],\"articleSection\":[\"Tous\"],\"inLanguage\":\"fr-FR\"},{\"@type\":\"WebPage\",\"@id\":\"https:\/\/www.ranciliogroup.com\/fr\/rancilio-group-au-world-of-coffee-athens-2023\/\",\"url\":\"https:\/\/www.ranciliogroup.com\/fr\/rancilio-group-au-world-of-coffee-athens-2023\/\",\"name\":\"Latest update about Rancilio Group au World of Coffee Athens 2023 - Rancilio Group\",\"isPartOf\":{\"@id\":\"https:\/\/www.ranciliogroup.com\/fr\/#website\"},\"datePublished\":\"2023-06-06T10:05:55+00:00\",\"dateModified\":\"2023-06-06T10:05:55+00:00\",\"description\":\"Read Rancilio Group's latest news about Rancilio Group au World of Coffee Athens 2023\",\"breadcrumb\":{\"@id\":\"https:\/\/www.ranciliogroup.com\/fr\/rancilio-group-au-world-of-coffee-athens-2023\/#breadcrumb\"},\"inLanguage\":\"fr-FR\",\"potentialAction\":[{\"@type\":\"ReadAction\",\"target\":[\"https:\/\/www.ranciliogroup.com\/fr\/rancilio-group-au-world-of-coffee-athens-2023\/\"]}]},{\"@type\":\"BreadcrumbList\",\"@id\":\"https:\/\/www.ranciliogroup.com\/fr\/rancilio-group-au-world-of-coffee-athens-2023\/#breadcrumb\",\"itemListElement\":[{\"@type\":\"ListItem\",\"position\":1,\"name\":\"Home\",\"item\":\"https:\/\/www.ranciliogroup.com\/fr\/\"},{\"@type\":\"ListItem\",\"position\":2,\"name\":\"Rancilio Group au World of Coffee Athens 2023\"}]},{\"@type\":\"WebSite\",\"@id\":\"https:\/\/www.ranciliogroup.com\/fr\/#website\",\"url\":\"https:\/\/www.ranciliogroup.com\/fr\/\",\"name\":\"Rancilio Group\",\"description\":\"Leader des machines \u00e0 caf\u00e9 professionnelles\",\"publisher\":{\"@id\":\"https:\/\/www.ranciliogroup.com\/fr\/#organization\"},\"potentialAction\":[{\"@type\":\"SearchAction\",\"target\":{\"@type\":\"EntryPoint\",\"urlTemplate\":\"https:\/\/www.ranciliogroup.com\/fr\/?s={search_term_string}\"},\"query-input\":\"required name=search_term_string\"}],\"inLanguage\":\"fr-FR\"},{\"@type\":\"Organization\",\"@id\":\"https:\/\/www.ranciliogroup.com\/fr\/#organization\",\"name\":\"Rancilio Group\",\"url\":\"https:\/\/www.ranciliogroup.com\/fr\/\",\"logo\":{\"@type\":\"ImageObject\",\"inLanguage\":\"fr-FR\",\"@id\":\"https:\/\/www.ranciliogroup.com\/fr\/#\/schema\/logo\/image\/\",\"url\":\"https:\/\/www.ranciliogroup.com\/app\/uploads\/2019\/07\/rancilio_black_logo.png\",\"contentUrl\":\"https:\/\/www.ranciliogroup.com\/app\/uploads\/2019\/07\/rancilio_black_logo.png\",\"width\":447,\"height\":57,\"caption\":\"Rancilio Group\"},\"image\":{\"@id\":\"https:\/\/www.ranciliogroup.com\/fr\/#\/schema\/logo\/image\/\"},\"sameAs\":[\"https:\/\/www.facebook.com\/RancilioGroup\",\"https:\/\/twitter.com\/ranciliogroup\",\"https:\/\/www.instagram.com\/rancilio_official\/\",\"https:\/\/www.linkedin.com\/company\/ranciliogroup\/\",\"https:\/\/www.youtube.com\/user\/rancilioadmin\"]},{\"@type\":\"Person\",\"@id\":\"https:\/\/www.ranciliogroup.com\/fr\/#\/schema\/person\/d6bf0a7dfe74cded3d64da8b2c92814c\",\"name\":\"temp circular\",\"image\":{\"@type\":\"ImageObject\",\"inLanguage\":\"fr-FR\",\"@id\":\"https:\/\/www.ranciliogroup.com\/fr\/#\/schema\/person\/image\/\",\"url\":\"https:\/\/secure.gravatar.com\/avatar\/569e71c3b97b8bcad1854d6579b35c5f?s=96&d=mm&r=g\",\"contentUrl\":\"https:\/\/secure.gravatar.com\/avatar\/569e71c3b97b8bcad1854d6579b35c5f?s=96&d=mm&r=g\",\"caption\":\"temp circular\"}}]}<\/script>\n<!-- \/ Yoast SEO plugin. -->","yoast_head_json":{"title":"Latest update about Rancilio Group au World of Coffee Athens 2023 - Rancilio Group","description":"Read Rancilio Group's latest news about Rancilio Group au World of Coffee Athens 2023","robots":{"index":"index","follow":"follow","max-snippet":"max-snippet:-1","max-image-preview":"max-image-preview:large","max-video-preview":"max-video-preview:-1"},"canonical":"https:\/\/www.ranciliogroup.com\/fr\/rancilio-group-au-world-of-coffee-athens-2023\/","og_locale":"fr_FR","og_type":"article","og_title":"Latest update about Rancilio Group au World of Coffee Athens 2023 - Rancilio Group","og_description":"Read Rancilio Group's latest news about Rancilio Group au World of Coffee Athens 2023","og_url":"https:\/\/www.ranciliogroup.com\/fr\/rancilio-group-au-world-of-coffee-athens-2023\/","og_site_name":"Rancilio Group","article_publisher":"https:\/\/www.facebook.com\/RancilioGroup","article_published_time":"2023-06-06T10:05:55+00:00","og_image":[{"width":1080,"height":810,"url":"https:\/\/www.ranciliogroup.com\/app\/uploads\/2023\/06\/WOC-Athens-2023.jpg","type":"image\/jpeg"}],"author":"temp circular","twitter_card":"summary_large_image","twitter_creator":"@ranciliogroup","twitter_site":"@ranciliogroup","twitter_misc":{"Written by":"temp circular","Est. reading time":"2 minutes"},"schema":{"@context":"https:\/\/schema.org","@graph":[{"@type":"Article","@id":"https:\/\/www.ranciliogroup.com\/fr\/rancilio-group-au-world-of-coffee-athens-2023\/#article","isPartOf":{"@id":"https:\/\/www.ranciliogroup.com\/fr\/rancilio-group-au-world-of-coffee-athens-2023\/"},"author":{"name":"temp circular","@id":"https:\/\/www.ranciliogroup.com\/fr\/#\/schema\/person\/d6bf0a7dfe74cded3d64da8b2c92814c"},"headline":"Rancilio Group au World of Coffee Athens 2023","datePublished":"2023-06-06T10:05:55+00:00","dateModified":"2023-06-06T10:05:55+00:00","mainEntityOfPage":{"@id":"https:\/\/www.ranciliogroup.com\/fr\/rancilio-group-au-world-of-coffee-athens-2023\/"},"wordCount":380,"publisher":{"@id":"https:\/\/www.ranciliogroup.com\/fr\/#organization"},"keywords":["Athens","SCA","Touch Coffee","Stile","WOC","Silvia Pro X","NMS+","Next","Invicta","RS1"],"articleSection":["Tous"],"inLanguage":"fr-FR"},{"@type":"WebPage","@id":"https:\/\/www.ranciliogroup.com\/fr\/rancilio-group-au-world-of-coffee-athens-2023\/","url":"https:\/\/www.ranciliogroup.com\/fr\/rancilio-group-au-world-of-coffee-athens-2023\/","name":"Latest update about Rancilio Group au World of Coffee Athens 2023 - Rancilio Group","isPartOf":{"@id":"https:\/\/www.ranciliogroup.com\/fr\/#website"},"datePublished":"2023-06-06T10:05:55+00:00","dateModified":"2023-06-06T10:05:55+00:00","description":"Read Rancilio Group's latest news about Rancilio Group au World of Coffee Athens 2023","breadcrumb":{"@id":"https:\/\/www.ranciliogroup.com\/fr\/rancilio-group-au-world-of-coffee-athens-2023\/#breadcrumb"},"inLanguage":"fr-FR","potentialAction":[{"@type":"ReadAction","target":["https:\/\/www.ranciliogroup.com\/fr\/rancilio-group-au-world-of-coffee-athens-2023\/"]}]},{"@type":"BreadcrumbList","@id":"https:\/\/www.ranciliogroup.com\/fr\/rancilio-group-au-world-of-coffee-athens-2023\/#breadcrumb","itemListElement":[{"@type":"ListItem","position":1,"name":"Home","item":"https:\/\/www.ranciliogroup.com\/fr\/"},{"@type":"ListItem","position":2,"name":"Rancilio Group au World of Coffee Athens 2023"}]},{"@type":"WebSite","@id":"https:\/\/www.ranciliogroup.com\/fr\/#website","url":"https:\/\/www.ranciliogroup.com\/fr\/","name":"Rancilio Group","description":"Leader des machines \u00e0 caf\u00e9 professionnelles","publisher":{"@id":"https:\/\/www.ranciliogroup.com\/fr\/#organization"},"potentialAction":[{"@type":"SearchAction","target":{"@type":"EntryPoint","urlTemplate":"https:\/\/www.ranciliogroup.com\/fr\/?s={search_term_string}"},"query-input":"required name=search_term_string"}],"inLanguage":"fr-FR"},{"@type":"Organization","@id":"https:\/\/www.ranciliogroup.com\/fr\/#organization","name":"Rancilio Group","url":"https:\/\/www.ranciliogroup.com\/fr\/","logo":{"@type":"ImageObject","inLanguage":"fr-FR","@id":"https:\/\/www.ranciliogroup.com\/fr\/#\/schema\/logo\/image\/","url":"https:\/\/www.ranciliogroup.com\/app\/uploads\/2019\/07\/rancilio_black_logo.png","contentUrl":"https:\/\/www.ranciliogroup.com\/app\/uploads\/2019\/07\/rancilio_black_logo.png","width":447,"height":57,"caption":"Rancilio Group"},"image":{"@id":"https:\/\/www.ranciliogroup.com\/fr\/#\/schema\/logo\/image\/"},"sameAs":["https:\/\/www.facebook.com\/RancilioGroup","https:\/\/twitter.com\/ranciliogroup","https:\/\/www.instagram.com\/rancilio_official\/","https:\/\/www.linkedin.com\/company\/ranciliogroup\/","https:\/\/www.youtube.com\/user\/rancilioadmin"]},{"@type":"Person","@id":"https:\/\/www.ranciliogroup.com\/fr\/#\/schema\/person\/d6bf0a7dfe74cded3d64da8b2c92814c","name":"temp circular","image":{"@type":"ImageObject","inLanguage":"fr-FR","@id":"https:\/\/www.ranciliogroup.com\/fr\/#\/schema\/person\/image\/","url":"https:\/\/secure.gravatar.com\/avatar\/569e71c3b97b8bcad1854d6579b35c5f?s=96&d=mm&r=g","contentUrl":"https:\/\/secure.gravatar.com\/avatar\/569e71c3b97b8bcad1854d6579b35c5f?s=96&d=mm&r=g","caption":"temp circular"}}]}},"_links":{"self":[{"href":"https:\/\/www.ranciliogroup.com\/fr\/wp-json\/wp\/v2\/posts\/68489"}],"collection":[{"href":"https:\/\/www.ranciliogroup.com\/fr\/wp-json\/wp\/v2\/posts"}],"about":[{"href":"https:\/\/www.ranciliogroup.com\/fr\/wp-json\/wp\/v2\/types\/post"}],"author":[{"embeddable":true,"href":"https:\/\/www.ranciliogroup.com\/fr\/wp-json\/wp\/v2\/users\/5"}],"replies":[{"embeddable":true,"href":"https:\/\/www.ranciliogroup.com\/fr\/wp-json\/wp\/v2\/comments?post=68489"}],"version-history":[{"count":1,"href":"https:\/\/www.ranciliogroup.com\/fr\/wp-json\/wp\/v2\/posts\/68489\/revisions"}],"predecessor-version":[{"id":68490,"href":"https:\/\/www.ranciliogroup.com\/fr\/wp-json\/wp\/v2\/posts\/68489\/revisions\/68490"}],"wp:featuredmedia":[{"embeddable":true,"href":"https:\/\/www.ranciliogroup.com\/fr\/wp-json\/wp\/v2\/media\/68472"}],"wp:attachment":[{"href":"https:\/\/www.ranciliogroup.com\/fr\/wp-json\/wp\/v2\/media?parent=68489"}],"wp:term":[{"taxonomy":"category","embeddable":true,"href":"https:\/\/www.ranciliogroup.com\/fr\/wp-json\/wp\/v2\/categories?post=68489"},{"taxonomy":"post_tag","embeddable":true,"href":"https:\/\/www.ranciliogroup.com\/fr\/wp-json\/wp\/v2\/tags?post=68489"}],"curies":[{"name":"wp","href":"https:\/\/api.w.org\/{rel}","templated":true}]}}