{"id":69398,"date":"2023-07-17T14:44:32","date_gmt":"2023-07-17T12:44:32","guid":{"rendered":"https:\/\/www.ranciliogroup.com\/?p=69398"},"modified":"2023-07-20T13:50:25","modified_gmt":"2023-07-20T11:50:25","slug":"rancilio-specialty-invicta-vole-a-los-angeles-pour-le-nouveau-defi-de-la-barista-league","status":"publish","type":"post","link":"https:\/\/www.ranciliogroup.com\/fr\/rancilio-specialty-invicta-vole-a-los-angeles-pour-le-nouveau-defi-de-la-barista-league\/","title":{"rendered":"Rancilio Specialty Invicta vole \u00e0 Los Angeles pour le nouveau d\u00e9fi de la Barista League"},"content":{"rendered":"<p>Le 5 ao\u00fbt, Rancilio Specialty et la Barista League unissent \u00e0 nouveau leurs forces pour un nouveau d\u00e9fi passionnant dans l&#8217;espace industriel chic du MoonGoat Coffee \u00e0 Los Angeles.<\/p>\n<p>La machine \u00e0 expresso professionnelle \u00e0 chaudi\u00e8re unique Rancilio Specialty Invicta est pr\u00eate \u00e0 \u00eatre le sponsor officiel de l&#8217;\u00e9v\u00e9nement : La technologie Steady Brew et la pr\u00e9-infusion seront les principaux atouts mis \u00e0 la disposition des participants pour obtenir un r\u00e9sultat de haut niveau dans la tasse.<\/p>\n<p>Frank LA, Shanita Nicholas, Selina Viguera, Hilary Mugasitsi, Mimo The Mom et Lanisa Williams sont les six experts choisis pour tester les comp\u00e9tences des candidats. C&#8217;est le bon \u00e9quilibre entre les connaissances, les capacit\u00e9s, le talent et la cr\u00e9ativit\u00e9 qui d\u00e9terminera les prochains champions de la Barista League.<\/p>\n<p>Douze \u00e9quipes, de bonnes vibrations, un DJ exceptionnel et du caf\u00e9 provenant des meilleurs torr\u00e9facteurs de la r\u00e9gion, voil\u00e0 les ingr\u00e9dients incontournables d&#8217;une soir\u00e9e caf\u00e9 difficile \u00e0 oublier.<\/p>\n<p>Billets disponibles sur <a href=\"https:\/\/www.tickettailor.com\/events\/thebaristaleague\/822529\">Tickettailor.com<\/a><\/p>\n<p>&nbsp;<\/p>\n<p>&nbsp;<\/p>\n<p><strong>La Barista League Los Angeles<\/strong><br \/>\nSamedi 5 ao\u00fbt 2023<br \/>\nDe 18h00 \u00e0 23h00<br \/>\n<a href=\"https:\/\/www.google.com\/maps\/place\/MoonGoat+Coffee\/@33.6464906,-117.932423,17z\/data=!4m6!3m5!1s0x80dd214805f33b37:0x64d885c23a06db18!8m2!3d33.6464906!4d-117.932423!16s%2Fg%2F11f71mbw_j?entry=ttu\">MoonGoat Coffee<\/a><br \/>\n1975 Placentia Ave Costa Mesa<br \/>\nCA 92627, USA<\/p>\n<p>&nbsp;<\/p>\n<p><strong>Suivez cet \u00e9v\u00e9nement sur la page officielle d\u2019Instagram<\/strong><br \/>\n@ranciliospecialty #ranciliospecialty<\/p>\n<p>&nbsp;<\/p>\n<p><a href=\"https:\/\/www.ranciliogroup.com\/fr\/specialty\/invicta\/\"><strong>D\u00e9couvrez Rancilio Specialty Invicta<\/strong><\/a><\/p>\n<p>&nbsp;<\/p>\n","protected":false},"excerpt":{"rendered":"<p>Le 5 ao\u00fbt, Rancilio Specialty et la Barista League unissent \u00e0 nouveau leurs forces pour un nouveau d\u00e9fi passionnant dans&#8230;<\/p>\n","protected":false},"author":5,"featured_media":69390,"comment_status":"closed","ping_status":"closed","sticky":false,"template":"","format":"standard","meta":[],"categories":[878],"tags":[3109,2624,2596],"acf":[],"yoast_head":"<!-- This site is optimized with the Yoast SEO plugin v21.5 - https:\/\/yoast.com\/wordpress\/plugins\/seo\/ -->\n<title>Latest update about Rancilio Specialty Invicta vole \u00e0 Los Angeles pour le nouveau d\u00e9fi de la Barista League - Rancilio Group<\/title>\n<meta name=\"description\" content=\"Read Rancilio Group&#039;s latest news about Rancilio Specialty Invicta vole \u00e0 Los Angeles pour le nouveau d\u00e9fi de la Barista League\" \/>\n<meta name=\"robots\" content=\"index, follow, max-snippet:-1, max-image-preview:large, max-video-preview:-1\" \/>\n<link rel=\"canonical\" href=\"https:\/\/www.ranciliogroup.com\/fr\/rancilio-specialty-invicta-vole-a-los-angeles-pour-le-nouveau-defi-de-la-barista-league\/\" \/>\n<meta property=\"og:locale\" content=\"fr_FR\" \/>\n<meta property=\"og:type\" content=\"article\" \/>\n<meta property=\"og:title\" content=\"Latest update about Rancilio Specialty Invicta vole \u00e0 Los Angeles pour le nouveau d\u00e9fi de la Barista League - Rancilio Group\" \/>\n<meta property=\"og:description\" content=\"Read Rancilio Group&#039;s latest news about Rancilio Specialty Invicta vole \u00e0 Los Angeles pour le nouveau d\u00e9fi de la Barista League\" \/>\n<meta property=\"og:url\" content=\"https:\/\/www.ranciliogroup.com\/fr\/rancilio-specialty-invicta-vole-a-los-angeles-pour-le-nouveau-defi-de-la-barista-league\/\" \/>\n<meta property=\"og:site_name\" content=\"Rancilio Group\" \/>\n<meta property=\"article:publisher\" content=\"https:\/\/www.facebook.com\/RancilioGroup\" \/>\n<meta property=\"article:published_time\" content=\"2023-07-17T12:44:32+00:00\" \/>\n<meta property=\"article:modified_time\" content=\"2023-07-20T11:50:25+00:00\" \/>\n<meta property=\"og:image\" content=\"https:\/\/www.ranciliogroup.com\/app\/uploads\/2023\/07\/the-barista-league-los-angeles-Rancilio-Specialty.jpg\" \/>\n\t<meta property=\"og:image:width\" content=\"1080\" \/>\n\t<meta property=\"og:image:height\" content=\"720\" \/>\n\t<meta property=\"og:image:type\" content=\"image\/jpeg\" \/>\n<meta name=\"author\" content=\"temp circular\" \/>\n<meta name=\"twitter:card\" content=\"summary_large_image\" \/>\n<meta name=\"twitter:creator\" content=\"@ranciliogroup\" \/>\n<meta name=\"twitter:site\" content=\"@ranciliogroup\" \/>\n<meta name=\"twitter:label1\" content=\"Written by\" \/>\n\t<meta name=\"twitter:data1\" content=\"temp circular\" \/>\n\t<meta name=\"twitter:label2\" content=\"Est. reading time\" \/>\n\t<meta name=\"twitter:data2\" content=\"1 minute\" \/>\n<script type=\"application\/ld+json\" class=\"yoast-schema-graph\">{\"@context\":\"https:\/\/schema.org\",\"@graph\":[{\"@type\":\"Article\",\"@id\":\"https:\/\/www.ranciliogroup.com\/fr\/rancilio-specialty-invicta-vole-a-los-angeles-pour-le-nouveau-defi-de-la-barista-league\/#article\",\"isPartOf\":{\"@id\":\"https:\/\/www.ranciliogroup.com\/fr\/rancilio-specialty-invicta-vole-a-los-angeles-pour-le-nouveau-defi-de-la-barista-league\/\"},\"author\":{\"name\":\"temp circular\",\"@id\":\"https:\/\/www.ranciliogroup.com\/fr\/#\/schema\/person\/d6bf0a7dfe74cded3d64da8b2c92814c\"},\"headline\":\"Rancilio Specialty Invicta vole \u00e0 Los Angeles pour le nouveau d\u00e9fi de la Barista League\",\"datePublished\":\"2023-07-17T12:44:32+00:00\",\"dateModified\":\"2023-07-20T11:50:25+00:00\",\"mainEntityOfPage\":{\"@id\":\"https:\/\/www.ranciliogroup.com\/fr\/rancilio-specialty-invicta-vole-a-los-angeles-pour-le-nouveau-defi-de-la-barista-league\/\"},\"wordCount\":221,\"publisher\":{\"@id\":\"https:\/\/www.ranciliogroup.com\/fr\/#organization\"},\"keywords\":[\"Steady Brew\",\"Invicta\",\"Barista League\"],\"articleSection\":[\"Tous\"],\"inLanguage\":\"fr-FR\"},{\"@type\":\"WebPage\",\"@id\":\"https:\/\/www.ranciliogroup.com\/fr\/rancilio-specialty-invicta-vole-a-los-angeles-pour-le-nouveau-defi-de-la-barista-league\/\",\"url\":\"https:\/\/www.ranciliogroup.com\/fr\/rancilio-specialty-invicta-vole-a-los-angeles-pour-le-nouveau-defi-de-la-barista-league\/\",\"name\":\"Latest update about Rancilio Specialty Invicta vole \u00e0 Los Angeles pour le nouveau d\u00e9fi de la Barista League - Rancilio Group\",\"isPartOf\":{\"@id\":\"https:\/\/www.ranciliogroup.com\/fr\/#website\"},\"datePublished\":\"2023-07-17T12:44:32+00:00\",\"dateModified\":\"2023-07-20T11:50:25+00:00\",\"description\":\"Read Rancilio Group's latest news about Rancilio Specialty Invicta vole \u00e0 Los Angeles pour le nouveau d\u00e9fi de la Barista League\",\"breadcrumb\":{\"@id\":\"https:\/\/www.ranciliogroup.com\/fr\/rancilio-specialty-invicta-vole-a-los-angeles-pour-le-nouveau-defi-de-la-barista-league\/#breadcrumb\"},\"inLanguage\":\"fr-FR\",\"potentialAction\":[{\"@type\":\"ReadAction\",\"target\":[\"https:\/\/www.ranciliogroup.com\/fr\/rancilio-specialty-invicta-vole-a-los-angeles-pour-le-nouveau-defi-de-la-barista-league\/\"]}]},{\"@type\":\"BreadcrumbList\",\"@id\":\"https:\/\/www.ranciliogroup.com\/fr\/rancilio-specialty-invicta-vole-a-los-angeles-pour-le-nouveau-defi-de-la-barista-league\/#breadcrumb\",\"itemListElement\":[{\"@type\":\"ListItem\",\"position\":1,\"name\":\"Home\",\"item\":\"https:\/\/www.ranciliogroup.com\/fr\/\"},{\"@type\":\"ListItem\",\"position\":2,\"name\":\"Rancilio Specialty Invicta vole \u00e0 Los Angeles pour le nouveau d\u00e9fi de la Barista League\"}]},{\"@type\":\"WebSite\",\"@id\":\"https:\/\/www.ranciliogroup.com\/fr\/#website\",\"url\":\"https:\/\/www.ranciliogroup.com\/fr\/\",\"name\":\"Rancilio Group\",\"description\":\"Leader des machines \u00e0 caf\u00e9 professionnelles\",\"publisher\":{\"@id\":\"https:\/\/www.ranciliogroup.com\/fr\/#organization\"},\"potentialAction\":[{\"@type\":\"SearchAction\",\"target\":{\"@type\":\"EntryPoint\",\"urlTemplate\":\"https:\/\/www.ranciliogroup.com\/fr\/?s={search_term_string}\"},\"query-input\":\"required name=search_term_string\"}],\"inLanguage\":\"fr-FR\"},{\"@type\":\"Organization\",\"@id\":\"https:\/\/www.ranciliogroup.com\/fr\/#organization\",\"name\":\"Rancilio Group\",\"url\":\"https:\/\/www.ranciliogroup.com\/fr\/\",\"logo\":{\"@type\":\"ImageObject\",\"inLanguage\":\"fr-FR\",\"@id\":\"https:\/\/www.ranciliogroup.com\/fr\/#\/schema\/logo\/image\/\",\"url\":\"https:\/\/www.ranciliogroup.com\/app\/uploads\/2019\/07\/rancilio_black_logo.png\",\"contentUrl\":\"https:\/\/www.ranciliogroup.com\/app\/uploads\/2019\/07\/rancilio_black_logo.png\",\"width\":447,\"height\":57,\"caption\":\"Rancilio Group\"},\"image\":{\"@id\":\"https:\/\/www.ranciliogroup.com\/fr\/#\/schema\/logo\/image\/\"},\"sameAs\":[\"https:\/\/www.facebook.com\/RancilioGroup\",\"https:\/\/twitter.com\/ranciliogroup\",\"https:\/\/www.instagram.com\/rancilio_official\/\",\"https:\/\/www.linkedin.com\/company\/ranciliogroup\/\",\"https:\/\/www.youtube.com\/user\/rancilioadmin\"]},{\"@type\":\"Person\",\"@id\":\"https:\/\/www.ranciliogroup.com\/fr\/#\/schema\/person\/d6bf0a7dfe74cded3d64da8b2c92814c\",\"name\":\"temp circular\",\"image\":{\"@type\":\"ImageObject\",\"inLanguage\":\"fr-FR\",\"@id\":\"https:\/\/www.ranciliogroup.com\/fr\/#\/schema\/person\/image\/\",\"url\":\"https:\/\/secure.gravatar.com\/avatar\/569e71c3b97b8bcad1854d6579b35c5f?s=96&d=mm&r=g\",\"contentUrl\":\"https:\/\/secure.gravatar.com\/avatar\/569e71c3b97b8bcad1854d6579b35c5f?s=96&d=mm&r=g\",\"caption\":\"temp circular\"}}]}<\/script>\n<!-- \/ Yoast SEO plugin. -->","yoast_head_json":{"title":"Latest update about Rancilio Specialty Invicta vole \u00e0 Los Angeles pour le nouveau d\u00e9fi de la Barista League - Rancilio Group","description":"Read Rancilio Group's latest news about Rancilio Specialty Invicta vole \u00e0 Los Angeles pour le nouveau d\u00e9fi de la Barista League","robots":{"index":"index","follow":"follow","max-snippet":"max-snippet:-1","max-image-preview":"max-image-preview:large","max-video-preview":"max-video-preview:-1"},"canonical":"https:\/\/www.ranciliogroup.com\/fr\/rancilio-specialty-invicta-vole-a-los-angeles-pour-le-nouveau-defi-de-la-barista-league\/","og_locale":"fr_FR","og_type":"article","og_title":"Latest update about Rancilio Specialty Invicta vole \u00e0 Los Angeles pour le nouveau d\u00e9fi de la Barista League - Rancilio Group","og_description":"Read Rancilio Group's latest news about Rancilio Specialty Invicta vole \u00e0 Los Angeles pour le nouveau d\u00e9fi de la Barista League","og_url":"https:\/\/www.ranciliogroup.com\/fr\/rancilio-specialty-invicta-vole-a-los-angeles-pour-le-nouveau-defi-de-la-barista-league\/","og_site_name":"Rancilio Group","article_publisher":"https:\/\/www.facebook.com\/RancilioGroup","article_published_time":"2023-07-17T12:44:32+00:00","article_modified_time":"2023-07-20T11:50:25+00:00","og_image":[{"width":1080,"height":720,"url":"https:\/\/www.ranciliogroup.com\/app\/uploads\/2023\/07\/the-barista-league-los-angeles-Rancilio-Specialty.jpg","type":"image\/jpeg"}],"author":"temp circular","twitter_card":"summary_large_image","twitter_creator":"@ranciliogroup","twitter_site":"@ranciliogroup","twitter_misc":{"Written by":"temp circular","Est. reading time":"1 minute"},"schema":{"@context":"https:\/\/schema.org","@graph":[{"@type":"Article","@id":"https:\/\/www.ranciliogroup.com\/fr\/rancilio-specialty-invicta-vole-a-los-angeles-pour-le-nouveau-defi-de-la-barista-league\/#article","isPartOf":{"@id":"https:\/\/www.ranciliogroup.com\/fr\/rancilio-specialty-invicta-vole-a-los-angeles-pour-le-nouveau-defi-de-la-barista-league\/"},"author":{"name":"temp circular","@id":"https:\/\/www.ranciliogroup.com\/fr\/#\/schema\/person\/d6bf0a7dfe74cded3d64da8b2c92814c"},"headline":"Rancilio Specialty Invicta vole \u00e0 Los Angeles pour le nouveau d\u00e9fi de la Barista League","datePublished":"2023-07-17T12:44:32+00:00","dateModified":"2023-07-20T11:50:25+00:00","mainEntityOfPage":{"@id":"https:\/\/www.ranciliogroup.com\/fr\/rancilio-specialty-invicta-vole-a-los-angeles-pour-le-nouveau-defi-de-la-barista-league\/"},"wordCount":221,"publisher":{"@id":"https:\/\/www.ranciliogroup.com\/fr\/#organization"},"keywords":["Steady Brew","Invicta","Barista League"],"articleSection":["Tous"],"inLanguage":"fr-FR"},{"@type":"WebPage","@id":"https:\/\/www.ranciliogroup.com\/fr\/rancilio-specialty-invicta-vole-a-los-angeles-pour-le-nouveau-defi-de-la-barista-league\/","url":"https:\/\/www.ranciliogroup.com\/fr\/rancilio-specialty-invicta-vole-a-los-angeles-pour-le-nouveau-defi-de-la-barista-league\/","name":"Latest update about Rancilio Specialty Invicta vole \u00e0 Los Angeles pour le nouveau d\u00e9fi de la Barista League - Rancilio Group","isPartOf":{"@id":"https:\/\/www.ranciliogroup.com\/fr\/#website"},"datePublished":"2023-07-17T12:44:32+00:00","dateModified":"2023-07-20T11:50:25+00:00","description":"Read Rancilio Group's latest news about Rancilio Specialty Invicta vole \u00e0 Los Angeles pour le nouveau d\u00e9fi de la Barista League","breadcrumb":{"@id":"https:\/\/www.ranciliogroup.com\/fr\/rancilio-specialty-invicta-vole-a-los-angeles-pour-le-nouveau-defi-de-la-barista-league\/#breadcrumb"},"inLanguage":"fr-FR","potentialAction":[{"@type":"ReadAction","target":["https:\/\/www.ranciliogroup.com\/fr\/rancilio-specialty-invicta-vole-a-los-angeles-pour-le-nouveau-defi-de-la-barista-league\/"]}]},{"@type":"BreadcrumbList","@id":"https:\/\/www.ranciliogroup.com\/fr\/rancilio-specialty-invicta-vole-a-los-angeles-pour-le-nouveau-defi-de-la-barista-league\/#breadcrumb","itemListElement":[{"@type":"ListItem","position":1,"name":"Home","item":"https:\/\/www.ranciliogroup.com\/fr\/"},{"@type":"ListItem","position":2,"name":"Rancilio Specialty Invicta vole \u00e0 Los Angeles pour le nouveau d\u00e9fi de la Barista League"}]},{"@type":"WebSite","@id":"https:\/\/www.ranciliogroup.com\/fr\/#website","url":"https:\/\/www.ranciliogroup.com\/fr\/","name":"Rancilio Group","description":"Leader des machines \u00e0 caf\u00e9 professionnelles","publisher":{"@id":"https:\/\/www.ranciliogroup.com\/fr\/#organization"},"potentialAction":[{"@type":"SearchAction","target":{"@type":"EntryPoint","urlTemplate":"https:\/\/www.ranciliogroup.com\/fr\/?s={search_term_string}"},"query-input":"required name=search_term_string"}],"inLanguage":"fr-FR"},{"@type":"Organization","@id":"https:\/\/www.ranciliogroup.com\/fr\/#organization","name":"Rancilio Group","url":"https:\/\/www.ranciliogroup.com\/fr\/","logo":{"@type":"ImageObject","inLanguage":"fr-FR","@id":"https:\/\/www.ranciliogroup.com\/fr\/#\/schema\/logo\/image\/","url":"https:\/\/www.ranciliogroup.com\/app\/uploads\/2019\/07\/rancilio_black_logo.png","contentUrl":"https:\/\/www.ranciliogroup.com\/app\/uploads\/2019\/07\/rancilio_black_logo.png","width":447,"height":57,"caption":"Rancilio Group"},"image":{"@id":"https:\/\/www.ranciliogroup.com\/fr\/#\/schema\/logo\/image\/"},"sameAs":["https:\/\/www.facebook.com\/RancilioGroup","https:\/\/twitter.com\/ranciliogroup","https:\/\/www.instagram.com\/rancilio_official\/","https:\/\/www.linkedin.com\/company\/ranciliogroup\/","https:\/\/www.youtube.com\/user\/rancilioadmin"]},{"@type":"Person","@id":"https:\/\/www.ranciliogroup.com\/fr\/#\/schema\/person\/d6bf0a7dfe74cded3d64da8b2c92814c","name":"temp circular","image":{"@type":"ImageObject","inLanguage":"fr-FR","@id":"https:\/\/www.ranciliogroup.com\/fr\/#\/schema\/person\/image\/","url":"https:\/\/secure.gravatar.com\/avatar\/569e71c3b97b8bcad1854d6579b35c5f?s=96&d=mm&r=g","contentUrl":"https:\/\/secure.gravatar.com\/avatar\/569e71c3b97b8bcad1854d6579b35c5f?s=96&d=mm&r=g","caption":"temp circular"}}]}},"_links":{"self":[{"href":"https:\/\/www.ranciliogroup.com\/fr\/wp-json\/wp\/v2\/posts\/69398"}],"collection":[{"href":"https:\/\/www.ranciliogroup.com\/fr\/wp-json\/wp\/v2\/posts"}],"about":[{"href":"https:\/\/www.ranciliogroup.com\/fr\/wp-json\/wp\/v2\/types\/post"}],"author":[{"embeddable":true,"href":"https:\/\/www.ranciliogroup.com\/fr\/wp-json\/wp\/v2\/users\/5"}],"replies":[{"embeddable":true,"href":"https:\/\/www.ranciliogroup.com\/fr\/wp-json\/wp\/v2\/comments?post=69398"}],"version-history":[{"count":3,"href":"https:\/\/www.ranciliogroup.com\/fr\/wp-json\/wp\/v2\/posts\/69398\/revisions"}],"predecessor-version":[{"id":69574,"href":"https:\/\/www.ranciliogroup.com\/fr\/wp-json\/wp\/v2\/posts\/69398\/revisions\/69574"}],"wp:featuredmedia":[{"embeddable":true,"href":"https:\/\/www.ranciliogroup.com\/fr\/wp-json\/wp\/v2\/media\/69390"}],"wp:attachment":[{"href":"https:\/\/www.ranciliogroup.com\/fr\/wp-json\/wp\/v2\/media?parent=69398"}],"wp:term":[{"taxonomy":"category","embeddable":true,"href":"https:\/\/www.ranciliogroup.com\/fr\/wp-json\/wp\/v2\/categories?post=69398"},{"taxonomy":"post_tag","embeddable":true,"href":"https:\/\/www.ranciliogroup.com\/fr\/wp-json\/wp\/v2\/tags?post=69398"}],"curies":[{"name":"wp","href":"https:\/\/api.w.org\/{rel}","templated":true}]}}