{"id":70169,"date":"2023-09-05T10:09:49","date_gmt":"2023-09-05T08:09:49","guid":{"rendered":"https:\/\/www.ranciliogroup.com\/?p=70169"},"modified":"2023-09-05T10:09:49","modified_gmt":"2023-09-05T08:09:49","slug":"rancilio-group-a-la-43e-edition-de-hostmilano-2023","status":"publish","type":"post","link":"https:\/\/www.ranciliogroup.com\/fr\/rancilio-group-a-la-43e-edition-de-hostmilano-2023\/","title":{"rendered":"Rancilio Group \u00e0 la 43e \u00e9dition de HostMilano 2023"},"content":{"rendered":"<p>Du 13 au 17 octobre 2023, Rancilio Group vous donne rendez-vous pour la tr\u00e8s attendue 43<sup>e<\/sup> \u00e9dition d&#8217;HostMilano 2023. Le rendez-vous biennal incontournable pour le monde de la restauration et de l&#8217;h\u00f4tellerie internationale ouvre \u00e0 nouveau ses portes aux torr\u00e9facteurs, importateurs, producteurs et op\u00e9rateurs en provenance du monde entier.<\/p>\n<p>Sur le stand de Rancilio Group, les visiteurs pourront profiter d&#8217;une exp\u00e9rience immersive, consacr\u00e9e \u00e0 la d\u00e9couverte des initiatives et des projets de l&#8217;entreprise dans le domaine de la recherche technologique, de l&#8217;innovation et de la durabilit\u00e9.<\/p>\n<p>Rancilio Specialty encourage les torr\u00e9facteurs \u00e0 mettre en valeur les caract\u00e9ristiques aromatiques de leurs caf\u00e9s de sp\u00e9cialit\u00e9 dans leur propre espace d\u00e9di\u00e9, en exp\u00e9rimentant la technologie r\u00e9volutionnaire de l&#8217;Advance Temperature Profiling de la RS1, la machine \u00e0 caf\u00e9 professionnelle certifi\u00e9e SCA et IEI Premium.<\/p>\n<p>Rancilio Grindtec ne manque pas non plus de nouveaut\u00e9s, en \u00e9largissant sa famille de moulins doseurs professionnels avec l&#8217;introduction de Bond, sp\u00e9cialement con\u00e7u pour r\u00e9pondre aux besoins des grandes cha\u00eenes, et de Kryo Elite 65 OD, la nouvelle version \u00e9quip\u00e9e du syst\u00e8me de mouture intelligent (SAS).<\/p>\n<p>Dans le secteur des super-automatiques, les projecteurs seront, par contre, braqu\u00e9s sur la nouvelle Egro MoDe. Au format compact et con\u00e7ue pour tous les \u00e9tablissements du secteur Ho.Re.Ca avec des consommations moyennes, Egro MoDe est la machine super-automatique parfaite pour tous ceux qui souhaitent proposer un menu caf\u00e9t\u00e9ria de qualit\u00e9 avec des boissons \u00e0 base de caf\u00e9, de lait frais et de produits solubles.<\/p>\n<p>Et pour tous vos moments de pause pendant la foire, la caf\u00e9t\u00e9ria de notre stand est toujours ouverte, pr\u00eate \u00e0 vous offrir une exp\u00e9rience sensorielle unique avec non seulement un authentique expresso ou un cappuccino cr\u00e9meux, mais aussi des menus de d\u00e9gustation sp\u00e9ciaux avec des caf\u00e9s fins et d&#8217;origine unique provenant de tous les coins du monde.<\/p>\n<p>En tant que sponsor principal, Rancilio Group soutient plusieurs concours de barista pr\u00e9vus au programme de Host : le \u00ab Milano Latte Art Challenge \u00bb de Trismoka, le Italian Latte Art Grading Battle Championship &#8211; ainsi que l&#8217;\u00e9v\u00e9nement \u00ab Espresso Italiano Champion \u00bb d&#8217;IEI.<\/p>\n<p>&nbsp;<\/p>\n<p>&nbsp;<\/p>\n<p><strong>HostMilano 2023 | Rancilio Group<\/strong><br \/>\nDu 13 au 17 octobre 2023<br \/>\nde 9h30 \u00e0 18h30<br \/>\nHall 24 stand P11 P21\/ R12 R22<br \/>\n<a href=\"https:\/\/www.google.com\/maps\/place\/Fiera+Milano\/@45.5197708,9.0788296,15z\/data=!4m2!3m1!1s0x0:0x53b06f34dffa3b19?sa=X&amp;ved=2ahUKEwjD1ZPgv7uAAxWvQfEDHdQ2CSgQ_BJ6BAhPEAA&amp;ved=2ahUKEwjD1ZPgv7uAAxWvQfEDHdQ2CSgQ_BJ6BAhsEAg\">Fiera Milano (Rho)<\/a><br \/>\nStrada Statale del Sempione n. 28<br \/>\n20017 Rho (MI)<\/p>\n<p>&nbsp;<\/p>\n<p><strong>D\u00e9couvrez l\u2019\u00e9v\u00e9nement<\/strong><\/p>\n<p><a href=\"https:\/\/host.fieramilano.it\/en\/\">https:\/\/host.fieramilano.it\/en\/<\/a><\/p>\n","protected":false},"excerpt":{"rendered":"<p>Du 13 au 17 octobre 2023, Rancilio Group vous donne rendez-vous pour la tr\u00e8s attendue 43e \u00e9dition d&#8217;HostMilano 2023. Le&#8230;<\/p>\n","protected":false},"author":5,"featured_media":70158,"comment_status":"closed","ping_status":"closed","sticky":false,"template":"","format":"standard","meta":[],"categories":[878],"tags":[3532,3533,3466,3349,3135,3136,3137,3138,3139,3140,3141,3142,2823,2824,2717,2625,2593,2594,2554],"acf":[],"yoast_head":"<!-- This site is optimized with the Yoast SEO plugin v21.5 - https:\/\/yoast.com\/wordpress\/plugins\/seo\/ -->\n<title>Latest update about Rancilio Group \u00e0 la 43e \u00e9dition de HostMilano 2023 - Rancilio Group<\/title>\n<meta name=\"description\" content=\"Read Rancilio Group&#039;s latest news about Rancilio Group \u00e0 la 43e \u00e9dition de HostMilano 2023\" \/>\n<meta name=\"robots\" content=\"index, follow, max-snippet:-1, max-image-preview:large, max-video-preview:-1\" \/>\n<link rel=\"canonical\" href=\"https:\/\/www.ranciliogroup.com\/fr\/rancilio-group-a-la-43e-edition-de-hostmilano-2023\/\" \/>\n<meta property=\"og:locale\" content=\"fr_FR\" \/>\n<meta property=\"og:type\" content=\"article\" \/>\n<meta property=\"og:title\" content=\"Latest update about Rancilio Group \u00e0 la 43e \u00e9dition de HostMilano 2023 - Rancilio Group\" \/>\n<meta property=\"og:description\" content=\"Read Rancilio Group&#039;s latest news about Rancilio Group \u00e0 la 43e \u00e9dition de HostMilano 2023\" \/>\n<meta property=\"og:url\" content=\"https:\/\/www.ranciliogroup.com\/fr\/rancilio-group-a-la-43e-edition-de-hostmilano-2023\/\" \/>\n<meta property=\"og:site_name\" content=\"Rancilio Group\" \/>\n<meta property=\"article:publisher\" content=\"https:\/\/www.facebook.com\/RancilioGroup\" \/>\n<meta property=\"article:published_time\" content=\"2023-09-05T08:09:49+00:00\" \/>\n<meta property=\"og:image\" content=\"https:\/\/www.ranciliogroup.com\/app\/uploads\/2023\/09\/host-2023-RG.jpg\" \/>\n\t<meta property=\"og:image:width\" content=\"1080\" \/>\n\t<meta property=\"og:image:height\" content=\"717\" \/>\n\t<meta property=\"og:image:type\" content=\"image\/jpeg\" \/>\n<meta name=\"author\" content=\"temp circular\" \/>\n<meta name=\"twitter:card\" content=\"summary_large_image\" \/>\n<meta name=\"twitter:creator\" content=\"@ranciliogroup\" \/>\n<meta name=\"twitter:site\" content=\"@ranciliogroup\" \/>\n<meta name=\"twitter:label1\" content=\"Written by\" \/>\n\t<meta name=\"twitter:data1\" content=\"temp circular\" \/>\n\t<meta name=\"twitter:label2\" content=\"Est. reading time\" \/>\n\t<meta name=\"twitter:data2\" content=\"2 minutes\" \/>\n<script type=\"application\/ld+json\" class=\"yoast-schema-graph\">{\"@context\":\"https:\/\/schema.org\",\"@graph\":[{\"@type\":\"Article\",\"@id\":\"https:\/\/www.ranciliogroup.com\/fr\/rancilio-group-a-la-43e-edition-de-hostmilano-2023\/#article\",\"isPartOf\":{\"@id\":\"https:\/\/www.ranciliogroup.com\/fr\/rancilio-group-a-la-43e-edition-de-hostmilano-2023\/\"},\"author\":{\"name\":\"temp circular\",\"@id\":\"https:\/\/www.ranciliogroup.com\/fr\/#\/schema\/person\/d6bf0a7dfe74cded3d64da8b2c92814c\"},\"headline\":\"Rancilio Group \u00e0 la 43e \u00e9dition de HostMilano 2023\",\"datePublished\":\"2023-09-05T08:09:49+00:00\",\"dateModified\":\"2023-09-05T08:09:49+00:00\",\"mainEntityOfPage\":{\"@id\":\"https:\/\/www.ranciliogroup.com\/fr\/rancilio-group-a-la-43e-edition-de-hostmilano-2023\/\"},\"wordCount\":409,\"publisher\":{\"@id\":\"https:\/\/www.ranciliogroup.com\/fr\/#organization\"},\"keywords\":[\"IEI\",\"Kryo\",\"LAGS\",\"RS1\",\"Host\",\"Bond\",\"MoDe\",\"Espresso Italiano Champion\",\"Altoga\",\"Aicaf\",\"Trismoka\",\"Milano Latte Art Challenge\",\"LAGS\",\"Rancilio\",\"IEI\",\"Kryo\",\"Rancilio Specialty\",\"RS1\",\"Egro\"],\"articleSection\":[\"Tous\"],\"inLanguage\":\"fr-FR\"},{\"@type\":\"WebPage\",\"@id\":\"https:\/\/www.ranciliogroup.com\/fr\/rancilio-group-a-la-43e-edition-de-hostmilano-2023\/\",\"url\":\"https:\/\/www.ranciliogroup.com\/fr\/rancilio-group-a-la-43e-edition-de-hostmilano-2023\/\",\"name\":\"Latest update about Rancilio Group \u00e0 la 43e \u00e9dition de HostMilano 2023 - Rancilio Group\",\"isPartOf\":{\"@id\":\"https:\/\/www.ranciliogroup.com\/fr\/#website\"},\"datePublished\":\"2023-09-05T08:09:49+00:00\",\"dateModified\":\"2023-09-05T08:09:49+00:00\",\"description\":\"Read Rancilio Group's latest news about Rancilio Group \u00e0 la 43e \u00e9dition de HostMilano 2023\",\"breadcrumb\":{\"@id\":\"https:\/\/www.ranciliogroup.com\/fr\/rancilio-group-a-la-43e-edition-de-hostmilano-2023\/#breadcrumb\"},\"inLanguage\":\"fr-FR\",\"potentialAction\":[{\"@type\":\"ReadAction\",\"target\":[\"https:\/\/www.ranciliogroup.com\/fr\/rancilio-group-a-la-43e-edition-de-hostmilano-2023\/\"]}]},{\"@type\":\"BreadcrumbList\",\"@id\":\"https:\/\/www.ranciliogroup.com\/fr\/rancilio-group-a-la-43e-edition-de-hostmilano-2023\/#breadcrumb\",\"itemListElement\":[{\"@type\":\"ListItem\",\"position\":1,\"name\":\"Home\",\"item\":\"https:\/\/www.ranciliogroup.com\/fr\/\"},{\"@type\":\"ListItem\",\"position\":2,\"name\":\"Rancilio Group \u00e0 la 43e \u00e9dition de HostMilano 2023\"}]},{\"@type\":\"WebSite\",\"@id\":\"https:\/\/www.ranciliogroup.com\/fr\/#website\",\"url\":\"https:\/\/www.ranciliogroup.com\/fr\/\",\"name\":\"Rancilio Group\",\"description\":\"Leader des machines \u00e0 caf\u00e9 professionnelles\",\"publisher\":{\"@id\":\"https:\/\/www.ranciliogroup.com\/fr\/#organization\"},\"potentialAction\":[{\"@type\":\"SearchAction\",\"target\":{\"@type\":\"EntryPoint\",\"urlTemplate\":\"https:\/\/www.ranciliogroup.com\/fr\/?s={search_term_string}\"},\"query-input\":\"required name=search_term_string\"}],\"inLanguage\":\"fr-FR\"},{\"@type\":\"Organization\",\"@id\":\"https:\/\/www.ranciliogroup.com\/fr\/#organization\",\"name\":\"Rancilio Group\",\"url\":\"https:\/\/www.ranciliogroup.com\/fr\/\",\"logo\":{\"@type\":\"ImageObject\",\"inLanguage\":\"fr-FR\",\"@id\":\"https:\/\/www.ranciliogroup.com\/fr\/#\/schema\/logo\/image\/\",\"url\":\"https:\/\/www.ranciliogroup.com\/app\/uploads\/2019\/07\/rancilio_black_logo.png\",\"contentUrl\":\"https:\/\/www.ranciliogroup.com\/app\/uploads\/2019\/07\/rancilio_black_logo.png\",\"width\":447,\"height\":57,\"caption\":\"Rancilio Group\"},\"image\":{\"@id\":\"https:\/\/www.ranciliogroup.com\/fr\/#\/schema\/logo\/image\/\"},\"sameAs\":[\"https:\/\/www.facebook.com\/RancilioGroup\",\"https:\/\/twitter.com\/ranciliogroup\",\"https:\/\/www.instagram.com\/rancilio_official\/\",\"https:\/\/www.linkedin.com\/company\/ranciliogroup\/\",\"https:\/\/www.youtube.com\/user\/rancilioadmin\"]},{\"@type\":\"Person\",\"@id\":\"https:\/\/www.ranciliogroup.com\/fr\/#\/schema\/person\/d6bf0a7dfe74cded3d64da8b2c92814c\",\"name\":\"temp circular\",\"image\":{\"@type\":\"ImageObject\",\"inLanguage\":\"fr-FR\",\"@id\":\"https:\/\/www.ranciliogroup.com\/fr\/#\/schema\/person\/image\/\",\"url\":\"https:\/\/secure.gravatar.com\/avatar\/569e71c3b97b8bcad1854d6579b35c5f?s=96&d=mm&r=g\",\"contentUrl\":\"https:\/\/secure.gravatar.com\/avatar\/569e71c3b97b8bcad1854d6579b35c5f?s=96&d=mm&r=g\",\"caption\":\"temp circular\"}}]}<\/script>\n<!-- \/ Yoast SEO plugin. -->","yoast_head_json":{"title":"Latest update about Rancilio Group \u00e0 la 43e \u00e9dition de HostMilano 2023 - Rancilio Group","description":"Read Rancilio Group's latest news about Rancilio Group \u00e0 la 43e \u00e9dition de HostMilano 2023","robots":{"index":"index","follow":"follow","max-snippet":"max-snippet:-1","max-image-preview":"max-image-preview:large","max-video-preview":"max-video-preview:-1"},"canonical":"https:\/\/www.ranciliogroup.com\/fr\/rancilio-group-a-la-43e-edition-de-hostmilano-2023\/","og_locale":"fr_FR","og_type":"article","og_title":"Latest update about Rancilio Group \u00e0 la 43e \u00e9dition de HostMilano 2023 - Rancilio Group","og_description":"Read Rancilio Group's latest news about Rancilio Group \u00e0 la 43e \u00e9dition de HostMilano 2023","og_url":"https:\/\/www.ranciliogroup.com\/fr\/rancilio-group-a-la-43e-edition-de-hostmilano-2023\/","og_site_name":"Rancilio Group","article_publisher":"https:\/\/www.facebook.com\/RancilioGroup","article_published_time":"2023-09-05T08:09:49+00:00","og_image":[{"width":1080,"height":717,"url":"https:\/\/www.ranciliogroup.com\/app\/uploads\/2023\/09\/host-2023-RG.jpg","type":"image\/jpeg"}],"author":"temp circular","twitter_card":"summary_large_image","twitter_creator":"@ranciliogroup","twitter_site":"@ranciliogroup","twitter_misc":{"Written by":"temp circular","Est. reading time":"2 minutes"},"schema":{"@context":"https:\/\/schema.org","@graph":[{"@type":"Article","@id":"https:\/\/www.ranciliogroup.com\/fr\/rancilio-group-a-la-43e-edition-de-hostmilano-2023\/#article","isPartOf":{"@id":"https:\/\/www.ranciliogroup.com\/fr\/rancilio-group-a-la-43e-edition-de-hostmilano-2023\/"},"author":{"name":"temp circular","@id":"https:\/\/www.ranciliogroup.com\/fr\/#\/schema\/person\/d6bf0a7dfe74cded3d64da8b2c92814c"},"headline":"Rancilio Group \u00e0 la 43e \u00e9dition de HostMilano 2023","datePublished":"2023-09-05T08:09:49+00:00","dateModified":"2023-09-05T08:09:49+00:00","mainEntityOfPage":{"@id":"https:\/\/www.ranciliogroup.com\/fr\/rancilio-group-a-la-43e-edition-de-hostmilano-2023\/"},"wordCount":409,"publisher":{"@id":"https:\/\/www.ranciliogroup.com\/fr\/#organization"},"keywords":["IEI","Kryo","LAGS","RS1","Host","Bond","MoDe","Espresso Italiano Champion","Altoga","Aicaf","Trismoka","Milano Latte Art Challenge","LAGS","Rancilio","IEI","Kryo","Rancilio Specialty","RS1","Egro"],"articleSection":["Tous"],"inLanguage":"fr-FR"},{"@type":"WebPage","@id":"https:\/\/www.ranciliogroup.com\/fr\/rancilio-group-a-la-43e-edition-de-hostmilano-2023\/","url":"https:\/\/www.ranciliogroup.com\/fr\/rancilio-group-a-la-43e-edition-de-hostmilano-2023\/","name":"Latest update about Rancilio Group \u00e0 la 43e \u00e9dition de HostMilano 2023 - Rancilio Group","isPartOf":{"@id":"https:\/\/www.ranciliogroup.com\/fr\/#website"},"datePublished":"2023-09-05T08:09:49+00:00","dateModified":"2023-09-05T08:09:49+00:00","description":"Read Rancilio Group's latest news about Rancilio Group \u00e0 la 43e \u00e9dition de HostMilano 2023","breadcrumb":{"@id":"https:\/\/www.ranciliogroup.com\/fr\/rancilio-group-a-la-43e-edition-de-hostmilano-2023\/#breadcrumb"},"inLanguage":"fr-FR","potentialAction":[{"@type":"ReadAction","target":["https:\/\/www.ranciliogroup.com\/fr\/rancilio-group-a-la-43e-edition-de-hostmilano-2023\/"]}]},{"@type":"BreadcrumbList","@id":"https:\/\/www.ranciliogroup.com\/fr\/rancilio-group-a-la-43e-edition-de-hostmilano-2023\/#breadcrumb","itemListElement":[{"@type":"ListItem","position":1,"name":"Home","item":"https:\/\/www.ranciliogroup.com\/fr\/"},{"@type":"ListItem","position":2,"name":"Rancilio Group \u00e0 la 43e \u00e9dition de HostMilano 2023"}]},{"@type":"WebSite","@id":"https:\/\/www.ranciliogroup.com\/fr\/#website","url":"https:\/\/www.ranciliogroup.com\/fr\/","name":"Rancilio Group","description":"Leader des machines \u00e0 caf\u00e9 professionnelles","publisher":{"@id":"https:\/\/www.ranciliogroup.com\/fr\/#organization"},"potentialAction":[{"@type":"SearchAction","target":{"@type":"EntryPoint","urlTemplate":"https:\/\/www.ranciliogroup.com\/fr\/?s={search_term_string}"},"query-input":"required name=search_term_string"}],"inLanguage":"fr-FR"},{"@type":"Organization","@id":"https:\/\/www.ranciliogroup.com\/fr\/#organization","name":"Rancilio Group","url":"https:\/\/www.ranciliogroup.com\/fr\/","logo":{"@type":"ImageObject","inLanguage":"fr-FR","@id":"https:\/\/www.ranciliogroup.com\/fr\/#\/schema\/logo\/image\/","url":"https:\/\/www.ranciliogroup.com\/app\/uploads\/2019\/07\/rancilio_black_logo.png","contentUrl":"https:\/\/www.ranciliogroup.com\/app\/uploads\/2019\/07\/rancilio_black_logo.png","width":447,"height":57,"caption":"Rancilio Group"},"image":{"@id":"https:\/\/www.ranciliogroup.com\/fr\/#\/schema\/logo\/image\/"},"sameAs":["https:\/\/www.facebook.com\/RancilioGroup","https:\/\/twitter.com\/ranciliogroup","https:\/\/www.instagram.com\/rancilio_official\/","https:\/\/www.linkedin.com\/company\/ranciliogroup\/","https:\/\/www.youtube.com\/user\/rancilioadmin"]},{"@type":"Person","@id":"https:\/\/www.ranciliogroup.com\/fr\/#\/schema\/person\/d6bf0a7dfe74cded3d64da8b2c92814c","name":"temp circular","image":{"@type":"ImageObject","inLanguage":"fr-FR","@id":"https:\/\/www.ranciliogroup.com\/fr\/#\/schema\/person\/image\/","url":"https:\/\/secure.gravatar.com\/avatar\/569e71c3b97b8bcad1854d6579b35c5f?s=96&d=mm&r=g","contentUrl":"https:\/\/secure.gravatar.com\/avatar\/569e71c3b97b8bcad1854d6579b35c5f?s=96&d=mm&r=g","caption":"temp circular"}}]}},"_links":{"self":[{"href":"https:\/\/www.ranciliogroup.com\/fr\/wp-json\/wp\/v2\/posts\/70169"}],"collection":[{"href":"https:\/\/www.ranciliogroup.com\/fr\/wp-json\/wp\/v2\/posts"}],"about":[{"href":"https:\/\/www.ranciliogroup.com\/fr\/wp-json\/wp\/v2\/types\/post"}],"author":[{"embeddable":true,"href":"https:\/\/www.ranciliogroup.com\/fr\/wp-json\/wp\/v2\/users\/5"}],"replies":[{"embeddable":true,"href":"https:\/\/www.ranciliogroup.com\/fr\/wp-json\/wp\/v2\/comments?post=70169"}],"version-history":[{"count":2,"href":"https:\/\/www.ranciliogroup.com\/fr\/wp-json\/wp\/v2\/posts\/70169\/revisions"}],"predecessor-version":[{"id":70171,"href":"https:\/\/www.ranciliogroup.com\/fr\/wp-json\/wp\/v2\/posts\/70169\/revisions\/70171"}],"wp:featuredmedia":[{"embeddable":true,"href":"https:\/\/www.ranciliogroup.com\/fr\/wp-json\/wp\/v2\/media\/70158"}],"wp:attachment":[{"href":"https:\/\/www.ranciliogroup.com\/fr\/wp-json\/wp\/v2\/media?parent=70169"}],"wp:term":[{"taxonomy":"category","embeddable":true,"href":"https:\/\/www.ranciliogroup.com\/fr\/wp-json\/wp\/v2\/categories?post=70169"},{"taxonomy":"post_tag","embeddable":true,"href":"https:\/\/www.ranciliogroup.com\/fr\/wp-json\/wp\/v2\/tags?post=70169"}],"curies":[{"name":"wp","href":"https:\/\/api.w.org\/{rel}","templated":true}]}}