{"id":71118,"date":"2023-09-22T10:32:10","date_gmt":"2023-09-22T08:32:10","guid":{"rendered":"https:\/\/www.ranciliogroup.com\/?p=71118"},"modified":"2023-09-22T10:32:10","modified_gmt":"2023-09-22T08:32:10","slug":"rancilio-group-au-f%cf%8crum-coffee-festival","status":"publish","type":"post","link":"https:\/\/www.ranciliogroup.com\/fr\/rancilio-group-au-f%cf%8crum-coffee-festival\/","title":{"rendered":"Rancilio Group au F\u03ccrum Coffee Festival"},"content":{"rendered":"<p>Du 29 septembre au 1er octobre, le F\u03ccrum Coffee Festival s&#8217;installe \u00e0 La Farga de l&#8217;Hospitalet, \u00e0 Barcelone.<\/p>\n<p>L&#8217;\u00e9quipe de Rancilio Group Iberica est impatiente de rencontrer les visiteurs du prochain salon, o\u00f9 seront pr\u00e9sent\u00e9es les derni\u00e8res innovations de Rancilio. Cela inclut la toute nouvelle Classe 5 Eco, la machine \u00e0 caf\u00e9 \u00e0 faible consommation d&#8217;\u00e9nergie, et le moulin \u00e0 caf\u00e9 professionnel Bond. Egro Next est tout autant enthousiaste \u00e0 l&#8217;id\u00e9e d&#8217;accueillir tous les amateurs de caf\u00e9, int\u00e9ress\u00e9s par les machines \u00e0 caf\u00e9 enti\u00e8rement automatiques et leur capacit\u00e9 \u00e0 fournir des r\u00e9sultats de qualit\u00e9 sup\u00e9rieure pour une large gamme de caf\u00e9, de lait et de boissons solubles.<\/p>\n<p>C&#8217;est dans cette atmosph\u00e8re pleine de vie que Carlos Gonz\u00e1lez, responsable des comp\u00e9tences sur le caf\u00e9 et des produits au sein de Rancilio Group, s&#8217;immergera dans le monde de l&#8217;extraction de l&#8217;expresso au cours d&#8217;un atelier passionnant intitul\u00e9 \u00ab <strong>Temperature Profiling<\/strong> \u00bb. Les participants y seront guid\u00e9s dans un voyage sensoriel, en compagnie de la machine \u00e0 caf\u00e9 professionnelle Rancilio Specialty RS1, avec un accent particulier sur les profils de temp\u00e9rature et leur impact profond sur la perception sensorielle.<\/p>\n<p>De plus, Carlos animera une session sp\u00e9ciale consacr\u00e9e \u00e0 la description des param\u00e8tres cl\u00e9s qui permettent de d\u00e9finir un expresso parfait, conform\u00e9ment aux lignes directrices de l&#8217;IIAC. Ces sessions informatives sont pr\u00e9vues pour le vendredi 29 septembre.<\/p>\n<p>Le festival s&#8217;adresse aussi bien aux amateurs de caf\u00e9 qu&#8217;aux professionnels de l&#8217;industrie, et aspire \u00e0 devenir le point de rencontre incontournable pour tous les acteurs de la cha\u00eene de valeur du caf\u00e9, depuis les cultivateurs jusqu&#8217;aux plus grands connaisseurs.<\/p>\n<p>&nbsp;<\/p>\n<p><strong>\u00a0<\/strong><\/p>\n<p><strong>F\u03ccrum Coffee Festival | Rancilio Group<\/strong><br \/>\nDu 29 septembre au 1er octobre<br \/>\nStand Aa15\/17<br \/>\n<a href=\"https:\/\/www.google.com\/maps\/place\/La+Farga\/@41.3632779,2.1021954,17z\/data=!3m2!4b1!5s0x12a498df5f99fe85:0x196c88fc4c34f0f4!4m6!3m5!1s0x12a499202557756f:0x40eeb809de29a334!8m2!3d41.3632739!4d2.1047703!16s%2Fg%2F11dxc0gcv0?entry=ttu\">La Farga de l\u2019Hospitalet<\/a><br \/>\nCarrer de Barcelona num.2<br \/>\n08901 L&#8217;Hospitalet de Llobregat<br \/>\nBarcelone &#8211; Espagne<\/p>\n<p>&nbsp;<\/p>\n<p><strong><u>Atelier \u00ab Expresso IIAC \u00bb<\/u><\/strong><br \/>\n@ Auditorium<br \/>\nVendredi 29 septembre<br \/>\nDe 11h00 \u00e0 11h45<\/p>\n<p>&nbsp;<\/p>\n<p><strong><u>Atelier \u00ab Temperature Profiling \u00bb<\/u><\/strong><br \/>\n@ Workshop Room<br \/>\nVendredi 29 septembre<br \/>\nDe 13h00 \u00e0 15h00<\/p>\n","protected":false},"excerpt":{"rendered":"<p>Du 29 septembre au 1er octobre, le F\u03ccrum Coffee Festival s&#8217;installe \u00e0 La Farga de l&#8217;Hospitalet, \u00e0 Barcelone. L&#8217;\u00e9quipe de&#8230;<\/p>\n","protected":false},"author":5,"featured_media":71094,"comment_status":"closed","ping_status":"closed","sticky":false,"template":"","format":"standard","meta":[],"categories":[878],"tags":[3136,2685,2594],"acf":[],"yoast_head":"<!-- This site is optimized with the Yoast SEO plugin v21.5 - https:\/\/yoast.com\/wordpress\/plugins\/seo\/ -->\n<title>Latest update about Rancilio Group au F\u03ccrum Coffee Festival - Rancilio Group<\/title>\n<meta name=\"description\" content=\"Read Rancilio Group&#039;s latest news about Rancilio Group au F\u03ccrum Coffee Festival\" \/>\n<meta name=\"robots\" content=\"index, follow, max-snippet:-1, max-image-preview:large, max-video-preview:-1\" \/>\n<link rel=\"canonical\" href=\"https:\/\/www.ranciliogroup.com\/fr\/rancilio-group-au-f%cf%8crum-coffee-festival\/\" \/>\n<meta property=\"og:locale\" content=\"fr_FR\" \/>\n<meta property=\"og:type\" content=\"article\" \/>\n<meta property=\"og:title\" content=\"Latest update about Rancilio Group au F\u03ccrum Coffee Festival - Rancilio Group\" \/>\n<meta property=\"og:description\" content=\"Read Rancilio Group&#039;s latest news about Rancilio Group au F\u03ccrum Coffee Festival\" \/>\n<meta property=\"og:url\" content=\"https:\/\/www.ranciliogroup.com\/fr\/rancilio-group-au-f%cf%8crum-coffee-festival\/\" \/>\n<meta property=\"og:site_name\" content=\"Rancilio Group\" \/>\n<meta property=\"article:publisher\" content=\"https:\/\/www.facebook.com\/RancilioGroup\" \/>\n<meta property=\"article:published_time\" content=\"2023-09-22T08:32:10+00:00\" \/>\n<meta property=\"og:image\" content=\"https:\/\/www.ranciliogroup.com\/app\/uploads\/2023\/09\/rancilio-group-forum-coffee-festival.jpg\" \/>\n\t<meta property=\"og:image:width\" content=\"1080\" \/>\n\t<meta property=\"og:image:height\" content=\"720\" \/>\n\t<meta property=\"og:image:type\" content=\"image\/jpeg\" \/>\n<meta name=\"author\" content=\"temp circular\" \/>\n<meta name=\"twitter:card\" content=\"summary_large_image\" \/>\n<meta name=\"twitter:creator\" content=\"@ranciliogroup\" \/>\n<meta name=\"twitter:site\" content=\"@ranciliogroup\" \/>\n<meta name=\"twitter:label1\" content=\"Written by\" \/>\n\t<meta name=\"twitter:data1\" content=\"temp circular\" \/>\n\t<meta name=\"twitter:label2\" content=\"Est. reading time\" \/>\n\t<meta name=\"twitter:data2\" content=\"2 minutes\" \/>\n<script type=\"application\/ld+json\" class=\"yoast-schema-graph\">{\"@context\":\"https:\/\/schema.org\",\"@graph\":[{\"@type\":\"Article\",\"@id\":\"https:\/\/www.ranciliogroup.com\/fr\/rancilio-group-au-f%cf%8crum-coffee-festival\/#article\",\"isPartOf\":{\"@id\":\"https:\/\/www.ranciliogroup.com\/fr\/rancilio-group-au-f%cf%8crum-coffee-festival\/\"},\"author\":{\"name\":\"temp circular\",\"@id\":\"https:\/\/www.ranciliogroup.com\/fr\/#\/schema\/person\/d6bf0a7dfe74cded3d64da8b2c92814c\"},\"headline\":\"Rancilio Group au F\u03ccrum Coffee Festival\",\"datePublished\":\"2023-09-22T08:32:10+00:00\",\"dateModified\":\"2023-09-22T08:32:10+00:00\",\"mainEntityOfPage\":{\"@id\":\"https:\/\/www.ranciliogroup.com\/fr\/rancilio-group-au-f%cf%8crum-coffee-festival\/\"},\"wordCount\":329,\"publisher\":{\"@id\":\"https:\/\/www.ranciliogroup.com\/fr\/#organization\"},\"keywords\":[\"Bond\",\"Next\",\"RS1\"],\"articleSection\":[\"Tous\"],\"inLanguage\":\"fr-FR\"},{\"@type\":\"WebPage\",\"@id\":\"https:\/\/www.ranciliogroup.com\/fr\/rancilio-group-au-f%cf%8crum-coffee-festival\/\",\"url\":\"https:\/\/www.ranciliogroup.com\/fr\/rancilio-group-au-f%cf%8crum-coffee-festival\/\",\"name\":\"Latest update about Rancilio Group au F\u03ccrum Coffee Festival - Rancilio Group\",\"isPartOf\":{\"@id\":\"https:\/\/www.ranciliogroup.com\/fr\/#website\"},\"datePublished\":\"2023-09-22T08:32:10+00:00\",\"dateModified\":\"2023-09-22T08:32:10+00:00\",\"description\":\"Read Rancilio Group's latest news about Rancilio Group au F\u03ccrum Coffee Festival\",\"breadcrumb\":{\"@id\":\"https:\/\/www.ranciliogroup.com\/fr\/rancilio-group-au-f%cf%8crum-coffee-festival\/#breadcrumb\"},\"inLanguage\":\"fr-FR\",\"potentialAction\":[{\"@type\":\"ReadAction\",\"target\":[\"https:\/\/www.ranciliogroup.com\/fr\/rancilio-group-au-f%cf%8crum-coffee-festival\/\"]}]},{\"@type\":\"BreadcrumbList\",\"@id\":\"https:\/\/www.ranciliogroup.com\/fr\/rancilio-group-au-f%cf%8crum-coffee-festival\/#breadcrumb\",\"itemListElement\":[{\"@type\":\"ListItem\",\"position\":1,\"name\":\"Home\",\"item\":\"https:\/\/www.ranciliogroup.com\/fr\/\"},{\"@type\":\"ListItem\",\"position\":2,\"name\":\"Rancilio Group au F\u03ccrum Coffee Festival\"}]},{\"@type\":\"WebSite\",\"@id\":\"https:\/\/www.ranciliogroup.com\/fr\/#website\",\"url\":\"https:\/\/www.ranciliogroup.com\/fr\/\",\"name\":\"Rancilio Group\",\"description\":\"Leader des machines \u00e0 caf\u00e9 professionnelles\",\"publisher\":{\"@id\":\"https:\/\/www.ranciliogroup.com\/fr\/#organization\"},\"potentialAction\":[{\"@type\":\"SearchAction\",\"target\":{\"@type\":\"EntryPoint\",\"urlTemplate\":\"https:\/\/www.ranciliogroup.com\/fr\/?s={search_term_string}\"},\"query-input\":\"required name=search_term_string\"}],\"inLanguage\":\"fr-FR\"},{\"@type\":\"Organization\",\"@id\":\"https:\/\/www.ranciliogroup.com\/fr\/#organization\",\"name\":\"Rancilio Group\",\"url\":\"https:\/\/www.ranciliogroup.com\/fr\/\",\"logo\":{\"@type\":\"ImageObject\",\"inLanguage\":\"fr-FR\",\"@id\":\"https:\/\/www.ranciliogroup.com\/fr\/#\/schema\/logo\/image\/\",\"url\":\"https:\/\/www.ranciliogroup.com\/app\/uploads\/2019\/07\/rancilio_black_logo.png\",\"contentUrl\":\"https:\/\/www.ranciliogroup.com\/app\/uploads\/2019\/07\/rancilio_black_logo.png\",\"width\":447,\"height\":57,\"caption\":\"Rancilio Group\"},\"image\":{\"@id\":\"https:\/\/www.ranciliogroup.com\/fr\/#\/schema\/logo\/image\/\"},\"sameAs\":[\"https:\/\/www.facebook.com\/RancilioGroup\",\"https:\/\/twitter.com\/ranciliogroup\",\"https:\/\/www.instagram.com\/rancilio_official\/\",\"https:\/\/www.linkedin.com\/company\/ranciliogroup\/\",\"https:\/\/www.youtube.com\/user\/rancilioadmin\"]},{\"@type\":\"Person\",\"@id\":\"https:\/\/www.ranciliogroup.com\/fr\/#\/schema\/person\/d6bf0a7dfe74cded3d64da8b2c92814c\",\"name\":\"temp circular\",\"image\":{\"@type\":\"ImageObject\",\"inLanguage\":\"fr-FR\",\"@id\":\"https:\/\/www.ranciliogroup.com\/fr\/#\/schema\/person\/image\/\",\"url\":\"https:\/\/secure.gravatar.com\/avatar\/569e71c3b97b8bcad1854d6579b35c5f?s=96&d=mm&r=g\",\"contentUrl\":\"https:\/\/secure.gravatar.com\/avatar\/569e71c3b97b8bcad1854d6579b35c5f?s=96&d=mm&r=g\",\"caption\":\"temp circular\"}}]}<\/script>\n<!-- \/ Yoast SEO plugin. -->","yoast_head_json":{"title":"Latest update about Rancilio Group au F\u03ccrum Coffee Festival - Rancilio Group","description":"Read Rancilio Group's latest news about Rancilio Group au F\u03ccrum Coffee Festival","robots":{"index":"index","follow":"follow","max-snippet":"max-snippet:-1","max-image-preview":"max-image-preview:large","max-video-preview":"max-video-preview:-1"},"canonical":"https:\/\/www.ranciliogroup.com\/fr\/rancilio-group-au-f%cf%8crum-coffee-festival\/","og_locale":"fr_FR","og_type":"article","og_title":"Latest update about Rancilio Group au F\u03ccrum Coffee Festival - Rancilio Group","og_description":"Read Rancilio Group's latest news about Rancilio Group au F\u03ccrum Coffee Festival","og_url":"https:\/\/www.ranciliogroup.com\/fr\/rancilio-group-au-f%cf%8crum-coffee-festival\/","og_site_name":"Rancilio Group","article_publisher":"https:\/\/www.facebook.com\/RancilioGroup","article_published_time":"2023-09-22T08:32:10+00:00","og_image":[{"width":1080,"height":720,"url":"https:\/\/www.ranciliogroup.com\/app\/uploads\/2023\/09\/rancilio-group-forum-coffee-festival.jpg","type":"image\/jpeg"}],"author":"temp circular","twitter_card":"summary_large_image","twitter_creator":"@ranciliogroup","twitter_site":"@ranciliogroup","twitter_misc":{"Written by":"temp circular","Est. reading time":"2 minutes"},"schema":{"@context":"https:\/\/schema.org","@graph":[{"@type":"Article","@id":"https:\/\/www.ranciliogroup.com\/fr\/rancilio-group-au-f%cf%8crum-coffee-festival\/#article","isPartOf":{"@id":"https:\/\/www.ranciliogroup.com\/fr\/rancilio-group-au-f%cf%8crum-coffee-festival\/"},"author":{"name":"temp circular","@id":"https:\/\/www.ranciliogroup.com\/fr\/#\/schema\/person\/d6bf0a7dfe74cded3d64da8b2c92814c"},"headline":"Rancilio Group au F\u03ccrum Coffee Festival","datePublished":"2023-09-22T08:32:10+00:00","dateModified":"2023-09-22T08:32:10+00:00","mainEntityOfPage":{"@id":"https:\/\/www.ranciliogroup.com\/fr\/rancilio-group-au-f%cf%8crum-coffee-festival\/"},"wordCount":329,"publisher":{"@id":"https:\/\/www.ranciliogroup.com\/fr\/#organization"},"keywords":["Bond","Next","RS1"],"articleSection":["Tous"],"inLanguage":"fr-FR"},{"@type":"WebPage","@id":"https:\/\/www.ranciliogroup.com\/fr\/rancilio-group-au-f%cf%8crum-coffee-festival\/","url":"https:\/\/www.ranciliogroup.com\/fr\/rancilio-group-au-f%cf%8crum-coffee-festival\/","name":"Latest update about Rancilio Group au F\u03ccrum Coffee Festival - Rancilio Group","isPartOf":{"@id":"https:\/\/www.ranciliogroup.com\/fr\/#website"},"datePublished":"2023-09-22T08:32:10+00:00","dateModified":"2023-09-22T08:32:10+00:00","description":"Read Rancilio Group's latest news about Rancilio Group au F\u03ccrum Coffee Festival","breadcrumb":{"@id":"https:\/\/www.ranciliogroup.com\/fr\/rancilio-group-au-f%cf%8crum-coffee-festival\/#breadcrumb"},"inLanguage":"fr-FR","potentialAction":[{"@type":"ReadAction","target":["https:\/\/www.ranciliogroup.com\/fr\/rancilio-group-au-f%cf%8crum-coffee-festival\/"]}]},{"@type":"BreadcrumbList","@id":"https:\/\/www.ranciliogroup.com\/fr\/rancilio-group-au-f%cf%8crum-coffee-festival\/#breadcrumb","itemListElement":[{"@type":"ListItem","position":1,"name":"Home","item":"https:\/\/www.ranciliogroup.com\/fr\/"},{"@type":"ListItem","position":2,"name":"Rancilio Group au F\u03ccrum Coffee Festival"}]},{"@type":"WebSite","@id":"https:\/\/www.ranciliogroup.com\/fr\/#website","url":"https:\/\/www.ranciliogroup.com\/fr\/","name":"Rancilio Group","description":"Leader des machines \u00e0 caf\u00e9 professionnelles","publisher":{"@id":"https:\/\/www.ranciliogroup.com\/fr\/#organization"},"potentialAction":[{"@type":"SearchAction","target":{"@type":"EntryPoint","urlTemplate":"https:\/\/www.ranciliogroup.com\/fr\/?s={search_term_string}"},"query-input":"required name=search_term_string"}],"inLanguage":"fr-FR"},{"@type":"Organization","@id":"https:\/\/www.ranciliogroup.com\/fr\/#organization","name":"Rancilio Group","url":"https:\/\/www.ranciliogroup.com\/fr\/","logo":{"@type":"ImageObject","inLanguage":"fr-FR","@id":"https:\/\/www.ranciliogroup.com\/fr\/#\/schema\/logo\/image\/","url":"https:\/\/www.ranciliogroup.com\/app\/uploads\/2019\/07\/rancilio_black_logo.png","contentUrl":"https:\/\/www.ranciliogroup.com\/app\/uploads\/2019\/07\/rancilio_black_logo.png","width":447,"height":57,"caption":"Rancilio Group"},"image":{"@id":"https:\/\/www.ranciliogroup.com\/fr\/#\/schema\/logo\/image\/"},"sameAs":["https:\/\/www.facebook.com\/RancilioGroup","https:\/\/twitter.com\/ranciliogroup","https:\/\/www.instagram.com\/rancilio_official\/","https:\/\/www.linkedin.com\/company\/ranciliogroup\/","https:\/\/www.youtube.com\/user\/rancilioadmin"]},{"@type":"Person","@id":"https:\/\/www.ranciliogroup.com\/fr\/#\/schema\/person\/d6bf0a7dfe74cded3d64da8b2c92814c","name":"temp circular","image":{"@type":"ImageObject","inLanguage":"fr-FR","@id":"https:\/\/www.ranciliogroup.com\/fr\/#\/schema\/person\/image\/","url":"https:\/\/secure.gravatar.com\/avatar\/569e71c3b97b8bcad1854d6579b35c5f?s=96&d=mm&r=g","contentUrl":"https:\/\/secure.gravatar.com\/avatar\/569e71c3b97b8bcad1854d6579b35c5f?s=96&d=mm&r=g","caption":"temp circular"}}]}},"_links":{"self":[{"href":"https:\/\/www.ranciliogroup.com\/fr\/wp-json\/wp\/v2\/posts\/71118"}],"collection":[{"href":"https:\/\/www.ranciliogroup.com\/fr\/wp-json\/wp\/v2\/posts"}],"about":[{"href":"https:\/\/www.ranciliogroup.com\/fr\/wp-json\/wp\/v2\/types\/post"}],"author":[{"embeddable":true,"href":"https:\/\/www.ranciliogroup.com\/fr\/wp-json\/wp\/v2\/users\/5"}],"replies":[{"embeddable":true,"href":"https:\/\/www.ranciliogroup.com\/fr\/wp-json\/wp\/v2\/comments?post=71118"}],"version-history":[{"count":2,"href":"https:\/\/www.ranciliogroup.com\/fr\/wp-json\/wp\/v2\/posts\/71118\/revisions"}],"predecessor-version":[{"id":71120,"href":"https:\/\/www.ranciliogroup.com\/fr\/wp-json\/wp\/v2\/posts\/71118\/revisions\/71120"}],"wp:featuredmedia":[{"embeddable":true,"href":"https:\/\/www.ranciliogroup.com\/fr\/wp-json\/wp\/v2\/media\/71094"}],"wp:attachment":[{"href":"https:\/\/www.ranciliogroup.com\/fr\/wp-json\/wp\/v2\/media?parent=71118"}],"wp:term":[{"taxonomy":"category","embeddable":true,"href":"https:\/\/www.ranciliogroup.com\/fr\/wp-json\/wp\/v2\/categories?post=71118"},{"taxonomy":"post_tag","embeddable":true,"href":"https:\/\/www.ranciliogroup.com\/fr\/wp-json\/wp\/v2\/tags?post=71118"}],"curies":[{"name":"wp","href":"https:\/\/api.w.org\/{rel}","templated":true}]}}