{"id":71525,"date":"2023-10-05T10:54:44","date_gmt":"2023-10-05T08:54:44","guid":{"rendered":"https:\/\/www.ranciliogroup.com\/?p=71525"},"modified":"2023-10-05T10:56:18","modified_gmt":"2023-10-05T08:56:18","slug":"rancilio-specialty-a-milwaukee-pour-un-defi-passionnant-de-la-barista-league","status":"publish","type":"post","link":"https:\/\/www.ranciliogroup.com\/fr\/rancilio-specialty-a-milwaukee-pour-un-defi-passionnant-de-la-barista-league\/","title":{"rendered":"Rancilio Specialty \u00e0 Milwaukee pour un d\u00e9fi passionnant de la Barista League"},"content":{"rendered":"<p>Rancilio Specialty Invicta est fi\u00e8re de parrainer la derni\u00e8re comp\u00e9tition de la Barista League qui se d\u00e9roulera \u00e0 Milwaukee, ville dynamique et riche en histoire.<\/p>\n<p>Samedi 21 octobre, Invicta apportera un soutien absolu \u00e0 12 \u00e9quipes de baristas ambitieux qui devront relever trois s\u00e9ries de d\u00e9fis li\u00e9s au caf\u00e9, sp\u00e9cialement con\u00e7us pour mettre \u00e0 l&#8217;\u00e9preuve leur expertise sur les plans technique, cr\u00e9atif et professionnel.<\/p>\n<p>La machine \u00e0 caf\u00e9 \u00e0 chaudi\u00e8re unique Invicta deviendra un alli\u00e9 indispensable, car elle garantira aux participants un contr\u00f4le \u00e9lectronique avanc\u00e9 des fonctions de caf\u00e9, d&#8217;eau et de vapeur. Son design \u00e9l\u00e9gant et ses fonctions conviviales en font un choix appr\u00e9ci\u00e9, permettant aux baristas de d\u00e9montrer avec assurance leurs comp\u00e9tences avec habilet\u00e9 et pr\u00e9cision.<\/p>\n<p>Le Colectivo Coffee, r\u00e9put\u00e9 pour servir du caf\u00e9 torr\u00e9fi\u00e9 localement et des repas l\u00e9gers dans une atmosph\u00e8re d\u00e9tendue, sera la toile de fond de l&#8217;\u00e9v\u00e9nement. Les participants peuvent compter sur un d\u00e9licieux m\u00e9lange de boissons, de musique, de bonnes vibrations et de caf\u00e9 de sp\u00e9cialit\u00e9 provenant des meilleurs torr\u00e9facteurs locaux, ce qui contribuera \u00e0 une autre soir\u00e9e inoubliable de la Barista League.<\/p>\n<p>&nbsp;<\/p>\n<p>Billets disponibles sur <a href=\"https:\/\/www.tickettailor.com\/events\/thebaristaleague\/822533\">Tickettailor.com<\/a><\/p>\n<p>&nbsp;<\/p>\n<p>&nbsp;<\/p>\n<p><strong>La Barista League Milwaukee<\/strong><br \/>\nSa 21 octobre 2023<br \/>\nDe 18h00 \u00e0 23h00<br \/>\n<a href=\"https:\/\/www.google.com\/maps\/place\/The+Back+Room+@+Colectivo\/@43.0591678,-87.8877584,17z\/data=!3m1!4b1!4m6!3m5!1s0x880519eb7cf59d2d:0xa8a478e08c1eebc8!8m2!3d43.0591678!4d-87.8851835!16s%2Fg%2F11s18868_r?entry=tts&amp;shorturl=1\"><strong>The Back Room @ Colectivo, <\/strong><\/a><br \/>\n2211 N Prospect Ave, Milwaukee<br \/>\nWI 53202, USA<\/p>\n<p>&nbsp;<\/p>\n<p><strong>Suivez cet \u00e9v\u00e9nement sur la page officielle d\u2019Instagram<\/strong><br \/>\n@ranciliospecialty #ranciliospecialty<\/p>\n<p>&nbsp;<\/p>\n<p><a href=\"https:\/\/www.ranciliogroup.com\/fr\/specialty\/invicta\/\"><strong>D\u00e9couvrez Rancilio Specialty Invicta<\/strong><\/a><\/p>\n<p>&nbsp;<\/p>\n<p>&nbsp;<\/p>\n","protected":false},"excerpt":{"rendered":"<p>Rancilio Specialty Invicta est fi\u00e8re de parrainer la derni\u00e8re comp\u00e9tition de la Barista League qui se d\u00e9roulera \u00e0 Milwaukee, ville&#8230;<\/p>\n","protected":false},"author":5,"featured_media":71058,"comment_status":"closed","ping_status":"closed","sticky":false,"template":"","format":"standard","meta":[],"categories":[878],"tags":[2624,2596],"acf":[],"yoast_head":"<!-- This site is optimized with the Yoast SEO plugin v21.5 - https:\/\/yoast.com\/wordpress\/plugins\/seo\/ -->\n<title>Latest update about Rancilio Specialty \u00e0 Milwaukee pour un d\u00e9fi passionnant de la Barista League - Rancilio Group<\/title>\n<meta name=\"description\" content=\"Read Rancilio Group&#039;s latest news about Rancilio Specialty \u00e0 Milwaukee pour un d\u00e9fi passionnant de la Barista League\" \/>\n<meta name=\"robots\" content=\"index, follow, max-snippet:-1, max-image-preview:large, max-video-preview:-1\" \/>\n<link rel=\"canonical\" href=\"https:\/\/www.ranciliogroup.com\/fr\/rancilio-specialty-a-milwaukee-pour-un-defi-passionnant-de-la-barista-league\/\" \/>\n<meta property=\"og:locale\" content=\"fr_FR\" \/>\n<meta property=\"og:type\" content=\"article\" \/>\n<meta property=\"og:title\" content=\"Latest update about Rancilio Specialty \u00e0 Milwaukee pour un d\u00e9fi passionnant de la Barista League - Rancilio Group\" \/>\n<meta property=\"og:description\" content=\"Read Rancilio Group&#039;s latest news about Rancilio Specialty \u00e0 Milwaukee pour un d\u00e9fi passionnant de la Barista League\" \/>\n<meta property=\"og:url\" content=\"https:\/\/www.ranciliogroup.com\/fr\/rancilio-specialty-a-milwaukee-pour-un-defi-passionnant-de-la-barista-league\/\" \/>\n<meta property=\"og:site_name\" content=\"Rancilio Group\" \/>\n<meta property=\"article:publisher\" content=\"https:\/\/www.facebook.com\/RancilioGroup\" \/>\n<meta property=\"article:published_time\" content=\"2023-10-05T08:54:44+00:00\" \/>\n<meta property=\"article:modified_time\" content=\"2023-10-05T08:56:18+00:00\" \/>\n<meta property=\"og:image\" content=\"https:\/\/www.ranciliogroup.com\/app\/uploads\/2023\/09\/the-barista-league-2023-milwaukee-web.jpg\" \/>\n\t<meta property=\"og:image:width\" content=\"1081\" \/>\n\t<meta property=\"og:image:height\" content=\"721\" \/>\n\t<meta property=\"og:image:type\" content=\"image\/jpeg\" \/>\n<meta name=\"author\" content=\"temp circular\" \/>\n<meta name=\"twitter:card\" content=\"summary_large_image\" \/>\n<meta name=\"twitter:creator\" content=\"@ranciliogroup\" \/>\n<meta name=\"twitter:site\" content=\"@ranciliogroup\" \/>\n<meta name=\"twitter:label1\" content=\"Written by\" \/>\n\t<meta name=\"twitter:data1\" content=\"temp circular\" \/>\n\t<meta name=\"twitter:label2\" content=\"Est. reading time\" \/>\n\t<meta name=\"twitter:data2\" content=\"1 minute\" \/>\n<script type=\"application\/ld+json\" class=\"yoast-schema-graph\">{\"@context\":\"https:\/\/schema.org\",\"@graph\":[{\"@type\":\"Article\",\"@id\":\"https:\/\/www.ranciliogroup.com\/fr\/rancilio-specialty-a-milwaukee-pour-un-defi-passionnant-de-la-barista-league\/#article\",\"isPartOf\":{\"@id\":\"https:\/\/www.ranciliogroup.com\/fr\/rancilio-specialty-a-milwaukee-pour-un-defi-passionnant-de-la-barista-league\/\"},\"author\":{\"name\":\"temp circular\",\"@id\":\"https:\/\/www.ranciliogroup.com\/fr\/#\/schema\/person\/d6bf0a7dfe74cded3d64da8b2c92814c\"},\"headline\":\"Rancilio Specialty \u00e0 Milwaukee pour un d\u00e9fi passionnant de la Barista League\",\"datePublished\":\"2023-10-05T08:54:44+00:00\",\"dateModified\":\"2023-10-05T08:56:18+00:00\",\"mainEntityOfPage\":{\"@id\":\"https:\/\/www.ranciliogroup.com\/fr\/rancilio-specialty-a-milwaukee-pour-un-defi-passionnant-de-la-barista-league\/\"},\"wordCount\":262,\"publisher\":{\"@id\":\"https:\/\/www.ranciliogroup.com\/fr\/#organization\"},\"keywords\":[\"Invicta\",\"Barista League\"],\"articleSection\":[\"Tous\"],\"inLanguage\":\"fr-FR\"},{\"@type\":\"WebPage\",\"@id\":\"https:\/\/www.ranciliogroup.com\/fr\/rancilio-specialty-a-milwaukee-pour-un-defi-passionnant-de-la-barista-league\/\",\"url\":\"https:\/\/www.ranciliogroup.com\/fr\/rancilio-specialty-a-milwaukee-pour-un-defi-passionnant-de-la-barista-league\/\",\"name\":\"Latest update about Rancilio Specialty \u00e0 Milwaukee pour un d\u00e9fi passionnant de la Barista League - Rancilio Group\",\"isPartOf\":{\"@id\":\"https:\/\/www.ranciliogroup.com\/fr\/#website\"},\"datePublished\":\"2023-10-05T08:54:44+00:00\",\"dateModified\":\"2023-10-05T08:56:18+00:00\",\"description\":\"Read Rancilio Group's latest news about Rancilio Specialty \u00e0 Milwaukee pour un d\u00e9fi passionnant de la Barista League\",\"breadcrumb\":{\"@id\":\"https:\/\/www.ranciliogroup.com\/fr\/rancilio-specialty-a-milwaukee-pour-un-defi-passionnant-de-la-barista-league\/#breadcrumb\"},\"inLanguage\":\"fr-FR\",\"potentialAction\":[{\"@type\":\"ReadAction\",\"target\":[\"https:\/\/www.ranciliogroup.com\/fr\/rancilio-specialty-a-milwaukee-pour-un-defi-passionnant-de-la-barista-league\/\"]}]},{\"@type\":\"BreadcrumbList\",\"@id\":\"https:\/\/www.ranciliogroup.com\/fr\/rancilio-specialty-a-milwaukee-pour-un-defi-passionnant-de-la-barista-league\/#breadcrumb\",\"itemListElement\":[{\"@type\":\"ListItem\",\"position\":1,\"name\":\"Home\",\"item\":\"https:\/\/www.ranciliogroup.com\/fr\/\"},{\"@type\":\"ListItem\",\"position\":2,\"name\":\"Rancilio Specialty \u00e0 Milwaukee pour un d\u00e9fi passionnant de la Barista League\"}]},{\"@type\":\"WebSite\",\"@id\":\"https:\/\/www.ranciliogroup.com\/fr\/#website\",\"url\":\"https:\/\/www.ranciliogroup.com\/fr\/\",\"name\":\"Rancilio Group\",\"description\":\"Leader des machines \u00e0 caf\u00e9 professionnelles\",\"publisher\":{\"@id\":\"https:\/\/www.ranciliogroup.com\/fr\/#organization\"},\"potentialAction\":[{\"@type\":\"SearchAction\",\"target\":{\"@type\":\"EntryPoint\",\"urlTemplate\":\"https:\/\/www.ranciliogroup.com\/fr\/?s={search_term_string}\"},\"query-input\":\"required name=search_term_string\"}],\"inLanguage\":\"fr-FR\"},{\"@type\":\"Organization\",\"@id\":\"https:\/\/www.ranciliogroup.com\/fr\/#organization\",\"name\":\"Rancilio Group\",\"url\":\"https:\/\/www.ranciliogroup.com\/fr\/\",\"logo\":{\"@type\":\"ImageObject\",\"inLanguage\":\"fr-FR\",\"@id\":\"https:\/\/www.ranciliogroup.com\/fr\/#\/schema\/logo\/image\/\",\"url\":\"https:\/\/www.ranciliogroup.com\/app\/uploads\/2019\/07\/rancilio_black_logo.png\",\"contentUrl\":\"https:\/\/www.ranciliogroup.com\/app\/uploads\/2019\/07\/rancilio_black_logo.png\",\"width\":447,\"height\":57,\"caption\":\"Rancilio Group\"},\"image\":{\"@id\":\"https:\/\/www.ranciliogroup.com\/fr\/#\/schema\/logo\/image\/\"},\"sameAs\":[\"https:\/\/www.facebook.com\/RancilioGroup\",\"https:\/\/twitter.com\/ranciliogroup\",\"https:\/\/www.instagram.com\/rancilio_official\/\",\"https:\/\/www.linkedin.com\/company\/ranciliogroup\/\",\"https:\/\/www.youtube.com\/user\/rancilioadmin\"]},{\"@type\":\"Person\",\"@id\":\"https:\/\/www.ranciliogroup.com\/fr\/#\/schema\/person\/d6bf0a7dfe74cded3d64da8b2c92814c\",\"name\":\"temp circular\",\"image\":{\"@type\":\"ImageObject\",\"inLanguage\":\"fr-FR\",\"@id\":\"https:\/\/www.ranciliogroup.com\/fr\/#\/schema\/person\/image\/\",\"url\":\"https:\/\/secure.gravatar.com\/avatar\/569e71c3b97b8bcad1854d6579b35c5f?s=96&d=mm&r=g\",\"contentUrl\":\"https:\/\/secure.gravatar.com\/avatar\/569e71c3b97b8bcad1854d6579b35c5f?s=96&d=mm&r=g\",\"caption\":\"temp circular\"}}]}<\/script>\n<!-- \/ Yoast SEO plugin. -->","yoast_head_json":{"title":"Latest update about Rancilio Specialty \u00e0 Milwaukee pour un d\u00e9fi passionnant de la Barista League - Rancilio Group","description":"Read Rancilio Group's latest news about Rancilio Specialty \u00e0 Milwaukee pour un d\u00e9fi passionnant de la Barista League","robots":{"index":"index","follow":"follow","max-snippet":"max-snippet:-1","max-image-preview":"max-image-preview:large","max-video-preview":"max-video-preview:-1"},"canonical":"https:\/\/www.ranciliogroup.com\/fr\/rancilio-specialty-a-milwaukee-pour-un-defi-passionnant-de-la-barista-league\/","og_locale":"fr_FR","og_type":"article","og_title":"Latest update about Rancilio Specialty \u00e0 Milwaukee pour un d\u00e9fi passionnant de la Barista League - Rancilio Group","og_description":"Read Rancilio Group's latest news about Rancilio Specialty \u00e0 Milwaukee pour un d\u00e9fi passionnant de la Barista League","og_url":"https:\/\/www.ranciliogroup.com\/fr\/rancilio-specialty-a-milwaukee-pour-un-defi-passionnant-de-la-barista-league\/","og_site_name":"Rancilio Group","article_publisher":"https:\/\/www.facebook.com\/RancilioGroup","article_published_time":"2023-10-05T08:54:44+00:00","article_modified_time":"2023-10-05T08:56:18+00:00","og_image":[{"width":1081,"height":721,"url":"https:\/\/www.ranciliogroup.com\/app\/uploads\/2023\/09\/the-barista-league-2023-milwaukee-web.jpg","type":"image\/jpeg"}],"author":"temp circular","twitter_card":"summary_large_image","twitter_creator":"@ranciliogroup","twitter_site":"@ranciliogroup","twitter_misc":{"Written by":"temp circular","Est. reading time":"1 minute"},"schema":{"@context":"https:\/\/schema.org","@graph":[{"@type":"Article","@id":"https:\/\/www.ranciliogroup.com\/fr\/rancilio-specialty-a-milwaukee-pour-un-defi-passionnant-de-la-barista-league\/#article","isPartOf":{"@id":"https:\/\/www.ranciliogroup.com\/fr\/rancilio-specialty-a-milwaukee-pour-un-defi-passionnant-de-la-barista-league\/"},"author":{"name":"temp circular","@id":"https:\/\/www.ranciliogroup.com\/fr\/#\/schema\/person\/d6bf0a7dfe74cded3d64da8b2c92814c"},"headline":"Rancilio Specialty \u00e0 Milwaukee pour un d\u00e9fi passionnant de la Barista League","datePublished":"2023-10-05T08:54:44+00:00","dateModified":"2023-10-05T08:56:18+00:00","mainEntityOfPage":{"@id":"https:\/\/www.ranciliogroup.com\/fr\/rancilio-specialty-a-milwaukee-pour-un-defi-passionnant-de-la-barista-league\/"},"wordCount":262,"publisher":{"@id":"https:\/\/www.ranciliogroup.com\/fr\/#organization"},"keywords":["Invicta","Barista League"],"articleSection":["Tous"],"inLanguage":"fr-FR"},{"@type":"WebPage","@id":"https:\/\/www.ranciliogroup.com\/fr\/rancilio-specialty-a-milwaukee-pour-un-defi-passionnant-de-la-barista-league\/","url":"https:\/\/www.ranciliogroup.com\/fr\/rancilio-specialty-a-milwaukee-pour-un-defi-passionnant-de-la-barista-league\/","name":"Latest update about Rancilio Specialty \u00e0 Milwaukee pour un d\u00e9fi passionnant de la Barista League - Rancilio Group","isPartOf":{"@id":"https:\/\/www.ranciliogroup.com\/fr\/#website"},"datePublished":"2023-10-05T08:54:44+00:00","dateModified":"2023-10-05T08:56:18+00:00","description":"Read Rancilio Group's latest news about Rancilio Specialty \u00e0 Milwaukee pour un d\u00e9fi passionnant de la Barista League","breadcrumb":{"@id":"https:\/\/www.ranciliogroup.com\/fr\/rancilio-specialty-a-milwaukee-pour-un-defi-passionnant-de-la-barista-league\/#breadcrumb"},"inLanguage":"fr-FR","potentialAction":[{"@type":"ReadAction","target":["https:\/\/www.ranciliogroup.com\/fr\/rancilio-specialty-a-milwaukee-pour-un-defi-passionnant-de-la-barista-league\/"]}]},{"@type":"BreadcrumbList","@id":"https:\/\/www.ranciliogroup.com\/fr\/rancilio-specialty-a-milwaukee-pour-un-defi-passionnant-de-la-barista-league\/#breadcrumb","itemListElement":[{"@type":"ListItem","position":1,"name":"Home","item":"https:\/\/www.ranciliogroup.com\/fr\/"},{"@type":"ListItem","position":2,"name":"Rancilio Specialty \u00e0 Milwaukee pour un d\u00e9fi passionnant de la Barista League"}]},{"@type":"WebSite","@id":"https:\/\/www.ranciliogroup.com\/fr\/#website","url":"https:\/\/www.ranciliogroup.com\/fr\/","name":"Rancilio Group","description":"Leader des machines \u00e0 caf\u00e9 professionnelles","publisher":{"@id":"https:\/\/www.ranciliogroup.com\/fr\/#organization"},"potentialAction":[{"@type":"SearchAction","target":{"@type":"EntryPoint","urlTemplate":"https:\/\/www.ranciliogroup.com\/fr\/?s={search_term_string}"},"query-input":"required name=search_term_string"}],"inLanguage":"fr-FR"},{"@type":"Organization","@id":"https:\/\/www.ranciliogroup.com\/fr\/#organization","name":"Rancilio Group","url":"https:\/\/www.ranciliogroup.com\/fr\/","logo":{"@type":"ImageObject","inLanguage":"fr-FR","@id":"https:\/\/www.ranciliogroup.com\/fr\/#\/schema\/logo\/image\/","url":"https:\/\/www.ranciliogroup.com\/app\/uploads\/2019\/07\/rancilio_black_logo.png","contentUrl":"https:\/\/www.ranciliogroup.com\/app\/uploads\/2019\/07\/rancilio_black_logo.png","width":447,"height":57,"caption":"Rancilio Group"},"image":{"@id":"https:\/\/www.ranciliogroup.com\/fr\/#\/schema\/logo\/image\/"},"sameAs":["https:\/\/www.facebook.com\/RancilioGroup","https:\/\/twitter.com\/ranciliogroup","https:\/\/www.instagram.com\/rancilio_official\/","https:\/\/www.linkedin.com\/company\/ranciliogroup\/","https:\/\/www.youtube.com\/user\/rancilioadmin"]},{"@type":"Person","@id":"https:\/\/www.ranciliogroup.com\/fr\/#\/schema\/person\/d6bf0a7dfe74cded3d64da8b2c92814c","name":"temp circular","image":{"@type":"ImageObject","inLanguage":"fr-FR","@id":"https:\/\/www.ranciliogroup.com\/fr\/#\/schema\/person\/image\/","url":"https:\/\/secure.gravatar.com\/avatar\/569e71c3b97b8bcad1854d6579b35c5f?s=96&d=mm&r=g","contentUrl":"https:\/\/secure.gravatar.com\/avatar\/569e71c3b97b8bcad1854d6579b35c5f?s=96&d=mm&r=g","caption":"temp circular"}}]}},"_links":{"self":[{"href":"https:\/\/www.ranciliogroup.com\/fr\/wp-json\/wp\/v2\/posts\/71525"}],"collection":[{"href":"https:\/\/www.ranciliogroup.com\/fr\/wp-json\/wp\/v2\/posts"}],"about":[{"href":"https:\/\/www.ranciliogroup.com\/fr\/wp-json\/wp\/v2\/types\/post"}],"author":[{"embeddable":true,"href":"https:\/\/www.ranciliogroup.com\/fr\/wp-json\/wp\/v2\/users\/5"}],"replies":[{"embeddable":true,"href":"https:\/\/www.ranciliogroup.com\/fr\/wp-json\/wp\/v2\/comments?post=71525"}],"version-history":[{"count":3,"href":"https:\/\/www.ranciliogroup.com\/fr\/wp-json\/wp\/v2\/posts\/71525\/revisions"}],"predecessor-version":[{"id":71528,"href":"https:\/\/www.ranciliogroup.com\/fr\/wp-json\/wp\/v2\/posts\/71525\/revisions\/71528"}],"wp:featuredmedia":[{"embeddable":true,"href":"https:\/\/www.ranciliogroup.com\/fr\/wp-json\/wp\/v2\/media\/71058"}],"wp:attachment":[{"href":"https:\/\/www.ranciliogroup.com\/fr\/wp-json\/wp\/v2\/media?parent=71525"}],"wp:term":[{"taxonomy":"category","embeddable":true,"href":"https:\/\/www.ranciliogroup.com\/fr\/wp-json\/wp\/v2\/categories?post=71525"},{"taxonomy":"post_tag","embeddable":true,"href":"https:\/\/www.ranciliogroup.com\/fr\/wp-json\/wp\/v2\/tags?post=71525"}],"curies":[{"name":"wp","href":"https:\/\/api.w.org\/{rel}","templated":true}]}}