{"id":73242,"date":"2024-02-09T13:56:35","date_gmt":"2024-02-09T12:56:35","guid":{"rendered":"https:\/\/www.ranciliogroup.com\/?p=73242"},"modified":"2024-02-09T13:56:35","modified_gmt":"2024-02-09T12:56:35","slug":"retour-a-la-case-depart-de-la-barista-league-avec-rancilio-specialty","status":"publish","type":"post","link":"https:\/\/www.ranciliogroup.com\/fr\/retour-a-la-case-depart-de-la-barista-league-avec-rancilio-specialty\/","title":{"rendered":"Retour \u00e0 la case d\u00e9part de la Barista League avec Rancilio Specialty"},"content":{"rendered":"<p>Pour la premi\u00e8re fois depuis 2019, la Barista League fait son retour en Su\u00e8de aux c\u00f4t\u00e9s de Rancilio Specialty Invicta pour un week-end grisant autour du caf\u00e9. Le 24 f\u00e9vrier, \u00e0 l&#8217;occasion de la premi\u00e8re \u00e9dition du Nordic Coffee Fest, 12 \u00e9quipes de deux baristas se d\u00e9fieront dans la pittoresque et dynamique ville de G\u00f6teborg.<\/p>\n<p>Les baristas devront relever le d\u00e9fi de pr\u00e9parer une s\u00e9rie de boissons \u00e0 base de caf\u00e9 pour un jury compos\u00e9 de personnalit\u00e9s (Matija Belcovic, Rob Stein et Kaisa Kokkonen) et de deux super invit\u00e9s myst\u00e8res. La machine \u00e0 caf\u00e9 \u00e0 chaudi\u00e8re unique Invicta, quant \u00e0 elle, est pr\u00eate \u00e0 offrir aux concurrents sa technologie de pointe en mati\u00e8re de caf\u00e9 de m\u00eame que sa facilit\u00e9 d&#8217;utilisation. De plus, la technologie de pr\u00e9-infusion d&#8217;Invicta sera un atout d\u00e9cisif, qui permettra aux participants d&#8217;extraire les nuances et les saveurs les plus fines de leurs cr\u00e9ations de caf\u00e9.<\/p>\n<p>Jeux, caf\u00e9 d&#8217;origine locale provenant des meilleurs torr\u00e9facteurs de Su\u00e8de, boissons de marque, musique captivante et nourriture \u00e9tonnante : les invit\u00e9s ne peuvent que s&#8217;attendre \u00e0 une nouvelle nuit inoubliable \u00e0 la Barista League, qui marquera le coup d&#8217;envoi, dans l&#8217;enthousiasme, de la saison 2024 de la comp\u00e9tition.<\/p>\n<p>Les billets sont disponibles sur <a href=\"https:\/\/www.tickettailor.com\/events\/thebaristaleague\/959446?\">www.tickettailor.com<\/a><\/p>\n<p><strong>\u00a0<\/strong><\/p>\n<p><strong>The Barista League G\u00f6teborg<\/strong><br \/>\nSamedi, 24f\u00e9vrier 2024<br \/>\nDe 18h00 \u00e0 23h00<br \/>\n<a href=\"https:\/\/www.google.com\/maps\/place\/Eriksbergshallen\/@57.7009851,11.9120382,17z\/data=!3m1!4b1!4m6!3m5!1s0x464f8d2a9c1112fd:0x867582da0264a1a3!8m2!3d57.7009823!4d11.9146131!16s%2Fg%2F11dyh_l44?entry=tts\">Eriksbergshallen<\/a><br \/>\nSj\u00f6portsgatan 5<br \/>\n417 64 G\u00f6teborg<\/p>\n<p>&nbsp;<\/p>\n<p><strong>Suivez cet \u00e9v\u00e9nement sur la page officielle d\u2019Instagram<\/strong><br \/>\n@ranciliospecialty #ranciliospecialty<\/p>\n<p>&nbsp;<\/p>\n<p><a href=\"https:\/\/www.ranciliogroup.com\/fr\/specialty\/invicta\/\"><strong>D\u00e9couvrez Rancilio Specialty Invicta<\/strong><\/a><\/p>\n","protected":false},"excerpt":{"rendered":"<p>Pour la premi\u00e8re fois depuis 2019, la Barista League fait son retour en Su\u00e8de aux c\u00f4t\u00e9s de Rancilio Specialty Invicta&#8230;<\/p>\n","protected":false},"author":5,"featured_media":73236,"comment_status":"closed","ping_status":"closed","sticky":false,"template":"","format":"standard","meta":[],"categories":[878],"tags":[2624,2596],"acf":[],"yoast_head":"<!-- This site is optimized with the Yoast SEO plugin v21.5 - https:\/\/yoast.com\/wordpress\/plugins\/seo\/ -->\n<title>Latest update about Retour \u00e0 la case d\u00e9part de la Barista League avec Rancilio Specialty - Rancilio Group<\/title>\n<meta name=\"description\" content=\"Read Rancilio Group&#039;s latest news about Retour \u00e0 la case d\u00e9part de la Barista League avec Rancilio Specialty\" \/>\n<meta name=\"robots\" content=\"index, follow, max-snippet:-1, max-image-preview:large, max-video-preview:-1\" \/>\n<link rel=\"canonical\" href=\"https:\/\/www.ranciliogroup.com\/fr\/retour-a-la-case-depart-de-la-barista-league-avec-rancilio-specialty\/\" \/>\n<meta property=\"og:locale\" content=\"fr_FR\" \/>\n<meta property=\"og:type\" content=\"article\" \/>\n<meta property=\"og:title\" content=\"Latest update about Retour \u00e0 la case d\u00e9part de la Barista League avec Rancilio Specialty - Rancilio Group\" \/>\n<meta property=\"og:description\" content=\"Read Rancilio Group&#039;s latest news about Retour \u00e0 la case d\u00e9part de la Barista League avec Rancilio Specialty\" \/>\n<meta property=\"og:url\" content=\"https:\/\/www.ranciliogroup.com\/fr\/retour-a-la-case-depart-de-la-barista-league-avec-rancilio-specialty\/\" \/>\n<meta property=\"og:site_name\" content=\"Rancilio Group\" \/>\n<meta property=\"article:publisher\" content=\"https:\/\/www.facebook.com\/RancilioGroup\" \/>\n<meta property=\"article:published_time\" content=\"2024-02-09T12:56:35+00:00\" \/>\n<meta property=\"og:image\" content=\"https:\/\/www.ranciliogroup.com\/app\/uploads\/2024\/02\/the-barista-league-dubai-rancilio-specialty-1.jpg\" \/>\n\t<meta property=\"og:image:width\" content=\"1080\" \/>\n\t<meta property=\"og:image:height\" content=\"720\" \/>\n\t<meta property=\"og:image:type\" content=\"image\/jpeg\" \/>\n<meta name=\"author\" content=\"temp circular\" \/>\n<meta name=\"twitter:card\" content=\"summary_large_image\" \/>\n<meta name=\"twitter:creator\" content=\"@ranciliogroup\" \/>\n<meta name=\"twitter:site\" content=\"@ranciliogroup\" \/>\n<meta name=\"twitter:label1\" content=\"Written by\" \/>\n\t<meta name=\"twitter:data1\" content=\"temp circular\" \/>\n\t<meta name=\"twitter:label2\" content=\"Est. reading time\" \/>\n\t<meta name=\"twitter:data2\" content=\"2 minutes\" \/>\n<script type=\"application\/ld+json\" class=\"yoast-schema-graph\">{\"@context\":\"https:\/\/schema.org\",\"@graph\":[{\"@type\":\"Article\",\"@id\":\"https:\/\/www.ranciliogroup.com\/fr\/retour-a-la-case-depart-de-la-barista-league-avec-rancilio-specialty\/#article\",\"isPartOf\":{\"@id\":\"https:\/\/www.ranciliogroup.com\/fr\/retour-a-la-case-depart-de-la-barista-league-avec-rancilio-specialty\/\"},\"author\":{\"name\":\"temp circular\",\"@id\":\"https:\/\/www.ranciliogroup.com\/fr\/#\/schema\/person\/d6bf0a7dfe74cded3d64da8b2c92814c\"},\"headline\":\"Retour \u00e0 la case d\u00e9part de la Barista League avec Rancilio Specialty\",\"datePublished\":\"2024-02-09T12:56:35+00:00\",\"dateModified\":\"2024-02-09T12:56:35+00:00\",\"mainEntityOfPage\":{\"@id\":\"https:\/\/www.ranciliogroup.com\/fr\/retour-a-la-case-depart-de-la-barista-league-avec-rancilio-specialty\/\"},\"wordCount\":265,\"publisher\":{\"@id\":\"https:\/\/www.ranciliogroup.com\/fr\/#organization\"},\"keywords\":[\"Invicta\",\"Barista League\"],\"articleSection\":[\"Tous\"],\"inLanguage\":\"fr-FR\"},{\"@type\":\"WebPage\",\"@id\":\"https:\/\/www.ranciliogroup.com\/fr\/retour-a-la-case-depart-de-la-barista-league-avec-rancilio-specialty\/\",\"url\":\"https:\/\/www.ranciliogroup.com\/fr\/retour-a-la-case-depart-de-la-barista-league-avec-rancilio-specialty\/\",\"name\":\"Latest update about Retour \u00e0 la case d\u00e9part de la Barista League avec Rancilio Specialty - Rancilio Group\",\"isPartOf\":{\"@id\":\"https:\/\/www.ranciliogroup.com\/fr\/#website\"},\"datePublished\":\"2024-02-09T12:56:35+00:00\",\"dateModified\":\"2024-02-09T12:56:35+00:00\",\"description\":\"Read Rancilio Group's latest news about Retour \u00e0 la case d\u00e9part de la Barista League avec Rancilio Specialty\",\"breadcrumb\":{\"@id\":\"https:\/\/www.ranciliogroup.com\/fr\/retour-a-la-case-depart-de-la-barista-league-avec-rancilio-specialty\/#breadcrumb\"},\"inLanguage\":\"fr-FR\",\"potentialAction\":[{\"@type\":\"ReadAction\",\"target\":[\"https:\/\/www.ranciliogroup.com\/fr\/retour-a-la-case-depart-de-la-barista-league-avec-rancilio-specialty\/\"]}]},{\"@type\":\"BreadcrumbList\",\"@id\":\"https:\/\/www.ranciliogroup.com\/fr\/retour-a-la-case-depart-de-la-barista-league-avec-rancilio-specialty\/#breadcrumb\",\"itemListElement\":[{\"@type\":\"ListItem\",\"position\":1,\"name\":\"Home\",\"item\":\"https:\/\/www.ranciliogroup.com\/fr\/\"},{\"@type\":\"ListItem\",\"position\":2,\"name\":\"Retour \u00e0 la case d\u00e9part de la Barista League avec Rancilio Specialty\"}]},{\"@type\":\"WebSite\",\"@id\":\"https:\/\/www.ranciliogroup.com\/fr\/#website\",\"url\":\"https:\/\/www.ranciliogroup.com\/fr\/\",\"name\":\"Rancilio Group\",\"description\":\"Leader des machines \u00e0 caf\u00e9 professionnelles\",\"publisher\":{\"@id\":\"https:\/\/www.ranciliogroup.com\/fr\/#organization\"},\"potentialAction\":[{\"@type\":\"SearchAction\",\"target\":{\"@type\":\"EntryPoint\",\"urlTemplate\":\"https:\/\/www.ranciliogroup.com\/fr\/?s={search_term_string}\"},\"query-input\":\"required name=search_term_string\"}],\"inLanguage\":\"fr-FR\"},{\"@type\":\"Organization\",\"@id\":\"https:\/\/www.ranciliogroup.com\/fr\/#organization\",\"name\":\"Rancilio Group\",\"url\":\"https:\/\/www.ranciliogroup.com\/fr\/\",\"logo\":{\"@type\":\"ImageObject\",\"inLanguage\":\"fr-FR\",\"@id\":\"https:\/\/www.ranciliogroup.com\/fr\/#\/schema\/logo\/image\/\",\"url\":\"https:\/\/www.ranciliogroup.com\/app\/uploads\/2019\/07\/rancilio_black_logo.png\",\"contentUrl\":\"https:\/\/www.ranciliogroup.com\/app\/uploads\/2019\/07\/rancilio_black_logo.png\",\"width\":447,\"height\":57,\"caption\":\"Rancilio Group\"},\"image\":{\"@id\":\"https:\/\/www.ranciliogroup.com\/fr\/#\/schema\/logo\/image\/\"},\"sameAs\":[\"https:\/\/www.facebook.com\/RancilioGroup\",\"https:\/\/twitter.com\/ranciliogroup\",\"https:\/\/www.instagram.com\/rancilio_official\/\",\"https:\/\/www.linkedin.com\/company\/ranciliogroup\/\",\"https:\/\/www.youtube.com\/user\/rancilioadmin\"]},{\"@type\":\"Person\",\"@id\":\"https:\/\/www.ranciliogroup.com\/fr\/#\/schema\/person\/d6bf0a7dfe74cded3d64da8b2c92814c\",\"name\":\"temp circular\",\"image\":{\"@type\":\"ImageObject\",\"inLanguage\":\"fr-FR\",\"@id\":\"https:\/\/www.ranciliogroup.com\/fr\/#\/schema\/person\/image\/\",\"url\":\"https:\/\/secure.gravatar.com\/avatar\/569e71c3b97b8bcad1854d6579b35c5f?s=96&d=mm&r=g\",\"contentUrl\":\"https:\/\/secure.gravatar.com\/avatar\/569e71c3b97b8bcad1854d6579b35c5f?s=96&d=mm&r=g\",\"caption\":\"temp circular\"}}]}<\/script>\n<!-- \/ Yoast SEO plugin. -->","yoast_head_json":{"title":"Latest update about Retour \u00e0 la case d\u00e9part de la Barista League avec Rancilio Specialty - Rancilio Group","description":"Read Rancilio Group's latest news about Retour \u00e0 la case d\u00e9part de la Barista League avec Rancilio Specialty","robots":{"index":"index","follow":"follow","max-snippet":"max-snippet:-1","max-image-preview":"max-image-preview:large","max-video-preview":"max-video-preview:-1"},"canonical":"https:\/\/www.ranciliogroup.com\/fr\/retour-a-la-case-depart-de-la-barista-league-avec-rancilio-specialty\/","og_locale":"fr_FR","og_type":"article","og_title":"Latest update about Retour \u00e0 la case d\u00e9part de la Barista League avec Rancilio Specialty - Rancilio Group","og_description":"Read Rancilio Group's latest news about Retour \u00e0 la case d\u00e9part de la Barista League avec Rancilio Specialty","og_url":"https:\/\/www.ranciliogroup.com\/fr\/retour-a-la-case-depart-de-la-barista-league-avec-rancilio-specialty\/","og_site_name":"Rancilio Group","article_publisher":"https:\/\/www.facebook.com\/RancilioGroup","article_published_time":"2024-02-09T12:56:35+00:00","og_image":[{"width":1080,"height":720,"url":"https:\/\/www.ranciliogroup.com\/app\/uploads\/2024\/02\/the-barista-league-dubai-rancilio-specialty-1.jpg","type":"image\/jpeg"}],"author":"temp circular","twitter_card":"summary_large_image","twitter_creator":"@ranciliogroup","twitter_site":"@ranciliogroup","twitter_misc":{"Written by":"temp circular","Est. reading time":"2 minutes"},"schema":{"@context":"https:\/\/schema.org","@graph":[{"@type":"Article","@id":"https:\/\/www.ranciliogroup.com\/fr\/retour-a-la-case-depart-de-la-barista-league-avec-rancilio-specialty\/#article","isPartOf":{"@id":"https:\/\/www.ranciliogroup.com\/fr\/retour-a-la-case-depart-de-la-barista-league-avec-rancilio-specialty\/"},"author":{"name":"temp circular","@id":"https:\/\/www.ranciliogroup.com\/fr\/#\/schema\/person\/d6bf0a7dfe74cded3d64da8b2c92814c"},"headline":"Retour \u00e0 la case d\u00e9part de la Barista League avec Rancilio Specialty","datePublished":"2024-02-09T12:56:35+00:00","dateModified":"2024-02-09T12:56:35+00:00","mainEntityOfPage":{"@id":"https:\/\/www.ranciliogroup.com\/fr\/retour-a-la-case-depart-de-la-barista-league-avec-rancilio-specialty\/"},"wordCount":265,"publisher":{"@id":"https:\/\/www.ranciliogroup.com\/fr\/#organization"},"keywords":["Invicta","Barista League"],"articleSection":["Tous"],"inLanguage":"fr-FR"},{"@type":"WebPage","@id":"https:\/\/www.ranciliogroup.com\/fr\/retour-a-la-case-depart-de-la-barista-league-avec-rancilio-specialty\/","url":"https:\/\/www.ranciliogroup.com\/fr\/retour-a-la-case-depart-de-la-barista-league-avec-rancilio-specialty\/","name":"Latest update about Retour \u00e0 la case d\u00e9part de la Barista League avec Rancilio Specialty - Rancilio Group","isPartOf":{"@id":"https:\/\/www.ranciliogroup.com\/fr\/#website"},"datePublished":"2024-02-09T12:56:35+00:00","dateModified":"2024-02-09T12:56:35+00:00","description":"Read Rancilio Group's latest news about Retour \u00e0 la case d\u00e9part de la Barista League avec Rancilio Specialty","breadcrumb":{"@id":"https:\/\/www.ranciliogroup.com\/fr\/retour-a-la-case-depart-de-la-barista-league-avec-rancilio-specialty\/#breadcrumb"},"inLanguage":"fr-FR","potentialAction":[{"@type":"ReadAction","target":["https:\/\/www.ranciliogroup.com\/fr\/retour-a-la-case-depart-de-la-barista-league-avec-rancilio-specialty\/"]}]},{"@type":"BreadcrumbList","@id":"https:\/\/www.ranciliogroup.com\/fr\/retour-a-la-case-depart-de-la-barista-league-avec-rancilio-specialty\/#breadcrumb","itemListElement":[{"@type":"ListItem","position":1,"name":"Home","item":"https:\/\/www.ranciliogroup.com\/fr\/"},{"@type":"ListItem","position":2,"name":"Retour \u00e0 la case d\u00e9part de la Barista League avec Rancilio Specialty"}]},{"@type":"WebSite","@id":"https:\/\/www.ranciliogroup.com\/fr\/#website","url":"https:\/\/www.ranciliogroup.com\/fr\/","name":"Rancilio Group","description":"Leader des machines \u00e0 caf\u00e9 professionnelles","publisher":{"@id":"https:\/\/www.ranciliogroup.com\/fr\/#organization"},"potentialAction":[{"@type":"SearchAction","target":{"@type":"EntryPoint","urlTemplate":"https:\/\/www.ranciliogroup.com\/fr\/?s={search_term_string}"},"query-input":"required name=search_term_string"}],"inLanguage":"fr-FR"},{"@type":"Organization","@id":"https:\/\/www.ranciliogroup.com\/fr\/#organization","name":"Rancilio Group","url":"https:\/\/www.ranciliogroup.com\/fr\/","logo":{"@type":"ImageObject","inLanguage":"fr-FR","@id":"https:\/\/www.ranciliogroup.com\/fr\/#\/schema\/logo\/image\/","url":"https:\/\/www.ranciliogroup.com\/app\/uploads\/2019\/07\/rancilio_black_logo.png","contentUrl":"https:\/\/www.ranciliogroup.com\/app\/uploads\/2019\/07\/rancilio_black_logo.png","width":447,"height":57,"caption":"Rancilio Group"},"image":{"@id":"https:\/\/www.ranciliogroup.com\/fr\/#\/schema\/logo\/image\/"},"sameAs":["https:\/\/www.facebook.com\/RancilioGroup","https:\/\/twitter.com\/ranciliogroup","https:\/\/www.instagram.com\/rancilio_official\/","https:\/\/www.linkedin.com\/company\/ranciliogroup\/","https:\/\/www.youtube.com\/user\/rancilioadmin"]},{"@type":"Person","@id":"https:\/\/www.ranciliogroup.com\/fr\/#\/schema\/person\/d6bf0a7dfe74cded3d64da8b2c92814c","name":"temp circular","image":{"@type":"ImageObject","inLanguage":"fr-FR","@id":"https:\/\/www.ranciliogroup.com\/fr\/#\/schema\/person\/image\/","url":"https:\/\/secure.gravatar.com\/avatar\/569e71c3b97b8bcad1854d6579b35c5f?s=96&d=mm&r=g","contentUrl":"https:\/\/secure.gravatar.com\/avatar\/569e71c3b97b8bcad1854d6579b35c5f?s=96&d=mm&r=g","caption":"temp circular"}}]}},"_links":{"self":[{"href":"https:\/\/www.ranciliogroup.com\/fr\/wp-json\/wp\/v2\/posts\/73242"}],"collection":[{"href":"https:\/\/www.ranciliogroup.com\/fr\/wp-json\/wp\/v2\/posts"}],"about":[{"href":"https:\/\/www.ranciliogroup.com\/fr\/wp-json\/wp\/v2\/types\/post"}],"author":[{"embeddable":true,"href":"https:\/\/www.ranciliogroup.com\/fr\/wp-json\/wp\/v2\/users\/5"}],"replies":[{"embeddable":true,"href":"https:\/\/www.ranciliogroup.com\/fr\/wp-json\/wp\/v2\/comments?post=73242"}],"version-history":[{"count":2,"href":"https:\/\/www.ranciliogroup.com\/fr\/wp-json\/wp\/v2\/posts\/73242\/revisions"}],"predecessor-version":[{"id":73244,"href":"https:\/\/www.ranciliogroup.com\/fr\/wp-json\/wp\/v2\/posts\/73242\/revisions\/73244"}],"wp:featuredmedia":[{"embeddable":true,"href":"https:\/\/www.ranciliogroup.com\/fr\/wp-json\/wp\/v2\/media\/73236"}],"wp:attachment":[{"href":"https:\/\/www.ranciliogroup.com\/fr\/wp-json\/wp\/v2\/media?parent=73242"}],"wp:term":[{"taxonomy":"category","embeddable":true,"href":"https:\/\/www.ranciliogroup.com\/fr\/wp-json\/wp\/v2\/categories?post=73242"},{"taxonomy":"post_tag","embeddable":true,"href":"https:\/\/www.ranciliogroup.com\/fr\/wp-json\/wp\/v2\/tags?post=73242"}],"curies":[{"name":"wp","href":"https:\/\/api.w.org\/{rel}","templated":true}]}}