{"id":73373,"date":"2024-02-21T12:32:18","date_gmt":"2024-02-21T11:32:18","guid":{"rendered":"https:\/\/www.ranciliogroup.com\/?p=73373"},"modified":"2024-02-21T12:40:59","modified_gmt":"2024-02-21T11:40:59","slug":"rancilio-group-au-coffee-fest-de-new-york","status":"publish","type":"post","link":"https:\/\/www.ranciliogroup.com\/fr\/rancilio-group-au-coffee-fest-de-new-york\/","title":{"rendered":"Rancilio Group au Coffee Fest de New York"},"content":{"rendered":"<p>Du 3 au 5 mars 2024, Rancilio Group vous accueille au Coffee Fest au Javits Center de New York, o\u00f9 les derni\u00e8res innovations de Rancilio, Rancilio Specialty, Rancilio Grindtec et Egro seront pr\u00e9sent\u00e9es.<\/p>\n<p>Sur le stand de Rancilio Group, vous pourrez d\u00e9couvrir la machine \u00e0 caf\u00e9 professionnelle traditionnelle Classe 5, r\u00e9put\u00e9e pour sa technologie de stabilit\u00e9 thermique garantissant la qualit\u00e9 de chaque tasse, sa facilit\u00e9 d&#8217;utilisation et sa fiabilit\u00e9. Les visiteurs pourront d\u00e9couvrir le nouveau Kryo Elite de la gamme Grindtec de Rancilio, un moulin professionnel \u00e9quip\u00e9 du Smart Adjusting System (SAS) qui r\u00e9gule automatiquement le temps de mouture afin de garantir une dose constante \u00e0 chaque fois.<\/p>\n<p>La machine \u00e0 caf\u00e9 \u00e0 chaudi\u00e8re unique Rancilio Specialty Invicta, caract\u00e9ris\u00e9e par des mat\u00e9riaux de haute qualit\u00e9 et une grande fiabilit\u00e9, accueillera les invit\u00e9s avec un caf\u00e9 de sp\u00e9cialit\u00e9 de qualit\u00e9 sup\u00e9rieure, servi en utilisant ses fonctions avanc\u00e9es de caf\u00e9, d&#8217;eau et de vapeur.<\/p>\n<p>La nouvelle machine \u00e0 caf\u00e9 super automatique MoDe attend tous les professionnels \u00e0 la recherche d&#8217;une machine \u00e0 caf\u00e9 performante, fiable et polyvalente pour rendre les op\u00e9rateurs encore plus efficaces et acc\u00e9l\u00e9rer le service. MoDe est la solution id\u00e9ale pour ceux qui souhaitent un menu de caf\u00e9t\u00e9ria de qualit\u00e9 proposant des boissons \u00e0 base de caf\u00e9, de lait frais et de produits instantan\u00e9s. Egro est \u00e9galement pr\u00e9sente avec Next, la machine \u00e0 caf\u00e9 enti\u00e8rement automatique qui garantit des r\u00e9sultats sup\u00e9rieurs pour tout type de boisson, chaude ou froide, \u00e0 base de caf\u00e9, de lait frais ou de produits instantan\u00e9s.<\/p>\n<p>Le Coffee Fest attire aussi bien les professionnels que les amateurs de caf\u00e9s de sp\u00e9cialit\u00e9. L&#8217;\u00e9v\u00e9nement de New York sera l&#8217;occasion d&#8217;\u00e9largir ses r\u00e9seaux de fournisseurs, de formateurs et d&#8217;experts tout en d\u00e9gustant le meilleur caf\u00e9 des meilleurs torr\u00e9facteurs locaux pr\u00e9sents dans la ville.<\/p>\n<p>&nbsp;<\/p>\n<p>&nbsp;<\/p>\n<p><strong>New York Coffee Fest<\/strong><br \/>\nDu 3 au 5 mars 2024<br \/>\nDe 10h00 \u00e0 17h00<br \/>\nStand n\u00b02306<br \/>\n<a href=\"https:\/\/www.google.com\/maps\/place\/Jacob+Javits+Convention+Center\/@40.7575545,-74.0050494,17z\/data=!3m2!4b1!5s0x89c2584a54a8579d:0xc064d2a3ccac8fb0!4m6!3m5!1s0x89c2596b0b3394a7:0x8461e42130f7d0a6!8m2!3d40.7575505!4d-74.0024691!16zL20vMDdmbnJj?hl=en&amp;entry=ttu\">Jacob Javits Convention Center<\/a><br \/>\n429 11th Ave, New York<br \/>\nNY 10001, USA<\/p>\n<p>&nbsp;<\/p>\n<p>&nbsp;<\/p>\n","protected":false},"excerpt":{"rendered":"<p>Du 3 au 5 mars 2024, Rancilio Group vous accueille au Coffee Fest au Javits Center de New York, o\u00f9&#8230;<\/p>\n","protected":false},"author":5,"featured_media":73365,"comment_status":"closed","ping_status":"closed","sticky":false,"template":"","format":"standard","meta":[],"categories":[878],"tags":[3422,3423,3137,2881,2685,2625,2624],"acf":[],"yoast_head":"<!-- This site is optimized with the Yoast SEO plugin v21.5 - https:\/\/yoast.com\/wordpress\/plugins\/seo\/ -->\n<title>Latest update about Rancilio Group au Coffee Fest de New York - Rancilio Group<\/title>\n<meta name=\"description\" content=\"Read Rancilio Group&#039;s latest news about Rancilio Group au Coffee Fest de New York\" \/>\n<meta name=\"robots\" content=\"index, follow, max-snippet:-1, max-image-preview:large, max-video-preview:-1\" \/>\n<link rel=\"canonical\" href=\"https:\/\/www.ranciliogroup.com\/fr\/rancilio-group-au-coffee-fest-de-new-york\/\" \/>\n<meta property=\"og:locale\" content=\"fr_FR\" \/>\n<meta property=\"og:type\" content=\"article\" \/>\n<meta property=\"og:title\" content=\"Latest update about Rancilio Group au Coffee Fest de New York - Rancilio Group\" \/>\n<meta property=\"og:description\" content=\"Read Rancilio Group&#039;s latest news about Rancilio Group au Coffee Fest de New York\" \/>\n<meta property=\"og:url\" content=\"https:\/\/www.ranciliogroup.com\/fr\/rancilio-group-au-coffee-fest-de-new-york\/\" \/>\n<meta property=\"og:site_name\" content=\"Rancilio Group\" \/>\n<meta property=\"article:publisher\" content=\"https:\/\/www.facebook.com\/RancilioGroup\" \/>\n<meta property=\"article:published_time\" content=\"2024-02-21T11:32:18+00:00\" \/>\n<meta property=\"article:modified_time\" content=\"2024-02-21T11:40:59+00:00\" \/>\n<meta property=\"og:image\" content=\"https:\/\/www.ranciliogroup.com\/app\/uploads\/2024\/02\/banner_cfest.jpg\" \/>\n\t<meta property=\"og:image:width\" content=\"1080\" \/>\n\t<meta property=\"og:image:height\" content=\"617\" \/>\n\t<meta property=\"og:image:type\" content=\"image\/jpeg\" \/>\n<meta name=\"author\" content=\"temp circular\" \/>\n<meta name=\"twitter:card\" content=\"summary_large_image\" \/>\n<meta name=\"twitter:creator\" content=\"@ranciliogroup\" \/>\n<meta name=\"twitter:site\" content=\"@ranciliogroup\" \/>\n<meta name=\"twitter:label1\" content=\"Written by\" \/>\n\t<meta name=\"twitter:data1\" content=\"temp circular\" \/>\n\t<meta name=\"twitter:label2\" content=\"Est. reading time\" \/>\n\t<meta name=\"twitter:data2\" content=\"2 minutes\" \/>\n<script type=\"application\/ld+json\" class=\"yoast-schema-graph\">{\"@context\":\"https:\/\/schema.org\",\"@graph\":[{\"@type\":\"Article\",\"@id\":\"https:\/\/www.ranciliogroup.com\/fr\/rancilio-group-au-coffee-fest-de-new-york\/#article\",\"isPartOf\":{\"@id\":\"https:\/\/www.ranciliogroup.com\/fr\/rancilio-group-au-coffee-fest-de-new-york\/\"},\"author\":{\"name\":\"temp circular\",\"@id\":\"https:\/\/www.ranciliogroup.com\/fr\/#\/schema\/person\/d6bf0a7dfe74cded3d64da8b2c92814c\"},\"headline\":\"Rancilio Group au Coffee Fest de New York\",\"datePublished\":\"2024-02-21T11:32:18+00:00\",\"dateModified\":\"2024-02-21T11:40:59+00:00\",\"mainEntityOfPage\":{\"@id\":\"https:\/\/www.ranciliogroup.com\/fr\/rancilio-group-au-coffee-fest-de-new-york\/\"},\"wordCount\":352,\"publisher\":{\"@id\":\"https:\/\/www.ranciliogroup.com\/fr\/#organization\"},\"keywords\":[\"Coffee Fest\",\"New York\",\"MoDe\",\"Classe 5\",\"Next\",\"Kryo\",\"Invicta\"],\"articleSection\":[\"Tous\"],\"inLanguage\":\"fr-FR\"},{\"@type\":\"WebPage\",\"@id\":\"https:\/\/www.ranciliogroup.com\/fr\/rancilio-group-au-coffee-fest-de-new-york\/\",\"url\":\"https:\/\/www.ranciliogroup.com\/fr\/rancilio-group-au-coffee-fest-de-new-york\/\",\"name\":\"Latest update about Rancilio Group au Coffee Fest de New York - Rancilio Group\",\"isPartOf\":{\"@id\":\"https:\/\/www.ranciliogroup.com\/fr\/#website\"},\"datePublished\":\"2024-02-21T11:32:18+00:00\",\"dateModified\":\"2024-02-21T11:40:59+00:00\",\"description\":\"Read Rancilio Group's latest news about Rancilio Group au Coffee Fest de New York\",\"breadcrumb\":{\"@id\":\"https:\/\/www.ranciliogroup.com\/fr\/rancilio-group-au-coffee-fest-de-new-york\/#breadcrumb\"},\"inLanguage\":\"fr-FR\",\"potentialAction\":[{\"@type\":\"ReadAction\",\"target\":[\"https:\/\/www.ranciliogroup.com\/fr\/rancilio-group-au-coffee-fest-de-new-york\/\"]}]},{\"@type\":\"BreadcrumbList\",\"@id\":\"https:\/\/www.ranciliogroup.com\/fr\/rancilio-group-au-coffee-fest-de-new-york\/#breadcrumb\",\"itemListElement\":[{\"@type\":\"ListItem\",\"position\":1,\"name\":\"Home\",\"item\":\"https:\/\/www.ranciliogroup.com\/fr\/\"},{\"@type\":\"ListItem\",\"position\":2,\"name\":\"Rancilio Group au Coffee Fest de New York\"}]},{\"@type\":\"WebSite\",\"@id\":\"https:\/\/www.ranciliogroup.com\/fr\/#website\",\"url\":\"https:\/\/www.ranciliogroup.com\/fr\/\",\"name\":\"Rancilio Group\",\"description\":\"Leader des machines \u00e0 caf\u00e9 professionnelles\",\"publisher\":{\"@id\":\"https:\/\/www.ranciliogroup.com\/fr\/#organization\"},\"potentialAction\":[{\"@type\":\"SearchAction\",\"target\":{\"@type\":\"EntryPoint\",\"urlTemplate\":\"https:\/\/www.ranciliogroup.com\/fr\/?s={search_term_string}\"},\"query-input\":\"required name=search_term_string\"}],\"inLanguage\":\"fr-FR\"},{\"@type\":\"Organization\",\"@id\":\"https:\/\/www.ranciliogroup.com\/fr\/#organization\",\"name\":\"Rancilio Group\",\"url\":\"https:\/\/www.ranciliogroup.com\/fr\/\",\"logo\":{\"@type\":\"ImageObject\",\"inLanguage\":\"fr-FR\",\"@id\":\"https:\/\/www.ranciliogroup.com\/fr\/#\/schema\/logo\/image\/\",\"url\":\"https:\/\/www.ranciliogroup.com\/app\/uploads\/2019\/07\/rancilio_black_logo.png\",\"contentUrl\":\"https:\/\/www.ranciliogroup.com\/app\/uploads\/2019\/07\/rancilio_black_logo.png\",\"width\":447,\"height\":57,\"caption\":\"Rancilio Group\"},\"image\":{\"@id\":\"https:\/\/www.ranciliogroup.com\/fr\/#\/schema\/logo\/image\/\"},\"sameAs\":[\"https:\/\/www.facebook.com\/RancilioGroup\",\"https:\/\/twitter.com\/ranciliogroup\",\"https:\/\/www.instagram.com\/rancilio_official\/\",\"https:\/\/www.linkedin.com\/company\/ranciliogroup\/\",\"https:\/\/www.youtube.com\/user\/rancilioadmin\"]},{\"@type\":\"Person\",\"@id\":\"https:\/\/www.ranciliogroup.com\/fr\/#\/schema\/person\/d6bf0a7dfe74cded3d64da8b2c92814c\",\"name\":\"temp circular\",\"image\":{\"@type\":\"ImageObject\",\"inLanguage\":\"fr-FR\",\"@id\":\"https:\/\/www.ranciliogroup.com\/fr\/#\/schema\/person\/image\/\",\"url\":\"https:\/\/secure.gravatar.com\/avatar\/569e71c3b97b8bcad1854d6579b35c5f?s=96&d=mm&r=g\",\"contentUrl\":\"https:\/\/secure.gravatar.com\/avatar\/569e71c3b97b8bcad1854d6579b35c5f?s=96&d=mm&r=g\",\"caption\":\"temp circular\"}}]}<\/script>\n<!-- \/ Yoast SEO plugin. -->","yoast_head_json":{"title":"Latest update about Rancilio Group au Coffee Fest de New York - Rancilio Group","description":"Read Rancilio Group's latest news about Rancilio Group au Coffee Fest de New York","robots":{"index":"index","follow":"follow","max-snippet":"max-snippet:-1","max-image-preview":"max-image-preview:large","max-video-preview":"max-video-preview:-1"},"canonical":"https:\/\/www.ranciliogroup.com\/fr\/rancilio-group-au-coffee-fest-de-new-york\/","og_locale":"fr_FR","og_type":"article","og_title":"Latest update about Rancilio Group au Coffee Fest de New York - Rancilio Group","og_description":"Read Rancilio Group's latest news about Rancilio Group au Coffee Fest de New York","og_url":"https:\/\/www.ranciliogroup.com\/fr\/rancilio-group-au-coffee-fest-de-new-york\/","og_site_name":"Rancilio Group","article_publisher":"https:\/\/www.facebook.com\/RancilioGroup","article_published_time":"2024-02-21T11:32:18+00:00","article_modified_time":"2024-02-21T11:40:59+00:00","og_image":[{"width":1080,"height":617,"url":"https:\/\/www.ranciliogroup.com\/app\/uploads\/2024\/02\/banner_cfest.jpg","type":"image\/jpeg"}],"author":"temp circular","twitter_card":"summary_large_image","twitter_creator":"@ranciliogroup","twitter_site":"@ranciliogroup","twitter_misc":{"Written by":"temp circular","Est. reading time":"2 minutes"},"schema":{"@context":"https:\/\/schema.org","@graph":[{"@type":"Article","@id":"https:\/\/www.ranciliogroup.com\/fr\/rancilio-group-au-coffee-fest-de-new-york\/#article","isPartOf":{"@id":"https:\/\/www.ranciliogroup.com\/fr\/rancilio-group-au-coffee-fest-de-new-york\/"},"author":{"name":"temp circular","@id":"https:\/\/www.ranciliogroup.com\/fr\/#\/schema\/person\/d6bf0a7dfe74cded3d64da8b2c92814c"},"headline":"Rancilio Group au Coffee Fest de New York","datePublished":"2024-02-21T11:32:18+00:00","dateModified":"2024-02-21T11:40:59+00:00","mainEntityOfPage":{"@id":"https:\/\/www.ranciliogroup.com\/fr\/rancilio-group-au-coffee-fest-de-new-york\/"},"wordCount":352,"publisher":{"@id":"https:\/\/www.ranciliogroup.com\/fr\/#organization"},"keywords":["Coffee Fest","New York","MoDe","Classe 5","Next","Kryo","Invicta"],"articleSection":["Tous"],"inLanguage":"fr-FR"},{"@type":"WebPage","@id":"https:\/\/www.ranciliogroup.com\/fr\/rancilio-group-au-coffee-fest-de-new-york\/","url":"https:\/\/www.ranciliogroup.com\/fr\/rancilio-group-au-coffee-fest-de-new-york\/","name":"Latest update about Rancilio Group au Coffee Fest de New York - Rancilio Group","isPartOf":{"@id":"https:\/\/www.ranciliogroup.com\/fr\/#website"},"datePublished":"2024-02-21T11:32:18+00:00","dateModified":"2024-02-21T11:40:59+00:00","description":"Read Rancilio Group's latest news about Rancilio Group au Coffee Fest de New York","breadcrumb":{"@id":"https:\/\/www.ranciliogroup.com\/fr\/rancilio-group-au-coffee-fest-de-new-york\/#breadcrumb"},"inLanguage":"fr-FR","potentialAction":[{"@type":"ReadAction","target":["https:\/\/www.ranciliogroup.com\/fr\/rancilio-group-au-coffee-fest-de-new-york\/"]}]},{"@type":"BreadcrumbList","@id":"https:\/\/www.ranciliogroup.com\/fr\/rancilio-group-au-coffee-fest-de-new-york\/#breadcrumb","itemListElement":[{"@type":"ListItem","position":1,"name":"Home","item":"https:\/\/www.ranciliogroup.com\/fr\/"},{"@type":"ListItem","position":2,"name":"Rancilio Group au Coffee Fest de New York"}]},{"@type":"WebSite","@id":"https:\/\/www.ranciliogroup.com\/fr\/#website","url":"https:\/\/www.ranciliogroup.com\/fr\/","name":"Rancilio Group","description":"Leader des machines \u00e0 caf\u00e9 professionnelles","publisher":{"@id":"https:\/\/www.ranciliogroup.com\/fr\/#organization"},"potentialAction":[{"@type":"SearchAction","target":{"@type":"EntryPoint","urlTemplate":"https:\/\/www.ranciliogroup.com\/fr\/?s={search_term_string}"},"query-input":"required name=search_term_string"}],"inLanguage":"fr-FR"},{"@type":"Organization","@id":"https:\/\/www.ranciliogroup.com\/fr\/#organization","name":"Rancilio Group","url":"https:\/\/www.ranciliogroup.com\/fr\/","logo":{"@type":"ImageObject","inLanguage":"fr-FR","@id":"https:\/\/www.ranciliogroup.com\/fr\/#\/schema\/logo\/image\/","url":"https:\/\/www.ranciliogroup.com\/app\/uploads\/2019\/07\/rancilio_black_logo.png","contentUrl":"https:\/\/www.ranciliogroup.com\/app\/uploads\/2019\/07\/rancilio_black_logo.png","width":447,"height":57,"caption":"Rancilio Group"},"image":{"@id":"https:\/\/www.ranciliogroup.com\/fr\/#\/schema\/logo\/image\/"},"sameAs":["https:\/\/www.facebook.com\/RancilioGroup","https:\/\/twitter.com\/ranciliogroup","https:\/\/www.instagram.com\/rancilio_official\/","https:\/\/www.linkedin.com\/company\/ranciliogroup\/","https:\/\/www.youtube.com\/user\/rancilioadmin"]},{"@type":"Person","@id":"https:\/\/www.ranciliogroup.com\/fr\/#\/schema\/person\/d6bf0a7dfe74cded3d64da8b2c92814c","name":"temp circular","image":{"@type":"ImageObject","inLanguage":"fr-FR","@id":"https:\/\/www.ranciliogroup.com\/fr\/#\/schema\/person\/image\/","url":"https:\/\/secure.gravatar.com\/avatar\/569e71c3b97b8bcad1854d6579b35c5f?s=96&d=mm&r=g","contentUrl":"https:\/\/secure.gravatar.com\/avatar\/569e71c3b97b8bcad1854d6579b35c5f?s=96&d=mm&r=g","caption":"temp circular"}}]}},"_links":{"self":[{"href":"https:\/\/www.ranciliogroup.com\/fr\/wp-json\/wp\/v2\/posts\/73373"}],"collection":[{"href":"https:\/\/www.ranciliogroup.com\/fr\/wp-json\/wp\/v2\/posts"}],"about":[{"href":"https:\/\/www.ranciliogroup.com\/fr\/wp-json\/wp\/v2\/types\/post"}],"author":[{"embeddable":true,"href":"https:\/\/www.ranciliogroup.com\/fr\/wp-json\/wp\/v2\/users\/5"}],"replies":[{"embeddable":true,"href":"https:\/\/www.ranciliogroup.com\/fr\/wp-json\/wp\/v2\/comments?post=73373"}],"version-history":[{"count":2,"href":"https:\/\/www.ranciliogroup.com\/fr\/wp-json\/wp\/v2\/posts\/73373\/revisions"}],"predecessor-version":[{"id":73375,"href":"https:\/\/www.ranciliogroup.com\/fr\/wp-json\/wp\/v2\/posts\/73373\/revisions\/73375"}],"wp:featuredmedia":[{"embeddable":true,"href":"https:\/\/www.ranciliogroup.com\/fr\/wp-json\/wp\/v2\/media\/73365"}],"wp:attachment":[{"href":"https:\/\/www.ranciliogroup.com\/fr\/wp-json\/wp\/v2\/media?parent=73373"}],"wp:term":[{"taxonomy":"category","embeddable":true,"href":"https:\/\/www.ranciliogroup.com\/fr\/wp-json\/wp\/v2\/categories?post=73373"},{"taxonomy":"post_tag","embeddable":true,"href":"https:\/\/www.ranciliogroup.com\/fr\/wp-json\/wp\/v2\/tags?post=73373"}],"curies":[{"name":"wp","href":"https:\/\/api.w.org\/{rel}","templated":true}]}}