{"id":73564,"date":"2024-03-28T12:51:52","date_gmt":"2024-03-28T11:51:52","guid":{"rendered":"https:\/\/www.ranciliogroup.com\/?p=73564"},"modified":"2024-03-28T12:51:52","modified_gmt":"2024-03-28T11:51:52","slug":"ctw-uk-sassocie-au-london-coffee-festival-2024-avec-rancilio-group-et-crem-international","status":"publish","type":"post","link":"https:\/\/www.ranciliogroup.com\/fr\/ctw-uk-sassocie-au-london-coffee-festival-2024-avec-rancilio-group-et-crem-international\/","title":{"rendered":"CTW UK s&#8217;associe au London Coffee Festival 2024 avec Rancilio Group et Crem International"},"content":{"rendered":"<p>Du 11 au 14 avril, immergez-vous au c\u0153ur de l&#8217;East End de Londres lorsque CTW UK &#8211; la nouvelle filiale de CTW Coffee Division r\u00e9sultant des efforts de collaboration de Rancilio Group et de Crem International &#8211; participera au tr\u00e8s attendu London Coffee Festival, un des principaux \u00e9v\u00e9nements mondiaux c\u00e9l\u00e9brant le caf\u00e9 et le secteur de l&#8217;h\u00f4tellerie et de la restauration.<\/p>\n<p>Rancilio Specialty RS1, la machine \u00e0 caf\u00e9 multi-chaudi\u00e8res de pointe \u00e9quip\u00e9e de la technologie Advanced Temperature Profiling et de pr\u00e9-infusion, est pr\u00eate \u00e0 montrer aux baristas comment lib\u00e9rer tout l&#8217;ar\u00f4me et les caract\u00e9ristiques uniques de leur caf\u00e9 d&#8217;origine unique ou de leur m\u00e9lange.<\/p>\n<p>Les visiteurs peuvent d\u00e9couvrir les nouveaux moulins \u00e0 caf\u00e9 professionnels Rancilio Kryo Elite et Bond, minutieusement con\u00e7us pour acc\u00e9l\u00e9rer le service tout en garantissant l&#8217;excellence et l&#8217;homog\u00e9n\u00e9it\u00e9 de chaque tasse de caf\u00e9. Les amateurs de caf\u00e9 \u00e0 domicile pourront d\u00e9couvrir les machines \u00e0 caf\u00e9 Silvia et Silvia Pro X, qui leur apporteront la qualit\u00e9 d&#8217;un caf\u00e9 \u00e0 domicile.<\/p>\n<p>La nouvelle Egro MoDe est pr\u00eate \u00e0 surprendre tous les amateurs de machines \u00e0 caf\u00e9 enti\u00e8rement automatiques. Gr\u00e2ce \u00e0 son interface intuitive et son menu complet comprenant des recettes \u00e0 base de lait et des recettes solubles, la configuration Egro MoDe Pro Milk am\u00e9liorera l&#8217;exp\u00e9rience du caf\u00e9.<\/p>\n<p>Le stand accueillera \u00e9galement des produits phares de la marque Crem International : la machine \u00e0 caf\u00e9 professionnelle EX3 et la machine \u00e0 caf\u00e9 domestique One.<\/p>\n<p>S&#8217;inspirant de la passionnante culture du caf\u00e9 de Londres et des sous-cultures cr\u00e9atives, ce festival promet une exp\u00e9rience inoubliable \u00e0 travers d\u00e9gustations, d\u00e9monstrations, ateliers interactifs et conf\u00e9rences instructives.<\/p>\n<p>&nbsp;<\/p>\n<p>&nbsp;<\/p>\n<p><strong>The London Coffee Festival<\/strong><br \/>\n11-14 avril 2024<br \/>\nStand G25<br \/>\n<a href=\"https:\/\/www.google.com\/maps\/place\/The+Truman+Brewery\/@51.5212762,-0.0745701,17z\/data=!3m2!4b1!5s0x48761cca7ad8f109:0x76afa4b352d0a421!4m6!3m5!1s0x48761cb681c09d1b:0xffb3966176941f91!8m2!3d51.5212729!4d-0.0719898!16zL20vMDd4cTEx?authuser=0&amp;entry=ttu\">The Truman Brewery<\/a><br \/>\n91 Brick Lane<br \/>\nLondon E1 6QR, UK<\/p>\n<p>&nbsp;<\/p>\n<p>&nbsp;<\/p>\n","protected":false},"excerpt":{"rendered":"<p>Du 11 au 14 avril, immergez-vous au c\u0153ur de l&#8217;East End de Londres lorsque CTW UK &#8211; la nouvelle filiale&#8230;<\/p>\n","protected":false},"author":5,"featured_media":73558,"comment_status":"closed","ping_status":"closed","sticky":false,"template":"","format":"standard","meta":[],"categories":[878],"tags":[3447,3136,3137,2851,2852,2735,2594],"acf":[],"yoast_head":"<!-- This site is optimized with the Yoast SEO plugin v21.5 - https:\/\/yoast.com\/wordpress\/plugins\/seo\/ -->\n<title>Latest update about CTW UK s&#039;associe au London Coffee Festival 2024 avec Rancilio Group et Crem International - Rancilio Group<\/title>\n<meta name=\"description\" content=\"Read Rancilio Group&#039;s latest news about CTW UK s&#039;associe au London Coffee Festival 2024 avec Rancilio Group et Crem International\" \/>\n<meta name=\"robots\" content=\"index, follow, max-snippet:-1, max-image-preview:large, max-video-preview:-1\" \/>\n<link rel=\"canonical\" href=\"https:\/\/www.ranciliogroup.com\/fr\/ctw-uk-sassocie-au-london-coffee-festival-2024-avec-rancilio-group-et-crem-international\/\" \/>\n<meta property=\"og:locale\" content=\"fr_FR\" \/>\n<meta property=\"og:type\" content=\"article\" \/>\n<meta property=\"og:title\" content=\"Latest update about CTW UK s&#039;associe au London Coffee Festival 2024 avec Rancilio Group et Crem International - Rancilio Group\" \/>\n<meta property=\"og:description\" content=\"Read Rancilio Group&#039;s latest news about CTW UK s&#039;associe au London Coffee Festival 2024 avec Rancilio Group et Crem International\" \/>\n<meta property=\"og:url\" content=\"https:\/\/www.ranciliogroup.com\/fr\/ctw-uk-sassocie-au-london-coffee-festival-2024-avec-rancilio-group-et-crem-international\/\" \/>\n<meta property=\"og:site_name\" content=\"Rancilio Group\" \/>\n<meta property=\"article:publisher\" content=\"https:\/\/www.facebook.com\/RancilioGroup\" \/>\n<meta property=\"article:published_time\" content=\"2024-03-28T11:51:52+00:00\" \/>\n<meta property=\"og:image\" content=\"https:\/\/www.ranciliogroup.com\/app\/uploads\/2024\/03\/Rancilio-LCF.jpg\" \/>\n\t<meta property=\"og:image:width\" content=\"1080\" \/>\n\t<meta property=\"og:image:height\" content=\"810\" \/>\n\t<meta property=\"og:image:type\" content=\"image\/jpeg\" \/>\n<meta name=\"author\" content=\"temp circular\" \/>\n<meta name=\"twitter:card\" content=\"summary_large_image\" \/>\n<meta name=\"twitter:creator\" content=\"@ranciliogroup\" \/>\n<meta name=\"twitter:site\" content=\"@ranciliogroup\" \/>\n<meta name=\"twitter:label1\" content=\"Written by\" \/>\n\t<meta name=\"twitter:data1\" content=\"temp circular\" \/>\n\t<meta name=\"twitter:label2\" content=\"Est. reading time\" \/>\n\t<meta name=\"twitter:data2\" content=\"2 minutes\" \/>\n<script type=\"application\/ld+json\" class=\"yoast-schema-graph\">{\"@context\":\"https:\/\/schema.org\",\"@graph\":[{\"@type\":\"Article\",\"@id\":\"https:\/\/www.ranciliogroup.com\/fr\/ctw-uk-sassocie-au-london-coffee-festival-2024-avec-rancilio-group-et-crem-international\/#article\",\"isPartOf\":{\"@id\":\"https:\/\/www.ranciliogroup.com\/fr\/ctw-uk-sassocie-au-london-coffee-festival-2024-avec-rancilio-group-et-crem-international\/\"},\"author\":{\"name\":\"temp circular\",\"@id\":\"https:\/\/www.ranciliogroup.com\/fr\/#\/schema\/person\/d6bf0a7dfe74cded3d64da8b2c92814c\"},\"headline\":\"CTW UK s&#8217;associe au London Coffee Festival 2024 avec Rancilio Group et Crem International\",\"datePublished\":\"2024-03-28T11:51:52+00:00\",\"dateModified\":\"2024-03-28T11:51:52+00:00\",\"mainEntityOfPage\":{\"@id\":\"https:\/\/www.ranciliogroup.com\/fr\/ctw-uk-sassocie-au-london-coffee-festival-2024-avec-rancilio-group-et-crem-international\/\"},\"wordCount\":313,\"publisher\":{\"@id\":\"https:\/\/www.ranciliogroup.com\/fr\/#organization\"},\"keywords\":[\"Kryo Elite\",\"Bond\",\"MoDe\",\"Silvia\",\"Stile\",\"Silvia Pro X\",\"RS1\"],\"articleSection\":[\"Tous\"],\"inLanguage\":\"fr-FR\"},{\"@type\":\"WebPage\",\"@id\":\"https:\/\/www.ranciliogroup.com\/fr\/ctw-uk-sassocie-au-london-coffee-festival-2024-avec-rancilio-group-et-crem-international\/\",\"url\":\"https:\/\/www.ranciliogroup.com\/fr\/ctw-uk-sassocie-au-london-coffee-festival-2024-avec-rancilio-group-et-crem-international\/\",\"name\":\"Latest update about CTW UK s'associe au London Coffee Festival 2024 avec Rancilio Group et Crem International - Rancilio Group\",\"isPartOf\":{\"@id\":\"https:\/\/www.ranciliogroup.com\/fr\/#website\"},\"datePublished\":\"2024-03-28T11:51:52+00:00\",\"dateModified\":\"2024-03-28T11:51:52+00:00\",\"description\":\"Read Rancilio Group's latest news about CTW UK s'associe au London Coffee Festival 2024 avec Rancilio Group et Crem International\",\"breadcrumb\":{\"@id\":\"https:\/\/www.ranciliogroup.com\/fr\/ctw-uk-sassocie-au-london-coffee-festival-2024-avec-rancilio-group-et-crem-international\/#breadcrumb\"},\"inLanguage\":\"fr-FR\",\"potentialAction\":[{\"@type\":\"ReadAction\",\"target\":[\"https:\/\/www.ranciliogroup.com\/fr\/ctw-uk-sassocie-au-london-coffee-festival-2024-avec-rancilio-group-et-crem-international\/\"]}]},{\"@type\":\"BreadcrumbList\",\"@id\":\"https:\/\/www.ranciliogroup.com\/fr\/ctw-uk-sassocie-au-london-coffee-festival-2024-avec-rancilio-group-et-crem-international\/#breadcrumb\",\"itemListElement\":[{\"@type\":\"ListItem\",\"position\":1,\"name\":\"Home\",\"item\":\"https:\/\/www.ranciliogroup.com\/fr\/\"},{\"@type\":\"ListItem\",\"position\":2,\"name\":\"CTW UK s&#8217;associe au London Coffee Festival 2024 avec Rancilio Group et Crem International\"}]},{\"@type\":\"WebSite\",\"@id\":\"https:\/\/www.ranciliogroup.com\/fr\/#website\",\"url\":\"https:\/\/www.ranciliogroup.com\/fr\/\",\"name\":\"Rancilio Group\",\"description\":\"Leader des machines \u00e0 caf\u00e9 professionnelles\",\"publisher\":{\"@id\":\"https:\/\/www.ranciliogroup.com\/fr\/#organization\"},\"potentialAction\":[{\"@type\":\"SearchAction\",\"target\":{\"@type\":\"EntryPoint\",\"urlTemplate\":\"https:\/\/www.ranciliogroup.com\/fr\/?s={search_term_string}\"},\"query-input\":\"required name=search_term_string\"}],\"inLanguage\":\"fr-FR\"},{\"@type\":\"Organization\",\"@id\":\"https:\/\/www.ranciliogroup.com\/fr\/#organization\",\"name\":\"Rancilio Group\",\"url\":\"https:\/\/www.ranciliogroup.com\/fr\/\",\"logo\":{\"@type\":\"ImageObject\",\"inLanguage\":\"fr-FR\",\"@id\":\"https:\/\/www.ranciliogroup.com\/fr\/#\/schema\/logo\/image\/\",\"url\":\"https:\/\/www.ranciliogroup.com\/app\/uploads\/2019\/07\/rancilio_black_logo.png\",\"contentUrl\":\"https:\/\/www.ranciliogroup.com\/app\/uploads\/2019\/07\/rancilio_black_logo.png\",\"width\":447,\"height\":57,\"caption\":\"Rancilio Group\"},\"image\":{\"@id\":\"https:\/\/www.ranciliogroup.com\/fr\/#\/schema\/logo\/image\/\"},\"sameAs\":[\"https:\/\/www.facebook.com\/RancilioGroup\",\"https:\/\/twitter.com\/ranciliogroup\",\"https:\/\/www.instagram.com\/rancilio_official\/\",\"https:\/\/www.linkedin.com\/company\/ranciliogroup\/\",\"https:\/\/www.youtube.com\/user\/rancilioadmin\"]},{\"@type\":\"Person\",\"@id\":\"https:\/\/www.ranciliogroup.com\/fr\/#\/schema\/person\/d6bf0a7dfe74cded3d64da8b2c92814c\",\"name\":\"temp circular\",\"image\":{\"@type\":\"ImageObject\",\"inLanguage\":\"fr-FR\",\"@id\":\"https:\/\/www.ranciliogroup.com\/fr\/#\/schema\/person\/image\/\",\"url\":\"https:\/\/secure.gravatar.com\/avatar\/569e71c3b97b8bcad1854d6579b35c5f?s=96&d=mm&r=g\",\"contentUrl\":\"https:\/\/secure.gravatar.com\/avatar\/569e71c3b97b8bcad1854d6579b35c5f?s=96&d=mm&r=g\",\"caption\":\"temp circular\"}}]}<\/script>\n<!-- \/ Yoast SEO plugin. -->","yoast_head_json":{"title":"Latest update about CTW UK s'associe au London Coffee Festival 2024 avec Rancilio Group et Crem International - Rancilio Group","description":"Read Rancilio Group's latest news about CTW UK s'associe au London Coffee Festival 2024 avec Rancilio Group et Crem International","robots":{"index":"index","follow":"follow","max-snippet":"max-snippet:-1","max-image-preview":"max-image-preview:large","max-video-preview":"max-video-preview:-1"},"canonical":"https:\/\/www.ranciliogroup.com\/fr\/ctw-uk-sassocie-au-london-coffee-festival-2024-avec-rancilio-group-et-crem-international\/","og_locale":"fr_FR","og_type":"article","og_title":"Latest update about CTW UK s'associe au London Coffee Festival 2024 avec Rancilio Group et Crem International - Rancilio Group","og_description":"Read Rancilio Group's latest news about CTW UK s'associe au London Coffee Festival 2024 avec Rancilio Group et Crem International","og_url":"https:\/\/www.ranciliogroup.com\/fr\/ctw-uk-sassocie-au-london-coffee-festival-2024-avec-rancilio-group-et-crem-international\/","og_site_name":"Rancilio Group","article_publisher":"https:\/\/www.facebook.com\/RancilioGroup","article_published_time":"2024-03-28T11:51:52+00:00","og_image":[{"width":1080,"height":810,"url":"https:\/\/www.ranciliogroup.com\/app\/uploads\/2024\/03\/Rancilio-LCF.jpg","type":"image\/jpeg"}],"author":"temp circular","twitter_card":"summary_large_image","twitter_creator":"@ranciliogroup","twitter_site":"@ranciliogroup","twitter_misc":{"Written by":"temp circular","Est. reading time":"2 minutes"},"schema":{"@context":"https:\/\/schema.org","@graph":[{"@type":"Article","@id":"https:\/\/www.ranciliogroup.com\/fr\/ctw-uk-sassocie-au-london-coffee-festival-2024-avec-rancilio-group-et-crem-international\/#article","isPartOf":{"@id":"https:\/\/www.ranciliogroup.com\/fr\/ctw-uk-sassocie-au-london-coffee-festival-2024-avec-rancilio-group-et-crem-international\/"},"author":{"name":"temp circular","@id":"https:\/\/www.ranciliogroup.com\/fr\/#\/schema\/person\/d6bf0a7dfe74cded3d64da8b2c92814c"},"headline":"CTW UK s&#8217;associe au London Coffee Festival 2024 avec Rancilio Group et Crem International","datePublished":"2024-03-28T11:51:52+00:00","dateModified":"2024-03-28T11:51:52+00:00","mainEntityOfPage":{"@id":"https:\/\/www.ranciliogroup.com\/fr\/ctw-uk-sassocie-au-london-coffee-festival-2024-avec-rancilio-group-et-crem-international\/"},"wordCount":313,"publisher":{"@id":"https:\/\/www.ranciliogroup.com\/fr\/#organization"},"keywords":["Kryo Elite","Bond","MoDe","Silvia","Stile","Silvia Pro X","RS1"],"articleSection":["Tous"],"inLanguage":"fr-FR"},{"@type":"WebPage","@id":"https:\/\/www.ranciliogroup.com\/fr\/ctw-uk-sassocie-au-london-coffee-festival-2024-avec-rancilio-group-et-crem-international\/","url":"https:\/\/www.ranciliogroup.com\/fr\/ctw-uk-sassocie-au-london-coffee-festival-2024-avec-rancilio-group-et-crem-international\/","name":"Latest update about CTW UK s'associe au London Coffee Festival 2024 avec Rancilio Group et Crem International - Rancilio Group","isPartOf":{"@id":"https:\/\/www.ranciliogroup.com\/fr\/#website"},"datePublished":"2024-03-28T11:51:52+00:00","dateModified":"2024-03-28T11:51:52+00:00","description":"Read Rancilio Group's latest news about CTW UK s'associe au London Coffee Festival 2024 avec Rancilio Group et Crem International","breadcrumb":{"@id":"https:\/\/www.ranciliogroup.com\/fr\/ctw-uk-sassocie-au-london-coffee-festival-2024-avec-rancilio-group-et-crem-international\/#breadcrumb"},"inLanguage":"fr-FR","potentialAction":[{"@type":"ReadAction","target":["https:\/\/www.ranciliogroup.com\/fr\/ctw-uk-sassocie-au-london-coffee-festival-2024-avec-rancilio-group-et-crem-international\/"]}]},{"@type":"BreadcrumbList","@id":"https:\/\/www.ranciliogroup.com\/fr\/ctw-uk-sassocie-au-london-coffee-festival-2024-avec-rancilio-group-et-crem-international\/#breadcrumb","itemListElement":[{"@type":"ListItem","position":1,"name":"Home","item":"https:\/\/www.ranciliogroup.com\/fr\/"},{"@type":"ListItem","position":2,"name":"CTW UK s&#8217;associe au London Coffee Festival 2024 avec Rancilio Group et Crem International"}]},{"@type":"WebSite","@id":"https:\/\/www.ranciliogroup.com\/fr\/#website","url":"https:\/\/www.ranciliogroup.com\/fr\/","name":"Rancilio Group","description":"Leader des machines \u00e0 caf\u00e9 professionnelles","publisher":{"@id":"https:\/\/www.ranciliogroup.com\/fr\/#organization"},"potentialAction":[{"@type":"SearchAction","target":{"@type":"EntryPoint","urlTemplate":"https:\/\/www.ranciliogroup.com\/fr\/?s={search_term_string}"},"query-input":"required name=search_term_string"}],"inLanguage":"fr-FR"},{"@type":"Organization","@id":"https:\/\/www.ranciliogroup.com\/fr\/#organization","name":"Rancilio Group","url":"https:\/\/www.ranciliogroup.com\/fr\/","logo":{"@type":"ImageObject","inLanguage":"fr-FR","@id":"https:\/\/www.ranciliogroup.com\/fr\/#\/schema\/logo\/image\/","url":"https:\/\/www.ranciliogroup.com\/app\/uploads\/2019\/07\/rancilio_black_logo.png","contentUrl":"https:\/\/www.ranciliogroup.com\/app\/uploads\/2019\/07\/rancilio_black_logo.png","width":447,"height":57,"caption":"Rancilio Group"},"image":{"@id":"https:\/\/www.ranciliogroup.com\/fr\/#\/schema\/logo\/image\/"},"sameAs":["https:\/\/www.facebook.com\/RancilioGroup","https:\/\/twitter.com\/ranciliogroup","https:\/\/www.instagram.com\/rancilio_official\/","https:\/\/www.linkedin.com\/company\/ranciliogroup\/","https:\/\/www.youtube.com\/user\/rancilioadmin"]},{"@type":"Person","@id":"https:\/\/www.ranciliogroup.com\/fr\/#\/schema\/person\/d6bf0a7dfe74cded3d64da8b2c92814c","name":"temp circular","image":{"@type":"ImageObject","inLanguage":"fr-FR","@id":"https:\/\/www.ranciliogroup.com\/fr\/#\/schema\/person\/image\/","url":"https:\/\/secure.gravatar.com\/avatar\/569e71c3b97b8bcad1854d6579b35c5f?s=96&d=mm&r=g","contentUrl":"https:\/\/secure.gravatar.com\/avatar\/569e71c3b97b8bcad1854d6579b35c5f?s=96&d=mm&r=g","caption":"temp circular"}}]}},"_links":{"self":[{"href":"https:\/\/www.ranciliogroup.com\/fr\/wp-json\/wp\/v2\/posts\/73564"}],"collection":[{"href":"https:\/\/www.ranciliogroup.com\/fr\/wp-json\/wp\/v2\/posts"}],"about":[{"href":"https:\/\/www.ranciliogroup.com\/fr\/wp-json\/wp\/v2\/types\/post"}],"author":[{"embeddable":true,"href":"https:\/\/www.ranciliogroup.com\/fr\/wp-json\/wp\/v2\/users\/5"}],"replies":[{"embeddable":true,"href":"https:\/\/www.ranciliogroup.com\/fr\/wp-json\/wp\/v2\/comments?post=73564"}],"version-history":[{"count":2,"href":"https:\/\/www.ranciliogroup.com\/fr\/wp-json\/wp\/v2\/posts\/73564\/revisions"}],"predecessor-version":[{"id":73566,"href":"https:\/\/www.ranciliogroup.com\/fr\/wp-json\/wp\/v2\/posts\/73564\/revisions\/73566"}],"wp:featuredmedia":[{"embeddable":true,"href":"https:\/\/www.ranciliogroup.com\/fr\/wp-json\/wp\/v2\/media\/73558"}],"wp:attachment":[{"href":"https:\/\/www.ranciliogroup.com\/fr\/wp-json\/wp\/v2\/media?parent=73564"}],"wp:term":[{"taxonomy":"category","embeddable":true,"href":"https:\/\/www.ranciliogroup.com\/fr\/wp-json\/wp\/v2\/categories?post=73564"},{"taxonomy":"post_tag","embeddable":true,"href":"https:\/\/www.ranciliogroup.com\/fr\/wp-json\/wp\/v2\/tags?post=73564"}],"curies":[{"name":"wp","href":"https:\/\/api.w.org\/{rel}","templated":true}]}}