{"id":73703,"date":"2024-04-22T12:18:44","date_gmt":"2024-04-22T10:18:44","guid":{"rendered":"https:\/\/www.ranciliogroup.com\/?p=73703"},"modified":"2024-04-22T12:18:44","modified_gmt":"2024-04-22T10:18:44","slug":"rancilio-group-senvole-pour-la-premiere-world-of-coffee-a-busan","status":"publish","type":"post","link":"https:\/\/www.ranciliogroup.com\/fr\/rancilio-group-senvole-pour-la-premiere-world-of-coffee-a-busan\/","title":{"rendered":"Rancilio Group s\u2019envole pour la premi\u00e8re World of Coffee \u00e0 Busan"},"content":{"rendered":"<p>Du 1<sup>er<\/sup> au 4\u00a0mai\u00a02024, Rancilio Group assistera aux d\u00e9buts de la World of Coffee en Asie, au Busan Exhibition &amp; Convention Center (BEXCO).<\/p>\n<p>La machine \u00e0 caf\u00e9 professionnelle\u00a0RS1 ravira \u00e0 coup s\u00fbr tous les amateurs de caf\u00e9 de sp\u00e9cialit\u00e9. Pour c\u00e9l\u00e9brer cette occasion sp\u00e9ciale, la RS1 sera pr\u00e9sent\u00e9e dans une teinte rouge beige riche et chaleureuse. Gr\u00e2ce \u00e0 la technologie Advanced Temperature Profiling de la RS1, les baristas peuvent habilement extraire toutes les caract\u00e9ristiques particuli\u00e8res de chaque caf\u00e9 d\u2019origine unique ou m\u00e9lange, pour une exp\u00e9rience caf\u00e9 vraiment exceptionnelle.<\/p>\n<p>La cafeti\u00e8re Classe\u00a020 ASB attend tous les adeptes de Rancilio. Gr\u00e2ce \u00e0 sa buse vapeur iSteam novatrice, les baristas obtiennent rapidement et sans effort une mousse de lait parfaite, qui leur permettra de concevoir de savoureux et onctueux cappuccinos et latte. Les produits Rancilio Grindtec seront pr\u00e9sents, dont les moulins \u00e0 caf\u00e9 professionnels Kryo Elite et Bond, con\u00e7us pour acc\u00e9l\u00e9rer le service et maintenir une qualit\u00e9 et une uniformit\u00e9 de premier ordre dans chaque tasse.<\/p>\n<p>Pour compl\u00e9ter la gamme, l\u2019Egro Next NMS+ \u00e9quip\u00e9e de la mouture auto-r\u00e9glable (SAG) offre un syst\u00e8me de mouture intelligent capable de corriger en temps r\u00e9el les \u00e9ventuels changements dans la qualit\u00e9 du caf\u00e9. Le Mode Pro Milk, se pr\u00eatant \u00e0 une grande vari\u00e9t\u00e9 d\u2019environnements, permet lui aussi de concevoir sans effort des caf\u00e9s et des boissons \u00e0 base de lait d\u2019une qualit\u00e9 exceptionnelle.<\/p>\n<p>La World of Coffee Busan\u00a02024 est le tout premier salon World of Coffee organis\u00e9 sur le continent asiatique, mettant ainsi en \u00e9vidence une industrie du caf\u00e9 de sp\u00e9cialit\u00e9 en plein essor dans la r\u00e9gion. La Cor\u00e9e du Sud, et plus particuli\u00e8rement Busan, connue pour sa culture du caf\u00e9 et son industrie florissante, est l\u2019h\u00f4te id\u00e9al pour organiser cet \u00e9v\u00e9nement marquant.<\/p>\n<p>&nbsp;<\/p>\n<p>&nbsp;<\/p>\n<p><strong>World Of Coffee Busan\u00a02024<\/strong><br \/>\nDu 1<sup>er<\/sup> au 4 mai 2024<br \/>\n10 H 00 &#8211; 17 H 00<br \/>\nHall 2, stand G309<br \/>\n<a href=\"https:\/\/www.google.com\/maps\/place\/BEXCO+%E2%94%82+Busan+Exhibition+and+Convention+Center\/@35.1689766,129.1334608,17z\/data=!3m1!4b1!4m6!3m5!1s0x356892bf02a5dfe1:0xb36570e65bbad549!8m2!3d35.1689766!4d129.1360411!16s%2Fm%2F0fqrqdy?authuser=0&amp;entry=ttu\">BEXCO Exhibition Center<\/a><br \/>\n55 APEC-ro, Haeundae-gu<br \/>\nBusan, Cor\u00e9e du Sud<\/p>\n<p>&nbsp;<\/p>\n<p>&nbsp;<\/p>\n<p><strong>Pour en savoir plus sur l\u2019\u00e9v\u00e9nement :<\/strong><br \/>\n<a href=\"https:\/\/asia.worldofcoffee.org\/\">https:\/\/asia.worldofcoffee.org\/<\/a><\/p>\n<p>&nbsp;<\/p>\n<p>&nbsp;<\/p>\n","protected":false},"excerpt":{"rendered":"<p>Du 1er au 4\u00a0mai\u00a02024, Rancilio Group assistera aux d\u00e9buts de la World of Coffee en Asie, au Busan Exhibition &amp;&#8230;<\/p>\n","protected":false},"author":5,"featured_media":73695,"comment_status":"closed","ping_status":"closed","sticky":false,"template":"","format":"standard","meta":[],"categories":[878],"tags":[3137,2825,2733,2685,2625,2594],"acf":[],"yoast_head":"<!-- This site is optimized with the Yoast SEO plugin v21.5 - https:\/\/yoast.com\/wordpress\/plugins\/seo\/ -->\n<title>Latest update about Rancilio Group s\u2019envole pour la premi\u00e8re World of Coffee \u00e0 Busan - Rancilio Group<\/title>\n<meta name=\"description\" content=\"Read Rancilio Group&#039;s latest news about Rancilio Group s\u2019envole pour la premi\u00e8re World of Coffee \u00e0 Busan\" \/>\n<meta name=\"robots\" content=\"index, follow, max-snippet:-1, max-image-preview:large, max-video-preview:-1\" \/>\n<link rel=\"canonical\" href=\"https:\/\/www.ranciliogroup.com\/fr\/rancilio-group-senvole-pour-la-premiere-world-of-coffee-a-busan\/\" \/>\n<meta property=\"og:locale\" content=\"fr_FR\" \/>\n<meta property=\"og:type\" content=\"article\" \/>\n<meta property=\"og:title\" content=\"Latest update about Rancilio Group s\u2019envole pour la premi\u00e8re World of Coffee \u00e0 Busan - Rancilio Group\" \/>\n<meta property=\"og:description\" content=\"Read Rancilio Group&#039;s latest news about Rancilio Group s\u2019envole pour la premi\u00e8re World of Coffee \u00e0 Busan\" \/>\n<meta property=\"og:url\" content=\"https:\/\/www.ranciliogroup.com\/fr\/rancilio-group-senvole-pour-la-premiere-world-of-coffee-a-busan\/\" \/>\n<meta property=\"og:site_name\" content=\"Rancilio Group\" \/>\n<meta property=\"article:publisher\" content=\"https:\/\/www.facebook.com\/RancilioGroup\" \/>\n<meta property=\"article:published_time\" content=\"2024-04-22T10:18:44+00:00\" \/>\n<meta property=\"og:image\" content=\"https:\/\/www.ranciliogroup.com\/app\/uploads\/2024\/04\/rancilio-group-woc-busan.jpg\" \/>\n\t<meta property=\"og:image:width\" content=\"1080\" \/>\n\t<meta property=\"og:image:height\" content=\"608\" \/>\n\t<meta property=\"og:image:type\" content=\"image\/jpeg\" \/>\n<meta name=\"author\" content=\"temp circular\" \/>\n<meta name=\"twitter:card\" content=\"summary_large_image\" \/>\n<meta name=\"twitter:creator\" content=\"@ranciliogroup\" \/>\n<meta name=\"twitter:site\" content=\"@ranciliogroup\" \/>\n<meta name=\"twitter:label1\" content=\"Written by\" \/>\n\t<meta name=\"twitter:data1\" content=\"temp circular\" \/>\n\t<meta name=\"twitter:label2\" content=\"Est. reading time\" \/>\n\t<meta name=\"twitter:data2\" content=\"2 minutes\" \/>\n<script type=\"application\/ld+json\" class=\"yoast-schema-graph\">{\"@context\":\"https:\/\/schema.org\",\"@graph\":[{\"@type\":\"Article\",\"@id\":\"https:\/\/www.ranciliogroup.com\/fr\/rancilio-group-senvole-pour-la-premiere-world-of-coffee-a-busan\/#article\",\"isPartOf\":{\"@id\":\"https:\/\/www.ranciliogroup.com\/fr\/rancilio-group-senvole-pour-la-premiere-world-of-coffee-a-busan\/\"},\"author\":{\"name\":\"temp circular\",\"@id\":\"https:\/\/www.ranciliogroup.com\/fr\/#\/schema\/person\/d6bf0a7dfe74cded3d64da8b2c92814c\"},\"headline\":\"Rancilio Group s\u2019envole pour la premi\u00e8re World of Coffee \u00e0 Busan\",\"datePublished\":\"2024-04-22T10:18:44+00:00\",\"dateModified\":\"2024-04-22T10:18:44+00:00\",\"mainEntityOfPage\":{\"@id\":\"https:\/\/www.ranciliogroup.com\/fr\/rancilio-group-senvole-pour-la-premiere-world-of-coffee-a-busan\/\"},\"wordCount\":373,\"publisher\":{\"@id\":\"https:\/\/www.ranciliogroup.com\/fr\/#organization\"},\"keywords\":[\"MoDe\",\"Classe 20\",\"WOC\",\"Next\",\"Kryo\",\"RS1\"],\"articleSection\":[\"Tous\"],\"inLanguage\":\"fr-FR\"},{\"@type\":\"WebPage\",\"@id\":\"https:\/\/www.ranciliogroup.com\/fr\/rancilio-group-senvole-pour-la-premiere-world-of-coffee-a-busan\/\",\"url\":\"https:\/\/www.ranciliogroup.com\/fr\/rancilio-group-senvole-pour-la-premiere-world-of-coffee-a-busan\/\",\"name\":\"Latest update about Rancilio Group s\u2019envole pour la premi\u00e8re World of Coffee \u00e0 Busan - Rancilio Group\",\"isPartOf\":{\"@id\":\"https:\/\/www.ranciliogroup.com\/fr\/#website\"},\"datePublished\":\"2024-04-22T10:18:44+00:00\",\"dateModified\":\"2024-04-22T10:18:44+00:00\",\"description\":\"Read Rancilio Group's latest news about Rancilio Group s\u2019envole pour la premi\u00e8re World of Coffee \u00e0 Busan\",\"breadcrumb\":{\"@id\":\"https:\/\/www.ranciliogroup.com\/fr\/rancilio-group-senvole-pour-la-premiere-world-of-coffee-a-busan\/#breadcrumb\"},\"inLanguage\":\"fr-FR\",\"potentialAction\":[{\"@type\":\"ReadAction\",\"target\":[\"https:\/\/www.ranciliogroup.com\/fr\/rancilio-group-senvole-pour-la-premiere-world-of-coffee-a-busan\/\"]}]},{\"@type\":\"BreadcrumbList\",\"@id\":\"https:\/\/www.ranciliogroup.com\/fr\/rancilio-group-senvole-pour-la-premiere-world-of-coffee-a-busan\/#breadcrumb\",\"itemListElement\":[{\"@type\":\"ListItem\",\"position\":1,\"name\":\"Home\",\"item\":\"https:\/\/www.ranciliogroup.com\/fr\/\"},{\"@type\":\"ListItem\",\"position\":2,\"name\":\"Rancilio Group s\u2019envole pour la premi\u00e8re World of Coffee \u00e0 Busan\"}]},{\"@type\":\"WebSite\",\"@id\":\"https:\/\/www.ranciliogroup.com\/fr\/#website\",\"url\":\"https:\/\/www.ranciliogroup.com\/fr\/\",\"name\":\"Rancilio Group\",\"description\":\"Leader des machines \u00e0 caf\u00e9 professionnelles\",\"publisher\":{\"@id\":\"https:\/\/www.ranciliogroup.com\/fr\/#organization\"},\"potentialAction\":[{\"@type\":\"SearchAction\",\"target\":{\"@type\":\"EntryPoint\",\"urlTemplate\":\"https:\/\/www.ranciliogroup.com\/fr\/?s={search_term_string}\"},\"query-input\":\"required name=search_term_string\"}],\"inLanguage\":\"fr-FR\"},{\"@type\":\"Organization\",\"@id\":\"https:\/\/www.ranciliogroup.com\/fr\/#organization\",\"name\":\"Rancilio Group\",\"url\":\"https:\/\/www.ranciliogroup.com\/fr\/\",\"logo\":{\"@type\":\"ImageObject\",\"inLanguage\":\"fr-FR\",\"@id\":\"https:\/\/www.ranciliogroup.com\/fr\/#\/schema\/logo\/image\/\",\"url\":\"https:\/\/www.ranciliogroup.com\/app\/uploads\/2019\/07\/rancilio_black_logo.png\",\"contentUrl\":\"https:\/\/www.ranciliogroup.com\/app\/uploads\/2019\/07\/rancilio_black_logo.png\",\"width\":447,\"height\":57,\"caption\":\"Rancilio Group\"},\"image\":{\"@id\":\"https:\/\/www.ranciliogroup.com\/fr\/#\/schema\/logo\/image\/\"},\"sameAs\":[\"https:\/\/www.facebook.com\/RancilioGroup\",\"https:\/\/twitter.com\/ranciliogroup\",\"https:\/\/www.instagram.com\/rancilio_official\/\",\"https:\/\/www.linkedin.com\/company\/ranciliogroup\/\",\"https:\/\/www.youtube.com\/user\/rancilioadmin\"]},{\"@type\":\"Person\",\"@id\":\"https:\/\/www.ranciliogroup.com\/fr\/#\/schema\/person\/d6bf0a7dfe74cded3d64da8b2c92814c\",\"name\":\"temp circular\",\"image\":{\"@type\":\"ImageObject\",\"inLanguage\":\"fr-FR\",\"@id\":\"https:\/\/www.ranciliogroup.com\/fr\/#\/schema\/person\/image\/\",\"url\":\"https:\/\/secure.gravatar.com\/avatar\/569e71c3b97b8bcad1854d6579b35c5f?s=96&d=mm&r=g\",\"contentUrl\":\"https:\/\/secure.gravatar.com\/avatar\/569e71c3b97b8bcad1854d6579b35c5f?s=96&d=mm&r=g\",\"caption\":\"temp circular\"}}]}<\/script>\n<!-- \/ Yoast SEO plugin. -->","yoast_head_json":{"title":"Latest update about Rancilio Group s\u2019envole pour la premi\u00e8re World of Coffee \u00e0 Busan - Rancilio Group","description":"Read Rancilio Group's latest news about Rancilio Group s\u2019envole pour la premi\u00e8re World of Coffee \u00e0 Busan","robots":{"index":"index","follow":"follow","max-snippet":"max-snippet:-1","max-image-preview":"max-image-preview:large","max-video-preview":"max-video-preview:-1"},"canonical":"https:\/\/www.ranciliogroup.com\/fr\/rancilio-group-senvole-pour-la-premiere-world-of-coffee-a-busan\/","og_locale":"fr_FR","og_type":"article","og_title":"Latest update about Rancilio Group s\u2019envole pour la premi\u00e8re World of Coffee \u00e0 Busan - Rancilio Group","og_description":"Read Rancilio Group's latest news about Rancilio Group s\u2019envole pour la premi\u00e8re World of Coffee \u00e0 Busan","og_url":"https:\/\/www.ranciliogroup.com\/fr\/rancilio-group-senvole-pour-la-premiere-world-of-coffee-a-busan\/","og_site_name":"Rancilio Group","article_publisher":"https:\/\/www.facebook.com\/RancilioGroup","article_published_time":"2024-04-22T10:18:44+00:00","og_image":[{"width":1080,"height":608,"url":"https:\/\/www.ranciliogroup.com\/app\/uploads\/2024\/04\/rancilio-group-woc-busan.jpg","type":"image\/jpeg"}],"author":"temp circular","twitter_card":"summary_large_image","twitter_creator":"@ranciliogroup","twitter_site":"@ranciliogroup","twitter_misc":{"Written by":"temp circular","Est. reading time":"2 minutes"},"schema":{"@context":"https:\/\/schema.org","@graph":[{"@type":"Article","@id":"https:\/\/www.ranciliogroup.com\/fr\/rancilio-group-senvole-pour-la-premiere-world-of-coffee-a-busan\/#article","isPartOf":{"@id":"https:\/\/www.ranciliogroup.com\/fr\/rancilio-group-senvole-pour-la-premiere-world-of-coffee-a-busan\/"},"author":{"name":"temp circular","@id":"https:\/\/www.ranciliogroup.com\/fr\/#\/schema\/person\/d6bf0a7dfe74cded3d64da8b2c92814c"},"headline":"Rancilio Group s\u2019envole pour la premi\u00e8re World of Coffee \u00e0 Busan","datePublished":"2024-04-22T10:18:44+00:00","dateModified":"2024-04-22T10:18:44+00:00","mainEntityOfPage":{"@id":"https:\/\/www.ranciliogroup.com\/fr\/rancilio-group-senvole-pour-la-premiere-world-of-coffee-a-busan\/"},"wordCount":373,"publisher":{"@id":"https:\/\/www.ranciliogroup.com\/fr\/#organization"},"keywords":["MoDe","Classe 20","WOC","Next","Kryo","RS1"],"articleSection":["Tous"],"inLanguage":"fr-FR"},{"@type":"WebPage","@id":"https:\/\/www.ranciliogroup.com\/fr\/rancilio-group-senvole-pour-la-premiere-world-of-coffee-a-busan\/","url":"https:\/\/www.ranciliogroup.com\/fr\/rancilio-group-senvole-pour-la-premiere-world-of-coffee-a-busan\/","name":"Latest update about Rancilio Group s\u2019envole pour la premi\u00e8re World of Coffee \u00e0 Busan - Rancilio Group","isPartOf":{"@id":"https:\/\/www.ranciliogroup.com\/fr\/#website"},"datePublished":"2024-04-22T10:18:44+00:00","dateModified":"2024-04-22T10:18:44+00:00","description":"Read Rancilio Group's latest news about Rancilio Group s\u2019envole pour la premi\u00e8re World of Coffee \u00e0 Busan","breadcrumb":{"@id":"https:\/\/www.ranciliogroup.com\/fr\/rancilio-group-senvole-pour-la-premiere-world-of-coffee-a-busan\/#breadcrumb"},"inLanguage":"fr-FR","potentialAction":[{"@type":"ReadAction","target":["https:\/\/www.ranciliogroup.com\/fr\/rancilio-group-senvole-pour-la-premiere-world-of-coffee-a-busan\/"]}]},{"@type":"BreadcrumbList","@id":"https:\/\/www.ranciliogroup.com\/fr\/rancilio-group-senvole-pour-la-premiere-world-of-coffee-a-busan\/#breadcrumb","itemListElement":[{"@type":"ListItem","position":1,"name":"Home","item":"https:\/\/www.ranciliogroup.com\/fr\/"},{"@type":"ListItem","position":2,"name":"Rancilio Group s\u2019envole pour la premi\u00e8re World of Coffee \u00e0 Busan"}]},{"@type":"WebSite","@id":"https:\/\/www.ranciliogroup.com\/fr\/#website","url":"https:\/\/www.ranciliogroup.com\/fr\/","name":"Rancilio Group","description":"Leader des machines \u00e0 caf\u00e9 professionnelles","publisher":{"@id":"https:\/\/www.ranciliogroup.com\/fr\/#organization"},"potentialAction":[{"@type":"SearchAction","target":{"@type":"EntryPoint","urlTemplate":"https:\/\/www.ranciliogroup.com\/fr\/?s={search_term_string}"},"query-input":"required name=search_term_string"}],"inLanguage":"fr-FR"},{"@type":"Organization","@id":"https:\/\/www.ranciliogroup.com\/fr\/#organization","name":"Rancilio Group","url":"https:\/\/www.ranciliogroup.com\/fr\/","logo":{"@type":"ImageObject","inLanguage":"fr-FR","@id":"https:\/\/www.ranciliogroup.com\/fr\/#\/schema\/logo\/image\/","url":"https:\/\/www.ranciliogroup.com\/app\/uploads\/2019\/07\/rancilio_black_logo.png","contentUrl":"https:\/\/www.ranciliogroup.com\/app\/uploads\/2019\/07\/rancilio_black_logo.png","width":447,"height":57,"caption":"Rancilio Group"},"image":{"@id":"https:\/\/www.ranciliogroup.com\/fr\/#\/schema\/logo\/image\/"},"sameAs":["https:\/\/www.facebook.com\/RancilioGroup","https:\/\/twitter.com\/ranciliogroup","https:\/\/www.instagram.com\/rancilio_official\/","https:\/\/www.linkedin.com\/company\/ranciliogroup\/","https:\/\/www.youtube.com\/user\/rancilioadmin"]},{"@type":"Person","@id":"https:\/\/www.ranciliogroup.com\/fr\/#\/schema\/person\/d6bf0a7dfe74cded3d64da8b2c92814c","name":"temp circular","image":{"@type":"ImageObject","inLanguage":"fr-FR","@id":"https:\/\/www.ranciliogroup.com\/fr\/#\/schema\/person\/image\/","url":"https:\/\/secure.gravatar.com\/avatar\/569e71c3b97b8bcad1854d6579b35c5f?s=96&d=mm&r=g","contentUrl":"https:\/\/secure.gravatar.com\/avatar\/569e71c3b97b8bcad1854d6579b35c5f?s=96&d=mm&r=g","caption":"temp circular"}}]}},"_links":{"self":[{"href":"https:\/\/www.ranciliogroup.com\/fr\/wp-json\/wp\/v2\/posts\/73703"}],"collection":[{"href":"https:\/\/www.ranciliogroup.com\/fr\/wp-json\/wp\/v2\/posts"}],"about":[{"href":"https:\/\/www.ranciliogroup.com\/fr\/wp-json\/wp\/v2\/types\/post"}],"author":[{"embeddable":true,"href":"https:\/\/www.ranciliogroup.com\/fr\/wp-json\/wp\/v2\/users\/5"}],"replies":[{"embeddable":true,"href":"https:\/\/www.ranciliogroup.com\/fr\/wp-json\/wp\/v2\/comments?post=73703"}],"version-history":[{"count":3,"href":"https:\/\/www.ranciliogroup.com\/fr\/wp-json\/wp\/v2\/posts\/73703\/revisions"}],"predecessor-version":[{"id":73706,"href":"https:\/\/www.ranciliogroup.com\/fr\/wp-json\/wp\/v2\/posts\/73703\/revisions\/73706"}],"wp:featuredmedia":[{"embeddable":true,"href":"https:\/\/www.ranciliogroup.com\/fr\/wp-json\/wp\/v2\/media\/73695"}],"wp:attachment":[{"href":"https:\/\/www.ranciliogroup.com\/fr\/wp-json\/wp\/v2\/media?parent=73703"}],"wp:term":[{"taxonomy":"category","embeddable":true,"href":"https:\/\/www.ranciliogroup.com\/fr\/wp-json\/wp\/v2\/categories?post=73703"},{"taxonomy":"post_tag","embeddable":true,"href":"https:\/\/www.ranciliogroup.com\/fr\/wp-json\/wp\/v2\/tags?post=73703"}],"curies":[{"name":"wp","href":"https:\/\/api.w.org\/{rel}","templated":true}]}}