{"id":73900,"date":"2024-05-14T11:40:03","date_gmt":"2024-05-14T09:40:03","guid":{"rendered":"https:\/\/www.ranciliogroup.com\/?p=73900"},"modified":"2024-05-14T11:40:03","modified_gmt":"2024-05-14T09:40:03","slug":"rancilio-specialty-senvole-vers-varsovie-pour-le-dernier-defi-de-la-barista-league","status":"publish","type":"post","link":"https:\/\/www.ranciliogroup.com\/fr\/rancilio-specialty-senvole-vers-varsovie-pour-le-dernier-defi-de-la-barista-league\/","title":{"rendered":"Rancilio Specialty s\u2019envole vers Varsovie pour le dernier d\u00e9fi de la Barista League"},"content":{"rendered":"<p>Le 8 juin, Rancilio Specialty et la Barista League se rendent \u00e0 Varsovie pour le tout premier \u00e9v\u00e9nement de la Barista League en Pologne.<\/p>\n<p>La machine \u00e0 caf\u00e9 professionnelle \u00e0 chaudi\u00e8re unique Invicta de Rancilio Specialty accompagnera 20 baristas d\u00e9bordant d&#8217;enthousiasme lors d&#8217;une s\u00e9rie de d\u00e9fis passionnants. Son interface facile \u00e0 utiliser, sa technologie de pointe en mati\u00e8re de caf\u00e9 et sa buse vapeur C-lever pratique joueront un r\u00f4le indispensable pour les \u00e9quipes participant \u00e0 la comp\u00e9tition.<\/p>\n<p>\u00c9valu\u00e9s par un \u00e9minent jury compos\u00e9 de Dominika Gafka, Malwina Dunaj, \u0141ukasz Ga\u0142\u0119cki et Uri Willner, les candidats devront \u00e9galement satisfaire les go\u00fbts de deux invit\u00e9s myst\u00e8res, ce qui augmentera l&#8217;excitation suscit\u00e9e par le concours et en fera un \u00e9v\u00e9nement \u00e0 ne pas manquer.<\/p>\n<p>Les visiteurs auront la possibilit\u00e9 de participer \u00e0 des jeux passionnants, d&#8217;\u00e9couter de la musique entra\u00eenante et de d\u00e9guster du caf\u00e9 produit localement par les meilleurs torr\u00e9facteurs de Pologne. De bonnes vibrations, du fun et de la bonne cuisine seront les \u00e9l\u00e9ments caract\u00e9ristiques de ce nouvel \u00e9v\u00e9nement de la Barista League, qui ne pourra qu\u2019\u00eatre couronn\u00e9 de succ\u00e8s.<\/p>\n<p>Les billets sont disponibles sur <a href=\"https:\/\/www.tickettailor.com\/events\/thebaristaleague\/1098998?\">tickettailor.com<\/a><\/p>\n<p>&nbsp;<\/p>\n<p>&nbsp;<\/p>\n<p><strong>La Barista League Varsovie<\/strong><br \/>\n8 juin 2024<br \/>\nDe 18h00 \u00e0 23h00<br \/>\n<a href=\"https:\/\/www.google.com\/maps\/place\/HAYB+Speciality+Coffee\/@52.2856109,21.0886891,17z\/data=!3m1!4b1!4m6!3m5!1s0x471934bb04c1dbef:0x6d290b97cf5f4c39!8m2!3d52.2856109!4d21.0912694!16s%2Fg%2F11cs1snyb0?authuser=0&amp;entry=ttu\">HAYB Speciality Coffee<\/a><br \/>\n\u0141odygowa 38<br \/>\n03-687 Varsovie, Pologne<\/p>\n<p>&nbsp;<\/p>\n<p>&nbsp;<\/p>\n<p><strong>Suivez cet \u00e9v\u00e9nement sur la page officielle d\u2019Instagram<\/strong><br \/>\n@ranciliospecialty #ranciliospecialty<\/p>\n<p>&nbsp;<\/p>\n<p>&nbsp;<\/p>\n<p><a href=\"https:\/\/www.ranciliogroup.com\/fr\/specialty\/invicta\/\"><strong>D\u00e9couvrez Rancilio Specialty Invicta<\/strong><\/a><\/p>\n","protected":false},"excerpt":{"rendered":"<p>Le 8 juin, Rancilio Specialty et la Barista League se rendent \u00e0 Varsovie pour le tout premier \u00e9v\u00e9nement de la&#8230;<\/p>\n","protected":false},"author":5,"featured_media":73893,"comment_status":"closed","ping_status":"closed","sticky":false,"template":"","format":"standard","meta":[],"categories":[878],"tags":[3512,3501,2624],"acf":[],"yoast_head":"<!-- This site is optimized with the Yoast SEO plugin v21.5 - https:\/\/yoast.com\/wordpress\/plugins\/seo\/ -->\n<title>Latest update about Rancilio Specialty s\u2019envole vers Varsovie pour le dernier d\u00e9fi de la Barista League - Rancilio Group<\/title>\n<meta name=\"description\" content=\"Read Rancilio Group&#039;s latest news about Rancilio Specialty s\u2019envole vers Varsovie pour le dernier d\u00e9fi de la Barista League\" \/>\n<meta name=\"robots\" content=\"index, follow, max-snippet:-1, max-image-preview:large, max-video-preview:-1\" \/>\n<link rel=\"canonical\" href=\"https:\/\/www.ranciliogroup.com\/fr\/rancilio-specialty-senvole-vers-varsovie-pour-le-dernier-defi-de-la-barista-league\/\" \/>\n<meta property=\"og:locale\" content=\"fr_FR\" \/>\n<meta property=\"og:type\" content=\"article\" \/>\n<meta property=\"og:title\" content=\"Latest update about Rancilio Specialty s\u2019envole vers Varsovie pour le dernier d\u00e9fi de la Barista League - Rancilio Group\" \/>\n<meta property=\"og:description\" content=\"Read Rancilio Group&#039;s latest news about Rancilio Specialty s\u2019envole vers Varsovie pour le dernier d\u00e9fi de la Barista League\" \/>\n<meta property=\"og:url\" content=\"https:\/\/www.ranciliogroup.com\/fr\/rancilio-specialty-senvole-vers-varsovie-pour-le-dernier-defi-de-la-barista-league\/\" \/>\n<meta property=\"og:site_name\" content=\"Rancilio Group\" \/>\n<meta property=\"article:publisher\" content=\"https:\/\/www.facebook.com\/RancilioGroup\" \/>\n<meta property=\"article:published_time\" content=\"2024-05-14T09:40:03+00:00\" \/>\n<meta property=\"og:image\" content=\"https:\/\/www.ranciliogroup.com\/app\/uploads\/2024\/05\/The-Barista-League-Mexico-2024-rancilio.jpg\" \/>\n\t<meta property=\"og:image:width\" content=\"1080\" \/>\n\t<meta property=\"og:image:height\" content=\"720\" \/>\n\t<meta property=\"og:image:type\" content=\"image\/jpeg\" \/>\n<meta name=\"author\" content=\"temp circular\" \/>\n<meta name=\"twitter:card\" content=\"summary_large_image\" \/>\n<meta name=\"twitter:creator\" content=\"@ranciliogroup\" \/>\n<meta name=\"twitter:site\" content=\"@ranciliogroup\" \/>\n<meta name=\"twitter:label1\" content=\"Written by\" \/>\n\t<meta name=\"twitter:data1\" content=\"temp circular\" \/>\n\t<meta name=\"twitter:label2\" content=\"Est. reading time\" \/>\n\t<meta name=\"twitter:data2\" content=\"1 minute\" \/>\n<script type=\"application\/ld+json\" class=\"yoast-schema-graph\">{\"@context\":\"https:\/\/schema.org\",\"@graph\":[{\"@type\":\"Article\",\"@id\":\"https:\/\/www.ranciliogroup.com\/fr\/rancilio-specialty-senvole-vers-varsovie-pour-le-dernier-defi-de-la-barista-league\/#article\",\"isPartOf\":{\"@id\":\"https:\/\/www.ranciliogroup.com\/fr\/rancilio-specialty-senvole-vers-varsovie-pour-le-dernier-defi-de-la-barista-league\/\"},\"author\":{\"name\":\"temp circular\",\"@id\":\"https:\/\/www.ranciliogroup.com\/fr\/#\/schema\/person\/d6bf0a7dfe74cded3d64da8b2c92814c\"},\"headline\":\"Rancilio Specialty s\u2019envole vers Varsovie pour le dernier d\u00e9fi de la Barista League\",\"datePublished\":\"2024-05-14T09:40:03+00:00\",\"dateModified\":\"2024-05-14T09:40:03+00:00\",\"mainEntityOfPage\":{\"@id\":\"https:\/\/www.ranciliogroup.com\/fr\/rancilio-specialty-senvole-vers-varsovie-pour-le-dernier-defi-de-la-barista-league\/\"},\"wordCount\":254,\"publisher\":{\"@id\":\"https:\/\/www.ranciliogroup.com\/fr\/#organization\"},\"keywords\":[\"Warsaw\",\"The Barista League\",\"Invicta\"],\"articleSection\":[\"Tous\"],\"inLanguage\":\"fr-FR\"},{\"@type\":\"WebPage\",\"@id\":\"https:\/\/www.ranciliogroup.com\/fr\/rancilio-specialty-senvole-vers-varsovie-pour-le-dernier-defi-de-la-barista-league\/\",\"url\":\"https:\/\/www.ranciliogroup.com\/fr\/rancilio-specialty-senvole-vers-varsovie-pour-le-dernier-defi-de-la-barista-league\/\",\"name\":\"Latest update about Rancilio Specialty s\u2019envole vers Varsovie pour le dernier d\u00e9fi de la Barista League - Rancilio Group\",\"isPartOf\":{\"@id\":\"https:\/\/www.ranciliogroup.com\/fr\/#website\"},\"datePublished\":\"2024-05-14T09:40:03+00:00\",\"dateModified\":\"2024-05-14T09:40:03+00:00\",\"description\":\"Read Rancilio Group's latest news about Rancilio Specialty s\u2019envole vers Varsovie pour le dernier d\u00e9fi de la Barista League\",\"breadcrumb\":{\"@id\":\"https:\/\/www.ranciliogroup.com\/fr\/rancilio-specialty-senvole-vers-varsovie-pour-le-dernier-defi-de-la-barista-league\/#breadcrumb\"},\"inLanguage\":\"fr-FR\",\"potentialAction\":[{\"@type\":\"ReadAction\",\"target\":[\"https:\/\/www.ranciliogroup.com\/fr\/rancilio-specialty-senvole-vers-varsovie-pour-le-dernier-defi-de-la-barista-league\/\"]}]},{\"@type\":\"BreadcrumbList\",\"@id\":\"https:\/\/www.ranciliogroup.com\/fr\/rancilio-specialty-senvole-vers-varsovie-pour-le-dernier-defi-de-la-barista-league\/#breadcrumb\",\"itemListElement\":[{\"@type\":\"ListItem\",\"position\":1,\"name\":\"Home\",\"item\":\"https:\/\/www.ranciliogroup.com\/fr\/\"},{\"@type\":\"ListItem\",\"position\":2,\"name\":\"Rancilio Specialty s\u2019envole vers Varsovie pour le dernier d\u00e9fi de la Barista League\"}]},{\"@type\":\"WebSite\",\"@id\":\"https:\/\/www.ranciliogroup.com\/fr\/#website\",\"url\":\"https:\/\/www.ranciliogroup.com\/fr\/\",\"name\":\"Rancilio Group\",\"description\":\"Leader des machines \u00e0 caf\u00e9 professionnelles\",\"publisher\":{\"@id\":\"https:\/\/www.ranciliogroup.com\/fr\/#organization\"},\"potentialAction\":[{\"@type\":\"SearchAction\",\"target\":{\"@type\":\"EntryPoint\",\"urlTemplate\":\"https:\/\/www.ranciliogroup.com\/fr\/?s={search_term_string}\"},\"query-input\":\"required name=search_term_string\"}],\"inLanguage\":\"fr-FR\"},{\"@type\":\"Organization\",\"@id\":\"https:\/\/www.ranciliogroup.com\/fr\/#organization\",\"name\":\"Rancilio Group\",\"url\":\"https:\/\/www.ranciliogroup.com\/fr\/\",\"logo\":{\"@type\":\"ImageObject\",\"inLanguage\":\"fr-FR\",\"@id\":\"https:\/\/www.ranciliogroup.com\/fr\/#\/schema\/logo\/image\/\",\"url\":\"https:\/\/www.ranciliogroup.com\/app\/uploads\/2019\/07\/rancilio_black_logo.png\",\"contentUrl\":\"https:\/\/www.ranciliogroup.com\/app\/uploads\/2019\/07\/rancilio_black_logo.png\",\"width\":447,\"height\":57,\"caption\":\"Rancilio Group\"},\"image\":{\"@id\":\"https:\/\/www.ranciliogroup.com\/fr\/#\/schema\/logo\/image\/\"},\"sameAs\":[\"https:\/\/www.facebook.com\/RancilioGroup\",\"https:\/\/twitter.com\/ranciliogroup\",\"https:\/\/www.instagram.com\/rancilio_official\/\",\"https:\/\/www.linkedin.com\/company\/ranciliogroup\/\",\"https:\/\/www.youtube.com\/user\/rancilioadmin\"]},{\"@type\":\"Person\",\"@id\":\"https:\/\/www.ranciliogroup.com\/fr\/#\/schema\/person\/d6bf0a7dfe74cded3d64da8b2c92814c\",\"name\":\"temp circular\",\"image\":{\"@type\":\"ImageObject\",\"inLanguage\":\"fr-FR\",\"@id\":\"https:\/\/www.ranciliogroup.com\/fr\/#\/schema\/person\/image\/\",\"url\":\"https:\/\/secure.gravatar.com\/avatar\/569e71c3b97b8bcad1854d6579b35c5f?s=96&d=mm&r=g\",\"contentUrl\":\"https:\/\/secure.gravatar.com\/avatar\/569e71c3b97b8bcad1854d6579b35c5f?s=96&d=mm&r=g\",\"caption\":\"temp circular\"}}]}<\/script>\n<!-- \/ Yoast SEO plugin. -->","yoast_head_json":{"title":"Latest update about Rancilio Specialty s\u2019envole vers Varsovie pour le dernier d\u00e9fi de la Barista League - Rancilio Group","description":"Read Rancilio Group's latest news about Rancilio Specialty s\u2019envole vers Varsovie pour le dernier d\u00e9fi de la Barista League","robots":{"index":"index","follow":"follow","max-snippet":"max-snippet:-1","max-image-preview":"max-image-preview:large","max-video-preview":"max-video-preview:-1"},"canonical":"https:\/\/www.ranciliogroup.com\/fr\/rancilio-specialty-senvole-vers-varsovie-pour-le-dernier-defi-de-la-barista-league\/","og_locale":"fr_FR","og_type":"article","og_title":"Latest update about Rancilio Specialty s\u2019envole vers Varsovie pour le dernier d\u00e9fi de la Barista League - Rancilio Group","og_description":"Read Rancilio Group's latest news about Rancilio Specialty s\u2019envole vers Varsovie pour le dernier d\u00e9fi de la Barista League","og_url":"https:\/\/www.ranciliogroup.com\/fr\/rancilio-specialty-senvole-vers-varsovie-pour-le-dernier-defi-de-la-barista-league\/","og_site_name":"Rancilio Group","article_publisher":"https:\/\/www.facebook.com\/RancilioGroup","article_published_time":"2024-05-14T09:40:03+00:00","og_image":[{"width":1080,"height":720,"url":"https:\/\/www.ranciliogroup.com\/app\/uploads\/2024\/05\/The-Barista-League-Mexico-2024-rancilio.jpg","type":"image\/jpeg"}],"author":"temp circular","twitter_card":"summary_large_image","twitter_creator":"@ranciliogroup","twitter_site":"@ranciliogroup","twitter_misc":{"Written by":"temp circular","Est. reading time":"1 minute"},"schema":{"@context":"https:\/\/schema.org","@graph":[{"@type":"Article","@id":"https:\/\/www.ranciliogroup.com\/fr\/rancilio-specialty-senvole-vers-varsovie-pour-le-dernier-defi-de-la-barista-league\/#article","isPartOf":{"@id":"https:\/\/www.ranciliogroup.com\/fr\/rancilio-specialty-senvole-vers-varsovie-pour-le-dernier-defi-de-la-barista-league\/"},"author":{"name":"temp circular","@id":"https:\/\/www.ranciliogroup.com\/fr\/#\/schema\/person\/d6bf0a7dfe74cded3d64da8b2c92814c"},"headline":"Rancilio Specialty s\u2019envole vers Varsovie pour le dernier d\u00e9fi de la Barista League","datePublished":"2024-05-14T09:40:03+00:00","dateModified":"2024-05-14T09:40:03+00:00","mainEntityOfPage":{"@id":"https:\/\/www.ranciliogroup.com\/fr\/rancilio-specialty-senvole-vers-varsovie-pour-le-dernier-defi-de-la-barista-league\/"},"wordCount":254,"publisher":{"@id":"https:\/\/www.ranciliogroup.com\/fr\/#organization"},"keywords":["Warsaw","The Barista League","Invicta"],"articleSection":["Tous"],"inLanguage":"fr-FR"},{"@type":"WebPage","@id":"https:\/\/www.ranciliogroup.com\/fr\/rancilio-specialty-senvole-vers-varsovie-pour-le-dernier-defi-de-la-barista-league\/","url":"https:\/\/www.ranciliogroup.com\/fr\/rancilio-specialty-senvole-vers-varsovie-pour-le-dernier-defi-de-la-barista-league\/","name":"Latest update about Rancilio Specialty s\u2019envole vers Varsovie pour le dernier d\u00e9fi de la Barista League - Rancilio Group","isPartOf":{"@id":"https:\/\/www.ranciliogroup.com\/fr\/#website"},"datePublished":"2024-05-14T09:40:03+00:00","dateModified":"2024-05-14T09:40:03+00:00","description":"Read Rancilio Group's latest news about Rancilio Specialty s\u2019envole vers Varsovie pour le dernier d\u00e9fi de la Barista League","breadcrumb":{"@id":"https:\/\/www.ranciliogroup.com\/fr\/rancilio-specialty-senvole-vers-varsovie-pour-le-dernier-defi-de-la-barista-league\/#breadcrumb"},"inLanguage":"fr-FR","potentialAction":[{"@type":"ReadAction","target":["https:\/\/www.ranciliogroup.com\/fr\/rancilio-specialty-senvole-vers-varsovie-pour-le-dernier-defi-de-la-barista-league\/"]}]},{"@type":"BreadcrumbList","@id":"https:\/\/www.ranciliogroup.com\/fr\/rancilio-specialty-senvole-vers-varsovie-pour-le-dernier-defi-de-la-barista-league\/#breadcrumb","itemListElement":[{"@type":"ListItem","position":1,"name":"Home","item":"https:\/\/www.ranciliogroup.com\/fr\/"},{"@type":"ListItem","position":2,"name":"Rancilio Specialty s\u2019envole vers Varsovie pour le dernier d\u00e9fi de la Barista League"}]},{"@type":"WebSite","@id":"https:\/\/www.ranciliogroup.com\/fr\/#website","url":"https:\/\/www.ranciliogroup.com\/fr\/","name":"Rancilio Group","description":"Leader des machines \u00e0 caf\u00e9 professionnelles","publisher":{"@id":"https:\/\/www.ranciliogroup.com\/fr\/#organization"},"potentialAction":[{"@type":"SearchAction","target":{"@type":"EntryPoint","urlTemplate":"https:\/\/www.ranciliogroup.com\/fr\/?s={search_term_string}"},"query-input":"required name=search_term_string"}],"inLanguage":"fr-FR"},{"@type":"Organization","@id":"https:\/\/www.ranciliogroup.com\/fr\/#organization","name":"Rancilio Group","url":"https:\/\/www.ranciliogroup.com\/fr\/","logo":{"@type":"ImageObject","inLanguage":"fr-FR","@id":"https:\/\/www.ranciliogroup.com\/fr\/#\/schema\/logo\/image\/","url":"https:\/\/www.ranciliogroup.com\/app\/uploads\/2019\/07\/rancilio_black_logo.png","contentUrl":"https:\/\/www.ranciliogroup.com\/app\/uploads\/2019\/07\/rancilio_black_logo.png","width":447,"height":57,"caption":"Rancilio Group"},"image":{"@id":"https:\/\/www.ranciliogroup.com\/fr\/#\/schema\/logo\/image\/"},"sameAs":["https:\/\/www.facebook.com\/RancilioGroup","https:\/\/twitter.com\/ranciliogroup","https:\/\/www.instagram.com\/rancilio_official\/","https:\/\/www.linkedin.com\/company\/ranciliogroup\/","https:\/\/www.youtube.com\/user\/rancilioadmin"]},{"@type":"Person","@id":"https:\/\/www.ranciliogroup.com\/fr\/#\/schema\/person\/d6bf0a7dfe74cded3d64da8b2c92814c","name":"temp circular","image":{"@type":"ImageObject","inLanguage":"fr-FR","@id":"https:\/\/www.ranciliogroup.com\/fr\/#\/schema\/person\/image\/","url":"https:\/\/secure.gravatar.com\/avatar\/569e71c3b97b8bcad1854d6579b35c5f?s=96&d=mm&r=g","contentUrl":"https:\/\/secure.gravatar.com\/avatar\/569e71c3b97b8bcad1854d6579b35c5f?s=96&d=mm&r=g","caption":"temp circular"}}]}},"_links":{"self":[{"href":"https:\/\/www.ranciliogroup.com\/fr\/wp-json\/wp\/v2\/posts\/73900"}],"collection":[{"href":"https:\/\/www.ranciliogroup.com\/fr\/wp-json\/wp\/v2\/posts"}],"about":[{"href":"https:\/\/www.ranciliogroup.com\/fr\/wp-json\/wp\/v2\/types\/post"}],"author":[{"embeddable":true,"href":"https:\/\/www.ranciliogroup.com\/fr\/wp-json\/wp\/v2\/users\/5"}],"replies":[{"embeddable":true,"href":"https:\/\/www.ranciliogroup.com\/fr\/wp-json\/wp\/v2\/comments?post=73900"}],"version-history":[{"count":2,"href":"https:\/\/www.ranciliogroup.com\/fr\/wp-json\/wp\/v2\/posts\/73900\/revisions"}],"predecessor-version":[{"id":73902,"href":"https:\/\/www.ranciliogroup.com\/fr\/wp-json\/wp\/v2\/posts\/73900\/revisions\/73902"}],"wp:featuredmedia":[{"embeddable":true,"href":"https:\/\/www.ranciliogroup.com\/fr\/wp-json\/wp\/v2\/media\/73893"}],"wp:attachment":[{"href":"https:\/\/www.ranciliogroup.com\/fr\/wp-json\/wp\/v2\/media?parent=73900"}],"wp:term":[{"taxonomy":"category","embeddable":true,"href":"https:\/\/www.ranciliogroup.com\/fr\/wp-json\/wp\/v2\/categories?post=73900"},{"taxonomy":"post_tag","embeddable":true,"href":"https:\/\/www.ranciliogroup.com\/fr\/wp-json\/wp\/v2\/tags?post=73900"}],"curies":[{"name":"wp","href":"https:\/\/api.w.org\/{rel}","templated":true}]}}