{"id":74848,"date":"2024-07-26T10:16:44","date_gmt":"2024-07-26T08:16:44","guid":{"rendered":"https:\/\/www.ranciliogroup.com\/?p=74848"},"modified":"2024-07-26T11:49:45","modified_gmt":"2024-07-26T09:49:45","slug":"rancilio-specialty-participe-a-la-tournee-nord-americaine-de-la-barista-league","status":"publish","type":"post","link":"https:\/\/www.ranciliogroup.com\/fr\/rancilio-specialty-participe-a-la-tournee-nord-americaine-de-la-barista-league\/","title":{"rendered":"Rancilio Specialty participe \u00e0 la tourn\u00e9e nord-am\u00e9ricaine de la Barista League"},"content":{"rendered":"<p>Du 17 au 29 ao\u00fbt, Rancilio Specialty et The Barista League s&#8217;associent une fois de plus pour une s\u00e9rie d&#8217;\u00e9v\u00e9nements passionnants \u00e0 travers l&#8217;Am\u00e9rique du Nord, destin\u00e9s \u00e0 tous les amateurs de caf\u00e9.<\/p>\n<p>Trente \u00e9quipes, compos\u00e9es de soixante baristas intr\u00e9pides, se pr\u00e9parent \u00e0 utiliser la technologie avanc\u00e9e Invicta de Rancilio Specialty dans le cadre d&#8217;\u00e9preuves destin\u00e9es \u00e0 tester leurs connaissances et leurs comp\u00e9tences en mati\u00e8re de pr\u00e9paration du caf\u00e9.<\/p>\n<p>L&#8217;interface conviviale de la Rancilio Specialty Invicta et le bouton vapeur pratique \u00e0 deux positions guideront les concurrents dans la pr\u00e9paration de boissons au caf\u00e9 exceptionnelles, permettant ainsi \u00e0 leurs capacit\u00e9s et \u00e0 leur cr\u00e9ativit\u00e9 de s&#8217;exprimer.<\/p>\n<p>Chaque comp\u00e9tition sera jug\u00e9e par des experts d&#8217;\u00e9lite et des invit\u00e9s myst\u00e8res, qui constitueront le dernier d\u00e9fi dans la qu\u00eate du grand prix : des vacances sous le signe du caf\u00e9 tous frais pay\u00e9s dans un lieu de production de caf\u00e9 myst\u00e9rieux, d\u00e9cern\u00e9 aux c\u00f4t\u00e9s de tous les autres champions de la Barista League en 2024.<\/p>\n<p>Les visiteurs trouveront des jeux passionnants, de la musique vibrante et du caf\u00e9 local provenant des meilleurs torr\u00e9facteurs d&#8217;Am\u00e9rique du Nord. Ces \u00e9v\u00e9nements, qui auront lieu \u00e0 Denver, Brooklyn et Montr\u00e9al, promettent d&#8217;\u00eatre une exp\u00e9rience immersive dans la communaut\u00e9 du caf\u00e9 d&#8217;aujourd&#8217;hui, empreinte de bonnes vibrations et de plaisir, comme le garantit chaque \u00e9v\u00e9nement de la Barista League.<\/p>\n<p>Les billets sont disponibles sur <a href=\"https:\/\/www.tickettailor.com\/events\/thebaristaleague?\">tickettailor.com<\/a><\/p>\n<p>&nbsp;<\/p>\n<p>&nbsp;<\/p>\n<p><strong>La Barista League Denver<\/strong><br \/>\n17 ao\u00fbt<br \/>\nDe 18h00 \u00e0 23h00<br \/>\n<a href=\"https:\/\/www.google.se\/maps\/place\/1255+W+Virginia+Ave,+Denver,+CO+80223,+USA\/@39.7078777,-105.0080787,17z\/data=!3m1!4b1!4m10!1m2!2m1!1sHuckleberry+Roasters+1255+W+Virginia+Ave!3m6!1s0x876c7f12292425b1:0xd3e66317cfb06a0e!8m2!3d39.7078737!4d-105.0034653!15sCihIdWNrbGViZXJyeSBSb2FzdGVycyAxMjU1IFcgVmlyZ2luaWEgQXZlIgOIAQGSARFjb21wb3VuZF9idWlsZGluZ-ABAA!16s%2Fg%2F11c2hjw1nq?entry=ttu\">Huckleberry Roasters<\/a><br \/>\n1255 W. Virginia Ave<br \/>\nDenver CO 80223<\/p>\n<p>&nbsp;<\/p>\n<p><strong>La Barista League Brooklyn<\/strong><br \/>\n24 ao\u00fbt<br \/>\n<a href=\"https:\/\/www.google.com\/maps\/place\/Steady+Equipment+Corporation+dba+Poursteady\/@40.6728863,-73.9935459,17z\/data=!3m2!4b1!5s0x89c25aab429f7f67:0x2074d28e50ad2301!4m6!3m5!1s0x89c25a545754588d:0xf301d99301ff123c!8m2!3d40.6728823!4d-73.990971!16s%2Fg%2F11b8096rvc?entry=tts\">Poursteady<\/a><br \/>\n168 7th St #1A<br \/>\nBrooklyn, NY 11215<\/p>\n<p>&nbsp;<\/p>\n<p><strong>La Barista League Montr\u00e9al<\/strong><br \/>\n29 ao\u00fbt<br \/>\n<a href=\"https:\/\/www.google.com\/maps\/place\/Society+for+Arts+and+Technology\/@45.5593046,-73.876679,11z\/data=!4m7!3m6!1s0x4cc91a4e0c746d9f:0x7660ab5cfd2ecc15!8m2!3d45.5095481!4d-73.5627861!15sCg1zYXRzIG1vbnRyZWFsWg8iDXNhdHMgbW9udHJlYWySAQphcnRfY2VudGVymgEjQ2haRFNVaE5NRzluUzBWSlEwRm5TVU5QZGtwRGFGUjNFQUXgAQA!16s%2Fg%2F121rcq88?entry=tts\">SATS<\/a><br \/>\n1201 Blvd St Laurent<br \/>\nMontr\u00e9al, Qu\u00e9bec H2X 2S6<\/p>\n<p>&nbsp;<\/p>\n<p>&nbsp;<\/p>\n<p><strong>Suivez cet \u00e9v\u00e9nement sur la page officielle d\u2019Instagram<\/strong><br \/>\n@ranciliospecialty #ranciliospecialty<\/p>\n<p>&nbsp;<\/p>\n<p><a href=\"https:\/\/www.ranciliogroup.com\/fr\/specialty\/invicta\/\"><strong>D\u00e9couvrez Rancilio Specialty Invicta<\/strong><\/a><\/p>\n<p>&nbsp;<\/p>\n<p>&nbsp;<\/p>\n<p>&nbsp;<\/p>\n","protected":false},"excerpt":{"rendered":"<p>Du 17 au 29 ao\u00fbt, Rancilio Specialty et The Barista League s&#8217;associent une fois de plus pour une s\u00e9rie d&#8217;\u00e9v\u00e9nements&#8230;<\/p>\n","protected":false},"author":5,"featured_media":74874,"comment_status":"closed","ping_status":"closed","sticky":false,"template":"","format":"standard","meta":[],"categories":[878],"tags":[3593,3594,3595,2624,2596],"acf":[],"yoast_head":"<!-- This site is optimized with the Yoast SEO plugin v21.5 - https:\/\/yoast.com\/wordpress\/plugins\/seo\/ -->\n<title>Latest update about Rancilio Specialty participe \u00e0 la tourn\u00e9e nord-am\u00e9ricaine de la Barista League - Rancilio Group<\/title>\n<meta name=\"description\" content=\"Read Rancilio Group&#039;s latest news about Rancilio Specialty participe \u00e0 la tourn\u00e9e nord-am\u00e9ricaine de la Barista League\" \/>\n<meta name=\"robots\" content=\"index, follow, max-snippet:-1, max-image-preview:large, max-video-preview:-1\" \/>\n<link rel=\"canonical\" href=\"https:\/\/www.ranciliogroup.com\/fr\/rancilio-specialty-participe-a-la-tournee-nord-americaine-de-la-barista-league\/\" \/>\n<meta property=\"og:locale\" content=\"fr_FR\" \/>\n<meta property=\"og:type\" content=\"article\" \/>\n<meta property=\"og:title\" content=\"Latest update about Rancilio Specialty participe \u00e0 la tourn\u00e9e nord-am\u00e9ricaine de la Barista League - Rancilio Group\" \/>\n<meta property=\"og:description\" content=\"Read Rancilio Group&#039;s latest news about Rancilio Specialty participe \u00e0 la tourn\u00e9e nord-am\u00e9ricaine de la Barista League\" \/>\n<meta property=\"og:url\" content=\"https:\/\/www.ranciliogroup.com\/fr\/rancilio-specialty-participe-a-la-tournee-nord-americaine-de-la-barista-league\/\" \/>\n<meta property=\"og:site_name\" content=\"Rancilio Group\" \/>\n<meta property=\"article:publisher\" content=\"https:\/\/www.facebook.com\/RancilioGroup\" \/>\n<meta property=\"article:published_time\" content=\"2024-07-26T08:16:44+00:00\" \/>\n<meta property=\"article:modified_time\" content=\"2024-07-26T09:49:45+00:00\" \/>\n<meta property=\"og:image\" content=\"https:\/\/www.ranciliogroup.com\/app\/uploads\/2024\/07\/TBL_RANCILIO_SPECIALTY.jpg\" \/>\n\t<meta property=\"og:image:width\" content=\"1080\" \/>\n\t<meta property=\"og:image:height\" content=\"720\" \/>\n\t<meta property=\"og:image:type\" content=\"image\/jpeg\" \/>\n<meta name=\"author\" content=\"temp circular\" \/>\n<meta name=\"twitter:card\" content=\"summary_large_image\" \/>\n<meta name=\"twitter:creator\" content=\"@ranciliogroup\" \/>\n<meta name=\"twitter:site\" content=\"@ranciliogroup\" \/>\n<meta name=\"twitter:label1\" content=\"Written by\" \/>\n\t<meta name=\"twitter:data1\" content=\"temp circular\" \/>\n\t<meta name=\"twitter:label2\" content=\"Est. reading time\" \/>\n\t<meta name=\"twitter:data2\" content=\"2 minutes\" \/>\n<script type=\"application\/ld+json\" class=\"yoast-schema-graph\">{\"@context\":\"https:\/\/schema.org\",\"@graph\":[{\"@type\":\"Article\",\"@id\":\"https:\/\/www.ranciliogroup.com\/fr\/rancilio-specialty-participe-a-la-tournee-nord-americaine-de-la-barista-league\/#article\",\"isPartOf\":{\"@id\":\"https:\/\/www.ranciliogroup.com\/fr\/rancilio-specialty-participe-a-la-tournee-nord-americaine-de-la-barista-league\/\"},\"author\":{\"name\":\"temp circular\",\"@id\":\"https:\/\/www.ranciliogroup.com\/fr\/#\/schema\/person\/d6bf0a7dfe74cded3d64da8b2c92814c\"},\"headline\":\"Rancilio Specialty participe \u00e0 la tourn\u00e9e nord-am\u00e9ricaine de la Barista League\",\"datePublished\":\"2024-07-26T08:16:44+00:00\",\"dateModified\":\"2024-07-26T09:49:45+00:00\",\"mainEntityOfPage\":{\"@id\":\"https:\/\/www.ranciliogroup.com\/fr\/rancilio-specialty-participe-a-la-tournee-nord-americaine-de-la-barista-league\/\"},\"wordCount\":337,\"publisher\":{\"@id\":\"https:\/\/www.ranciliogroup.com\/fr\/#organization\"},\"keywords\":[\"Montreal\",\"Brooklyn\",\"Denver\",\"Invicta\",\"Barista League\"],\"articleSection\":[\"Tous\"],\"inLanguage\":\"fr-FR\"},{\"@type\":\"WebPage\",\"@id\":\"https:\/\/www.ranciliogroup.com\/fr\/rancilio-specialty-participe-a-la-tournee-nord-americaine-de-la-barista-league\/\",\"url\":\"https:\/\/www.ranciliogroup.com\/fr\/rancilio-specialty-participe-a-la-tournee-nord-americaine-de-la-barista-league\/\",\"name\":\"Latest update about Rancilio Specialty participe \u00e0 la tourn\u00e9e nord-am\u00e9ricaine de la Barista League - Rancilio Group\",\"isPartOf\":{\"@id\":\"https:\/\/www.ranciliogroup.com\/fr\/#website\"},\"datePublished\":\"2024-07-26T08:16:44+00:00\",\"dateModified\":\"2024-07-26T09:49:45+00:00\",\"description\":\"Read Rancilio Group's latest news about Rancilio Specialty participe \u00e0 la tourn\u00e9e nord-am\u00e9ricaine de la Barista League\",\"breadcrumb\":{\"@id\":\"https:\/\/www.ranciliogroup.com\/fr\/rancilio-specialty-participe-a-la-tournee-nord-americaine-de-la-barista-league\/#breadcrumb\"},\"inLanguage\":\"fr-FR\",\"potentialAction\":[{\"@type\":\"ReadAction\",\"target\":[\"https:\/\/www.ranciliogroup.com\/fr\/rancilio-specialty-participe-a-la-tournee-nord-americaine-de-la-barista-league\/\"]}]},{\"@type\":\"BreadcrumbList\",\"@id\":\"https:\/\/www.ranciliogroup.com\/fr\/rancilio-specialty-participe-a-la-tournee-nord-americaine-de-la-barista-league\/#breadcrumb\",\"itemListElement\":[{\"@type\":\"ListItem\",\"position\":1,\"name\":\"Home\",\"item\":\"https:\/\/www.ranciliogroup.com\/fr\/\"},{\"@type\":\"ListItem\",\"position\":2,\"name\":\"Rancilio Specialty participe \u00e0 la tourn\u00e9e nord-am\u00e9ricaine de la Barista League\"}]},{\"@type\":\"WebSite\",\"@id\":\"https:\/\/www.ranciliogroup.com\/fr\/#website\",\"url\":\"https:\/\/www.ranciliogroup.com\/fr\/\",\"name\":\"Rancilio Group\",\"description\":\"Leader des machines \u00e0 caf\u00e9 professionnelles\",\"publisher\":{\"@id\":\"https:\/\/www.ranciliogroup.com\/fr\/#organization\"},\"potentialAction\":[{\"@type\":\"SearchAction\",\"target\":{\"@type\":\"EntryPoint\",\"urlTemplate\":\"https:\/\/www.ranciliogroup.com\/fr\/?s={search_term_string}\"},\"query-input\":\"required name=search_term_string\"}],\"inLanguage\":\"fr-FR\"},{\"@type\":\"Organization\",\"@id\":\"https:\/\/www.ranciliogroup.com\/fr\/#organization\",\"name\":\"Rancilio Group\",\"url\":\"https:\/\/www.ranciliogroup.com\/fr\/\",\"logo\":{\"@type\":\"ImageObject\",\"inLanguage\":\"fr-FR\",\"@id\":\"https:\/\/www.ranciliogroup.com\/fr\/#\/schema\/logo\/image\/\",\"url\":\"https:\/\/www.ranciliogroup.com\/app\/uploads\/2019\/07\/rancilio_black_logo.png\",\"contentUrl\":\"https:\/\/www.ranciliogroup.com\/app\/uploads\/2019\/07\/rancilio_black_logo.png\",\"width\":447,\"height\":57,\"caption\":\"Rancilio Group\"},\"image\":{\"@id\":\"https:\/\/www.ranciliogroup.com\/fr\/#\/schema\/logo\/image\/\"},\"sameAs\":[\"https:\/\/www.facebook.com\/RancilioGroup\",\"https:\/\/twitter.com\/ranciliogroup\",\"https:\/\/www.instagram.com\/rancilio_official\/\",\"https:\/\/www.linkedin.com\/company\/ranciliogroup\/\",\"https:\/\/www.youtube.com\/user\/rancilioadmin\"]},{\"@type\":\"Person\",\"@id\":\"https:\/\/www.ranciliogroup.com\/fr\/#\/schema\/person\/d6bf0a7dfe74cded3d64da8b2c92814c\",\"name\":\"temp circular\",\"image\":{\"@type\":\"ImageObject\",\"inLanguage\":\"fr-FR\",\"@id\":\"https:\/\/www.ranciliogroup.com\/fr\/#\/schema\/person\/image\/\",\"url\":\"https:\/\/secure.gravatar.com\/avatar\/569e71c3b97b8bcad1854d6579b35c5f?s=96&d=mm&r=g\",\"contentUrl\":\"https:\/\/secure.gravatar.com\/avatar\/569e71c3b97b8bcad1854d6579b35c5f?s=96&d=mm&r=g\",\"caption\":\"temp circular\"}}]}<\/script>\n<!-- \/ Yoast SEO plugin. -->","yoast_head_json":{"title":"Latest update about Rancilio Specialty participe \u00e0 la tourn\u00e9e nord-am\u00e9ricaine de la Barista League - Rancilio Group","description":"Read Rancilio Group's latest news about Rancilio Specialty participe \u00e0 la tourn\u00e9e nord-am\u00e9ricaine de la Barista League","robots":{"index":"index","follow":"follow","max-snippet":"max-snippet:-1","max-image-preview":"max-image-preview:large","max-video-preview":"max-video-preview:-1"},"canonical":"https:\/\/www.ranciliogroup.com\/fr\/rancilio-specialty-participe-a-la-tournee-nord-americaine-de-la-barista-league\/","og_locale":"fr_FR","og_type":"article","og_title":"Latest update about Rancilio Specialty participe \u00e0 la tourn\u00e9e nord-am\u00e9ricaine de la Barista League - Rancilio Group","og_description":"Read Rancilio Group's latest news about Rancilio Specialty participe \u00e0 la tourn\u00e9e nord-am\u00e9ricaine de la Barista League","og_url":"https:\/\/www.ranciliogroup.com\/fr\/rancilio-specialty-participe-a-la-tournee-nord-americaine-de-la-barista-league\/","og_site_name":"Rancilio Group","article_publisher":"https:\/\/www.facebook.com\/RancilioGroup","article_published_time":"2024-07-26T08:16:44+00:00","article_modified_time":"2024-07-26T09:49:45+00:00","og_image":[{"width":1080,"height":720,"url":"https:\/\/www.ranciliogroup.com\/app\/uploads\/2024\/07\/TBL_RANCILIO_SPECIALTY.jpg","type":"image\/jpeg"}],"author":"temp circular","twitter_card":"summary_large_image","twitter_creator":"@ranciliogroup","twitter_site":"@ranciliogroup","twitter_misc":{"Written by":"temp circular","Est. reading time":"2 minutes"},"schema":{"@context":"https:\/\/schema.org","@graph":[{"@type":"Article","@id":"https:\/\/www.ranciliogroup.com\/fr\/rancilio-specialty-participe-a-la-tournee-nord-americaine-de-la-barista-league\/#article","isPartOf":{"@id":"https:\/\/www.ranciliogroup.com\/fr\/rancilio-specialty-participe-a-la-tournee-nord-americaine-de-la-barista-league\/"},"author":{"name":"temp circular","@id":"https:\/\/www.ranciliogroup.com\/fr\/#\/schema\/person\/d6bf0a7dfe74cded3d64da8b2c92814c"},"headline":"Rancilio Specialty participe \u00e0 la tourn\u00e9e nord-am\u00e9ricaine de la Barista League","datePublished":"2024-07-26T08:16:44+00:00","dateModified":"2024-07-26T09:49:45+00:00","mainEntityOfPage":{"@id":"https:\/\/www.ranciliogroup.com\/fr\/rancilio-specialty-participe-a-la-tournee-nord-americaine-de-la-barista-league\/"},"wordCount":337,"publisher":{"@id":"https:\/\/www.ranciliogroup.com\/fr\/#organization"},"keywords":["Montreal","Brooklyn","Denver","Invicta","Barista League"],"articleSection":["Tous"],"inLanguage":"fr-FR"},{"@type":"WebPage","@id":"https:\/\/www.ranciliogroup.com\/fr\/rancilio-specialty-participe-a-la-tournee-nord-americaine-de-la-barista-league\/","url":"https:\/\/www.ranciliogroup.com\/fr\/rancilio-specialty-participe-a-la-tournee-nord-americaine-de-la-barista-league\/","name":"Latest update about Rancilio Specialty participe \u00e0 la tourn\u00e9e nord-am\u00e9ricaine de la Barista League - Rancilio Group","isPartOf":{"@id":"https:\/\/www.ranciliogroup.com\/fr\/#website"},"datePublished":"2024-07-26T08:16:44+00:00","dateModified":"2024-07-26T09:49:45+00:00","description":"Read Rancilio Group's latest news about Rancilio Specialty participe \u00e0 la tourn\u00e9e nord-am\u00e9ricaine de la Barista League","breadcrumb":{"@id":"https:\/\/www.ranciliogroup.com\/fr\/rancilio-specialty-participe-a-la-tournee-nord-americaine-de-la-barista-league\/#breadcrumb"},"inLanguage":"fr-FR","potentialAction":[{"@type":"ReadAction","target":["https:\/\/www.ranciliogroup.com\/fr\/rancilio-specialty-participe-a-la-tournee-nord-americaine-de-la-barista-league\/"]}]},{"@type":"BreadcrumbList","@id":"https:\/\/www.ranciliogroup.com\/fr\/rancilio-specialty-participe-a-la-tournee-nord-americaine-de-la-barista-league\/#breadcrumb","itemListElement":[{"@type":"ListItem","position":1,"name":"Home","item":"https:\/\/www.ranciliogroup.com\/fr\/"},{"@type":"ListItem","position":2,"name":"Rancilio Specialty participe \u00e0 la tourn\u00e9e nord-am\u00e9ricaine de la Barista League"}]},{"@type":"WebSite","@id":"https:\/\/www.ranciliogroup.com\/fr\/#website","url":"https:\/\/www.ranciliogroup.com\/fr\/","name":"Rancilio Group","description":"Leader des machines \u00e0 caf\u00e9 professionnelles","publisher":{"@id":"https:\/\/www.ranciliogroup.com\/fr\/#organization"},"potentialAction":[{"@type":"SearchAction","target":{"@type":"EntryPoint","urlTemplate":"https:\/\/www.ranciliogroup.com\/fr\/?s={search_term_string}"},"query-input":"required name=search_term_string"}],"inLanguage":"fr-FR"},{"@type":"Organization","@id":"https:\/\/www.ranciliogroup.com\/fr\/#organization","name":"Rancilio Group","url":"https:\/\/www.ranciliogroup.com\/fr\/","logo":{"@type":"ImageObject","inLanguage":"fr-FR","@id":"https:\/\/www.ranciliogroup.com\/fr\/#\/schema\/logo\/image\/","url":"https:\/\/www.ranciliogroup.com\/app\/uploads\/2019\/07\/rancilio_black_logo.png","contentUrl":"https:\/\/www.ranciliogroup.com\/app\/uploads\/2019\/07\/rancilio_black_logo.png","width":447,"height":57,"caption":"Rancilio Group"},"image":{"@id":"https:\/\/www.ranciliogroup.com\/fr\/#\/schema\/logo\/image\/"},"sameAs":["https:\/\/www.facebook.com\/RancilioGroup","https:\/\/twitter.com\/ranciliogroup","https:\/\/www.instagram.com\/rancilio_official\/","https:\/\/www.linkedin.com\/company\/ranciliogroup\/","https:\/\/www.youtube.com\/user\/rancilioadmin"]},{"@type":"Person","@id":"https:\/\/www.ranciliogroup.com\/fr\/#\/schema\/person\/d6bf0a7dfe74cded3d64da8b2c92814c","name":"temp circular","image":{"@type":"ImageObject","inLanguage":"fr-FR","@id":"https:\/\/www.ranciliogroup.com\/fr\/#\/schema\/person\/image\/","url":"https:\/\/secure.gravatar.com\/avatar\/569e71c3b97b8bcad1854d6579b35c5f?s=96&d=mm&r=g","contentUrl":"https:\/\/secure.gravatar.com\/avatar\/569e71c3b97b8bcad1854d6579b35c5f?s=96&d=mm&r=g","caption":"temp circular"}}]}},"_links":{"self":[{"href":"https:\/\/www.ranciliogroup.com\/fr\/wp-json\/wp\/v2\/posts\/74848"}],"collection":[{"href":"https:\/\/www.ranciliogroup.com\/fr\/wp-json\/wp\/v2\/posts"}],"about":[{"href":"https:\/\/www.ranciliogroup.com\/fr\/wp-json\/wp\/v2\/types\/post"}],"author":[{"embeddable":true,"href":"https:\/\/www.ranciliogroup.com\/fr\/wp-json\/wp\/v2\/users\/5"}],"replies":[{"embeddable":true,"href":"https:\/\/www.ranciliogroup.com\/fr\/wp-json\/wp\/v2\/comments?post=74848"}],"version-history":[{"count":4,"href":"https:\/\/www.ranciliogroup.com\/fr\/wp-json\/wp\/v2\/posts\/74848\/revisions"}],"predecessor-version":[{"id":74864,"href":"https:\/\/www.ranciliogroup.com\/fr\/wp-json\/wp\/v2\/posts\/74848\/revisions\/74864"}],"wp:featuredmedia":[{"embeddable":true,"href":"https:\/\/www.ranciliogroup.com\/fr\/wp-json\/wp\/v2\/media\/74874"}],"wp:attachment":[{"href":"https:\/\/www.ranciliogroup.com\/fr\/wp-json\/wp\/v2\/media?parent=74848"}],"wp:term":[{"taxonomy":"category","embeddable":true,"href":"https:\/\/www.ranciliogroup.com\/fr\/wp-json\/wp\/v2\/categories?post=74848"},{"taxonomy":"post_tag","embeddable":true,"href":"https:\/\/www.ranciliogroup.com\/fr\/wp-json\/wp\/v2\/tags?post=74848"}],"curies":[{"name":"wp","href":"https:\/\/api.w.org\/{rel}","templated":true}]}}