{"id":75093,"date":"2024-08-30T10:50:41","date_gmt":"2024-08-30T08:50:41","guid":{"rendered":"https:\/\/www.ranciliogroup.com\/?p=75093"},"modified":"2024-08-30T10:50:41","modified_gmt":"2024-08-30T08:50:41","slug":"julius-meinl-accueillera-la-grande-finale-de-la-barista-cup-avec-rancilio-specialty-rs1","status":"publish","type":"post","link":"https:\/\/www.ranciliogroup.com\/fr\/julius-meinl-accueillera-la-grande-finale-de-la-barista-cup-avec-rancilio-specialty-rs1\/","title":{"rendered":"Julius Meinl accueillera la Grande Finale de la Barista Cup avec Rancilio Specialty RS1"},"content":{"rendered":"<p>La marque de caf\u00e9 haut de gamme Julius Meinl organisera la Grande Finale de son premier concours international de baristas \u00e0 son si\u00e8ge historique de Vienne le 19 septembre 2024. Des baristas de 12 pays, dont l&#8217;Autriche, l&#8217;Italie et les \u00c9tats-Unis, pr\u00e9senteront leur savoir-faire dans la pr\u00e9paration des expressos, des cappuccinos et des boissons sp\u00e9ciales.<\/p>\n<p>Apr\u00e8s avoir gagn\u00e9 leur place lors de leur comp\u00e9tition nationale, ces meilleurs baristas s&#8217;affronteront sur la sc\u00e8ne internationale aux c\u00f4t\u00e9s de la machine \u00e0 expresso Rancilio Specialty RS1 multi-chaudi\u00e8res. R\u00e9put\u00e9e pour sa technologie d\u2019infusion de pointe, la RS1 offre aux baristas un contr\u00f4le in\u00e9gal\u00e9 sur le processus d&#8217;extraction de l&#8217;expresso gr\u00e2ce \u00e0 l\u2019Advanced Temperature Profiling. Cette technologie permet aux concurrents d\u2019ajuster finement la temp\u00e9rature, lib\u00e9rant ainsi tout le potentiel aromatique de chaque grain de caf\u00e9. La conception du flux de travail unique de la RS1, associ\u00e9e \u00e0 l&#8217;expertise de Rancilio, garantit que chaque tasse servie pendant la comp\u00e9tition r\u00e9pond aux normes de qualit\u00e9 et de go\u00fbt les plus \u00e9lev\u00e9es.<\/p>\n<p>Des juges renomm\u00e9s, parmi lesquels Tim Sturk, Angelika Galas, Ali Vogel et Agnieszka Rojewska, \u00e9valueront les concurrents, tandis que la personnalit\u00e9 de la t\u00e9l\u00e9vision croate Iva \u0160ulenti\u0107 mod\u00e9rera l&#8217;\u00e9v\u00e9nement. \u00ab Nous sommes ravis de collaborer avec les plus grandes marques du secteur dans le cadre de notre engagement continu en faveur de l&#8217;innovation \u00bb, d\u00e9clare Angelika Galas, directrice de la Julius Meinl Coffee Academy. \u00ab Adopter les derni\u00e8res technologies est essentiel pour proposer des exp\u00e9riences de caf\u00e9 haut de gamme. En fournissant \u00e0 nos baristas les meilleurs outils et \u00e9quipements, nous pouvons leur permettre d&#8217;offrir l&#8217;excellence dans chaque tasse. \u00bb<\/p>\n<p>L&#8217;\u00e9v\u00e9nement promet d&#8217;\u00eatre une c\u00e9l\u00e9bration de l&#8217;excellence du caf\u00e9, o\u00f9 chaque barista apportera sa touche personnelle sur la sc\u00e8ne mondiale. Le gagnant embarquera pour un voyage exclusif au Honduras, o\u00f9 il s&#8217;immergera dans la riche culture du caf\u00e9 du pays.<\/p>\n<p>&nbsp;<\/p>\n<p>&nbsp;<\/p>\n<p><strong>Julius Meinl Barista Cup 2024<\/strong><br \/>\n19 septembre 2024<br \/>\n\u00c0 partir de 16h30<br \/>\n<a href=\"https:\/\/www.google.com\/maps\/place\/Julius+Meinl+Online+Shop+(Coffee,+tea+%26+more+Store)+-+Vienna\/@48.2205916,16.3083143,17z\/data=!3m1!4b1!4m6!3m5!1s0x476d086d184cfa85:0xbd4e3265807d4753!8m2!3d48.2205916!4d16.3108946!16s%2Fg%2F1txfmz02?authuser=0&amp;entry=ttu&amp;g_ep=EgoyMDI0MDgyMS4wIKXMDSoASAFQAw%3D%3D\">Si\u00e8ge social de Julius Meinl<\/a><br \/>\nJulius-Meinl-Gasse 3-7<br \/>\n1160 Vienne, Autriche<\/p>\n<p>&nbsp;<\/p>\n<p><strong>D\u00e9couvrez l\u2019\u00e9v\u00e9nement<\/strong><br \/>\n<a href=\"https:\/\/juliusmeinl.com\/barista-cup\">https:\/\/juliusmeinl.com\/barista-cup<\/a><\/p>\n<p>&nbsp;<\/p>\n<p><a href=\"https:\/\/www.ranciliogroup.com\/fr\/specialty\/rs1\/\"><strong>D\u00e9couvrez Rancilio Specialty RS1<\/strong><\/a><\/p>\n","protected":false},"excerpt":{"rendered":"<p>La marque de caf\u00e9 haut de gamme Julius Meinl organisera la Grande Finale de son premier concours international de baristas&#8230;<\/p>\n","protected":false},"author":5,"featured_media":75087,"comment_status":"closed","ping_status":"closed","sticky":false,"template":"","format":"standard","meta":[],"categories":[878],"tags":[3654,3626,3458,3348,2594],"acf":[],"yoast_head":"<!-- This site is optimized with the Yoast SEO plugin v21.5 - https:\/\/yoast.com\/wordpress\/plugins\/seo\/ -->\n<title>Latest update about Julius Meinl accueillera la Grande Finale de la Barista Cup avec Rancilio Specialty RS1 - Rancilio Group<\/title>\n<meta name=\"description\" content=\"Read Rancilio Group&#039;s latest news about Julius Meinl accueillera la Grande Finale de la Barista Cup avec Rancilio Specialty RS1\" \/>\n<meta name=\"robots\" content=\"index, follow, max-snippet:-1, max-image-preview:large, max-video-preview:-1\" \/>\n<link rel=\"canonical\" href=\"https:\/\/www.ranciliogroup.com\/fr\/julius-meinl-accueillera-la-grande-finale-de-la-barista-cup-avec-rancilio-specialty-rs1\/\" \/>\n<meta property=\"og:locale\" content=\"fr_FR\" \/>\n<meta property=\"og:type\" content=\"article\" \/>\n<meta property=\"og:title\" content=\"Latest update about Julius Meinl accueillera la Grande Finale de la Barista Cup avec Rancilio Specialty RS1 - Rancilio Group\" \/>\n<meta property=\"og:description\" content=\"Read Rancilio Group&#039;s latest news about Julius Meinl accueillera la Grande Finale de la Barista Cup avec Rancilio Specialty RS1\" \/>\n<meta property=\"og:url\" content=\"https:\/\/www.ranciliogroup.com\/fr\/julius-meinl-accueillera-la-grande-finale-de-la-barista-cup-avec-rancilio-specialty-rs1\/\" \/>\n<meta property=\"og:site_name\" content=\"Rancilio Group\" \/>\n<meta property=\"article:publisher\" content=\"https:\/\/www.facebook.com\/RancilioGroup\" \/>\n<meta property=\"article:published_time\" content=\"2024-08-30T08:50:41+00:00\" \/>\n<meta property=\"og:image\" content=\"https:\/\/www.ranciliogroup.com\/app\/uploads\/2024\/08\/Rancilio_Specialty_JM-Barista-Cup-2024.jpg\" \/>\n\t<meta property=\"og:image:width\" content=\"1080\" \/>\n\t<meta property=\"og:image:height\" content=\"720\" \/>\n\t<meta property=\"og:image:type\" content=\"image\/jpeg\" \/>\n<meta name=\"author\" content=\"temp circular\" \/>\n<meta name=\"twitter:card\" content=\"summary_large_image\" \/>\n<meta name=\"twitter:creator\" content=\"@ranciliogroup\" \/>\n<meta name=\"twitter:site\" content=\"@ranciliogroup\" \/>\n<meta name=\"twitter:label1\" content=\"Written by\" \/>\n\t<meta name=\"twitter:data1\" content=\"temp circular\" \/>\n\t<meta name=\"twitter:label2\" content=\"Est. reading time\" \/>\n\t<meta name=\"twitter:data2\" content=\"2 minutes\" \/>\n<script type=\"application\/ld+json\" class=\"yoast-schema-graph\">{\"@context\":\"https:\/\/schema.org\",\"@graph\":[{\"@type\":\"Article\",\"@id\":\"https:\/\/www.ranciliogroup.com\/fr\/julius-meinl-accueillera-la-grande-finale-de-la-barista-cup-avec-rancilio-specialty-rs1\/#article\",\"isPartOf\":{\"@id\":\"https:\/\/www.ranciliogroup.com\/fr\/julius-meinl-accueillera-la-grande-finale-de-la-barista-cup-avec-rancilio-specialty-rs1\/\"},\"author\":{\"name\":\"temp circular\",\"@id\":\"https:\/\/www.ranciliogroup.com\/fr\/#\/schema\/person\/d6bf0a7dfe74cded3d64da8b2c92814c\"},\"headline\":\"Julius Meinl accueillera la Grande Finale de la Barista Cup avec Rancilio Specialty RS1\",\"datePublished\":\"2024-08-30T08:50:41+00:00\",\"dateModified\":\"2024-08-30T08:50:41+00:00\",\"mainEntityOfPage\":{\"@id\":\"https:\/\/www.ranciliogroup.com\/fr\/julius-meinl-accueillera-la-grande-finale-de-la-barista-cup-avec-rancilio-specialty-rs1\/\"},\"wordCount\":382,\"publisher\":{\"@id\":\"https:\/\/www.ranciliogroup.com\/fr\/#organization\"},\"keywords\":[\"Austria\",\"Barista Championship\",\"Julius Meinl\",\"Advanced Temperature Profiling\",\"RS1\"],\"articleSection\":[\"Tous\"],\"inLanguage\":\"fr-FR\"},{\"@type\":\"WebPage\",\"@id\":\"https:\/\/www.ranciliogroup.com\/fr\/julius-meinl-accueillera-la-grande-finale-de-la-barista-cup-avec-rancilio-specialty-rs1\/\",\"url\":\"https:\/\/www.ranciliogroup.com\/fr\/julius-meinl-accueillera-la-grande-finale-de-la-barista-cup-avec-rancilio-specialty-rs1\/\",\"name\":\"Latest update about Julius Meinl accueillera la Grande Finale de la Barista Cup avec Rancilio Specialty RS1 - Rancilio Group\",\"isPartOf\":{\"@id\":\"https:\/\/www.ranciliogroup.com\/fr\/#website\"},\"datePublished\":\"2024-08-30T08:50:41+00:00\",\"dateModified\":\"2024-08-30T08:50:41+00:00\",\"description\":\"Read Rancilio Group's latest news about Julius Meinl accueillera la Grande Finale de la Barista Cup avec Rancilio Specialty RS1\",\"breadcrumb\":{\"@id\":\"https:\/\/www.ranciliogroup.com\/fr\/julius-meinl-accueillera-la-grande-finale-de-la-barista-cup-avec-rancilio-specialty-rs1\/#breadcrumb\"},\"inLanguage\":\"fr-FR\",\"potentialAction\":[{\"@type\":\"ReadAction\",\"target\":[\"https:\/\/www.ranciliogroup.com\/fr\/julius-meinl-accueillera-la-grande-finale-de-la-barista-cup-avec-rancilio-specialty-rs1\/\"]}]},{\"@type\":\"BreadcrumbList\",\"@id\":\"https:\/\/www.ranciliogroup.com\/fr\/julius-meinl-accueillera-la-grande-finale-de-la-barista-cup-avec-rancilio-specialty-rs1\/#breadcrumb\",\"itemListElement\":[{\"@type\":\"ListItem\",\"position\":1,\"name\":\"Home\",\"item\":\"https:\/\/www.ranciliogroup.com\/fr\/\"},{\"@type\":\"ListItem\",\"position\":2,\"name\":\"Julius Meinl accueillera la Grande Finale de la Barista Cup avec Rancilio Specialty RS1\"}]},{\"@type\":\"WebSite\",\"@id\":\"https:\/\/www.ranciliogroup.com\/fr\/#website\",\"url\":\"https:\/\/www.ranciliogroup.com\/fr\/\",\"name\":\"Rancilio Group\",\"description\":\"Leader des machines \u00e0 caf\u00e9 professionnelles\",\"publisher\":{\"@id\":\"https:\/\/www.ranciliogroup.com\/fr\/#organization\"},\"potentialAction\":[{\"@type\":\"SearchAction\",\"target\":{\"@type\":\"EntryPoint\",\"urlTemplate\":\"https:\/\/www.ranciliogroup.com\/fr\/?s={search_term_string}\"},\"query-input\":\"required name=search_term_string\"}],\"inLanguage\":\"fr-FR\"},{\"@type\":\"Organization\",\"@id\":\"https:\/\/www.ranciliogroup.com\/fr\/#organization\",\"name\":\"Rancilio Group\",\"url\":\"https:\/\/www.ranciliogroup.com\/fr\/\",\"logo\":{\"@type\":\"ImageObject\",\"inLanguage\":\"fr-FR\",\"@id\":\"https:\/\/www.ranciliogroup.com\/fr\/#\/schema\/logo\/image\/\",\"url\":\"https:\/\/www.ranciliogroup.com\/app\/uploads\/2019\/07\/rancilio_black_logo.png\",\"contentUrl\":\"https:\/\/www.ranciliogroup.com\/app\/uploads\/2019\/07\/rancilio_black_logo.png\",\"width\":447,\"height\":57,\"caption\":\"Rancilio Group\"},\"image\":{\"@id\":\"https:\/\/www.ranciliogroup.com\/fr\/#\/schema\/logo\/image\/\"},\"sameAs\":[\"https:\/\/www.facebook.com\/RancilioGroup\",\"https:\/\/twitter.com\/ranciliogroup\",\"https:\/\/www.instagram.com\/rancilio_official\/\",\"https:\/\/www.linkedin.com\/company\/ranciliogroup\/\",\"https:\/\/www.youtube.com\/user\/rancilioadmin\"]},{\"@type\":\"Person\",\"@id\":\"https:\/\/www.ranciliogroup.com\/fr\/#\/schema\/person\/d6bf0a7dfe74cded3d64da8b2c92814c\",\"name\":\"temp circular\",\"image\":{\"@type\":\"ImageObject\",\"inLanguage\":\"fr-FR\",\"@id\":\"https:\/\/www.ranciliogroup.com\/fr\/#\/schema\/person\/image\/\",\"url\":\"https:\/\/secure.gravatar.com\/avatar\/569e71c3b97b8bcad1854d6579b35c5f?s=96&d=mm&r=g\",\"contentUrl\":\"https:\/\/secure.gravatar.com\/avatar\/569e71c3b97b8bcad1854d6579b35c5f?s=96&d=mm&r=g\",\"caption\":\"temp circular\"}}]}<\/script>\n<!-- \/ Yoast SEO plugin. -->","yoast_head_json":{"title":"Latest update about Julius Meinl accueillera la Grande Finale de la Barista Cup avec Rancilio Specialty RS1 - Rancilio Group","description":"Read Rancilio Group's latest news about Julius Meinl accueillera la Grande Finale de la Barista Cup avec Rancilio Specialty RS1","robots":{"index":"index","follow":"follow","max-snippet":"max-snippet:-1","max-image-preview":"max-image-preview:large","max-video-preview":"max-video-preview:-1"},"canonical":"https:\/\/www.ranciliogroup.com\/fr\/julius-meinl-accueillera-la-grande-finale-de-la-barista-cup-avec-rancilio-specialty-rs1\/","og_locale":"fr_FR","og_type":"article","og_title":"Latest update about Julius Meinl accueillera la Grande Finale de la Barista Cup avec Rancilio Specialty RS1 - Rancilio Group","og_description":"Read Rancilio Group's latest news about Julius Meinl accueillera la Grande Finale de la Barista Cup avec Rancilio Specialty RS1","og_url":"https:\/\/www.ranciliogroup.com\/fr\/julius-meinl-accueillera-la-grande-finale-de-la-barista-cup-avec-rancilio-specialty-rs1\/","og_site_name":"Rancilio Group","article_publisher":"https:\/\/www.facebook.com\/RancilioGroup","article_published_time":"2024-08-30T08:50:41+00:00","og_image":[{"width":1080,"height":720,"url":"https:\/\/www.ranciliogroup.com\/app\/uploads\/2024\/08\/Rancilio_Specialty_JM-Barista-Cup-2024.jpg","type":"image\/jpeg"}],"author":"temp circular","twitter_card":"summary_large_image","twitter_creator":"@ranciliogroup","twitter_site":"@ranciliogroup","twitter_misc":{"Written by":"temp circular","Est. reading time":"2 minutes"},"schema":{"@context":"https:\/\/schema.org","@graph":[{"@type":"Article","@id":"https:\/\/www.ranciliogroup.com\/fr\/julius-meinl-accueillera-la-grande-finale-de-la-barista-cup-avec-rancilio-specialty-rs1\/#article","isPartOf":{"@id":"https:\/\/www.ranciliogroup.com\/fr\/julius-meinl-accueillera-la-grande-finale-de-la-barista-cup-avec-rancilio-specialty-rs1\/"},"author":{"name":"temp circular","@id":"https:\/\/www.ranciliogroup.com\/fr\/#\/schema\/person\/d6bf0a7dfe74cded3d64da8b2c92814c"},"headline":"Julius Meinl accueillera la Grande Finale de la Barista Cup avec Rancilio Specialty RS1","datePublished":"2024-08-30T08:50:41+00:00","dateModified":"2024-08-30T08:50:41+00:00","mainEntityOfPage":{"@id":"https:\/\/www.ranciliogroup.com\/fr\/julius-meinl-accueillera-la-grande-finale-de-la-barista-cup-avec-rancilio-specialty-rs1\/"},"wordCount":382,"publisher":{"@id":"https:\/\/www.ranciliogroup.com\/fr\/#organization"},"keywords":["Austria","Barista Championship","Julius Meinl","Advanced Temperature Profiling","RS1"],"articleSection":["Tous"],"inLanguage":"fr-FR"},{"@type":"WebPage","@id":"https:\/\/www.ranciliogroup.com\/fr\/julius-meinl-accueillera-la-grande-finale-de-la-barista-cup-avec-rancilio-specialty-rs1\/","url":"https:\/\/www.ranciliogroup.com\/fr\/julius-meinl-accueillera-la-grande-finale-de-la-barista-cup-avec-rancilio-specialty-rs1\/","name":"Latest update about Julius Meinl accueillera la Grande Finale de la Barista Cup avec Rancilio Specialty RS1 - Rancilio Group","isPartOf":{"@id":"https:\/\/www.ranciliogroup.com\/fr\/#website"},"datePublished":"2024-08-30T08:50:41+00:00","dateModified":"2024-08-30T08:50:41+00:00","description":"Read Rancilio Group's latest news about Julius Meinl accueillera la Grande Finale de la Barista Cup avec Rancilio Specialty RS1","breadcrumb":{"@id":"https:\/\/www.ranciliogroup.com\/fr\/julius-meinl-accueillera-la-grande-finale-de-la-barista-cup-avec-rancilio-specialty-rs1\/#breadcrumb"},"inLanguage":"fr-FR","potentialAction":[{"@type":"ReadAction","target":["https:\/\/www.ranciliogroup.com\/fr\/julius-meinl-accueillera-la-grande-finale-de-la-barista-cup-avec-rancilio-specialty-rs1\/"]}]},{"@type":"BreadcrumbList","@id":"https:\/\/www.ranciliogroup.com\/fr\/julius-meinl-accueillera-la-grande-finale-de-la-barista-cup-avec-rancilio-specialty-rs1\/#breadcrumb","itemListElement":[{"@type":"ListItem","position":1,"name":"Home","item":"https:\/\/www.ranciliogroup.com\/fr\/"},{"@type":"ListItem","position":2,"name":"Julius Meinl accueillera la Grande Finale de la Barista Cup avec Rancilio Specialty RS1"}]},{"@type":"WebSite","@id":"https:\/\/www.ranciliogroup.com\/fr\/#website","url":"https:\/\/www.ranciliogroup.com\/fr\/","name":"Rancilio Group","description":"Leader des machines \u00e0 caf\u00e9 professionnelles","publisher":{"@id":"https:\/\/www.ranciliogroup.com\/fr\/#organization"},"potentialAction":[{"@type":"SearchAction","target":{"@type":"EntryPoint","urlTemplate":"https:\/\/www.ranciliogroup.com\/fr\/?s={search_term_string}"},"query-input":"required name=search_term_string"}],"inLanguage":"fr-FR"},{"@type":"Organization","@id":"https:\/\/www.ranciliogroup.com\/fr\/#organization","name":"Rancilio Group","url":"https:\/\/www.ranciliogroup.com\/fr\/","logo":{"@type":"ImageObject","inLanguage":"fr-FR","@id":"https:\/\/www.ranciliogroup.com\/fr\/#\/schema\/logo\/image\/","url":"https:\/\/www.ranciliogroup.com\/app\/uploads\/2019\/07\/rancilio_black_logo.png","contentUrl":"https:\/\/www.ranciliogroup.com\/app\/uploads\/2019\/07\/rancilio_black_logo.png","width":447,"height":57,"caption":"Rancilio Group"},"image":{"@id":"https:\/\/www.ranciliogroup.com\/fr\/#\/schema\/logo\/image\/"},"sameAs":["https:\/\/www.facebook.com\/RancilioGroup","https:\/\/twitter.com\/ranciliogroup","https:\/\/www.instagram.com\/rancilio_official\/","https:\/\/www.linkedin.com\/company\/ranciliogroup\/","https:\/\/www.youtube.com\/user\/rancilioadmin"]},{"@type":"Person","@id":"https:\/\/www.ranciliogroup.com\/fr\/#\/schema\/person\/d6bf0a7dfe74cded3d64da8b2c92814c","name":"temp circular","image":{"@type":"ImageObject","inLanguage":"fr-FR","@id":"https:\/\/www.ranciliogroup.com\/fr\/#\/schema\/person\/image\/","url":"https:\/\/secure.gravatar.com\/avatar\/569e71c3b97b8bcad1854d6579b35c5f?s=96&d=mm&r=g","contentUrl":"https:\/\/secure.gravatar.com\/avatar\/569e71c3b97b8bcad1854d6579b35c5f?s=96&d=mm&r=g","caption":"temp circular"}}]}},"_links":{"self":[{"href":"https:\/\/www.ranciliogroup.com\/fr\/wp-json\/wp\/v2\/posts\/75093"}],"collection":[{"href":"https:\/\/www.ranciliogroup.com\/fr\/wp-json\/wp\/v2\/posts"}],"about":[{"href":"https:\/\/www.ranciliogroup.com\/fr\/wp-json\/wp\/v2\/types\/post"}],"author":[{"embeddable":true,"href":"https:\/\/www.ranciliogroup.com\/fr\/wp-json\/wp\/v2\/users\/5"}],"replies":[{"embeddable":true,"href":"https:\/\/www.ranciliogroup.com\/fr\/wp-json\/wp\/v2\/comments?post=75093"}],"version-history":[{"count":2,"href":"https:\/\/www.ranciliogroup.com\/fr\/wp-json\/wp\/v2\/posts\/75093\/revisions"}],"predecessor-version":[{"id":75095,"href":"https:\/\/www.ranciliogroup.com\/fr\/wp-json\/wp\/v2\/posts\/75093\/revisions\/75095"}],"wp:featuredmedia":[{"embeddable":true,"href":"https:\/\/www.ranciliogroup.com\/fr\/wp-json\/wp\/v2\/media\/75087"}],"wp:attachment":[{"href":"https:\/\/www.ranciliogroup.com\/fr\/wp-json\/wp\/v2\/media?parent=75093"}],"wp:term":[{"taxonomy":"category","embeddable":true,"href":"https:\/\/www.ranciliogroup.com\/fr\/wp-json\/wp\/v2\/categories?post=75093"},{"taxonomy":"post_tag","embeddable":true,"href":"https:\/\/www.ranciliogroup.com\/fr\/wp-json\/wp\/v2\/tags?post=75093"}],"curies":[{"name":"wp","href":"https:\/\/api.w.org\/{rel}","templated":true}]}}