{"id":75465,"date":"2024-10-04T15:22:00","date_gmt":"2024-10-04T13:22:00","guid":{"rendered":"https:\/\/www.ranciliogroup.com\/?p=75465"},"modified":"2024-10-04T15:22:00","modified_gmt":"2024-10-04T13:22:00","slug":"rancilio-group-a-lifas-2024-de-zurich","status":"publish","type":"post","link":"https:\/\/www.ranciliogroup.com\/fr\/rancilio-group-a-lifas-2024-de-zurich\/","title":{"rendered":"Rancilio Group \u00e0 l\u2019IFAS 2024 de Zurich"},"content":{"rendered":"<p>Du 22 au 24 octobre, le Centre d\u2019exposition de Zurich accueillera l\u2019IFAS 2024, le plus grand salon suisse de la sant\u00e9. Egro Suisse EG sera pr\u00e9sent \u00e0 l\u2019\u00e9v\u00e9nement, pour mettre en avant les derni\u00e8res innovations d\u2019Egro.<\/p>\n<p>Le point fort du stand sera la machine \u00e0 caf\u00e9 automatique Egro MoDe, qui fera ses d\u00e9buts dans la version Pro Milk. Lanc\u00e9e en premi\u00e8re mondiale \u00e0 l&#8217;hiver 2023, cette machine offre des performances, une fiabilit\u00e9 et une polyvalence \u00e9lev\u00e9es, le tout dans un design \u00e9pur\u00e9 avec des caract\u00e9ristiques ergonomiques qui am\u00e9liorent l&#8217;efficacit\u00e9 du flux de travail et acc\u00e9l\u00e8rent le service.<\/p>\n<p>Les mod\u00e8les Egro Next NMS+ et Next X2, qui conviennent parfaitement aux configurations \u00e0 haut volume, seront \u00e9galement pr\u00e9sent\u00e9s. Ces machines \u00e0 caf\u00e9 \u00e0 haute performance et enti\u00e8rement automatiques offrent une large gamme de boissons, garantissant des r\u00e9sultats sup\u00e9rieurs pour chaque type de celles-ci, qu&#8217;elles soient chaudes ou froides, \u00e0 base de caf\u00e9, de lait frais ou de produits instantan\u00e9s.<\/p>\n<p>Pour les amateurs de caf\u00e9 de sp\u00e9cialit\u00e9, Rancilio Specialty pr\u00e9sentera l&#8217;Invicta, une machine \u00e0 expresso \u00e0 chaudi\u00e8re unique, facile \u00e0 utiliser. Con\u00e7ue pour simplifier le service et \u00e9lever l&#8217;exp\u00e9rience caf\u00e9 du barista, cette machine professionnelle est \u00e9galement tr\u00e8s appr\u00e9ci\u00e9e pour son design moderne et \u00e9pur\u00e9.<\/p>\n<p>Avec 10 000 visiteurs attendus, 260 exposants, et un programme de conf\u00e9rences et d\u2019ateliers, l\u2019IFAS 2024 est l\u2019\u00e9v\u00e9nement id\u00e9al pour les professionnels du secteur de la sant\u00e9 qui leur permettra de d\u00e9couvrir les derniers produits et services et d\u2019\u00e9largir leur r\u00e9seau.<\/p>\n<p>&nbsp;<\/p>\n<p>&nbsp;<\/p>\n<p><strong>IFAS 2024<\/strong><br \/>\nDu 22 au 24 octobre 2024<br \/>\nDe 9h00 \u00e0 17h00<br \/>\nHall 5 \/ Stand B30<br \/>\n<a href=\"https:\/\/www.google.com\/maps\/place\/Zurich+Exhibition+Hall\/@47.4114341,8.5507205,17z\/data=!3m1!4b1!4m6!3m5!1s0x47900a82732146c1:0x5da554673a6eaaa6!8m2!3d47.4114341!4d8.5533008!16s%2Fg%2F1ptwhx4c4?authuser=0&amp;entry=ttu&amp;g_ep=EgoyMDI0MDkxNi4wIKXMDSoASAFQAw%3D%3D\">Messe Zurich<\/a><br \/>\nWallisellenstrasse 49<br \/>\n8050 Zurich, Suisse<\/p>\n","protected":false},"excerpt":{"rendered":"<p>Du 22 au 24 octobre, le Centre d\u2019exposition de Zurich accueillera l\u2019IFAS 2024, le plus grand salon suisse de la&#8230;<\/p>\n","protected":false},"author":5,"featured_media":75459,"comment_status":"closed","ping_status":"closed","sticky":false,"template":"","format":"standard","meta":[],"categories":[878],"tags":[3788,3789,3678,3137,2697,2685,2624],"acf":[],"yoast_head":"<!-- This site is optimized with the Yoast SEO plugin v21.5 - https:\/\/yoast.com\/wordpress\/plugins\/seo\/ -->\n<title>Latest update about Rancilio Group \u00e0 l\u2019IFAS 2024 de Zurich - Rancilio Group<\/title>\n<meta name=\"description\" content=\"Read Rancilio Group&#039;s latest news about Rancilio Group \u00e0 l\u2019IFAS 2024 de Zurich\" \/>\n<meta name=\"robots\" content=\"index, follow, max-snippet:-1, max-image-preview:large, max-video-preview:-1\" \/>\n<link rel=\"canonical\" href=\"https:\/\/www.ranciliogroup.com\/fr\/rancilio-group-a-lifas-2024-de-zurich\/\" \/>\n<meta property=\"og:locale\" content=\"fr_FR\" \/>\n<meta property=\"og:type\" content=\"article\" \/>\n<meta property=\"og:title\" content=\"Latest update about Rancilio Group \u00e0 l\u2019IFAS 2024 de Zurich - Rancilio Group\" \/>\n<meta property=\"og:description\" content=\"Read Rancilio Group&#039;s latest news about Rancilio Group \u00e0 l\u2019IFAS 2024 de Zurich\" \/>\n<meta property=\"og:url\" content=\"https:\/\/www.ranciliogroup.com\/fr\/rancilio-group-a-lifas-2024-de-zurich\/\" \/>\n<meta property=\"og:site_name\" content=\"Rancilio Group\" \/>\n<meta property=\"article:publisher\" content=\"https:\/\/www.facebook.com\/RancilioGroup\" \/>\n<meta property=\"article:published_time\" content=\"2024-10-04T13:22:00+00:00\" \/>\n<meta property=\"og:image\" content=\"https:\/\/www.ranciliogroup.com\/app\/uploads\/2024\/10\/IFAS_EGRO_EG_2024_LR.jpg\" \/>\n\t<meta property=\"og:image:width\" content=\"1075\" \/>\n\t<meta property=\"og:image:height\" content=\"717\" \/>\n\t<meta property=\"og:image:type\" content=\"image\/jpeg\" \/>\n<meta name=\"author\" content=\"temp circular\" \/>\n<meta name=\"twitter:card\" content=\"summary_large_image\" \/>\n<meta name=\"twitter:creator\" content=\"@ranciliogroup\" \/>\n<meta name=\"twitter:site\" content=\"@ranciliogroup\" \/>\n<meta name=\"twitter:label1\" content=\"Written by\" \/>\n\t<meta name=\"twitter:data1\" content=\"temp circular\" \/>\n\t<meta name=\"twitter:label2\" content=\"Est. reading time\" \/>\n\t<meta name=\"twitter:data2\" content=\"2 minutes\" \/>\n<script type=\"application\/ld+json\" class=\"yoast-schema-graph\">{\"@context\":\"https:\/\/schema.org\",\"@graph\":[{\"@type\":\"Article\",\"@id\":\"https:\/\/www.ranciliogroup.com\/fr\/rancilio-group-a-lifas-2024-de-zurich\/#article\",\"isPartOf\":{\"@id\":\"https:\/\/www.ranciliogroup.com\/fr\/rancilio-group-a-lifas-2024-de-zurich\/\"},\"author\":{\"name\":\"temp circular\",\"@id\":\"https:\/\/www.ranciliogroup.com\/fr\/#\/schema\/person\/d6bf0a7dfe74cded3d64da8b2c92814c\"},\"headline\":\"Rancilio Group \u00e0 l\u2019IFAS 2024 de Zurich\",\"datePublished\":\"2024-10-04T13:22:00+00:00\",\"dateModified\":\"2024-10-04T13:22:00+00:00\",\"mainEntityOfPage\":{\"@id\":\"https:\/\/www.ranciliogroup.com\/fr\/rancilio-group-a-lifas-2024-de-zurich\/\"},\"wordCount\":287,\"publisher\":{\"@id\":\"https:\/\/www.ranciliogroup.com\/fr\/#organization\"},\"keywords\":[\"IFAS\",\"Next X2\",\"Pro Milk\",\"MoDe\",\"NMS+\",\"Next\",\"Invicta\"],\"articleSection\":[\"Tous\"],\"inLanguage\":\"fr-FR\"},{\"@type\":\"WebPage\",\"@id\":\"https:\/\/www.ranciliogroup.com\/fr\/rancilio-group-a-lifas-2024-de-zurich\/\",\"url\":\"https:\/\/www.ranciliogroup.com\/fr\/rancilio-group-a-lifas-2024-de-zurich\/\",\"name\":\"Latest update about Rancilio Group \u00e0 l\u2019IFAS 2024 de Zurich - Rancilio Group\",\"isPartOf\":{\"@id\":\"https:\/\/www.ranciliogroup.com\/fr\/#website\"},\"datePublished\":\"2024-10-04T13:22:00+00:00\",\"dateModified\":\"2024-10-04T13:22:00+00:00\",\"description\":\"Read Rancilio Group's latest news about Rancilio Group \u00e0 l\u2019IFAS 2024 de Zurich\",\"breadcrumb\":{\"@id\":\"https:\/\/www.ranciliogroup.com\/fr\/rancilio-group-a-lifas-2024-de-zurich\/#breadcrumb\"},\"inLanguage\":\"fr-FR\",\"potentialAction\":[{\"@type\":\"ReadAction\",\"target\":[\"https:\/\/www.ranciliogroup.com\/fr\/rancilio-group-a-lifas-2024-de-zurich\/\"]}]},{\"@type\":\"BreadcrumbList\",\"@id\":\"https:\/\/www.ranciliogroup.com\/fr\/rancilio-group-a-lifas-2024-de-zurich\/#breadcrumb\",\"itemListElement\":[{\"@type\":\"ListItem\",\"position\":1,\"name\":\"Home\",\"item\":\"https:\/\/www.ranciliogroup.com\/fr\/\"},{\"@type\":\"ListItem\",\"position\":2,\"name\":\"Rancilio Group \u00e0 l\u2019IFAS 2024 de Zurich\"}]},{\"@type\":\"WebSite\",\"@id\":\"https:\/\/www.ranciliogroup.com\/fr\/#website\",\"url\":\"https:\/\/www.ranciliogroup.com\/fr\/\",\"name\":\"Rancilio Group\",\"description\":\"Leader des machines \u00e0 caf\u00e9 professionnelles\",\"publisher\":{\"@id\":\"https:\/\/www.ranciliogroup.com\/fr\/#organization\"},\"potentialAction\":[{\"@type\":\"SearchAction\",\"target\":{\"@type\":\"EntryPoint\",\"urlTemplate\":\"https:\/\/www.ranciliogroup.com\/fr\/?s={search_term_string}\"},\"query-input\":\"required name=search_term_string\"}],\"inLanguage\":\"fr-FR\"},{\"@type\":\"Organization\",\"@id\":\"https:\/\/www.ranciliogroup.com\/fr\/#organization\",\"name\":\"Rancilio Group\",\"url\":\"https:\/\/www.ranciliogroup.com\/fr\/\",\"logo\":{\"@type\":\"ImageObject\",\"inLanguage\":\"fr-FR\",\"@id\":\"https:\/\/www.ranciliogroup.com\/fr\/#\/schema\/logo\/image\/\",\"url\":\"https:\/\/www.ranciliogroup.com\/app\/uploads\/2019\/07\/rancilio_black_logo.png\",\"contentUrl\":\"https:\/\/www.ranciliogroup.com\/app\/uploads\/2019\/07\/rancilio_black_logo.png\",\"width\":447,\"height\":57,\"caption\":\"Rancilio Group\"},\"image\":{\"@id\":\"https:\/\/www.ranciliogroup.com\/fr\/#\/schema\/logo\/image\/\"},\"sameAs\":[\"https:\/\/www.facebook.com\/RancilioGroup\",\"https:\/\/twitter.com\/ranciliogroup\",\"https:\/\/www.instagram.com\/rancilio_official\/\",\"https:\/\/www.linkedin.com\/company\/ranciliogroup\/\",\"https:\/\/www.youtube.com\/user\/rancilioadmin\"]},{\"@type\":\"Person\",\"@id\":\"https:\/\/www.ranciliogroup.com\/fr\/#\/schema\/person\/d6bf0a7dfe74cded3d64da8b2c92814c\",\"name\":\"temp circular\",\"image\":{\"@type\":\"ImageObject\",\"inLanguage\":\"fr-FR\",\"@id\":\"https:\/\/www.ranciliogroup.com\/fr\/#\/schema\/person\/image\/\",\"url\":\"https:\/\/secure.gravatar.com\/avatar\/569e71c3b97b8bcad1854d6579b35c5f?s=96&d=mm&r=g\",\"contentUrl\":\"https:\/\/secure.gravatar.com\/avatar\/569e71c3b97b8bcad1854d6579b35c5f?s=96&d=mm&r=g\",\"caption\":\"temp circular\"}}]}<\/script>\n<!-- \/ Yoast SEO plugin. -->","yoast_head_json":{"title":"Latest update about Rancilio Group \u00e0 l\u2019IFAS 2024 de Zurich - Rancilio Group","description":"Read Rancilio Group's latest news about Rancilio Group \u00e0 l\u2019IFAS 2024 de Zurich","robots":{"index":"index","follow":"follow","max-snippet":"max-snippet:-1","max-image-preview":"max-image-preview:large","max-video-preview":"max-video-preview:-1"},"canonical":"https:\/\/www.ranciliogroup.com\/fr\/rancilio-group-a-lifas-2024-de-zurich\/","og_locale":"fr_FR","og_type":"article","og_title":"Latest update about Rancilio Group \u00e0 l\u2019IFAS 2024 de Zurich - Rancilio Group","og_description":"Read Rancilio Group's latest news about Rancilio Group \u00e0 l\u2019IFAS 2024 de Zurich","og_url":"https:\/\/www.ranciliogroup.com\/fr\/rancilio-group-a-lifas-2024-de-zurich\/","og_site_name":"Rancilio Group","article_publisher":"https:\/\/www.facebook.com\/RancilioGroup","article_published_time":"2024-10-04T13:22:00+00:00","og_image":[{"width":1075,"height":717,"url":"https:\/\/www.ranciliogroup.com\/app\/uploads\/2024\/10\/IFAS_EGRO_EG_2024_LR.jpg","type":"image\/jpeg"}],"author":"temp circular","twitter_card":"summary_large_image","twitter_creator":"@ranciliogroup","twitter_site":"@ranciliogroup","twitter_misc":{"Written by":"temp circular","Est. reading time":"2 minutes"},"schema":{"@context":"https:\/\/schema.org","@graph":[{"@type":"Article","@id":"https:\/\/www.ranciliogroup.com\/fr\/rancilio-group-a-lifas-2024-de-zurich\/#article","isPartOf":{"@id":"https:\/\/www.ranciliogroup.com\/fr\/rancilio-group-a-lifas-2024-de-zurich\/"},"author":{"name":"temp circular","@id":"https:\/\/www.ranciliogroup.com\/fr\/#\/schema\/person\/d6bf0a7dfe74cded3d64da8b2c92814c"},"headline":"Rancilio Group \u00e0 l\u2019IFAS 2024 de Zurich","datePublished":"2024-10-04T13:22:00+00:00","dateModified":"2024-10-04T13:22:00+00:00","mainEntityOfPage":{"@id":"https:\/\/www.ranciliogroup.com\/fr\/rancilio-group-a-lifas-2024-de-zurich\/"},"wordCount":287,"publisher":{"@id":"https:\/\/www.ranciliogroup.com\/fr\/#organization"},"keywords":["IFAS","Next X2","Pro Milk","MoDe","NMS+","Next","Invicta"],"articleSection":["Tous"],"inLanguage":"fr-FR"},{"@type":"WebPage","@id":"https:\/\/www.ranciliogroup.com\/fr\/rancilio-group-a-lifas-2024-de-zurich\/","url":"https:\/\/www.ranciliogroup.com\/fr\/rancilio-group-a-lifas-2024-de-zurich\/","name":"Latest update about Rancilio Group \u00e0 l\u2019IFAS 2024 de Zurich - Rancilio Group","isPartOf":{"@id":"https:\/\/www.ranciliogroup.com\/fr\/#website"},"datePublished":"2024-10-04T13:22:00+00:00","dateModified":"2024-10-04T13:22:00+00:00","description":"Read Rancilio Group's latest news about Rancilio Group \u00e0 l\u2019IFAS 2024 de Zurich","breadcrumb":{"@id":"https:\/\/www.ranciliogroup.com\/fr\/rancilio-group-a-lifas-2024-de-zurich\/#breadcrumb"},"inLanguage":"fr-FR","potentialAction":[{"@type":"ReadAction","target":["https:\/\/www.ranciliogroup.com\/fr\/rancilio-group-a-lifas-2024-de-zurich\/"]}]},{"@type":"BreadcrumbList","@id":"https:\/\/www.ranciliogroup.com\/fr\/rancilio-group-a-lifas-2024-de-zurich\/#breadcrumb","itemListElement":[{"@type":"ListItem","position":1,"name":"Home","item":"https:\/\/www.ranciliogroup.com\/fr\/"},{"@type":"ListItem","position":2,"name":"Rancilio Group \u00e0 l\u2019IFAS 2024 de Zurich"}]},{"@type":"WebSite","@id":"https:\/\/www.ranciliogroup.com\/fr\/#website","url":"https:\/\/www.ranciliogroup.com\/fr\/","name":"Rancilio Group","description":"Leader des machines \u00e0 caf\u00e9 professionnelles","publisher":{"@id":"https:\/\/www.ranciliogroup.com\/fr\/#organization"},"potentialAction":[{"@type":"SearchAction","target":{"@type":"EntryPoint","urlTemplate":"https:\/\/www.ranciliogroup.com\/fr\/?s={search_term_string}"},"query-input":"required name=search_term_string"}],"inLanguage":"fr-FR"},{"@type":"Organization","@id":"https:\/\/www.ranciliogroup.com\/fr\/#organization","name":"Rancilio Group","url":"https:\/\/www.ranciliogroup.com\/fr\/","logo":{"@type":"ImageObject","inLanguage":"fr-FR","@id":"https:\/\/www.ranciliogroup.com\/fr\/#\/schema\/logo\/image\/","url":"https:\/\/www.ranciliogroup.com\/app\/uploads\/2019\/07\/rancilio_black_logo.png","contentUrl":"https:\/\/www.ranciliogroup.com\/app\/uploads\/2019\/07\/rancilio_black_logo.png","width":447,"height":57,"caption":"Rancilio Group"},"image":{"@id":"https:\/\/www.ranciliogroup.com\/fr\/#\/schema\/logo\/image\/"},"sameAs":["https:\/\/www.facebook.com\/RancilioGroup","https:\/\/twitter.com\/ranciliogroup","https:\/\/www.instagram.com\/rancilio_official\/","https:\/\/www.linkedin.com\/company\/ranciliogroup\/","https:\/\/www.youtube.com\/user\/rancilioadmin"]},{"@type":"Person","@id":"https:\/\/www.ranciliogroup.com\/fr\/#\/schema\/person\/d6bf0a7dfe74cded3d64da8b2c92814c","name":"temp circular","image":{"@type":"ImageObject","inLanguage":"fr-FR","@id":"https:\/\/www.ranciliogroup.com\/fr\/#\/schema\/person\/image\/","url":"https:\/\/secure.gravatar.com\/avatar\/569e71c3b97b8bcad1854d6579b35c5f?s=96&d=mm&r=g","contentUrl":"https:\/\/secure.gravatar.com\/avatar\/569e71c3b97b8bcad1854d6579b35c5f?s=96&d=mm&r=g","caption":"temp circular"}}]}},"_links":{"self":[{"href":"https:\/\/www.ranciliogroup.com\/fr\/wp-json\/wp\/v2\/posts\/75465"}],"collection":[{"href":"https:\/\/www.ranciliogroup.com\/fr\/wp-json\/wp\/v2\/posts"}],"about":[{"href":"https:\/\/www.ranciliogroup.com\/fr\/wp-json\/wp\/v2\/types\/post"}],"author":[{"embeddable":true,"href":"https:\/\/www.ranciliogroup.com\/fr\/wp-json\/wp\/v2\/users\/5"}],"replies":[{"embeddable":true,"href":"https:\/\/www.ranciliogroup.com\/fr\/wp-json\/wp\/v2\/comments?post=75465"}],"version-history":[{"count":2,"href":"https:\/\/www.ranciliogroup.com\/fr\/wp-json\/wp\/v2\/posts\/75465\/revisions"}],"predecessor-version":[{"id":75467,"href":"https:\/\/www.ranciliogroup.com\/fr\/wp-json\/wp\/v2\/posts\/75465\/revisions\/75467"}],"wp:featuredmedia":[{"embeddable":true,"href":"https:\/\/www.ranciliogroup.com\/fr\/wp-json\/wp\/v2\/media\/75459"}],"wp:attachment":[{"href":"https:\/\/www.ranciliogroup.com\/fr\/wp-json\/wp\/v2\/media?parent=75465"}],"wp:term":[{"taxonomy":"category","embeddable":true,"href":"https:\/\/www.ranciliogroup.com\/fr\/wp-json\/wp\/v2\/categories?post=75465"},{"taxonomy":"post_tag","embeddable":true,"href":"https:\/\/www.ranciliogroup.com\/fr\/wp-json\/wp\/v2\/tags?post=75465"}],"curies":[{"name":"wp","href":"https:\/\/api.w.org\/{rel}","templated":true}]}}