{"id":75544,"date":"2024-10-07T17:10:16","date_gmt":"2024-10-07T15:10:16","guid":{"rendered":"https:\/\/www.ranciliogroup.com\/?p=75544"},"modified":"2024-10-07T17:14:25","modified_gmt":"2024-10-07T15:14:25","slug":"rancilio-classe-20-a-la-triestespresso-expo-pour-la-finale-du-wlags-2024","status":"publish","type":"post","link":"https:\/\/www.ranciliogroup.com\/fr\/rancilio-classe-20-a-la-triestespresso-expo-pour-la-finale-du-wlags-2024\/","title":{"rendered":"Rancilio Classe 20 \u00e0 la TriestEspresso Expo pour la finale du WLAGS 2024"},"content":{"rendered":"<p>Le 26 octobre, Rancilio et le WLAGS invitent tous les passionn\u00e9s de l&#8217;art du caf\u00e9 au lait \u00e0 la TriestEspresso Expo pour la finale palpitante du Championnat du monde du Latte Art Grading Battle, qui se d\u00e9roulera au Centre des congr\u00e8s de Trieste.<\/p>\n<p>Rancilio Classe 20 SB est le sponsor officiel de cette comp\u00e9tition passionnante, o\u00f9 les meilleurs artistes du latte du monde entier se disputeront le titre. La Classe 20 SB allie la haute qualit\u00e9 Rancilio \u00e0 la technologie brevet\u00e9e Steady Brew, garantissant une excellente stabilit\u00e9 thermique et des r\u00e9sultats constants dans la tasse. Avec son design \u00e9l\u00e9gant et moderne, la Classe 20 ne se contentera pas d&#8217;illuminer le concours, elle offrira \u00e9galement aux participants un espace de travail fonctionnel, qui facilitera l\u2019ex\u00e9cution de leurs t\u00e2ches et leur permettra de se concentrer pleinement sur le concours.<\/p>\n<p>Gr\u00e2ce \u00e0 la buse vapeur pratique C-lever, les finalistes disposent d&#8217;un outil essentiel pour affiner leur art et cr\u00e9er des \u0153uvres de haut niveau qui impressionneront le jury d&#8217;experts du Latte Art Grading System.<\/p>\n<p>La TriestEspresso Expo, r\u00e9put\u00e9e pour son excellence dans le secteur du caf\u00e9, est le cadre id\u00e9al pour accueillir le championnat du Latte Art Grading System. Trieste, ville historiquement synonyme d&#8217;industrie du caf\u00e9, compte une forte concentration d&#8217;entreprises de premier plan et a \u00e9t\u00e9 le principal port italien pour l&#8217;importation de grains de caf\u00e9 pendant plus de deux si\u00e8cles. La TriestEspresso Expo, qui en est \u00e0 sa 11e \u00e9dition, est l&#8217;un des \u00e9v\u00e9nements B2B les plus importants du secteur du caf\u00e9 \u00e0 l\u2019\u00e9chelle mondiale.<\/p>\n<p>&nbsp;<\/p>\n<p>&nbsp;<\/p>\n<p><strong>Finale WLAGS <\/strong><br \/>\n26 octobre 2024<br \/>\nDe 10h00 \u00e0 18h00<br \/>\nHall 27 | Stand 13<br \/>\n<a href=\"https:\/\/www.google.com\/maps?ll=45.66753,13.759792&amp;z=16&amp;t=m&amp;hl=it&amp;gl=IT&amp;mapclient=embed&amp;cid=2580599893578202020\">TCC Centre des congr\u00e8s de Trieste<\/a><br \/>\nViale Miramare, 24\/2<br \/>\n34135 Trieste, TS, Italie<\/p>\n<p>&nbsp;<\/p>\n<p><a href=\"https:\/\/www.ranciliogroup.com\/fr\/rancilio\/classe-20\/\"><strong>D\u00e9couvrez la Classe 20 SB de Rancilio<\/strong><\/a><\/p>\n<p>&nbsp;<\/p>\n","protected":false},"excerpt":{"rendered":"<p>Le 26 octobre, Rancilio et le WLAGS invitent tous les passionn\u00e9s de l&#8217;art du caf\u00e9 au lait \u00e0 la TriestEspresso&#8230;<\/p>\n","protected":false},"author":5,"featured_media":75537,"comment_status":"closed","ping_status":"closed","sticky":false,"template":"","format":"standard","meta":[],"categories":[878],"tags":[3816,3817,3184,3109,2825],"acf":[],"yoast_head":"<!-- This site is optimized with the Yoast SEO plugin v21.5 - https:\/\/yoast.com\/wordpress\/plugins\/seo\/ -->\n<title>Latest update about Rancilio Classe 20 \u00e0 la TriestEspresso Expo pour la finale du WLAGS 2024 - Rancilio Group<\/title>\n<meta name=\"description\" content=\"Read Rancilio Group&#039;s latest news about Rancilio Classe 20 \u00e0 la TriestEspresso Expo pour la finale du WLAGS 2024\" \/>\n<meta name=\"robots\" content=\"index, follow, max-snippet:-1, max-image-preview:large, max-video-preview:-1\" \/>\n<link rel=\"canonical\" href=\"https:\/\/www.ranciliogroup.com\/fr\/rancilio-classe-20-a-la-triestespresso-expo-pour-la-finale-du-wlags-2024\/\" \/>\n<meta property=\"og:locale\" content=\"fr_FR\" \/>\n<meta property=\"og:type\" content=\"article\" \/>\n<meta property=\"og:title\" content=\"Latest update about Rancilio Classe 20 \u00e0 la TriestEspresso Expo pour la finale du WLAGS 2024 - Rancilio Group\" \/>\n<meta property=\"og:description\" content=\"Read Rancilio Group&#039;s latest news about Rancilio Classe 20 \u00e0 la TriestEspresso Expo pour la finale du WLAGS 2024\" \/>\n<meta property=\"og:url\" content=\"https:\/\/www.ranciliogroup.com\/fr\/rancilio-classe-20-a-la-triestespresso-expo-pour-la-finale-du-wlags-2024\/\" \/>\n<meta property=\"og:site_name\" content=\"Rancilio Group\" \/>\n<meta property=\"article:publisher\" content=\"https:\/\/www.facebook.com\/RancilioGroup\" \/>\n<meta property=\"article:published_time\" content=\"2024-10-07T15:10:16+00:00\" \/>\n<meta property=\"article:modified_time\" content=\"2024-10-07T15:14:25+00:00\" \/>\n<meta property=\"og:image\" content=\"https:\/\/www.ranciliogroup.com\/app\/uploads\/2024\/10\/LAGS_RANCILIO_LR.jpg\" \/>\n\t<meta property=\"og:image:width\" content=\"1080\" \/>\n\t<meta property=\"og:image:height\" content=\"720\" \/>\n\t<meta property=\"og:image:type\" content=\"image\/jpeg\" \/>\n<meta name=\"author\" content=\"temp circular\" \/>\n<meta name=\"twitter:card\" content=\"summary_large_image\" \/>\n<meta name=\"twitter:creator\" content=\"@ranciliogroup\" \/>\n<meta name=\"twitter:site\" content=\"@ranciliogroup\" \/>\n<meta name=\"twitter:label1\" content=\"Written by\" \/>\n\t<meta name=\"twitter:data1\" content=\"temp circular\" \/>\n\t<meta name=\"twitter:label2\" content=\"Est. reading time\" \/>\n\t<meta name=\"twitter:data2\" content=\"2 minutes\" \/>\n<script type=\"application\/ld+json\" class=\"yoast-schema-graph\">{\"@context\":\"https:\/\/schema.org\",\"@graph\":[{\"@type\":\"Article\",\"@id\":\"https:\/\/www.ranciliogroup.com\/fr\/rancilio-classe-20-a-la-triestespresso-expo-pour-la-finale-du-wlags-2024\/#article\",\"isPartOf\":{\"@id\":\"https:\/\/www.ranciliogroup.com\/fr\/rancilio-classe-20-a-la-triestespresso-expo-pour-la-finale-du-wlags-2024\/\"},\"author\":{\"name\":\"temp circular\",\"@id\":\"https:\/\/www.ranciliogroup.com\/fr\/#\/schema\/person\/d6bf0a7dfe74cded3d64da8b2c92814c\"},\"headline\":\"Rancilio Classe 20 \u00e0 la TriestEspresso Expo pour la finale du WLAGS 2024\",\"datePublished\":\"2024-10-07T15:10:16+00:00\",\"dateModified\":\"2024-10-07T15:14:25+00:00\",\"mainEntityOfPage\":{\"@id\":\"https:\/\/www.ranciliogroup.com\/fr\/rancilio-classe-20-a-la-triestespresso-expo-pour-la-finale-du-wlags-2024\/\"},\"wordCount\":305,\"publisher\":{\"@id\":\"https:\/\/www.ranciliogroup.com\/fr\/#organization\"},\"keywords\":[\"WLAGS\",\"TriestEspresso Expo\",\"Latte Art\",\"Steady Brew\",\"Classe 20\"],\"articleSection\":[\"Tous\"],\"inLanguage\":\"fr-FR\"},{\"@type\":\"WebPage\",\"@id\":\"https:\/\/www.ranciliogroup.com\/fr\/rancilio-classe-20-a-la-triestespresso-expo-pour-la-finale-du-wlags-2024\/\",\"url\":\"https:\/\/www.ranciliogroup.com\/fr\/rancilio-classe-20-a-la-triestespresso-expo-pour-la-finale-du-wlags-2024\/\",\"name\":\"Latest update about Rancilio Classe 20 \u00e0 la TriestEspresso Expo pour la finale du WLAGS 2024 - Rancilio Group\",\"isPartOf\":{\"@id\":\"https:\/\/www.ranciliogroup.com\/fr\/#website\"},\"datePublished\":\"2024-10-07T15:10:16+00:00\",\"dateModified\":\"2024-10-07T15:14:25+00:00\",\"description\":\"Read Rancilio Group's latest news about Rancilio Classe 20 \u00e0 la TriestEspresso Expo pour la finale du WLAGS 2024\",\"breadcrumb\":{\"@id\":\"https:\/\/www.ranciliogroup.com\/fr\/rancilio-classe-20-a-la-triestespresso-expo-pour-la-finale-du-wlags-2024\/#breadcrumb\"},\"inLanguage\":\"fr-FR\",\"potentialAction\":[{\"@type\":\"ReadAction\",\"target\":[\"https:\/\/www.ranciliogroup.com\/fr\/rancilio-classe-20-a-la-triestespresso-expo-pour-la-finale-du-wlags-2024\/\"]}]},{\"@type\":\"BreadcrumbList\",\"@id\":\"https:\/\/www.ranciliogroup.com\/fr\/rancilio-classe-20-a-la-triestespresso-expo-pour-la-finale-du-wlags-2024\/#breadcrumb\",\"itemListElement\":[{\"@type\":\"ListItem\",\"position\":1,\"name\":\"Home\",\"item\":\"https:\/\/www.ranciliogroup.com\/fr\/\"},{\"@type\":\"ListItem\",\"position\":2,\"name\":\"Rancilio Classe 20 \u00e0 la TriestEspresso Expo pour la finale du WLAGS 2024\"}]},{\"@type\":\"WebSite\",\"@id\":\"https:\/\/www.ranciliogroup.com\/fr\/#website\",\"url\":\"https:\/\/www.ranciliogroup.com\/fr\/\",\"name\":\"Rancilio Group\",\"description\":\"Leader des machines \u00e0 caf\u00e9 professionnelles\",\"publisher\":{\"@id\":\"https:\/\/www.ranciliogroup.com\/fr\/#organization\"},\"potentialAction\":[{\"@type\":\"SearchAction\",\"target\":{\"@type\":\"EntryPoint\",\"urlTemplate\":\"https:\/\/www.ranciliogroup.com\/fr\/?s={search_term_string}\"},\"query-input\":\"required name=search_term_string\"}],\"inLanguage\":\"fr-FR\"},{\"@type\":\"Organization\",\"@id\":\"https:\/\/www.ranciliogroup.com\/fr\/#organization\",\"name\":\"Rancilio Group\",\"url\":\"https:\/\/www.ranciliogroup.com\/fr\/\",\"logo\":{\"@type\":\"ImageObject\",\"inLanguage\":\"fr-FR\",\"@id\":\"https:\/\/www.ranciliogroup.com\/fr\/#\/schema\/logo\/image\/\",\"url\":\"https:\/\/www.ranciliogroup.com\/app\/uploads\/2019\/07\/rancilio_black_logo.png\",\"contentUrl\":\"https:\/\/www.ranciliogroup.com\/app\/uploads\/2019\/07\/rancilio_black_logo.png\",\"width\":447,\"height\":57,\"caption\":\"Rancilio Group\"},\"image\":{\"@id\":\"https:\/\/www.ranciliogroup.com\/fr\/#\/schema\/logo\/image\/\"},\"sameAs\":[\"https:\/\/www.facebook.com\/RancilioGroup\",\"https:\/\/twitter.com\/ranciliogroup\",\"https:\/\/www.instagram.com\/rancilio_official\/\",\"https:\/\/www.linkedin.com\/company\/ranciliogroup\/\",\"https:\/\/www.youtube.com\/user\/rancilioadmin\"]},{\"@type\":\"Person\",\"@id\":\"https:\/\/www.ranciliogroup.com\/fr\/#\/schema\/person\/d6bf0a7dfe74cded3d64da8b2c92814c\",\"name\":\"temp circular\",\"image\":{\"@type\":\"ImageObject\",\"inLanguage\":\"fr-FR\",\"@id\":\"https:\/\/www.ranciliogroup.com\/fr\/#\/schema\/person\/image\/\",\"url\":\"https:\/\/secure.gravatar.com\/avatar\/569e71c3b97b8bcad1854d6579b35c5f?s=96&d=mm&r=g\",\"contentUrl\":\"https:\/\/secure.gravatar.com\/avatar\/569e71c3b97b8bcad1854d6579b35c5f?s=96&d=mm&r=g\",\"caption\":\"temp circular\"}}]}<\/script>\n<!-- \/ Yoast SEO plugin. -->","yoast_head_json":{"title":"Latest update about Rancilio Classe 20 \u00e0 la TriestEspresso Expo pour la finale du WLAGS 2024 - Rancilio Group","description":"Read Rancilio Group's latest news about Rancilio Classe 20 \u00e0 la TriestEspresso Expo pour la finale du WLAGS 2024","robots":{"index":"index","follow":"follow","max-snippet":"max-snippet:-1","max-image-preview":"max-image-preview:large","max-video-preview":"max-video-preview:-1"},"canonical":"https:\/\/www.ranciliogroup.com\/fr\/rancilio-classe-20-a-la-triestespresso-expo-pour-la-finale-du-wlags-2024\/","og_locale":"fr_FR","og_type":"article","og_title":"Latest update about Rancilio Classe 20 \u00e0 la TriestEspresso Expo pour la finale du WLAGS 2024 - Rancilio Group","og_description":"Read Rancilio Group's latest news about Rancilio Classe 20 \u00e0 la TriestEspresso Expo pour la finale du WLAGS 2024","og_url":"https:\/\/www.ranciliogroup.com\/fr\/rancilio-classe-20-a-la-triestespresso-expo-pour-la-finale-du-wlags-2024\/","og_site_name":"Rancilio Group","article_publisher":"https:\/\/www.facebook.com\/RancilioGroup","article_published_time":"2024-10-07T15:10:16+00:00","article_modified_time":"2024-10-07T15:14:25+00:00","og_image":[{"width":1080,"height":720,"url":"https:\/\/www.ranciliogroup.com\/app\/uploads\/2024\/10\/LAGS_RANCILIO_LR.jpg","type":"image\/jpeg"}],"author":"temp circular","twitter_card":"summary_large_image","twitter_creator":"@ranciliogroup","twitter_site":"@ranciliogroup","twitter_misc":{"Written by":"temp circular","Est. reading time":"2 minutes"},"schema":{"@context":"https:\/\/schema.org","@graph":[{"@type":"Article","@id":"https:\/\/www.ranciliogroup.com\/fr\/rancilio-classe-20-a-la-triestespresso-expo-pour-la-finale-du-wlags-2024\/#article","isPartOf":{"@id":"https:\/\/www.ranciliogroup.com\/fr\/rancilio-classe-20-a-la-triestespresso-expo-pour-la-finale-du-wlags-2024\/"},"author":{"name":"temp circular","@id":"https:\/\/www.ranciliogroup.com\/fr\/#\/schema\/person\/d6bf0a7dfe74cded3d64da8b2c92814c"},"headline":"Rancilio Classe 20 \u00e0 la TriestEspresso Expo pour la finale du WLAGS 2024","datePublished":"2024-10-07T15:10:16+00:00","dateModified":"2024-10-07T15:14:25+00:00","mainEntityOfPage":{"@id":"https:\/\/www.ranciliogroup.com\/fr\/rancilio-classe-20-a-la-triestespresso-expo-pour-la-finale-du-wlags-2024\/"},"wordCount":305,"publisher":{"@id":"https:\/\/www.ranciliogroup.com\/fr\/#organization"},"keywords":["WLAGS","TriestEspresso Expo","Latte Art","Steady Brew","Classe 20"],"articleSection":["Tous"],"inLanguage":"fr-FR"},{"@type":"WebPage","@id":"https:\/\/www.ranciliogroup.com\/fr\/rancilio-classe-20-a-la-triestespresso-expo-pour-la-finale-du-wlags-2024\/","url":"https:\/\/www.ranciliogroup.com\/fr\/rancilio-classe-20-a-la-triestespresso-expo-pour-la-finale-du-wlags-2024\/","name":"Latest update about Rancilio Classe 20 \u00e0 la TriestEspresso Expo pour la finale du WLAGS 2024 - Rancilio Group","isPartOf":{"@id":"https:\/\/www.ranciliogroup.com\/fr\/#website"},"datePublished":"2024-10-07T15:10:16+00:00","dateModified":"2024-10-07T15:14:25+00:00","description":"Read Rancilio Group's latest news about Rancilio Classe 20 \u00e0 la TriestEspresso Expo pour la finale du WLAGS 2024","breadcrumb":{"@id":"https:\/\/www.ranciliogroup.com\/fr\/rancilio-classe-20-a-la-triestespresso-expo-pour-la-finale-du-wlags-2024\/#breadcrumb"},"inLanguage":"fr-FR","potentialAction":[{"@type":"ReadAction","target":["https:\/\/www.ranciliogroup.com\/fr\/rancilio-classe-20-a-la-triestespresso-expo-pour-la-finale-du-wlags-2024\/"]}]},{"@type":"BreadcrumbList","@id":"https:\/\/www.ranciliogroup.com\/fr\/rancilio-classe-20-a-la-triestespresso-expo-pour-la-finale-du-wlags-2024\/#breadcrumb","itemListElement":[{"@type":"ListItem","position":1,"name":"Home","item":"https:\/\/www.ranciliogroup.com\/fr\/"},{"@type":"ListItem","position":2,"name":"Rancilio Classe 20 \u00e0 la TriestEspresso Expo pour la finale du WLAGS 2024"}]},{"@type":"WebSite","@id":"https:\/\/www.ranciliogroup.com\/fr\/#website","url":"https:\/\/www.ranciliogroup.com\/fr\/","name":"Rancilio Group","description":"Leader des machines \u00e0 caf\u00e9 professionnelles","publisher":{"@id":"https:\/\/www.ranciliogroup.com\/fr\/#organization"},"potentialAction":[{"@type":"SearchAction","target":{"@type":"EntryPoint","urlTemplate":"https:\/\/www.ranciliogroup.com\/fr\/?s={search_term_string}"},"query-input":"required name=search_term_string"}],"inLanguage":"fr-FR"},{"@type":"Organization","@id":"https:\/\/www.ranciliogroup.com\/fr\/#organization","name":"Rancilio Group","url":"https:\/\/www.ranciliogroup.com\/fr\/","logo":{"@type":"ImageObject","inLanguage":"fr-FR","@id":"https:\/\/www.ranciliogroup.com\/fr\/#\/schema\/logo\/image\/","url":"https:\/\/www.ranciliogroup.com\/app\/uploads\/2019\/07\/rancilio_black_logo.png","contentUrl":"https:\/\/www.ranciliogroup.com\/app\/uploads\/2019\/07\/rancilio_black_logo.png","width":447,"height":57,"caption":"Rancilio Group"},"image":{"@id":"https:\/\/www.ranciliogroup.com\/fr\/#\/schema\/logo\/image\/"},"sameAs":["https:\/\/www.facebook.com\/RancilioGroup","https:\/\/twitter.com\/ranciliogroup","https:\/\/www.instagram.com\/rancilio_official\/","https:\/\/www.linkedin.com\/company\/ranciliogroup\/","https:\/\/www.youtube.com\/user\/rancilioadmin"]},{"@type":"Person","@id":"https:\/\/www.ranciliogroup.com\/fr\/#\/schema\/person\/d6bf0a7dfe74cded3d64da8b2c92814c","name":"temp circular","image":{"@type":"ImageObject","inLanguage":"fr-FR","@id":"https:\/\/www.ranciliogroup.com\/fr\/#\/schema\/person\/image\/","url":"https:\/\/secure.gravatar.com\/avatar\/569e71c3b97b8bcad1854d6579b35c5f?s=96&d=mm&r=g","contentUrl":"https:\/\/secure.gravatar.com\/avatar\/569e71c3b97b8bcad1854d6579b35c5f?s=96&d=mm&r=g","caption":"temp circular"}}]}},"_links":{"self":[{"href":"https:\/\/www.ranciliogroup.com\/fr\/wp-json\/wp\/v2\/posts\/75544"}],"collection":[{"href":"https:\/\/www.ranciliogroup.com\/fr\/wp-json\/wp\/v2\/posts"}],"about":[{"href":"https:\/\/www.ranciliogroup.com\/fr\/wp-json\/wp\/v2\/types\/post"}],"author":[{"embeddable":true,"href":"https:\/\/www.ranciliogroup.com\/fr\/wp-json\/wp\/v2\/users\/5"}],"replies":[{"embeddable":true,"href":"https:\/\/www.ranciliogroup.com\/fr\/wp-json\/wp\/v2\/comments?post=75544"}],"version-history":[{"count":2,"href":"https:\/\/www.ranciliogroup.com\/fr\/wp-json\/wp\/v2\/posts\/75544\/revisions"}],"predecessor-version":[{"id":75546,"href":"https:\/\/www.ranciliogroup.com\/fr\/wp-json\/wp\/v2\/posts\/75544\/revisions\/75546"}],"wp:featuredmedia":[{"embeddable":true,"href":"https:\/\/www.ranciliogroup.com\/fr\/wp-json\/wp\/v2\/media\/75537"}],"wp:attachment":[{"href":"https:\/\/www.ranciliogroup.com\/fr\/wp-json\/wp\/v2\/media?parent=75544"}],"wp:term":[{"taxonomy":"category","embeddable":true,"href":"https:\/\/www.ranciliogroup.com\/fr\/wp-json\/wp\/v2\/categories?post=75544"},{"taxonomy":"post_tag","embeddable":true,"href":"https:\/\/www.ranciliogroup.com\/fr\/wp-json\/wp\/v2\/tags?post=75544"}],"curies":[{"name":"wp","href":"https:\/\/api.w.org\/{rel}","templated":true}]}}