{"id":76650,"date":"2024-10-28T17:07:28","date_gmt":"2024-10-28T16:07:28","guid":{"rendered":"https:\/\/www.ranciliogroup.com\/?p=76650"},"modified":"2024-10-28T17:07:28","modified_gmt":"2024-10-28T16:07:28","slug":"rancilio-group-deutschland-gmbh-a-leuropean-coffee-symposium-a-berlin","status":"publish","type":"post","link":"https:\/\/www.ranciliogroup.com\/fr\/rancilio-group-deutschland-gmbh-a-leuropean-coffee-symposium-a-berlin\/","title":{"rendered":"Rancilio Group Deutschland GmbH \u00e0 l\u2019European Coffee Symposium \u00e0 Berlin"},"content":{"rendered":"<p>Du 11 au 14 novembre, Rancilio Group et Crem International invitent tous les professionnels des secteurs du caf\u00e9 et de l\u2019h\u00f4tellerie au prestigieux h\u00f4tel InterContinental Berlin, situ\u00e9 pr\u00e8s de l\u2019embl\u00e9matique porte de Brandebourg \u00e0 Berlin.<\/p>\n<p>Le 12 novembre, Rancilio Group Deutschland GmbH participera au programme exclusif de r\u00e9unions 1:1. Les participants auront l\u2019occasion d\u2019explorer les services et les activit\u00e9s de Rancilio Group Deutschland dans la r\u00e9gion, et de d\u00e9couvrir une large gamme de solutions de caf\u00e9 adapt\u00e9es aux besoins des activit\u00e9s \u00e0 travers les marques Rancilio, Rancilio Specialty, Egro et Crem.<\/p>\n<p>Rancilio et Egro ont \u00e9t\u00e9 nomin\u00e9s pour le prestigieux Prix COHO en tant que l\u2019une des 100 marques les plus influentes des secteurs du caf\u00e9 et de l\u2019h\u00f4tellerie en Europe, en lice sp\u00e9cifiquement pour le titre de meilleur fabricant d\u2019\u00e9quipements pour l\u2019expresso dans les secteurs traditionnel et super-automatique. Les prix seront remis le 12 novembre 2024, soulignant l\u2019engagement des marques envers l\u2019excellence et l\u2019innovation au sein de ce secteur.<\/p>\n<p>Imagin\u00e9 pour les fournisseurs innovants ciblant les principales cha\u00eenes de caf\u00e9s et les op\u00e9rateurs du food service en Europe, l\u2019European Coffee Symposium + Coho Expo 2024 offre l\u2019occasion id\u00e9ale d\u2019explorer les derni\u00e8res tendances et innovations de l\u2019industrie, tout en \u00e9largissant de pr\u00e9cieuses relations commerciales sur le march\u00e9 allemand et international.<\/p>\n<p>&nbsp;<\/p>\n<p>&nbsp;<\/p>\n<p><strong>European Coffee Symposium + Coho Expo 2024<\/strong><br \/>\n11-14 novembre 2024<br \/>\n<a href=\"https:\/\/www.google.com\/maps\/place\/InterContinental+Berlin,+an+IHG+Hotel\/@52.5068868,13.3429125,17z\/data=!3m1!5s0x47a85054cd911229:0xe91ee7e385db8a1e!4m9!3m8!1s0x47a851acba63a517:0x457e0338a940287d!5m2!4m1!1i2!8m2!3d52.5068868!4d13.3454928!16s%2Fg%2F122cnkzn?authuser=0&amp;entry=ttu&amp;g_ep=EgoyMDI0MTAyMC4xIKXMDSoASAFQAw%3D%3D\">InterContinental Berlin<\/a><br \/>\nBudapester Str. 2<br \/>\n10787 Berlin, Allemagne<\/p>\n<p>&nbsp;<\/p>\n<p><a href=\"https:\/\/www.europeancoffeesymposium.com\/\"><strong>D\u00e9couvrez l\u2019\u00e9v\u00e9nement<\/strong><\/a><\/p>\n<p>&nbsp;<\/p>\n","protected":false},"excerpt":{"rendered":"<p>Du 11 au 14 novembre, Rancilio Group et Crem International invitent tous les professionnels des secteurs du caf\u00e9 et de&#8230;<\/p>\n","protected":false},"author":5,"featured_media":76533,"comment_status":"closed","ping_status":"closed","sticky":false,"template":"","format":"standard","meta":[],"categories":[878],"tags":[3854,3855,3856,3502],"acf":[],"yoast_head":"<!-- This site is optimized with the Yoast SEO plugin v21.5 - https:\/\/yoast.com\/wordpress\/plugins\/seo\/ -->\n<title>Latest update about Rancilio Group Deutschland GmbH \u00e0 l\u2019European Coffee Symposium \u00e0 Berlin - Rancilio Group<\/title>\n<meta name=\"description\" content=\"Read Rancilio Group&#039;s latest news about Rancilio Group Deutschland GmbH \u00e0 l\u2019European Coffee Symposium \u00e0 Berlin\" \/>\n<meta name=\"robots\" content=\"index, follow, max-snippet:-1, max-image-preview:large, max-video-preview:-1\" \/>\n<link rel=\"canonical\" href=\"https:\/\/www.ranciliogroup.com\/fr\/rancilio-group-deutschland-gmbh-a-leuropean-coffee-symposium-a-berlin\/\" \/>\n<meta property=\"og:locale\" content=\"fr_FR\" \/>\n<meta property=\"og:type\" content=\"article\" \/>\n<meta property=\"og:title\" content=\"Latest update about Rancilio Group Deutschland GmbH \u00e0 l\u2019European Coffee Symposium \u00e0 Berlin - Rancilio Group\" \/>\n<meta property=\"og:description\" content=\"Read Rancilio Group&#039;s latest news about Rancilio Group Deutschland GmbH \u00e0 l\u2019European Coffee Symposium \u00e0 Berlin\" \/>\n<meta property=\"og:url\" content=\"https:\/\/www.ranciliogroup.com\/fr\/rancilio-group-deutschland-gmbh-a-leuropean-coffee-symposium-a-berlin\/\" \/>\n<meta property=\"og:site_name\" content=\"Rancilio Group\" \/>\n<meta property=\"article:publisher\" content=\"https:\/\/www.facebook.com\/RancilioGroup\" \/>\n<meta property=\"article:published_time\" content=\"2024-10-28T16:07:28+00:00\" \/>\n<meta property=\"og:image\" content=\"https:\/\/www.ranciliogroup.com\/app\/uploads\/2024\/10\/ECS_COHO_2024.jpg\" \/>\n\t<meta property=\"og:image:width\" content=\"1279\" \/>\n\t<meta property=\"og:image:height\" content=\"720\" \/>\n\t<meta property=\"og:image:type\" content=\"image\/jpeg\" \/>\n<meta name=\"author\" content=\"temp circular\" \/>\n<meta name=\"twitter:card\" content=\"summary_large_image\" \/>\n<meta name=\"twitter:creator\" content=\"@ranciliogroup\" \/>\n<meta name=\"twitter:site\" content=\"@ranciliogroup\" \/>\n<meta name=\"twitter:label1\" content=\"Written by\" \/>\n\t<meta name=\"twitter:data1\" content=\"temp circular\" \/>\n\t<meta name=\"twitter:label2\" content=\"Est. reading time\" \/>\n\t<meta name=\"twitter:data2\" content=\"1 minute\" \/>\n<script type=\"application\/ld+json\" class=\"yoast-schema-graph\">{\"@context\":\"https:\/\/schema.org\",\"@graph\":[{\"@type\":\"Article\",\"@id\":\"https:\/\/www.ranciliogroup.com\/fr\/rancilio-group-deutschland-gmbh-a-leuropean-coffee-symposium-a-berlin\/#article\",\"isPartOf\":{\"@id\":\"https:\/\/www.ranciliogroup.com\/fr\/rancilio-group-deutschland-gmbh-a-leuropean-coffee-symposium-a-berlin\/\"},\"author\":{\"name\":\"temp circular\",\"@id\":\"https:\/\/www.ranciliogroup.com\/fr\/#\/schema\/person\/d6bf0a7dfe74cded3d64da8b2c92814c\"},\"headline\":\"Rancilio Group Deutschland GmbH \u00e0 l\u2019European Coffee Symposium \u00e0 Berlin\",\"datePublished\":\"2024-10-28T16:07:28+00:00\",\"dateModified\":\"2024-10-28T16:07:28+00:00\",\"mainEntityOfPage\":{\"@id\":\"https:\/\/www.ranciliogroup.com\/fr\/rancilio-group-deutschland-gmbh-a-leuropean-coffee-symposium-a-berlin\/\"},\"wordCount\":264,\"publisher\":{\"@id\":\"https:\/\/www.ranciliogroup.com\/fr\/#organization\"},\"keywords\":[\"European Coffee Symposium\",\"Coho Expo\",\"Best Espresso Equipment Manufacturer\",\"Berlin\"],\"articleSection\":[\"Tous\"],\"inLanguage\":\"fr-FR\"},{\"@type\":\"WebPage\",\"@id\":\"https:\/\/www.ranciliogroup.com\/fr\/rancilio-group-deutschland-gmbh-a-leuropean-coffee-symposium-a-berlin\/\",\"url\":\"https:\/\/www.ranciliogroup.com\/fr\/rancilio-group-deutschland-gmbh-a-leuropean-coffee-symposium-a-berlin\/\",\"name\":\"Latest update about Rancilio Group Deutschland GmbH \u00e0 l\u2019European Coffee Symposium \u00e0 Berlin - Rancilio Group\",\"isPartOf\":{\"@id\":\"https:\/\/www.ranciliogroup.com\/fr\/#website\"},\"datePublished\":\"2024-10-28T16:07:28+00:00\",\"dateModified\":\"2024-10-28T16:07:28+00:00\",\"description\":\"Read Rancilio Group's latest news about Rancilio Group Deutschland GmbH \u00e0 l\u2019European Coffee Symposium \u00e0 Berlin\",\"breadcrumb\":{\"@id\":\"https:\/\/www.ranciliogroup.com\/fr\/rancilio-group-deutschland-gmbh-a-leuropean-coffee-symposium-a-berlin\/#breadcrumb\"},\"inLanguage\":\"fr-FR\",\"potentialAction\":[{\"@type\":\"ReadAction\",\"target\":[\"https:\/\/www.ranciliogroup.com\/fr\/rancilio-group-deutschland-gmbh-a-leuropean-coffee-symposium-a-berlin\/\"]}]},{\"@type\":\"BreadcrumbList\",\"@id\":\"https:\/\/www.ranciliogroup.com\/fr\/rancilio-group-deutschland-gmbh-a-leuropean-coffee-symposium-a-berlin\/#breadcrumb\",\"itemListElement\":[{\"@type\":\"ListItem\",\"position\":1,\"name\":\"Home\",\"item\":\"https:\/\/www.ranciliogroup.com\/fr\/\"},{\"@type\":\"ListItem\",\"position\":2,\"name\":\"Rancilio Group Deutschland GmbH \u00e0 l\u2019European Coffee Symposium \u00e0 Berlin\"}]},{\"@type\":\"WebSite\",\"@id\":\"https:\/\/www.ranciliogroup.com\/fr\/#website\",\"url\":\"https:\/\/www.ranciliogroup.com\/fr\/\",\"name\":\"Rancilio Group\",\"description\":\"Leader des machines \u00e0 caf\u00e9 professionnelles\",\"publisher\":{\"@id\":\"https:\/\/www.ranciliogroup.com\/fr\/#organization\"},\"potentialAction\":[{\"@type\":\"SearchAction\",\"target\":{\"@type\":\"EntryPoint\",\"urlTemplate\":\"https:\/\/www.ranciliogroup.com\/fr\/?s={search_term_string}\"},\"query-input\":\"required name=search_term_string\"}],\"inLanguage\":\"fr-FR\"},{\"@type\":\"Organization\",\"@id\":\"https:\/\/www.ranciliogroup.com\/fr\/#organization\",\"name\":\"Rancilio Group\",\"url\":\"https:\/\/www.ranciliogroup.com\/fr\/\",\"logo\":{\"@type\":\"ImageObject\",\"inLanguage\":\"fr-FR\",\"@id\":\"https:\/\/www.ranciliogroup.com\/fr\/#\/schema\/logo\/image\/\",\"url\":\"https:\/\/www.ranciliogroup.com\/app\/uploads\/2019\/07\/rancilio_black_logo.png\",\"contentUrl\":\"https:\/\/www.ranciliogroup.com\/app\/uploads\/2019\/07\/rancilio_black_logo.png\",\"width\":447,\"height\":57,\"caption\":\"Rancilio Group\"},\"image\":{\"@id\":\"https:\/\/www.ranciliogroup.com\/fr\/#\/schema\/logo\/image\/\"},\"sameAs\":[\"https:\/\/www.facebook.com\/RancilioGroup\",\"https:\/\/twitter.com\/ranciliogroup\",\"https:\/\/www.instagram.com\/rancilio_official\/\",\"https:\/\/www.linkedin.com\/company\/ranciliogroup\/\",\"https:\/\/www.youtube.com\/user\/rancilioadmin\"]},{\"@type\":\"Person\",\"@id\":\"https:\/\/www.ranciliogroup.com\/fr\/#\/schema\/person\/d6bf0a7dfe74cded3d64da8b2c92814c\",\"name\":\"temp circular\",\"image\":{\"@type\":\"ImageObject\",\"inLanguage\":\"fr-FR\",\"@id\":\"https:\/\/www.ranciliogroup.com\/fr\/#\/schema\/person\/image\/\",\"url\":\"https:\/\/secure.gravatar.com\/avatar\/569e71c3b97b8bcad1854d6579b35c5f?s=96&d=mm&r=g\",\"contentUrl\":\"https:\/\/secure.gravatar.com\/avatar\/569e71c3b97b8bcad1854d6579b35c5f?s=96&d=mm&r=g\",\"caption\":\"temp circular\"}}]}<\/script>\n<!-- \/ Yoast SEO plugin. -->","yoast_head_json":{"title":"Latest update about Rancilio Group Deutschland GmbH \u00e0 l\u2019European Coffee Symposium \u00e0 Berlin - Rancilio Group","description":"Read Rancilio Group's latest news about Rancilio Group Deutschland GmbH \u00e0 l\u2019European Coffee Symposium \u00e0 Berlin","robots":{"index":"index","follow":"follow","max-snippet":"max-snippet:-1","max-image-preview":"max-image-preview:large","max-video-preview":"max-video-preview:-1"},"canonical":"https:\/\/www.ranciliogroup.com\/fr\/rancilio-group-deutschland-gmbh-a-leuropean-coffee-symposium-a-berlin\/","og_locale":"fr_FR","og_type":"article","og_title":"Latest update about Rancilio Group Deutschland GmbH \u00e0 l\u2019European Coffee Symposium \u00e0 Berlin - Rancilio Group","og_description":"Read Rancilio Group's latest news about Rancilio Group Deutschland GmbH \u00e0 l\u2019European Coffee Symposium \u00e0 Berlin","og_url":"https:\/\/www.ranciliogroup.com\/fr\/rancilio-group-deutschland-gmbh-a-leuropean-coffee-symposium-a-berlin\/","og_site_name":"Rancilio Group","article_publisher":"https:\/\/www.facebook.com\/RancilioGroup","article_published_time":"2024-10-28T16:07:28+00:00","og_image":[{"width":1279,"height":720,"url":"https:\/\/www.ranciliogroup.com\/app\/uploads\/2024\/10\/ECS_COHO_2024.jpg","type":"image\/jpeg"}],"author":"temp circular","twitter_card":"summary_large_image","twitter_creator":"@ranciliogroup","twitter_site":"@ranciliogroup","twitter_misc":{"Written by":"temp circular","Est. reading time":"1 minute"},"schema":{"@context":"https:\/\/schema.org","@graph":[{"@type":"Article","@id":"https:\/\/www.ranciliogroup.com\/fr\/rancilio-group-deutschland-gmbh-a-leuropean-coffee-symposium-a-berlin\/#article","isPartOf":{"@id":"https:\/\/www.ranciliogroup.com\/fr\/rancilio-group-deutschland-gmbh-a-leuropean-coffee-symposium-a-berlin\/"},"author":{"name":"temp circular","@id":"https:\/\/www.ranciliogroup.com\/fr\/#\/schema\/person\/d6bf0a7dfe74cded3d64da8b2c92814c"},"headline":"Rancilio Group Deutschland GmbH \u00e0 l\u2019European Coffee Symposium \u00e0 Berlin","datePublished":"2024-10-28T16:07:28+00:00","dateModified":"2024-10-28T16:07:28+00:00","mainEntityOfPage":{"@id":"https:\/\/www.ranciliogroup.com\/fr\/rancilio-group-deutschland-gmbh-a-leuropean-coffee-symposium-a-berlin\/"},"wordCount":264,"publisher":{"@id":"https:\/\/www.ranciliogroup.com\/fr\/#organization"},"keywords":["European Coffee Symposium","Coho Expo","Best Espresso Equipment Manufacturer","Berlin"],"articleSection":["Tous"],"inLanguage":"fr-FR"},{"@type":"WebPage","@id":"https:\/\/www.ranciliogroup.com\/fr\/rancilio-group-deutschland-gmbh-a-leuropean-coffee-symposium-a-berlin\/","url":"https:\/\/www.ranciliogroup.com\/fr\/rancilio-group-deutschland-gmbh-a-leuropean-coffee-symposium-a-berlin\/","name":"Latest update about Rancilio Group Deutschland GmbH \u00e0 l\u2019European Coffee Symposium \u00e0 Berlin - Rancilio Group","isPartOf":{"@id":"https:\/\/www.ranciliogroup.com\/fr\/#website"},"datePublished":"2024-10-28T16:07:28+00:00","dateModified":"2024-10-28T16:07:28+00:00","description":"Read Rancilio Group's latest news about Rancilio Group Deutschland GmbH \u00e0 l\u2019European Coffee Symposium \u00e0 Berlin","breadcrumb":{"@id":"https:\/\/www.ranciliogroup.com\/fr\/rancilio-group-deutschland-gmbh-a-leuropean-coffee-symposium-a-berlin\/#breadcrumb"},"inLanguage":"fr-FR","potentialAction":[{"@type":"ReadAction","target":["https:\/\/www.ranciliogroup.com\/fr\/rancilio-group-deutschland-gmbh-a-leuropean-coffee-symposium-a-berlin\/"]}]},{"@type":"BreadcrumbList","@id":"https:\/\/www.ranciliogroup.com\/fr\/rancilio-group-deutschland-gmbh-a-leuropean-coffee-symposium-a-berlin\/#breadcrumb","itemListElement":[{"@type":"ListItem","position":1,"name":"Home","item":"https:\/\/www.ranciliogroup.com\/fr\/"},{"@type":"ListItem","position":2,"name":"Rancilio Group Deutschland GmbH \u00e0 l\u2019European Coffee Symposium \u00e0 Berlin"}]},{"@type":"WebSite","@id":"https:\/\/www.ranciliogroup.com\/fr\/#website","url":"https:\/\/www.ranciliogroup.com\/fr\/","name":"Rancilio Group","description":"Leader des machines \u00e0 caf\u00e9 professionnelles","publisher":{"@id":"https:\/\/www.ranciliogroup.com\/fr\/#organization"},"potentialAction":[{"@type":"SearchAction","target":{"@type":"EntryPoint","urlTemplate":"https:\/\/www.ranciliogroup.com\/fr\/?s={search_term_string}"},"query-input":"required name=search_term_string"}],"inLanguage":"fr-FR"},{"@type":"Organization","@id":"https:\/\/www.ranciliogroup.com\/fr\/#organization","name":"Rancilio Group","url":"https:\/\/www.ranciliogroup.com\/fr\/","logo":{"@type":"ImageObject","inLanguage":"fr-FR","@id":"https:\/\/www.ranciliogroup.com\/fr\/#\/schema\/logo\/image\/","url":"https:\/\/www.ranciliogroup.com\/app\/uploads\/2019\/07\/rancilio_black_logo.png","contentUrl":"https:\/\/www.ranciliogroup.com\/app\/uploads\/2019\/07\/rancilio_black_logo.png","width":447,"height":57,"caption":"Rancilio Group"},"image":{"@id":"https:\/\/www.ranciliogroup.com\/fr\/#\/schema\/logo\/image\/"},"sameAs":["https:\/\/www.facebook.com\/RancilioGroup","https:\/\/twitter.com\/ranciliogroup","https:\/\/www.instagram.com\/rancilio_official\/","https:\/\/www.linkedin.com\/company\/ranciliogroup\/","https:\/\/www.youtube.com\/user\/rancilioadmin"]},{"@type":"Person","@id":"https:\/\/www.ranciliogroup.com\/fr\/#\/schema\/person\/d6bf0a7dfe74cded3d64da8b2c92814c","name":"temp circular","image":{"@type":"ImageObject","inLanguage":"fr-FR","@id":"https:\/\/www.ranciliogroup.com\/fr\/#\/schema\/person\/image\/","url":"https:\/\/secure.gravatar.com\/avatar\/569e71c3b97b8bcad1854d6579b35c5f?s=96&d=mm&r=g","contentUrl":"https:\/\/secure.gravatar.com\/avatar\/569e71c3b97b8bcad1854d6579b35c5f?s=96&d=mm&r=g","caption":"temp circular"}}]}},"_links":{"self":[{"href":"https:\/\/www.ranciliogroup.com\/fr\/wp-json\/wp\/v2\/posts\/76650"}],"collection":[{"href":"https:\/\/www.ranciliogroup.com\/fr\/wp-json\/wp\/v2\/posts"}],"about":[{"href":"https:\/\/www.ranciliogroup.com\/fr\/wp-json\/wp\/v2\/types\/post"}],"author":[{"embeddable":true,"href":"https:\/\/www.ranciliogroup.com\/fr\/wp-json\/wp\/v2\/users\/5"}],"replies":[{"embeddable":true,"href":"https:\/\/www.ranciliogroup.com\/fr\/wp-json\/wp\/v2\/comments?post=76650"}],"version-history":[{"count":2,"href":"https:\/\/www.ranciliogroup.com\/fr\/wp-json\/wp\/v2\/posts\/76650\/revisions"}],"predecessor-version":[{"id":76652,"href":"https:\/\/www.ranciliogroup.com\/fr\/wp-json\/wp\/v2\/posts\/76650\/revisions\/76652"}],"wp:featuredmedia":[{"embeddable":true,"href":"https:\/\/www.ranciliogroup.com\/fr\/wp-json\/wp\/v2\/media\/76533"}],"wp:attachment":[{"href":"https:\/\/www.ranciliogroup.com\/fr\/wp-json\/wp\/v2\/media?parent=76650"}],"wp:term":[{"taxonomy":"category","embeddable":true,"href":"https:\/\/www.ranciliogroup.com\/fr\/wp-json\/wp\/v2\/categories?post=76650"},{"taxonomy":"post_tag","embeddable":true,"href":"https:\/\/www.ranciliogroup.com\/fr\/wp-json\/wp\/v2\/tags?post=76650"}],"curies":[{"name":"wp","href":"https:\/\/api.w.org\/{rel}","templated":true}]}}