{"id":77139,"date":"2025-01-29T14:10:33","date_gmt":"2025-01-29T13:10:33","guid":{"rendered":"https:\/\/www.ranciliogroup.com\/?p=77139"},"modified":"2025-01-29T14:10:33","modified_gmt":"2025-01-29T13:10:33","slug":"rancilio-group-au-nafem-2025","status":"publish","type":"post","link":"https:\/\/www.ranciliogroup.com\/fr\/rancilio-group-au-nafem-2025\/","title":{"rendered":"Rancilio Group au NAFEM 2025"},"content":{"rendered":"<p>Rancilio Group sera pr\u00e9sent \u00e0 <em>The<\/em> <em>NAFEM Show 2025<\/em>, du 26 au 28 f\u00e9vrier, au Georgia World Congress Center \u00e0 Atlanta. Les visiteurs auront la possibilit\u00e9 d&#8217;explorer les derni\u00e8res innovations des marques <strong>Rancilio<\/strong>, <strong>Rancilio Specialty<\/strong> et <strong>Egro<\/strong>.<\/p>\n<p>En vedette chez <strong>Rancilio Specialty<\/strong>, la machine \u00e0 expresso <strong>Invicta<\/strong> se distingue par sa technologie d&#8217;infusion avanc\u00e9e, son design \u00e9pur\u00e9 et son interface conviviale, l&#8217;id\u00e9al pour les professionnels du caf\u00e9 de sp\u00e9cialit\u00e9. La <strong>Rancilio Classe 7<\/strong>, r\u00e9put\u00e9e pour sa fiabilit\u00e9 et sa robustesse, garantit une stabilit\u00e9 thermique de tr\u00e8s haut niveau. Le moulin \u00e0 caf\u00e9 <strong>Kryo<\/strong> offre, en outre, une pr\u00e9cision et une constance dans la mouture du caf\u00e9, ce qui permet d&#8217;am\u00e9liorer chaque dose.<\/p>\n<p>La ligne <strong>Egro<\/strong> comprend le nouveau <strong>MoDe Pro Milk<\/strong> qui offre une grande personnalisation des boissons, ce qui est parfait pour les caf\u00e9s et les espaces en libre-service. Egro <strong>Touch Coffee<\/strong> fournit un caf\u00e9 riche et fra\u00eechement pr\u00e9par\u00e9 sur simple pression d&#8217;un bouton, tandis que la machine polyvalente <strong>Next<\/strong> garantit des r\u00e9sultats constants pour une large gamme de boissons.<\/p>\n<p>Le NAFEM 2025 rassemble les principaux professionnels des services de restauration, offrant aux participants la possibilit\u00e9 d&#8217;explorer les \u00e9quipements les plus r\u00e9cents, de participer \u00e0 des sessions enrichissantes et de cr\u00e9er de pr\u00e9cieuses opportunit\u00e9s de r\u00e9seautage.<\/p>\n<p>&nbsp;<\/p>\n<p><strong>The NAFEM Show 2025<\/strong><\/p>\n<p>26-28 f\u00e9vrier 2025<br \/>\nDe 9h00 \u00e0 17h00<br \/>\nStand n\u00b01749<br \/>\n<a href=\"https:\/\/www.google.com\/maps\/place\/Georgia+World+Congress+Center\/@33.7603931,-84.4049435,17z\/data=!3m2!4b1!5s0x88f5048040641377:0xb43516d7f181a5f0!4m6!3m5!1s0x88f504818f955259:0xd22b449e2718746b!8m2!3d33.7603931!4d-84.4023632!16zL20vMDJ3bDFi?authuser=0&amp;entry=ttu&amp;g_ep=EgoyMDI0MTIxMS4wIKXMDSoASAFQAw%3D%3D\">Georgia World Congress Center<\/a><br \/>\n285 Andrew Young International Blvd NW<br \/>\nAtlanta, GA 30313, \u00c9tats-Unis<\/p>\n<p>&nbsp;<\/p>\n","protected":false},"excerpt":{"rendered":"<p>Rancilio Group sera pr\u00e9sent \u00e0 The NAFEM Show 2025, du 26 au 28 f\u00e9vrier, au Georgia World Congress Center \u00e0&#8230;<\/p>\n","protected":false},"author":5,"featured_media":77133,"comment_status":"closed","ping_status":"closed","sticky":false,"template":"","format":"standard","meta":[],"categories":[878],"tags":[2882,2624,2625,3137,3929,2685,2929],"acf":[],"yoast_head":"<!-- This site is optimized with the Yoast SEO plugin v21.5 - https:\/\/yoast.com\/wordpress\/plugins\/seo\/ -->\n<title>Latest update about Rancilio Group au NAFEM 2025 - Rancilio Group<\/title>\n<meta name=\"description\" content=\"Read Rancilio Group&#039;s latest news about Rancilio Group au NAFEM 2025\" \/>\n<meta name=\"robots\" content=\"index, follow, max-snippet:-1, max-image-preview:large, max-video-preview:-1\" \/>\n<link rel=\"canonical\" href=\"https:\/\/www.ranciliogroup.com\/fr\/rancilio-group-au-nafem-2025\/\" \/>\n<meta property=\"og:locale\" content=\"fr_FR\" \/>\n<meta property=\"og:type\" content=\"article\" \/>\n<meta property=\"og:title\" content=\"Latest update about Rancilio Group au NAFEM 2025 - Rancilio Group\" \/>\n<meta property=\"og:description\" content=\"Read Rancilio Group&#039;s latest news about Rancilio Group au NAFEM 2025\" \/>\n<meta property=\"og:url\" content=\"https:\/\/www.ranciliogroup.com\/fr\/rancilio-group-au-nafem-2025\/\" \/>\n<meta property=\"og:site_name\" content=\"Rancilio Group\" \/>\n<meta property=\"article:publisher\" content=\"https:\/\/www.facebook.com\/RancilioGroup\" \/>\n<meta property=\"article:published_time\" content=\"2025-01-29T13:10:33+00:00\" \/>\n<meta property=\"og:image\" content=\"https:\/\/www.ranciliogroup.com\/app\/uploads\/2025\/01\/NAFEM-Show-2025.jpg\" \/>\n\t<meta property=\"og:image:width\" content=\"1200\" \/>\n\t<meta property=\"og:image:height\" content=\"628\" \/>\n\t<meta property=\"og:image:type\" content=\"image\/jpeg\" \/>\n<meta name=\"author\" content=\"temp circular\" \/>\n<meta name=\"twitter:card\" content=\"summary_large_image\" \/>\n<meta name=\"twitter:creator\" content=\"@ranciliogroup\" \/>\n<meta name=\"twitter:site\" content=\"@ranciliogroup\" \/>\n<meta name=\"twitter:label1\" content=\"Written by\" \/>\n\t<meta name=\"twitter:data1\" content=\"temp circular\" \/>\n\t<meta name=\"twitter:label2\" content=\"Est. reading time\" \/>\n\t<meta name=\"twitter:data2\" content=\"2 minutes\" \/>\n<script type=\"application\/ld+json\" class=\"yoast-schema-graph\">{\"@context\":\"https:\/\/schema.org\",\"@graph\":[{\"@type\":\"Article\",\"@id\":\"https:\/\/www.ranciliogroup.com\/fr\/rancilio-group-au-nafem-2025\/#article\",\"isPartOf\":{\"@id\":\"https:\/\/www.ranciliogroup.com\/fr\/rancilio-group-au-nafem-2025\/\"},\"author\":{\"name\":\"temp circular\",\"@id\":\"https:\/\/www.ranciliogroup.com\/fr\/#\/schema\/person\/d6bf0a7dfe74cded3d64da8b2c92814c\"},\"headline\":\"Rancilio Group au NAFEM 2025\",\"datePublished\":\"2025-01-29T13:10:33+00:00\",\"dateModified\":\"2025-01-29T13:10:33+00:00\",\"mainEntityOfPage\":{\"@id\":\"https:\/\/www.ranciliogroup.com\/fr\/rancilio-group-au-nafem-2025\/\"},\"wordCount\":246,\"publisher\":{\"@id\":\"https:\/\/www.ranciliogroup.com\/fr\/#organization\"},\"keywords\":[\"Classe 7\",\"Invicta\",\"Kryo\",\"MoDe\",\"NAFEM\",\"Next\",\"Touch Coffee\"],\"articleSection\":[\"Tous\"],\"inLanguage\":\"fr-FR\"},{\"@type\":\"WebPage\",\"@id\":\"https:\/\/www.ranciliogroup.com\/fr\/rancilio-group-au-nafem-2025\/\",\"url\":\"https:\/\/www.ranciliogroup.com\/fr\/rancilio-group-au-nafem-2025\/\",\"name\":\"Latest update about Rancilio Group au NAFEM 2025 - Rancilio Group\",\"isPartOf\":{\"@id\":\"https:\/\/www.ranciliogroup.com\/fr\/#website\"},\"datePublished\":\"2025-01-29T13:10:33+00:00\",\"dateModified\":\"2025-01-29T13:10:33+00:00\",\"description\":\"Read Rancilio Group's latest news about Rancilio Group au NAFEM 2025\",\"breadcrumb\":{\"@id\":\"https:\/\/www.ranciliogroup.com\/fr\/rancilio-group-au-nafem-2025\/#breadcrumb\"},\"inLanguage\":\"fr-FR\",\"potentialAction\":[{\"@type\":\"ReadAction\",\"target\":[\"https:\/\/www.ranciliogroup.com\/fr\/rancilio-group-au-nafem-2025\/\"]}]},{\"@type\":\"BreadcrumbList\",\"@id\":\"https:\/\/www.ranciliogroup.com\/fr\/rancilio-group-au-nafem-2025\/#breadcrumb\",\"itemListElement\":[{\"@type\":\"ListItem\",\"position\":1,\"name\":\"Home\",\"item\":\"https:\/\/www.ranciliogroup.com\/fr\/\"},{\"@type\":\"ListItem\",\"position\":2,\"name\":\"Rancilio Group au NAFEM 2025\"}]},{\"@type\":\"WebSite\",\"@id\":\"https:\/\/www.ranciliogroup.com\/fr\/#website\",\"url\":\"https:\/\/www.ranciliogroup.com\/fr\/\",\"name\":\"Rancilio Group\",\"description\":\"Leader des machines \u00e0 caf\u00e9 professionnelles\",\"publisher\":{\"@id\":\"https:\/\/www.ranciliogroup.com\/fr\/#organization\"},\"potentialAction\":[{\"@type\":\"SearchAction\",\"target\":{\"@type\":\"EntryPoint\",\"urlTemplate\":\"https:\/\/www.ranciliogroup.com\/fr\/?s={search_term_string}\"},\"query-input\":\"required name=search_term_string\"}],\"inLanguage\":\"fr-FR\"},{\"@type\":\"Organization\",\"@id\":\"https:\/\/www.ranciliogroup.com\/fr\/#organization\",\"name\":\"Rancilio Group\",\"url\":\"https:\/\/www.ranciliogroup.com\/fr\/\",\"logo\":{\"@type\":\"ImageObject\",\"inLanguage\":\"fr-FR\",\"@id\":\"https:\/\/www.ranciliogroup.com\/fr\/#\/schema\/logo\/image\/\",\"url\":\"https:\/\/www.ranciliogroup.com\/app\/uploads\/2019\/07\/rancilio_black_logo.png\",\"contentUrl\":\"https:\/\/www.ranciliogroup.com\/app\/uploads\/2019\/07\/rancilio_black_logo.png\",\"width\":447,\"height\":57,\"caption\":\"Rancilio Group\"},\"image\":{\"@id\":\"https:\/\/www.ranciliogroup.com\/fr\/#\/schema\/logo\/image\/\"},\"sameAs\":[\"https:\/\/www.facebook.com\/RancilioGroup\",\"https:\/\/twitter.com\/ranciliogroup\",\"https:\/\/www.instagram.com\/rancilio_official\/\",\"https:\/\/www.linkedin.com\/company\/ranciliogroup\/\",\"https:\/\/www.youtube.com\/user\/rancilioadmin\"]},{\"@type\":\"Person\",\"@id\":\"https:\/\/www.ranciliogroup.com\/fr\/#\/schema\/person\/d6bf0a7dfe74cded3d64da8b2c92814c\",\"name\":\"temp circular\",\"image\":{\"@type\":\"ImageObject\",\"inLanguage\":\"fr-FR\",\"@id\":\"https:\/\/www.ranciliogroup.com\/fr\/#\/schema\/person\/image\/\",\"url\":\"https:\/\/secure.gravatar.com\/avatar\/569e71c3b97b8bcad1854d6579b35c5f?s=96&d=mm&r=g\",\"contentUrl\":\"https:\/\/secure.gravatar.com\/avatar\/569e71c3b97b8bcad1854d6579b35c5f?s=96&d=mm&r=g\",\"caption\":\"temp circular\"}}]}<\/script>\n<!-- \/ Yoast SEO plugin. -->","yoast_head_json":{"title":"Latest update about Rancilio Group au NAFEM 2025 - Rancilio Group","description":"Read Rancilio Group's latest news about Rancilio Group au NAFEM 2025","robots":{"index":"index","follow":"follow","max-snippet":"max-snippet:-1","max-image-preview":"max-image-preview:large","max-video-preview":"max-video-preview:-1"},"canonical":"https:\/\/www.ranciliogroup.com\/fr\/rancilio-group-au-nafem-2025\/","og_locale":"fr_FR","og_type":"article","og_title":"Latest update about Rancilio Group au NAFEM 2025 - Rancilio Group","og_description":"Read Rancilio Group's latest news about Rancilio Group au NAFEM 2025","og_url":"https:\/\/www.ranciliogroup.com\/fr\/rancilio-group-au-nafem-2025\/","og_site_name":"Rancilio Group","article_publisher":"https:\/\/www.facebook.com\/RancilioGroup","article_published_time":"2025-01-29T13:10:33+00:00","og_image":[{"width":1200,"height":628,"url":"https:\/\/www.ranciliogroup.com\/app\/uploads\/2025\/01\/NAFEM-Show-2025.jpg","type":"image\/jpeg"}],"author":"temp circular","twitter_card":"summary_large_image","twitter_creator":"@ranciliogroup","twitter_site":"@ranciliogroup","twitter_misc":{"Written by":"temp circular","Est. reading time":"2 minutes"},"schema":{"@context":"https:\/\/schema.org","@graph":[{"@type":"Article","@id":"https:\/\/www.ranciliogroup.com\/fr\/rancilio-group-au-nafem-2025\/#article","isPartOf":{"@id":"https:\/\/www.ranciliogroup.com\/fr\/rancilio-group-au-nafem-2025\/"},"author":{"name":"temp circular","@id":"https:\/\/www.ranciliogroup.com\/fr\/#\/schema\/person\/d6bf0a7dfe74cded3d64da8b2c92814c"},"headline":"Rancilio Group au NAFEM 2025","datePublished":"2025-01-29T13:10:33+00:00","dateModified":"2025-01-29T13:10:33+00:00","mainEntityOfPage":{"@id":"https:\/\/www.ranciliogroup.com\/fr\/rancilio-group-au-nafem-2025\/"},"wordCount":246,"publisher":{"@id":"https:\/\/www.ranciliogroup.com\/fr\/#organization"},"keywords":["Classe 7","Invicta","Kryo","MoDe","NAFEM","Next","Touch Coffee"],"articleSection":["Tous"],"inLanguage":"fr-FR"},{"@type":"WebPage","@id":"https:\/\/www.ranciliogroup.com\/fr\/rancilio-group-au-nafem-2025\/","url":"https:\/\/www.ranciliogroup.com\/fr\/rancilio-group-au-nafem-2025\/","name":"Latest update about Rancilio Group au NAFEM 2025 - Rancilio Group","isPartOf":{"@id":"https:\/\/www.ranciliogroup.com\/fr\/#website"},"datePublished":"2025-01-29T13:10:33+00:00","dateModified":"2025-01-29T13:10:33+00:00","description":"Read Rancilio Group's latest news about Rancilio Group au NAFEM 2025","breadcrumb":{"@id":"https:\/\/www.ranciliogroup.com\/fr\/rancilio-group-au-nafem-2025\/#breadcrumb"},"inLanguage":"fr-FR","potentialAction":[{"@type":"ReadAction","target":["https:\/\/www.ranciliogroup.com\/fr\/rancilio-group-au-nafem-2025\/"]}]},{"@type":"BreadcrumbList","@id":"https:\/\/www.ranciliogroup.com\/fr\/rancilio-group-au-nafem-2025\/#breadcrumb","itemListElement":[{"@type":"ListItem","position":1,"name":"Home","item":"https:\/\/www.ranciliogroup.com\/fr\/"},{"@type":"ListItem","position":2,"name":"Rancilio Group au NAFEM 2025"}]},{"@type":"WebSite","@id":"https:\/\/www.ranciliogroup.com\/fr\/#website","url":"https:\/\/www.ranciliogroup.com\/fr\/","name":"Rancilio Group","description":"Leader des machines \u00e0 caf\u00e9 professionnelles","publisher":{"@id":"https:\/\/www.ranciliogroup.com\/fr\/#organization"},"potentialAction":[{"@type":"SearchAction","target":{"@type":"EntryPoint","urlTemplate":"https:\/\/www.ranciliogroup.com\/fr\/?s={search_term_string}"},"query-input":"required name=search_term_string"}],"inLanguage":"fr-FR"},{"@type":"Organization","@id":"https:\/\/www.ranciliogroup.com\/fr\/#organization","name":"Rancilio Group","url":"https:\/\/www.ranciliogroup.com\/fr\/","logo":{"@type":"ImageObject","inLanguage":"fr-FR","@id":"https:\/\/www.ranciliogroup.com\/fr\/#\/schema\/logo\/image\/","url":"https:\/\/www.ranciliogroup.com\/app\/uploads\/2019\/07\/rancilio_black_logo.png","contentUrl":"https:\/\/www.ranciliogroup.com\/app\/uploads\/2019\/07\/rancilio_black_logo.png","width":447,"height":57,"caption":"Rancilio Group"},"image":{"@id":"https:\/\/www.ranciliogroup.com\/fr\/#\/schema\/logo\/image\/"},"sameAs":["https:\/\/www.facebook.com\/RancilioGroup","https:\/\/twitter.com\/ranciliogroup","https:\/\/www.instagram.com\/rancilio_official\/","https:\/\/www.linkedin.com\/company\/ranciliogroup\/","https:\/\/www.youtube.com\/user\/rancilioadmin"]},{"@type":"Person","@id":"https:\/\/www.ranciliogroup.com\/fr\/#\/schema\/person\/d6bf0a7dfe74cded3d64da8b2c92814c","name":"temp circular","image":{"@type":"ImageObject","inLanguage":"fr-FR","@id":"https:\/\/www.ranciliogroup.com\/fr\/#\/schema\/person\/image\/","url":"https:\/\/secure.gravatar.com\/avatar\/569e71c3b97b8bcad1854d6579b35c5f?s=96&d=mm&r=g","contentUrl":"https:\/\/secure.gravatar.com\/avatar\/569e71c3b97b8bcad1854d6579b35c5f?s=96&d=mm&r=g","caption":"temp circular"}}]}},"_links":{"self":[{"href":"https:\/\/www.ranciliogroup.com\/fr\/wp-json\/wp\/v2\/posts\/77139"}],"collection":[{"href":"https:\/\/www.ranciliogroup.com\/fr\/wp-json\/wp\/v2\/posts"}],"about":[{"href":"https:\/\/www.ranciliogroup.com\/fr\/wp-json\/wp\/v2\/types\/post"}],"author":[{"embeddable":true,"href":"https:\/\/www.ranciliogroup.com\/fr\/wp-json\/wp\/v2\/users\/5"}],"replies":[{"embeddable":true,"href":"https:\/\/www.ranciliogroup.com\/fr\/wp-json\/wp\/v2\/comments?post=77139"}],"version-history":[{"count":2,"href":"https:\/\/www.ranciliogroup.com\/fr\/wp-json\/wp\/v2\/posts\/77139\/revisions"}],"predecessor-version":[{"id":77141,"href":"https:\/\/www.ranciliogroup.com\/fr\/wp-json\/wp\/v2\/posts\/77139\/revisions\/77141"}],"wp:featuredmedia":[{"embeddable":true,"href":"https:\/\/www.ranciliogroup.com\/fr\/wp-json\/wp\/v2\/media\/77133"}],"wp:attachment":[{"href":"https:\/\/www.ranciliogroup.com\/fr\/wp-json\/wp\/v2\/media?parent=77139"}],"wp:term":[{"taxonomy":"category","embeddable":true,"href":"https:\/\/www.ranciliogroup.com\/fr\/wp-json\/wp\/v2\/categories?post=77139"},{"taxonomy":"post_tag","embeddable":true,"href":"https:\/\/www.ranciliogroup.com\/fr\/wp-json\/wp\/v2\/tags?post=77139"}],"curies":[{"name":"wp","href":"https:\/\/api.w.org\/{rel}","templated":true}]}}