{"id":77277,"date":"2025-02-14T10:39:49","date_gmt":"2025-02-14T09:39:49","guid":{"rendered":"https:\/\/www.ranciliogroup.com\/?p=77277"},"modified":"2025-02-14T10:39:49","modified_gmt":"2025-02-14T09:39:49","slug":"rancilio-specialty-prete-pour-la-deuxieme-edition-du-nordic-coffee-fest","status":"publish","type":"post","link":"https:\/\/www.ranciliogroup.com\/fr\/rancilio-specialty-prete-pour-la-deuxieme-edition-du-nordic-coffee-fest\/","title":{"rendered":"Rancilio Specialty pr\u00eate pour la deuxi\u00e8me \u00e9dition du Nordic Coffee Fest"},"content":{"rendered":"<p>Du 1er au 2 mars, Rancilio Specialty invite les amateurs de caf\u00e9 au Nordic Coffee Fest \u00e0 G\u00f6teborg, ville historique et anim\u00e9e de Su\u00e8de.<\/p>\n<p>Pour cette occasion sp\u00e9ciale, la machine \u00e0 expresso <strong>RS1<\/strong> multi-chaudi\u00e8res affichera des couleurs vives inspir\u00e9es par <strong>Hilma af Klint<\/strong>, une artiste abstraite su\u00e9doise, pionni\u00e8re connue pour ses compositions visionnaires inspir\u00e9es de la nature. La RS1 veut c\u00e9l\u00e9brer la riche culture su\u00e9doise en mati\u00e8re d&#8217;art et de caf\u00e9. Avec ses teintes vibrantes et chatoyantes, elle est pr\u00eate \u00e0 accueillir \u00e0 la fois les baristas professionnels et les baristas amateurs pour leur faire d\u00e9couvrir sa technologie de pointe. \u00c9quip\u00e9e de l&#8217;<strong>Advanced Temperature Profiling<\/strong>, elle permettra aux baristas de lib\u00e9rer tout le potentiel de saveur de chaque caf\u00e9.<\/p>\n<p>Les amateurs de caf\u00e9 \u00e0 la maison et les baristas pourront d\u00e9couvrir un espace d\u00e9di\u00e9 aux machines \u00e0 caf\u00e9 embl\u00e9matiques <strong>Silvia<\/strong> et <strong>Silvia Pro X<\/strong>, associ\u00e9es \u00e0 l&#8217;\u00e9l\u00e9gant moulin \u00e0 caf\u00e9 <strong>Stile<\/strong>. Cet \u00e9v\u00e9nement marque \u00e9galement les d\u00e9buts de Silvia dans une nouvelle couleur vert sauge, pr\u00eate \u00e0 inspirer les amateurs de caf\u00e9.<\/p>\n<p>&nbsp;<\/p>\n<p><strong>Nordic Coffee Festival 2025<\/strong><br \/>\n1-2 mars 2025<br \/>\nDe 10h00 \u00e0 18h00<br \/>\nStand A28-A29<br \/>\n<a href=\"https:\/\/www.google.com\/maps\/place\/Kajskjul+105\/@57.7141975,11.9601095,17z\/data=!3m1!4b1!4m6!3m5!1s0x464ff360162cd5ef:0x866540a860692e26!8m2!3d57.7141975!4d11.9626898!16s%2Fg%2F11c43c9fqr?authuser=0&amp;entry=ttu&amp;g_ep=EgoyMDI1MDIwOS4wIKXMDSoASAFQAw%3D%3D\"><strong>BANANPIREN<\/strong><\/a><br \/>\nKajskjul 105, Frihamnen,<br \/>\n417 70 G\u00f6teborg, Su\u00e8de<\/p>\n","protected":false},"excerpt":{"rendered":"<p>Du 1er au 2 mars, Rancilio Specialty invite les amateurs de caf\u00e9 au Nordic Coffee Fest \u00e0 G\u00f6teborg, ville historique&#8230;<\/p>\n","protected":false},"author":5,"featured_media":78847,"comment_status":"closed","ping_status":"closed","sticky":false,"template":"","format":"standard","meta":[],"categories":[878],"tags":[3348,3958,3957,2594,3349,2851,2735,2852],"acf":[],"yoast_head":"<!-- This site is optimized with the Yoast SEO plugin v21.5 - https:\/\/yoast.com\/wordpress\/plugins\/seo\/ -->\n<title>Latest update about Rancilio Specialty pr\u00eate pour la deuxi\u00e8me \u00e9dition du Nordic Coffee Fest - Rancilio Group<\/title>\n<meta name=\"description\" content=\"Read Rancilio Group&#039;s latest news about Rancilio Specialty pr\u00eate pour la deuxi\u00e8me \u00e9dition du Nordic Coffee Fest\" \/>\n<meta name=\"robots\" content=\"index, follow, max-snippet:-1, max-image-preview:large, max-video-preview:-1\" \/>\n<link rel=\"canonical\" href=\"https:\/\/www.ranciliogroup.com\/fr\/rancilio-specialty-prete-pour-la-deuxieme-edition-du-nordic-coffee-fest\/\" \/>\n<meta property=\"og:locale\" content=\"fr_FR\" \/>\n<meta property=\"og:type\" content=\"article\" \/>\n<meta property=\"og:title\" content=\"Latest update about Rancilio Specialty pr\u00eate pour la deuxi\u00e8me \u00e9dition du Nordic Coffee Fest - Rancilio Group\" \/>\n<meta property=\"og:description\" content=\"Read Rancilio Group&#039;s latest news about Rancilio Specialty pr\u00eate pour la deuxi\u00e8me \u00e9dition du Nordic Coffee Fest\" \/>\n<meta property=\"og:url\" content=\"https:\/\/www.ranciliogroup.com\/fr\/rancilio-specialty-prete-pour-la-deuxieme-edition-du-nordic-coffee-fest\/\" \/>\n<meta property=\"og:site_name\" content=\"Rancilio Group\" \/>\n<meta property=\"article:publisher\" content=\"https:\/\/www.facebook.com\/RancilioGroup\" \/>\n<meta property=\"article:published_time\" content=\"2025-02-14T09:39:49+00:00\" \/>\n<meta property=\"og:image\" content=\"https:\/\/www.ranciliogroup.com\/app\/uploads\/2025\/02\/banner_webnews_logo-1.jpg\" \/>\n\t<meta property=\"og:image:width\" content=\"1417\" \/>\n\t<meta property=\"og:image:height\" content=\"433\" \/>\n\t<meta property=\"og:image:type\" content=\"image\/jpeg\" \/>\n<meta name=\"author\" content=\"temp circular\" \/>\n<meta name=\"twitter:card\" content=\"summary_large_image\" \/>\n<meta name=\"twitter:creator\" content=\"@ranciliogroup\" \/>\n<meta name=\"twitter:site\" content=\"@ranciliogroup\" \/>\n<meta name=\"twitter:label1\" content=\"Written by\" \/>\n\t<meta name=\"twitter:data1\" content=\"temp circular\" \/>\n\t<meta name=\"twitter:label2\" content=\"Est. reading time\" \/>\n\t<meta name=\"twitter:data2\" content=\"1 minute\" \/>\n<script type=\"application\/ld+json\" class=\"yoast-schema-graph\">{\"@context\":\"https:\/\/schema.org\",\"@graph\":[{\"@type\":\"Article\",\"@id\":\"https:\/\/www.ranciliogroup.com\/fr\/rancilio-specialty-prete-pour-la-deuxieme-edition-du-nordic-coffee-fest\/#article\",\"isPartOf\":{\"@id\":\"https:\/\/www.ranciliogroup.com\/fr\/rancilio-specialty-prete-pour-la-deuxieme-edition-du-nordic-coffee-fest\/\"},\"author\":{\"name\":\"temp circular\",\"@id\":\"https:\/\/www.ranciliogroup.com\/fr\/#\/schema\/person\/d6bf0a7dfe74cded3d64da8b2c92814c\"},\"headline\":\"Rancilio Specialty pr\u00eate pour la deuxi\u00e8me \u00e9dition du Nordic Coffee Fest\",\"datePublished\":\"2025-02-14T09:39:49+00:00\",\"dateModified\":\"2025-02-14T09:39:49+00:00\",\"mainEntityOfPage\":{\"@id\":\"https:\/\/www.ranciliogroup.com\/fr\/rancilio-specialty-prete-pour-la-deuxieme-edition-du-nordic-coffee-fest\/\"},\"wordCount\":220,\"publisher\":{\"@id\":\"https:\/\/www.ranciliogroup.com\/fr\/#organization\"},\"keywords\":[\"Advanced Temperature Profiling\",\"Hilma af Klint\",\"Nordic Coffee Festival\",\"RS1\",\"RS1\",\"Silvia\",\"Silvia Pro X\",\"Stile\"],\"articleSection\":[\"Tous\"],\"inLanguage\":\"fr-FR\"},{\"@type\":\"WebPage\",\"@id\":\"https:\/\/www.ranciliogroup.com\/fr\/rancilio-specialty-prete-pour-la-deuxieme-edition-du-nordic-coffee-fest\/\",\"url\":\"https:\/\/www.ranciliogroup.com\/fr\/rancilio-specialty-prete-pour-la-deuxieme-edition-du-nordic-coffee-fest\/\",\"name\":\"Latest update about Rancilio Specialty pr\u00eate pour la deuxi\u00e8me \u00e9dition du Nordic Coffee Fest - Rancilio Group\",\"isPartOf\":{\"@id\":\"https:\/\/www.ranciliogroup.com\/fr\/#website\"},\"datePublished\":\"2025-02-14T09:39:49+00:00\",\"dateModified\":\"2025-02-14T09:39:49+00:00\",\"description\":\"Read Rancilio Group's latest news about Rancilio Specialty pr\u00eate pour la deuxi\u00e8me \u00e9dition du Nordic Coffee Fest\",\"breadcrumb\":{\"@id\":\"https:\/\/www.ranciliogroup.com\/fr\/rancilio-specialty-prete-pour-la-deuxieme-edition-du-nordic-coffee-fest\/#breadcrumb\"},\"inLanguage\":\"fr-FR\",\"potentialAction\":[{\"@type\":\"ReadAction\",\"target\":[\"https:\/\/www.ranciliogroup.com\/fr\/rancilio-specialty-prete-pour-la-deuxieme-edition-du-nordic-coffee-fest\/\"]}]},{\"@type\":\"BreadcrumbList\",\"@id\":\"https:\/\/www.ranciliogroup.com\/fr\/rancilio-specialty-prete-pour-la-deuxieme-edition-du-nordic-coffee-fest\/#breadcrumb\",\"itemListElement\":[{\"@type\":\"ListItem\",\"position\":1,\"name\":\"Home\",\"item\":\"https:\/\/www.ranciliogroup.com\/fr\/\"},{\"@type\":\"ListItem\",\"position\":2,\"name\":\"Rancilio Specialty pr\u00eate pour la deuxi\u00e8me \u00e9dition du Nordic Coffee Fest\"}]},{\"@type\":\"WebSite\",\"@id\":\"https:\/\/www.ranciliogroup.com\/fr\/#website\",\"url\":\"https:\/\/www.ranciliogroup.com\/fr\/\",\"name\":\"Rancilio Group\",\"description\":\"Leader des machines \u00e0 caf\u00e9 professionnelles\",\"publisher\":{\"@id\":\"https:\/\/www.ranciliogroup.com\/fr\/#organization\"},\"potentialAction\":[{\"@type\":\"SearchAction\",\"target\":{\"@type\":\"EntryPoint\",\"urlTemplate\":\"https:\/\/www.ranciliogroup.com\/fr\/?s={search_term_string}\"},\"query-input\":\"required name=search_term_string\"}],\"inLanguage\":\"fr-FR\"},{\"@type\":\"Organization\",\"@id\":\"https:\/\/www.ranciliogroup.com\/fr\/#organization\",\"name\":\"Rancilio Group\",\"url\":\"https:\/\/www.ranciliogroup.com\/fr\/\",\"logo\":{\"@type\":\"ImageObject\",\"inLanguage\":\"fr-FR\",\"@id\":\"https:\/\/www.ranciliogroup.com\/fr\/#\/schema\/logo\/image\/\",\"url\":\"https:\/\/www.ranciliogroup.com\/app\/uploads\/2019\/07\/rancilio_black_logo.png\",\"contentUrl\":\"https:\/\/www.ranciliogroup.com\/app\/uploads\/2019\/07\/rancilio_black_logo.png\",\"width\":447,\"height\":57,\"caption\":\"Rancilio Group\"},\"image\":{\"@id\":\"https:\/\/www.ranciliogroup.com\/fr\/#\/schema\/logo\/image\/\"},\"sameAs\":[\"https:\/\/www.facebook.com\/RancilioGroup\",\"https:\/\/twitter.com\/ranciliogroup\",\"https:\/\/www.instagram.com\/rancilio_official\/\",\"https:\/\/www.linkedin.com\/company\/ranciliogroup\/\",\"https:\/\/www.youtube.com\/user\/rancilioadmin\"]},{\"@type\":\"Person\",\"@id\":\"https:\/\/www.ranciliogroup.com\/fr\/#\/schema\/person\/d6bf0a7dfe74cded3d64da8b2c92814c\",\"name\":\"temp circular\",\"image\":{\"@type\":\"ImageObject\",\"inLanguage\":\"fr-FR\",\"@id\":\"https:\/\/www.ranciliogroup.com\/fr\/#\/schema\/person\/image\/\",\"url\":\"https:\/\/secure.gravatar.com\/avatar\/569e71c3b97b8bcad1854d6579b35c5f?s=96&d=mm&r=g\",\"contentUrl\":\"https:\/\/secure.gravatar.com\/avatar\/569e71c3b97b8bcad1854d6579b35c5f?s=96&d=mm&r=g\",\"caption\":\"temp circular\"}}]}<\/script>\n<!-- \/ Yoast SEO plugin. -->","yoast_head_json":{"title":"Latest update about Rancilio Specialty pr\u00eate pour la deuxi\u00e8me \u00e9dition du Nordic Coffee Fest - Rancilio Group","description":"Read Rancilio Group's latest news about Rancilio Specialty pr\u00eate pour la deuxi\u00e8me \u00e9dition du Nordic Coffee Fest","robots":{"index":"index","follow":"follow","max-snippet":"max-snippet:-1","max-image-preview":"max-image-preview:large","max-video-preview":"max-video-preview:-1"},"canonical":"https:\/\/www.ranciliogroup.com\/fr\/rancilio-specialty-prete-pour-la-deuxieme-edition-du-nordic-coffee-fest\/","og_locale":"fr_FR","og_type":"article","og_title":"Latest update about Rancilio Specialty pr\u00eate pour la deuxi\u00e8me \u00e9dition du Nordic Coffee Fest - Rancilio Group","og_description":"Read Rancilio Group's latest news about Rancilio Specialty pr\u00eate pour la deuxi\u00e8me \u00e9dition du Nordic Coffee Fest","og_url":"https:\/\/www.ranciliogroup.com\/fr\/rancilio-specialty-prete-pour-la-deuxieme-edition-du-nordic-coffee-fest\/","og_site_name":"Rancilio Group","article_publisher":"https:\/\/www.facebook.com\/RancilioGroup","article_published_time":"2025-02-14T09:39:49+00:00","og_image":[{"width":1417,"height":433,"url":"https:\/\/www.ranciliogroup.com\/app\/uploads\/2025\/02\/banner_webnews_logo-1.jpg","type":"image\/jpeg"}],"author":"temp circular","twitter_card":"summary_large_image","twitter_creator":"@ranciliogroup","twitter_site":"@ranciliogroup","twitter_misc":{"Written by":"temp circular","Est. reading time":"1 minute"},"schema":{"@context":"https:\/\/schema.org","@graph":[{"@type":"Article","@id":"https:\/\/www.ranciliogroup.com\/fr\/rancilio-specialty-prete-pour-la-deuxieme-edition-du-nordic-coffee-fest\/#article","isPartOf":{"@id":"https:\/\/www.ranciliogroup.com\/fr\/rancilio-specialty-prete-pour-la-deuxieme-edition-du-nordic-coffee-fest\/"},"author":{"name":"temp circular","@id":"https:\/\/www.ranciliogroup.com\/fr\/#\/schema\/person\/d6bf0a7dfe74cded3d64da8b2c92814c"},"headline":"Rancilio Specialty pr\u00eate pour la deuxi\u00e8me \u00e9dition du Nordic Coffee Fest","datePublished":"2025-02-14T09:39:49+00:00","dateModified":"2025-02-14T09:39:49+00:00","mainEntityOfPage":{"@id":"https:\/\/www.ranciliogroup.com\/fr\/rancilio-specialty-prete-pour-la-deuxieme-edition-du-nordic-coffee-fest\/"},"wordCount":220,"publisher":{"@id":"https:\/\/www.ranciliogroup.com\/fr\/#organization"},"keywords":["Advanced Temperature Profiling","Hilma af Klint","Nordic Coffee Festival","RS1","RS1","Silvia","Silvia Pro X","Stile"],"articleSection":["Tous"],"inLanguage":"fr-FR"},{"@type":"WebPage","@id":"https:\/\/www.ranciliogroup.com\/fr\/rancilio-specialty-prete-pour-la-deuxieme-edition-du-nordic-coffee-fest\/","url":"https:\/\/www.ranciliogroup.com\/fr\/rancilio-specialty-prete-pour-la-deuxieme-edition-du-nordic-coffee-fest\/","name":"Latest update about Rancilio Specialty pr\u00eate pour la deuxi\u00e8me \u00e9dition du Nordic Coffee Fest - Rancilio Group","isPartOf":{"@id":"https:\/\/www.ranciliogroup.com\/fr\/#website"},"datePublished":"2025-02-14T09:39:49+00:00","dateModified":"2025-02-14T09:39:49+00:00","description":"Read Rancilio Group's latest news about Rancilio Specialty pr\u00eate pour la deuxi\u00e8me \u00e9dition du Nordic Coffee Fest","breadcrumb":{"@id":"https:\/\/www.ranciliogroup.com\/fr\/rancilio-specialty-prete-pour-la-deuxieme-edition-du-nordic-coffee-fest\/#breadcrumb"},"inLanguage":"fr-FR","potentialAction":[{"@type":"ReadAction","target":["https:\/\/www.ranciliogroup.com\/fr\/rancilio-specialty-prete-pour-la-deuxieme-edition-du-nordic-coffee-fest\/"]}]},{"@type":"BreadcrumbList","@id":"https:\/\/www.ranciliogroup.com\/fr\/rancilio-specialty-prete-pour-la-deuxieme-edition-du-nordic-coffee-fest\/#breadcrumb","itemListElement":[{"@type":"ListItem","position":1,"name":"Home","item":"https:\/\/www.ranciliogroup.com\/fr\/"},{"@type":"ListItem","position":2,"name":"Rancilio Specialty pr\u00eate pour la deuxi\u00e8me \u00e9dition du Nordic Coffee Fest"}]},{"@type":"WebSite","@id":"https:\/\/www.ranciliogroup.com\/fr\/#website","url":"https:\/\/www.ranciliogroup.com\/fr\/","name":"Rancilio Group","description":"Leader des machines \u00e0 caf\u00e9 professionnelles","publisher":{"@id":"https:\/\/www.ranciliogroup.com\/fr\/#organization"},"potentialAction":[{"@type":"SearchAction","target":{"@type":"EntryPoint","urlTemplate":"https:\/\/www.ranciliogroup.com\/fr\/?s={search_term_string}"},"query-input":"required name=search_term_string"}],"inLanguage":"fr-FR"},{"@type":"Organization","@id":"https:\/\/www.ranciliogroup.com\/fr\/#organization","name":"Rancilio Group","url":"https:\/\/www.ranciliogroup.com\/fr\/","logo":{"@type":"ImageObject","inLanguage":"fr-FR","@id":"https:\/\/www.ranciliogroup.com\/fr\/#\/schema\/logo\/image\/","url":"https:\/\/www.ranciliogroup.com\/app\/uploads\/2019\/07\/rancilio_black_logo.png","contentUrl":"https:\/\/www.ranciliogroup.com\/app\/uploads\/2019\/07\/rancilio_black_logo.png","width":447,"height":57,"caption":"Rancilio Group"},"image":{"@id":"https:\/\/www.ranciliogroup.com\/fr\/#\/schema\/logo\/image\/"},"sameAs":["https:\/\/www.facebook.com\/RancilioGroup","https:\/\/twitter.com\/ranciliogroup","https:\/\/www.instagram.com\/rancilio_official\/","https:\/\/www.linkedin.com\/company\/ranciliogroup\/","https:\/\/www.youtube.com\/user\/rancilioadmin"]},{"@type":"Person","@id":"https:\/\/www.ranciliogroup.com\/fr\/#\/schema\/person\/d6bf0a7dfe74cded3d64da8b2c92814c","name":"temp circular","image":{"@type":"ImageObject","inLanguage":"fr-FR","@id":"https:\/\/www.ranciliogroup.com\/fr\/#\/schema\/person\/image\/","url":"https:\/\/secure.gravatar.com\/avatar\/569e71c3b97b8bcad1854d6579b35c5f?s=96&d=mm&r=g","contentUrl":"https:\/\/secure.gravatar.com\/avatar\/569e71c3b97b8bcad1854d6579b35c5f?s=96&d=mm&r=g","caption":"temp circular"}}]}},"_links":{"self":[{"href":"https:\/\/www.ranciliogroup.com\/fr\/wp-json\/wp\/v2\/posts\/77277"}],"collection":[{"href":"https:\/\/www.ranciliogroup.com\/fr\/wp-json\/wp\/v2\/posts"}],"about":[{"href":"https:\/\/www.ranciliogroup.com\/fr\/wp-json\/wp\/v2\/types\/post"}],"author":[{"embeddable":true,"href":"https:\/\/www.ranciliogroup.com\/fr\/wp-json\/wp\/v2\/users\/5"}],"replies":[{"embeddable":true,"href":"https:\/\/www.ranciliogroup.com\/fr\/wp-json\/wp\/v2\/comments?post=77277"}],"version-history":[{"count":2,"href":"https:\/\/www.ranciliogroup.com\/fr\/wp-json\/wp\/v2\/posts\/77277\/revisions"}],"predecessor-version":[{"id":77279,"href":"https:\/\/www.ranciliogroup.com\/fr\/wp-json\/wp\/v2\/posts\/77277\/revisions\/77279"}],"wp:featuredmedia":[{"embeddable":true,"href":"https:\/\/www.ranciliogroup.com\/fr\/wp-json\/wp\/v2\/media\/78847"}],"wp:attachment":[{"href":"https:\/\/www.ranciliogroup.com\/fr\/wp-json\/wp\/v2\/media?parent=77277"}],"wp:term":[{"taxonomy":"category","embeddable":true,"href":"https:\/\/www.ranciliogroup.com\/fr\/wp-json\/wp\/v2\/categories?post=77277"},{"taxonomy":"post_tag","embeddable":true,"href":"https:\/\/www.ranciliogroup.com\/fr\/wp-json\/wp\/v2\/tags?post=77277"}],"curies":[{"name":"wp","href":"https:\/\/api.w.org\/{rel}","templated":true}]}}