{"id":78281,"date":"2025-03-04T14:32:22","date_gmt":"2025-03-04T13:32:22","guid":{"rendered":"https:\/\/www.ranciliogroup.com\/?p=78281"},"modified":"2025-03-04T14:32:22","modified_gmt":"2025-03-04T13:32:22","slug":"rancilio-specialty-a-la-11eme-edition-du-bucharest-coffee-festival","status":"publish","type":"post","link":"https:\/\/www.ranciliogroup.com\/fr\/rancilio-specialty-a-la-11eme-edition-du-bucharest-coffee-festival\/","title":{"rendered":"Rancilio Specialty \u00e0 la 11\u00e8me \u00e9dition du Bucharest Coffee Festival"},"content":{"rendered":"<p>Du 21 au 23 mars, Rancilio Specialty invite tous les amateurs de caf\u00e9 au Bucharest Coffee Festival \u00e0 la Laminor Arena.<\/p>\n<p>La Rancilio Specialty RS1 est pr\u00eate \u00e0 servir un caf\u00e9 de qualit\u00e9 sup\u00e9rieure aux amateurs de caf\u00e9 de sp\u00e9cialit\u00e9 et pas seulement. \u00c9quip\u00e9e de la technologie de pointe Advanced Temperature Profiling, la RS1 est le partenaire id\u00e9al des baristas qui cherchent \u00e0 faire ressortir les saveurs et les caract\u00e9ristiques intrins\u00e8ques de leurs caf\u00e9s d&#8217;origine unique ou de leurs m\u00e9langes. Elle sera accompagn\u00e9e du moulin professionnel Kryo Elite, ma\u00eetre de la r\u00e9gularit\u00e9 et de la pr\u00e9cision, gr\u00e2ce au SAS Smart Adjusting System, qui r\u00e9gule automatiquement le temps de mouture pour garantir une dose r\u00e9guli\u00e8re.<\/p>\n<p>Pour les fans de la ligne Rancilio Home, les machines \u00e0 caf\u00e9 Silvia Pro X et Silvia Home d\u00e9montreront comment obtenir un expresso de qualit\u00e9 \u00e0 la maison. Associ\u00e9e au moulin \u00e0 caf\u00e9 Stile pour la maison, cette ligne est parfaite pour cr\u00e9er une ambiance chaleureuse autour du caf\u00e9.<\/p>\n<p>Le festival du caf\u00e9 de Bucarest est l&#8217;\u00e9v\u00e9nement id\u00e9al pour d\u00e9couvrir les derni\u00e8res tendances et innovations en mati\u00e8re de caf\u00e9. Il propose une exposition de grains de caf\u00e9 du monde entier, des d\u00e9monstrations passionnantes, des concours palpitants auxquels participent des baristas chevronn\u00e9s, ainsi qu&#8217;une s\u00e9lection vari\u00e9e de produits et de services li\u00e9s au caf\u00e9.<\/p>\n<p>&nbsp;<\/p>\n<p><strong>Bucharest Coffee Festival<\/strong><br \/>\n21-23 mars 2025<br \/>\nDe 9h00 \u00e0 19h00<br \/>\nStand n\u00b0141<br \/>\n<a href=\"https:\/\/www.google.com\/maps\/place\/Laminor+Arena\/@44.4330291,26.1842181,17z\/data=!3m1!4b1!4m6!3m5!1s0x40b1f9cef2c02383:0x6f6d313c1dcb665f!8m2!3d44.4330291!4d26.1867984!16s%2Fg%2F11vdf5p93r?authuser=0&amp;entry=ttu&amp;g_ep=EgoyMDI1MDIxOS4xIKXMDSoJLDEwMjExNDUzSAFQAw%3D%3D\">Laminor Arena<\/a>, Secteur 3<br \/>\nBulevardul Basarabia 256<br \/>\nBucarest 030352, Roumanie<\/p>\n","protected":false},"excerpt":{"rendered":"<p>Du 21 au 23 mars, Rancilio Specialty invite tous les amateurs de caf\u00e9 au Bucharest Coffee Festival \u00e0 la Laminor&#8230;<\/p>\n","protected":false},"author":5,"featured_media":78274,"comment_status":"closed","ping_status":"closed","sticky":false,"template":"","format":"standard","meta":[],"categories":[878],"tags":[3348,3980,3447,2594,3982,2851,2735,3981,2852],"acf":[],"yoast_head":"<!-- This site is optimized with the Yoast SEO plugin v21.5 - https:\/\/yoast.com\/wordpress\/plugins\/seo\/ -->\n<title>Latest update about Rancilio Specialty \u00e0 la 11\u00e8me \u00e9dition du Bucharest Coffee Festival - Rancilio Group<\/title>\n<meta name=\"description\" content=\"Read Rancilio Group&#039;s latest news about Rancilio Specialty \u00e0 la 11\u00e8me \u00e9dition du Bucharest Coffee Festival\" \/>\n<meta name=\"robots\" content=\"index, follow, max-snippet:-1, max-image-preview:large, max-video-preview:-1\" \/>\n<link rel=\"canonical\" href=\"https:\/\/www.ranciliogroup.com\/fr\/rancilio-specialty-a-la-11eme-edition-du-bucharest-coffee-festival\/\" \/>\n<meta property=\"og:locale\" content=\"fr_FR\" \/>\n<meta property=\"og:type\" content=\"article\" \/>\n<meta property=\"og:title\" content=\"Latest update about Rancilio Specialty \u00e0 la 11\u00e8me \u00e9dition du Bucharest Coffee Festival - Rancilio Group\" \/>\n<meta property=\"og:description\" content=\"Read Rancilio Group&#039;s latest news about Rancilio Specialty \u00e0 la 11\u00e8me \u00e9dition du Bucharest Coffee Festival\" \/>\n<meta property=\"og:url\" content=\"https:\/\/www.ranciliogroup.com\/fr\/rancilio-specialty-a-la-11eme-edition-du-bucharest-coffee-festival\/\" \/>\n<meta property=\"og:site_name\" content=\"Rancilio Group\" \/>\n<meta property=\"article:publisher\" content=\"https:\/\/www.facebook.com\/RancilioGroup\" \/>\n<meta property=\"article:published_time\" content=\"2025-03-04T13:32:22+00:00\" \/>\n<meta property=\"og:image\" content=\"https:\/\/www.ranciliogroup.com\/app\/uploads\/2025\/03\/RANCILIO_BCF_2025.jpg\" \/>\n\t<meta property=\"og:image:width\" content=\"1080\" \/>\n\t<meta property=\"og:image:height\" content=\"720\" \/>\n\t<meta property=\"og:image:type\" content=\"image\/jpeg\" \/>\n<meta name=\"author\" content=\"temp circular\" \/>\n<meta name=\"twitter:card\" content=\"summary_large_image\" \/>\n<meta name=\"twitter:creator\" content=\"@ranciliogroup\" \/>\n<meta name=\"twitter:site\" content=\"@ranciliogroup\" \/>\n<meta name=\"twitter:label1\" content=\"Written by\" \/>\n\t<meta name=\"twitter:data1\" content=\"temp circular\" \/>\n\t<meta name=\"twitter:label2\" content=\"Est. reading time\" \/>\n\t<meta name=\"twitter:data2\" content=\"2 minutes\" \/>\n<script type=\"application\/ld+json\" class=\"yoast-schema-graph\">{\"@context\":\"https:\/\/schema.org\",\"@graph\":[{\"@type\":\"Article\",\"@id\":\"https:\/\/www.ranciliogroup.com\/fr\/rancilio-specialty-a-la-11eme-edition-du-bucharest-coffee-festival\/#article\",\"isPartOf\":{\"@id\":\"https:\/\/www.ranciliogroup.com\/fr\/rancilio-specialty-a-la-11eme-edition-du-bucharest-coffee-festival\/\"},\"author\":{\"name\":\"temp circular\",\"@id\":\"https:\/\/www.ranciliogroup.com\/fr\/#\/schema\/person\/d6bf0a7dfe74cded3d64da8b2c92814c\"},\"headline\":\"Rancilio Specialty \u00e0 la 11\u00e8me \u00e9dition du Bucharest Coffee Festival\",\"datePublished\":\"2025-03-04T13:32:22+00:00\",\"dateModified\":\"2025-03-04T13:32:22+00:00\",\"mainEntityOfPage\":{\"@id\":\"https:\/\/www.ranciliogroup.com\/fr\/rancilio-specialty-a-la-11eme-edition-du-bucharest-coffee-festival\/\"},\"wordCount\":267,\"publisher\":{\"@id\":\"https:\/\/www.ranciliogroup.com\/fr\/#organization\"},\"keywords\":[\"Advanced Temperature Profiling\",\"Bucharest Coffee Festival\",\"Kryo Elite\",\"RS1\",\"SAS\",\"Silvia\",\"Silvia Pro X\",\"Smart Adjusting System\",\"Stile\"],\"articleSection\":[\"Tous\"],\"inLanguage\":\"fr-FR\"},{\"@type\":\"WebPage\",\"@id\":\"https:\/\/www.ranciliogroup.com\/fr\/rancilio-specialty-a-la-11eme-edition-du-bucharest-coffee-festival\/\",\"url\":\"https:\/\/www.ranciliogroup.com\/fr\/rancilio-specialty-a-la-11eme-edition-du-bucharest-coffee-festival\/\",\"name\":\"Latest update about Rancilio Specialty \u00e0 la 11\u00e8me \u00e9dition du Bucharest Coffee Festival - Rancilio Group\",\"isPartOf\":{\"@id\":\"https:\/\/www.ranciliogroup.com\/fr\/#website\"},\"datePublished\":\"2025-03-04T13:32:22+00:00\",\"dateModified\":\"2025-03-04T13:32:22+00:00\",\"description\":\"Read Rancilio Group's latest news about Rancilio Specialty \u00e0 la 11\u00e8me \u00e9dition du Bucharest Coffee Festival\",\"breadcrumb\":{\"@id\":\"https:\/\/www.ranciliogroup.com\/fr\/rancilio-specialty-a-la-11eme-edition-du-bucharest-coffee-festival\/#breadcrumb\"},\"inLanguage\":\"fr-FR\",\"potentialAction\":[{\"@type\":\"ReadAction\",\"target\":[\"https:\/\/www.ranciliogroup.com\/fr\/rancilio-specialty-a-la-11eme-edition-du-bucharest-coffee-festival\/\"]}]},{\"@type\":\"BreadcrumbList\",\"@id\":\"https:\/\/www.ranciliogroup.com\/fr\/rancilio-specialty-a-la-11eme-edition-du-bucharest-coffee-festival\/#breadcrumb\",\"itemListElement\":[{\"@type\":\"ListItem\",\"position\":1,\"name\":\"Home\",\"item\":\"https:\/\/www.ranciliogroup.com\/fr\/\"},{\"@type\":\"ListItem\",\"position\":2,\"name\":\"Rancilio Specialty \u00e0 la 11\u00e8me \u00e9dition du Bucharest Coffee Festival\"}]},{\"@type\":\"WebSite\",\"@id\":\"https:\/\/www.ranciliogroup.com\/fr\/#website\",\"url\":\"https:\/\/www.ranciliogroup.com\/fr\/\",\"name\":\"Rancilio Group\",\"description\":\"Leader des machines \u00e0 caf\u00e9 professionnelles\",\"publisher\":{\"@id\":\"https:\/\/www.ranciliogroup.com\/fr\/#organization\"},\"potentialAction\":[{\"@type\":\"SearchAction\",\"target\":{\"@type\":\"EntryPoint\",\"urlTemplate\":\"https:\/\/www.ranciliogroup.com\/fr\/?s={search_term_string}\"},\"query-input\":\"required name=search_term_string\"}],\"inLanguage\":\"fr-FR\"},{\"@type\":\"Organization\",\"@id\":\"https:\/\/www.ranciliogroup.com\/fr\/#organization\",\"name\":\"Rancilio Group\",\"url\":\"https:\/\/www.ranciliogroup.com\/fr\/\",\"logo\":{\"@type\":\"ImageObject\",\"inLanguage\":\"fr-FR\",\"@id\":\"https:\/\/www.ranciliogroup.com\/fr\/#\/schema\/logo\/image\/\",\"url\":\"https:\/\/www.ranciliogroup.com\/app\/uploads\/2019\/07\/rancilio_black_logo.png\",\"contentUrl\":\"https:\/\/www.ranciliogroup.com\/app\/uploads\/2019\/07\/rancilio_black_logo.png\",\"width\":447,\"height\":57,\"caption\":\"Rancilio Group\"},\"image\":{\"@id\":\"https:\/\/www.ranciliogroup.com\/fr\/#\/schema\/logo\/image\/\"},\"sameAs\":[\"https:\/\/www.facebook.com\/RancilioGroup\",\"https:\/\/twitter.com\/ranciliogroup\",\"https:\/\/www.instagram.com\/rancilio_official\/\",\"https:\/\/www.linkedin.com\/company\/ranciliogroup\/\",\"https:\/\/www.youtube.com\/user\/rancilioadmin\"]},{\"@type\":\"Person\",\"@id\":\"https:\/\/www.ranciliogroup.com\/fr\/#\/schema\/person\/d6bf0a7dfe74cded3d64da8b2c92814c\",\"name\":\"temp circular\",\"image\":{\"@type\":\"ImageObject\",\"inLanguage\":\"fr-FR\",\"@id\":\"https:\/\/www.ranciliogroup.com\/fr\/#\/schema\/person\/image\/\",\"url\":\"https:\/\/secure.gravatar.com\/avatar\/569e71c3b97b8bcad1854d6579b35c5f?s=96&d=mm&r=g\",\"contentUrl\":\"https:\/\/secure.gravatar.com\/avatar\/569e71c3b97b8bcad1854d6579b35c5f?s=96&d=mm&r=g\",\"caption\":\"temp circular\"}}]}<\/script>\n<!-- \/ Yoast SEO plugin. -->","yoast_head_json":{"title":"Latest update about Rancilio Specialty \u00e0 la 11\u00e8me \u00e9dition du Bucharest Coffee Festival - Rancilio Group","description":"Read Rancilio Group's latest news about Rancilio Specialty \u00e0 la 11\u00e8me \u00e9dition du Bucharest Coffee Festival","robots":{"index":"index","follow":"follow","max-snippet":"max-snippet:-1","max-image-preview":"max-image-preview:large","max-video-preview":"max-video-preview:-1"},"canonical":"https:\/\/www.ranciliogroup.com\/fr\/rancilio-specialty-a-la-11eme-edition-du-bucharest-coffee-festival\/","og_locale":"fr_FR","og_type":"article","og_title":"Latest update about Rancilio Specialty \u00e0 la 11\u00e8me \u00e9dition du Bucharest Coffee Festival - Rancilio Group","og_description":"Read Rancilio Group's latest news about Rancilio Specialty \u00e0 la 11\u00e8me \u00e9dition du Bucharest Coffee Festival","og_url":"https:\/\/www.ranciliogroup.com\/fr\/rancilio-specialty-a-la-11eme-edition-du-bucharest-coffee-festival\/","og_site_name":"Rancilio Group","article_publisher":"https:\/\/www.facebook.com\/RancilioGroup","article_published_time":"2025-03-04T13:32:22+00:00","og_image":[{"width":1080,"height":720,"url":"https:\/\/www.ranciliogroup.com\/app\/uploads\/2025\/03\/RANCILIO_BCF_2025.jpg","type":"image\/jpeg"}],"author":"temp circular","twitter_card":"summary_large_image","twitter_creator":"@ranciliogroup","twitter_site":"@ranciliogroup","twitter_misc":{"Written by":"temp circular","Est. reading time":"2 minutes"},"schema":{"@context":"https:\/\/schema.org","@graph":[{"@type":"Article","@id":"https:\/\/www.ranciliogroup.com\/fr\/rancilio-specialty-a-la-11eme-edition-du-bucharest-coffee-festival\/#article","isPartOf":{"@id":"https:\/\/www.ranciliogroup.com\/fr\/rancilio-specialty-a-la-11eme-edition-du-bucharest-coffee-festival\/"},"author":{"name":"temp circular","@id":"https:\/\/www.ranciliogroup.com\/fr\/#\/schema\/person\/d6bf0a7dfe74cded3d64da8b2c92814c"},"headline":"Rancilio Specialty \u00e0 la 11\u00e8me \u00e9dition du Bucharest Coffee Festival","datePublished":"2025-03-04T13:32:22+00:00","dateModified":"2025-03-04T13:32:22+00:00","mainEntityOfPage":{"@id":"https:\/\/www.ranciliogroup.com\/fr\/rancilio-specialty-a-la-11eme-edition-du-bucharest-coffee-festival\/"},"wordCount":267,"publisher":{"@id":"https:\/\/www.ranciliogroup.com\/fr\/#organization"},"keywords":["Advanced Temperature Profiling","Bucharest Coffee Festival","Kryo Elite","RS1","SAS","Silvia","Silvia Pro X","Smart Adjusting System","Stile"],"articleSection":["Tous"],"inLanguage":"fr-FR"},{"@type":"WebPage","@id":"https:\/\/www.ranciliogroup.com\/fr\/rancilio-specialty-a-la-11eme-edition-du-bucharest-coffee-festival\/","url":"https:\/\/www.ranciliogroup.com\/fr\/rancilio-specialty-a-la-11eme-edition-du-bucharest-coffee-festival\/","name":"Latest update about Rancilio Specialty \u00e0 la 11\u00e8me \u00e9dition du Bucharest Coffee Festival - Rancilio Group","isPartOf":{"@id":"https:\/\/www.ranciliogroup.com\/fr\/#website"},"datePublished":"2025-03-04T13:32:22+00:00","dateModified":"2025-03-04T13:32:22+00:00","description":"Read Rancilio Group's latest news about Rancilio Specialty \u00e0 la 11\u00e8me \u00e9dition du Bucharest Coffee Festival","breadcrumb":{"@id":"https:\/\/www.ranciliogroup.com\/fr\/rancilio-specialty-a-la-11eme-edition-du-bucharest-coffee-festival\/#breadcrumb"},"inLanguage":"fr-FR","potentialAction":[{"@type":"ReadAction","target":["https:\/\/www.ranciliogroup.com\/fr\/rancilio-specialty-a-la-11eme-edition-du-bucharest-coffee-festival\/"]}]},{"@type":"BreadcrumbList","@id":"https:\/\/www.ranciliogroup.com\/fr\/rancilio-specialty-a-la-11eme-edition-du-bucharest-coffee-festival\/#breadcrumb","itemListElement":[{"@type":"ListItem","position":1,"name":"Home","item":"https:\/\/www.ranciliogroup.com\/fr\/"},{"@type":"ListItem","position":2,"name":"Rancilio Specialty \u00e0 la 11\u00e8me \u00e9dition du Bucharest Coffee Festival"}]},{"@type":"WebSite","@id":"https:\/\/www.ranciliogroup.com\/fr\/#website","url":"https:\/\/www.ranciliogroup.com\/fr\/","name":"Rancilio Group","description":"Leader des machines \u00e0 caf\u00e9 professionnelles","publisher":{"@id":"https:\/\/www.ranciliogroup.com\/fr\/#organization"},"potentialAction":[{"@type":"SearchAction","target":{"@type":"EntryPoint","urlTemplate":"https:\/\/www.ranciliogroup.com\/fr\/?s={search_term_string}"},"query-input":"required name=search_term_string"}],"inLanguage":"fr-FR"},{"@type":"Organization","@id":"https:\/\/www.ranciliogroup.com\/fr\/#organization","name":"Rancilio Group","url":"https:\/\/www.ranciliogroup.com\/fr\/","logo":{"@type":"ImageObject","inLanguage":"fr-FR","@id":"https:\/\/www.ranciliogroup.com\/fr\/#\/schema\/logo\/image\/","url":"https:\/\/www.ranciliogroup.com\/app\/uploads\/2019\/07\/rancilio_black_logo.png","contentUrl":"https:\/\/www.ranciliogroup.com\/app\/uploads\/2019\/07\/rancilio_black_logo.png","width":447,"height":57,"caption":"Rancilio Group"},"image":{"@id":"https:\/\/www.ranciliogroup.com\/fr\/#\/schema\/logo\/image\/"},"sameAs":["https:\/\/www.facebook.com\/RancilioGroup","https:\/\/twitter.com\/ranciliogroup","https:\/\/www.instagram.com\/rancilio_official\/","https:\/\/www.linkedin.com\/company\/ranciliogroup\/","https:\/\/www.youtube.com\/user\/rancilioadmin"]},{"@type":"Person","@id":"https:\/\/www.ranciliogroup.com\/fr\/#\/schema\/person\/d6bf0a7dfe74cded3d64da8b2c92814c","name":"temp circular","image":{"@type":"ImageObject","inLanguage":"fr-FR","@id":"https:\/\/www.ranciliogroup.com\/fr\/#\/schema\/person\/image\/","url":"https:\/\/secure.gravatar.com\/avatar\/569e71c3b97b8bcad1854d6579b35c5f?s=96&d=mm&r=g","contentUrl":"https:\/\/secure.gravatar.com\/avatar\/569e71c3b97b8bcad1854d6579b35c5f?s=96&d=mm&r=g","caption":"temp circular"}}]}},"_links":{"self":[{"href":"https:\/\/www.ranciliogroup.com\/fr\/wp-json\/wp\/v2\/posts\/78281"}],"collection":[{"href":"https:\/\/www.ranciliogroup.com\/fr\/wp-json\/wp\/v2\/posts"}],"about":[{"href":"https:\/\/www.ranciliogroup.com\/fr\/wp-json\/wp\/v2\/types\/post"}],"author":[{"embeddable":true,"href":"https:\/\/www.ranciliogroup.com\/fr\/wp-json\/wp\/v2\/users\/5"}],"replies":[{"embeddable":true,"href":"https:\/\/www.ranciliogroup.com\/fr\/wp-json\/wp\/v2\/comments?post=78281"}],"version-history":[{"count":2,"href":"https:\/\/www.ranciliogroup.com\/fr\/wp-json\/wp\/v2\/posts\/78281\/revisions"}],"predecessor-version":[{"id":78283,"href":"https:\/\/www.ranciliogroup.com\/fr\/wp-json\/wp\/v2\/posts\/78281\/revisions\/78283"}],"wp:featuredmedia":[{"embeddable":true,"href":"https:\/\/www.ranciliogroup.com\/fr\/wp-json\/wp\/v2\/media\/78274"}],"wp:attachment":[{"href":"https:\/\/www.ranciliogroup.com\/fr\/wp-json\/wp\/v2\/media?parent=78281"}],"wp:term":[{"taxonomy":"category","embeddable":true,"href":"https:\/\/www.ranciliogroup.com\/fr\/wp-json\/wp\/v2\/categories?post=78281"},{"taxonomy":"post_tag","embeddable":true,"href":"https:\/\/www.ranciliogroup.com\/fr\/wp-json\/wp\/v2\/tags?post=78281"}],"curies":[{"name":"wp","href":"https:\/\/api.w.org\/{rel}","templated":true}]}}