{"id":82288,"date":"2026-03-12T12:47:44","date_gmt":"2026-03-12T11:47:44","guid":{"rendered":"https:\/\/www.ranciliogroup.com\/?p=82288"},"modified":"2026-03-12T12:47:44","modified_gmt":"2026-03-12T11:47:44","slug":"retour-de-rancilio-specialty-a-prague-pour-la-barista-league-europe","status":"publish","type":"post","link":"https:\/\/www.ranciliogroup.com\/fr\/retour-de-rancilio-specialty-a-prague-pour-la-barista-league-europe\/","title":{"rendered":"Retour de Rancilio Specialty \u00e0 Prague pour la Barista League: Europe"},"content":{"rendered":"<p>Rancilio Specialty se pr\u00e9pare activement pour participer \u00e0 une s\u00e9rie de nouveaux challenges autour du caf\u00e9 \u00e0 l\u2019occasion de la Barista League\u00a02026: Europe qui se d\u00e9roulera le<strong> 28\u00a0mars<\/strong> dans le charmant complexe historique Gabriel Loci \u00e0 Prague.<\/p>\n<p>Gr\u00e2ce aux technologies avanc\u00e9es de la machine <strong>Invicta<\/strong> sign\u00e9e <strong>Rancilio Specialty<\/strong>, 6\u00a0\u00e9quipes de talentueux baristas porteront la comp\u00e9tition vers de nouveaux sommets en faisant vivre aux invit\u00e9s et au jury une v\u00e9ritable exp\u00e9rience immersive autour du caf\u00e9.<\/p>\n<p>Cette nouvelle saison de la Barista League est ax\u00e9e sur trois grands piliers\u00a0: le concept, le service et le produit. Les participants devront ainsi se d\u00e9passer, et aller bien au-del\u00e0 de la simple pr\u00e9paration de boissons. Le jury sera charg\u00e9 d\u2019\u00e9valuer le design de l\u2019exp\u00e9rience, le storytelling ainsi que le style du service, pour faire vivre au public une v\u00e9ritable aventure multisensorielle autour du caf\u00e9.<\/p>\n<p>Les visiteurs auront l\u2019occasion de d\u00e9couvrir la machine <strong>RS1<\/strong> de <strong>Rancilio Specialty<\/strong> au stand de la marque et de tester leurs connaissances autour du caf\u00e9 ainsi que leurs comp\u00e9tences sensorielles en participant au jeu <strong><em>\u00ab\u00a0Guess the Temperature Profile\u00a0\u00bb<\/em><\/strong>. Ce jeu, mettant en lumi\u00e8re la technologie Advanced Temperature Profiling de pointe du mod\u00e8le RS1, donnera aux participants l\u2019occasion de mettre leurs talents \u00e0 l\u2019\u00e9preuve pour tenter de remporter un souvenir sp\u00e9cial.<\/p>\n<p>La comp\u00e9tition\u00a02026, disponible \u00e0 la fois en direct et en ligne, r\u00e9unira les leaders, comp\u00e9titeurs et amateurs de caf\u00e9 de toute l\u2019Europe, et r\u00e9servera de nouvelles exclusivit\u00e9s palpitantes, dans une ambiance conviviale embl\u00e9matique de la Barista League, rythm\u00e9e par de la musique, de la nourriture et des boissons excellentes, mais aussi des jeux passionnants.<\/p>\n<p>&nbsp;<\/p>\n<p>&nbsp;<\/p>\n<p><strong>The Barista League: Europe<\/strong><br \/>\n28 mars 2026<br \/>\n\u00c0 partir de 16h00<br \/>\n<a href=\"https:\/\/maps.app.goo.gl\/dbpDoJxhEetqDxnd7\">Gabriel Loci<\/a><br \/>\nHole\u010dkova 106\/10, 150 00<br \/>\n5-Sm\u00edchov, Prague, R\u00e9publique tch\u00e8que<\/p>\n<p>&nbsp;<\/p>\n","protected":false},"excerpt":{"rendered":"<p>Rancilio Specialty se pr\u00e9pare activement pour participer \u00e0 une s\u00e9rie de nouveaux challenges autour du caf\u00e9 \u00e0 l\u2019occasion de la&#8230;<\/p>\n","protected":false},"author":5,"featured_media":82282,"comment_status":"closed","ping_status":"closed","sticky":false,"template":"","format":"standard","meta":[],"categories":[878],"tags":[3348,2596,2624,4000,2594,3109],"acf":[],"yoast_head":"<!-- This site is optimized with the Yoast SEO plugin v21.5 - https:\/\/yoast.com\/wordpress\/plugins\/seo\/ -->\n<title>Latest update about Retour de Rancilio Specialty \u00e0 Prague pour la Barista League: Europe - Rancilio Group<\/title>\n<meta name=\"description\" content=\"Read Rancilio Group&#039;s latest news about Retour de Rancilio Specialty \u00e0 Prague pour la Barista League: Europe\" \/>\n<meta name=\"robots\" content=\"index, follow, max-snippet:-1, max-image-preview:large, max-video-preview:-1\" \/>\n<link rel=\"canonical\" href=\"https:\/\/www.ranciliogroup.com\/fr\/retour-de-rancilio-specialty-a-prague-pour-la-barista-league-europe\/\" \/>\n<meta property=\"og:locale\" content=\"fr_FR\" \/>\n<meta property=\"og:type\" content=\"article\" \/>\n<meta property=\"og:title\" content=\"Latest update about Retour de Rancilio Specialty \u00e0 Prague pour la Barista League: Europe - Rancilio Group\" \/>\n<meta property=\"og:description\" content=\"Read Rancilio Group&#039;s latest news about Retour de Rancilio Specialty \u00e0 Prague pour la Barista League: Europe\" \/>\n<meta property=\"og:url\" content=\"https:\/\/www.ranciliogroup.com\/fr\/retour-de-rancilio-specialty-a-prague-pour-la-barista-league-europe\/\" \/>\n<meta property=\"og:site_name\" content=\"Rancilio Group\" \/>\n<meta property=\"article:publisher\" content=\"https:\/\/www.facebook.com\/RancilioGroup\" \/>\n<meta property=\"article:published_time\" content=\"2026-03-12T11:47:44+00:00\" \/>\n<meta property=\"og:image\" content=\"https:\/\/www.ranciliogroup.com\/app\/uploads\/2026\/03\/RS1_TBL_PRAGUE_2025-1024x683.jpg\" \/>\n\t<meta property=\"og:image:width\" content=\"1024\" \/>\n\t<meta property=\"og:image:height\" content=\"683\" \/>\n\t<meta property=\"og:image:type\" content=\"image\/jpeg\" \/>\n<meta name=\"author\" content=\"temp circular\" \/>\n<meta name=\"twitter:card\" content=\"summary_large_image\" \/>\n<meta name=\"twitter:creator\" content=\"@ranciliogroup\" \/>\n<meta name=\"twitter:site\" content=\"@ranciliogroup\" \/>\n<meta name=\"twitter:label1\" content=\"Written by\" \/>\n\t<meta name=\"twitter:data1\" content=\"temp circular\" \/>\n\t<meta name=\"twitter:label2\" content=\"Est. reading time\" \/>\n\t<meta name=\"twitter:data2\" content=\"2 minutes\" \/>\n<script type=\"application\/ld+json\" class=\"yoast-schema-graph\">{\"@context\":\"https:\/\/schema.org\",\"@graph\":[{\"@type\":\"Article\",\"@id\":\"https:\/\/www.ranciliogroup.com\/fr\/retour-de-rancilio-specialty-a-prague-pour-la-barista-league-europe\/#article\",\"isPartOf\":{\"@id\":\"https:\/\/www.ranciliogroup.com\/fr\/retour-de-rancilio-specialty-a-prague-pour-la-barista-league-europe\/\"},\"author\":{\"name\":\"temp circular\",\"@id\":\"https:\/\/www.ranciliogroup.com\/fr\/#\/schema\/person\/d6bf0a7dfe74cded3d64da8b2c92814c\"},\"headline\":\"Retour de Rancilio Specialty \u00e0 Prague pour la Barista League: Europe\",\"datePublished\":\"2026-03-12T11:47:44+00:00\",\"dateModified\":\"2026-03-12T11:47:44+00:00\",\"mainEntityOfPage\":{\"@id\":\"https:\/\/www.ranciliogroup.com\/fr\/retour-de-rancilio-specialty-a-prague-pour-la-barista-league-europe\/\"},\"wordCount\":324,\"publisher\":{\"@id\":\"https:\/\/www.ranciliogroup.com\/fr\/#organization\"},\"keywords\":[\"Advanced Temperature Profiling\",\"Barista League\",\"Invicta\",\"Prague\",\"RS1\",\"Steady Brew\"],\"articleSection\":[\"Tous\"],\"inLanguage\":\"fr-FR\"},{\"@type\":\"WebPage\",\"@id\":\"https:\/\/www.ranciliogroup.com\/fr\/retour-de-rancilio-specialty-a-prague-pour-la-barista-league-europe\/\",\"url\":\"https:\/\/www.ranciliogroup.com\/fr\/retour-de-rancilio-specialty-a-prague-pour-la-barista-league-europe\/\",\"name\":\"Latest update about Retour de Rancilio Specialty \u00e0 Prague pour la Barista League: Europe - Rancilio Group\",\"isPartOf\":{\"@id\":\"https:\/\/www.ranciliogroup.com\/fr\/#website\"},\"datePublished\":\"2026-03-12T11:47:44+00:00\",\"dateModified\":\"2026-03-12T11:47:44+00:00\",\"description\":\"Read Rancilio Group's latest news about Retour de Rancilio Specialty \u00e0 Prague pour la Barista League: Europe\",\"breadcrumb\":{\"@id\":\"https:\/\/www.ranciliogroup.com\/fr\/retour-de-rancilio-specialty-a-prague-pour-la-barista-league-europe\/#breadcrumb\"},\"inLanguage\":\"fr-FR\",\"potentialAction\":[{\"@type\":\"ReadAction\",\"target\":[\"https:\/\/www.ranciliogroup.com\/fr\/retour-de-rancilio-specialty-a-prague-pour-la-barista-league-europe\/\"]}]},{\"@type\":\"BreadcrumbList\",\"@id\":\"https:\/\/www.ranciliogroup.com\/fr\/retour-de-rancilio-specialty-a-prague-pour-la-barista-league-europe\/#breadcrumb\",\"itemListElement\":[{\"@type\":\"ListItem\",\"position\":1,\"name\":\"Home\",\"item\":\"https:\/\/www.ranciliogroup.com\/fr\/\"},{\"@type\":\"ListItem\",\"position\":2,\"name\":\"Retour de Rancilio Specialty \u00e0 Prague pour la Barista League: Europe\"}]},{\"@type\":\"WebSite\",\"@id\":\"https:\/\/www.ranciliogroup.com\/fr\/#website\",\"url\":\"https:\/\/www.ranciliogroup.com\/fr\/\",\"name\":\"Rancilio Group\",\"description\":\"Leader des machines \u00e0 caf\u00e9 professionnelles\",\"publisher\":{\"@id\":\"https:\/\/www.ranciliogroup.com\/fr\/#organization\"},\"potentialAction\":[{\"@type\":\"SearchAction\",\"target\":{\"@type\":\"EntryPoint\",\"urlTemplate\":\"https:\/\/www.ranciliogroup.com\/fr\/?s={search_term_string}\"},\"query-input\":\"required name=search_term_string\"}],\"inLanguage\":\"fr-FR\"},{\"@type\":\"Organization\",\"@id\":\"https:\/\/www.ranciliogroup.com\/fr\/#organization\",\"name\":\"Rancilio Group\",\"url\":\"https:\/\/www.ranciliogroup.com\/fr\/\",\"logo\":{\"@type\":\"ImageObject\",\"inLanguage\":\"fr-FR\",\"@id\":\"https:\/\/www.ranciliogroup.com\/fr\/#\/schema\/logo\/image\/\",\"url\":\"https:\/\/www.ranciliogroup.com\/app\/uploads\/2019\/07\/rancilio_black_logo.png\",\"contentUrl\":\"https:\/\/www.ranciliogroup.com\/app\/uploads\/2019\/07\/rancilio_black_logo.png\",\"width\":447,\"height\":57,\"caption\":\"Rancilio Group\"},\"image\":{\"@id\":\"https:\/\/www.ranciliogroup.com\/fr\/#\/schema\/logo\/image\/\"},\"sameAs\":[\"https:\/\/www.facebook.com\/RancilioGroup\",\"https:\/\/twitter.com\/ranciliogroup\",\"https:\/\/www.instagram.com\/rancilio_official\/\",\"https:\/\/www.linkedin.com\/company\/ranciliogroup\/\",\"https:\/\/www.youtube.com\/user\/rancilioadmin\"]},{\"@type\":\"Person\",\"@id\":\"https:\/\/www.ranciliogroup.com\/fr\/#\/schema\/person\/d6bf0a7dfe74cded3d64da8b2c92814c\",\"name\":\"temp circular\",\"image\":{\"@type\":\"ImageObject\",\"inLanguage\":\"fr-FR\",\"@id\":\"https:\/\/www.ranciliogroup.com\/fr\/#\/schema\/person\/image\/\",\"url\":\"https:\/\/secure.gravatar.com\/avatar\/569e71c3b97b8bcad1854d6579b35c5f?s=96&d=mm&r=g\",\"contentUrl\":\"https:\/\/secure.gravatar.com\/avatar\/569e71c3b97b8bcad1854d6579b35c5f?s=96&d=mm&r=g\",\"caption\":\"temp circular\"}}]}<\/script>\n<!-- \/ Yoast SEO plugin. -->","yoast_head_json":{"title":"Latest update about Retour de Rancilio Specialty \u00e0 Prague pour la Barista League: Europe - Rancilio Group","description":"Read Rancilio Group's latest news about Retour de Rancilio Specialty \u00e0 Prague pour la Barista League: Europe","robots":{"index":"index","follow":"follow","max-snippet":"max-snippet:-1","max-image-preview":"max-image-preview:large","max-video-preview":"max-video-preview:-1"},"canonical":"https:\/\/www.ranciliogroup.com\/fr\/retour-de-rancilio-specialty-a-prague-pour-la-barista-league-europe\/","og_locale":"fr_FR","og_type":"article","og_title":"Latest update about Retour de Rancilio Specialty \u00e0 Prague pour la Barista League: Europe - Rancilio Group","og_description":"Read Rancilio Group's latest news about Retour de Rancilio Specialty \u00e0 Prague pour la Barista League: Europe","og_url":"https:\/\/www.ranciliogroup.com\/fr\/retour-de-rancilio-specialty-a-prague-pour-la-barista-league-europe\/","og_site_name":"Rancilio Group","article_publisher":"https:\/\/www.facebook.com\/RancilioGroup","article_published_time":"2026-03-12T11:47:44+00:00","og_image":[{"width":1024,"height":683,"url":"https:\/\/www.ranciliogroup.com\/app\/uploads\/2026\/03\/RS1_TBL_PRAGUE_2025-1024x683.jpg","type":"image\/jpeg"}],"author":"temp circular","twitter_card":"summary_large_image","twitter_creator":"@ranciliogroup","twitter_site":"@ranciliogroup","twitter_misc":{"Written by":"temp circular","Est. reading time":"2 minutes"},"schema":{"@context":"https:\/\/schema.org","@graph":[{"@type":"Article","@id":"https:\/\/www.ranciliogroup.com\/fr\/retour-de-rancilio-specialty-a-prague-pour-la-barista-league-europe\/#article","isPartOf":{"@id":"https:\/\/www.ranciliogroup.com\/fr\/retour-de-rancilio-specialty-a-prague-pour-la-barista-league-europe\/"},"author":{"name":"temp circular","@id":"https:\/\/www.ranciliogroup.com\/fr\/#\/schema\/person\/d6bf0a7dfe74cded3d64da8b2c92814c"},"headline":"Retour de Rancilio Specialty \u00e0 Prague pour la Barista League: Europe","datePublished":"2026-03-12T11:47:44+00:00","dateModified":"2026-03-12T11:47:44+00:00","mainEntityOfPage":{"@id":"https:\/\/www.ranciliogroup.com\/fr\/retour-de-rancilio-specialty-a-prague-pour-la-barista-league-europe\/"},"wordCount":324,"publisher":{"@id":"https:\/\/www.ranciliogroup.com\/fr\/#organization"},"keywords":["Advanced Temperature Profiling","Barista League","Invicta","Prague","RS1","Steady Brew"],"articleSection":["Tous"],"inLanguage":"fr-FR"},{"@type":"WebPage","@id":"https:\/\/www.ranciliogroup.com\/fr\/retour-de-rancilio-specialty-a-prague-pour-la-barista-league-europe\/","url":"https:\/\/www.ranciliogroup.com\/fr\/retour-de-rancilio-specialty-a-prague-pour-la-barista-league-europe\/","name":"Latest update about Retour de Rancilio Specialty \u00e0 Prague pour la Barista League: Europe - Rancilio Group","isPartOf":{"@id":"https:\/\/www.ranciliogroup.com\/fr\/#website"},"datePublished":"2026-03-12T11:47:44+00:00","dateModified":"2026-03-12T11:47:44+00:00","description":"Read Rancilio Group's latest news about Retour de Rancilio Specialty \u00e0 Prague pour la Barista League: Europe","breadcrumb":{"@id":"https:\/\/www.ranciliogroup.com\/fr\/retour-de-rancilio-specialty-a-prague-pour-la-barista-league-europe\/#breadcrumb"},"inLanguage":"fr-FR","potentialAction":[{"@type":"ReadAction","target":["https:\/\/www.ranciliogroup.com\/fr\/retour-de-rancilio-specialty-a-prague-pour-la-barista-league-europe\/"]}]},{"@type":"BreadcrumbList","@id":"https:\/\/www.ranciliogroup.com\/fr\/retour-de-rancilio-specialty-a-prague-pour-la-barista-league-europe\/#breadcrumb","itemListElement":[{"@type":"ListItem","position":1,"name":"Home","item":"https:\/\/www.ranciliogroup.com\/fr\/"},{"@type":"ListItem","position":2,"name":"Retour de Rancilio Specialty \u00e0 Prague pour la Barista League: Europe"}]},{"@type":"WebSite","@id":"https:\/\/www.ranciliogroup.com\/fr\/#website","url":"https:\/\/www.ranciliogroup.com\/fr\/","name":"Rancilio Group","description":"Leader des machines \u00e0 caf\u00e9 professionnelles","publisher":{"@id":"https:\/\/www.ranciliogroup.com\/fr\/#organization"},"potentialAction":[{"@type":"SearchAction","target":{"@type":"EntryPoint","urlTemplate":"https:\/\/www.ranciliogroup.com\/fr\/?s={search_term_string}"},"query-input":"required name=search_term_string"}],"inLanguage":"fr-FR"},{"@type":"Organization","@id":"https:\/\/www.ranciliogroup.com\/fr\/#organization","name":"Rancilio Group","url":"https:\/\/www.ranciliogroup.com\/fr\/","logo":{"@type":"ImageObject","inLanguage":"fr-FR","@id":"https:\/\/www.ranciliogroup.com\/fr\/#\/schema\/logo\/image\/","url":"https:\/\/www.ranciliogroup.com\/app\/uploads\/2019\/07\/rancilio_black_logo.png","contentUrl":"https:\/\/www.ranciliogroup.com\/app\/uploads\/2019\/07\/rancilio_black_logo.png","width":447,"height":57,"caption":"Rancilio Group"},"image":{"@id":"https:\/\/www.ranciliogroup.com\/fr\/#\/schema\/logo\/image\/"},"sameAs":["https:\/\/www.facebook.com\/RancilioGroup","https:\/\/twitter.com\/ranciliogroup","https:\/\/www.instagram.com\/rancilio_official\/","https:\/\/www.linkedin.com\/company\/ranciliogroup\/","https:\/\/www.youtube.com\/user\/rancilioadmin"]},{"@type":"Person","@id":"https:\/\/www.ranciliogroup.com\/fr\/#\/schema\/person\/d6bf0a7dfe74cded3d64da8b2c92814c","name":"temp circular","image":{"@type":"ImageObject","inLanguage":"fr-FR","@id":"https:\/\/www.ranciliogroup.com\/fr\/#\/schema\/person\/image\/","url":"https:\/\/secure.gravatar.com\/avatar\/569e71c3b97b8bcad1854d6579b35c5f?s=96&d=mm&r=g","contentUrl":"https:\/\/secure.gravatar.com\/avatar\/569e71c3b97b8bcad1854d6579b35c5f?s=96&d=mm&r=g","caption":"temp circular"}}]}},"_links":{"self":[{"href":"https:\/\/www.ranciliogroup.com\/fr\/wp-json\/wp\/v2\/posts\/82288"}],"collection":[{"href":"https:\/\/www.ranciliogroup.com\/fr\/wp-json\/wp\/v2\/posts"}],"about":[{"href":"https:\/\/www.ranciliogroup.com\/fr\/wp-json\/wp\/v2\/types\/post"}],"author":[{"embeddable":true,"href":"https:\/\/www.ranciliogroup.com\/fr\/wp-json\/wp\/v2\/users\/5"}],"replies":[{"embeddable":true,"href":"https:\/\/www.ranciliogroup.com\/fr\/wp-json\/wp\/v2\/comments?post=82288"}],"version-history":[{"count":1,"href":"https:\/\/www.ranciliogroup.com\/fr\/wp-json\/wp\/v2\/posts\/82288\/revisions"}],"predecessor-version":[{"id":82289,"href":"https:\/\/www.ranciliogroup.com\/fr\/wp-json\/wp\/v2\/posts\/82288\/revisions\/82289"}],"wp:featuredmedia":[{"embeddable":true,"href":"https:\/\/www.ranciliogroup.com\/fr\/wp-json\/wp\/v2\/media\/82282"}],"wp:attachment":[{"href":"https:\/\/www.ranciliogroup.com\/fr\/wp-json\/wp\/v2\/media?parent=82288"}],"wp:term":[{"taxonomy":"category","embeddable":true,"href":"https:\/\/www.ranciliogroup.com\/fr\/wp-json\/wp\/v2\/categories?post=82288"},{"taxonomy":"post_tag","embeddable":true,"href":"https:\/\/www.ranciliogroup.com\/fr\/wp-json\/wp\/v2\/tags?post=82288"}],"curies":[{"name":"wp","href":"https:\/\/api.w.org\/{rel}","templated":true}]}}