{"id":83661,"date":"2026-04-28T11:35:39","date_gmt":"2026-04-28T09:35:39","guid":{"rendered":"https:\/\/www.ranciliogroup.com\/?p=83661"},"modified":"2026-04-28T11:35:39","modified_gmt":"2026-04-28T09:35:39","slug":"rancilio-rancilio-specialty-et-egro-a-lhonneur-lors-du-london-coffee-festival-2026","status":"publish","type":"post","link":"https:\/\/www.ranciliogroup.com\/fr\/rancilio-rancilio-specialty-et-egro-a-lhonneur-lors-du-london-coffee-festival-2026\/","title":{"rendered":"Rancilio, Rancilio Specialty et Egro \u00e0 l\u2019honneur lors du London Coffee Festival 2026"},"content":{"rendered":"<p>Le London Coffee Festival est de retour du 14 au 17\u00a0mai \u00e0 The Truman Brewery, c\u0153ur battant de la sc\u00e8ne du caf\u00e9 de sp\u00e9cialit\u00e9 dans la capitale anglaise. Rancilio, Rancilio Specialty et Egro accueilleront avec plaisir les professionnels de l\u2019industrie et les amateurs de caf\u00e9 pour vivre une exp\u00e9rience immersive sous le signe de l\u2019innovation et des performances.<\/p>\n<p>La machine \u00e0 caf\u00e9 professionnelle multi-chaudi\u00e8res RS1 avec technologie Advanced Temperature Profiling de Rancilio Specialty et la machine \u00e0 chaudi\u00e8re unique traditionnelle Invicta, toutes deux pr\u00e9sent\u00e9es dans un coloris sp\u00e9cialement cr\u00e9\u00e9 pour cette occasion, seront mises \u00e0 l\u2019honneur.<\/p>\n<p>Rancilio pr\u00e9sentera \u00e9galement sa nouvelle Classe\u00a05\u00a0Crono, \u00e9quip\u00e9e d\u2019un affichage num\u00e9rique et d\u2019une minuterie monostable, permettant de surveiller chaque extraction en temps r\u00e9el et d\u2019assurer une r\u00e9p\u00e9tabilit\u00e9 parfaite dans chaque tasse. Le moulin \u00e0 caf\u00e9 professionnel Kryo Elite ainsi que les machines Stile, Silvia et Silvia Pro X pour les baristas amateurs passionn\u00e9s viendront compl\u00e9ter la s\u00e9lection.<\/p>\n<p>L\u2019espace Egro pr\u00e9sentera ses diff\u00e9rentes solutions automatiques, dont la MoDe Pro Milk et la Next NMS+, id\u00e9ales pour les \u00e9tablissements servant un tr\u00e8s grand nombre de clients et souhaitant offrir une carte de caf\u00e9s vari\u00e9e et de qualit\u00e9 \u00e0 chaque tasse.<\/p>\n<p>Le London Coffee Festival promet des d\u00e9monstrations en direct, des ateliers, des d\u00e9gustations ainsi que des opportunit\u00e9s de r\u00e9seautage. Il s\u2019agit d\u2019un rendez-vous incontournable pour d\u00e9couvrir des technologies de pointe ainsi que les derni\u00e8res tendances dans le monde du caf\u00e9 professionnel et domestique.<\/p>\n<p><strong>\u00a0<\/strong><\/p>\n<p><strong>\u00a0<\/strong><\/p>\n<p><strong>The London Coffee Festival 2026 <\/strong><br \/>\nDu 14 au 17 mai 2026<br \/>\nDe 10h00 \u00e0 17h00<br \/>\nStand HP10<br \/>\n<a href=\"https:\/\/www.google.com\/maps\/place\/The+Truman+Brewery\/@51.5212729,-0.0745701,17z\/data=!3m2!4b1!5s0x48761cca7ad8f109:0x76afa4b352d0a421!4m6!3m5!1s0x48761cb681c09d1b:0xffb3966176941f91!8m2!3d51.5212729!4d-0.0719898!16zL20vMDd4cTEx?authuser=0&amp;entry=ttu&amp;g_ep=EgoyMDI1MDQwMi4xIKXMDSoJLDEwMjExNDUzSAFQAw%3D%3D\">The Truman Brewery<\/a><br \/>\n91 Brick Ln, E1 6QR<br \/>\nLondres, Royaume-Uni<\/p>\n","protected":false},"excerpt":{"rendered":"<p>Le London Coffee Festival est de retour du 14 au 17\u00a0mai \u00e0 The Truman Brewery, c\u0153ur battant de la sc\u00e8ne&#8230;<\/p>\n","protected":false},"author":5,"featured_media":83655,"comment_status":"closed","ping_status":"closed","sticky":false,"template":"","format":"standard","meta":[],"categories":[878],"tags":[4273,2624,2625,4082,4510,2920,3137,2685,2594,2851,2735,2852],"acf":[],"yoast_head":"<!-- This site is optimized with the Yoast SEO plugin v21.5 - https:\/\/yoast.com\/wordpress\/plugins\/seo\/ -->\n<title>Latest update about Rancilio, Rancilio Specialty et Egro \u00e0 l\u2019honneur lors du London Coffee Festival 2026 - Rancilio Group<\/title>\n<meta name=\"description\" content=\"Read Rancilio Group&#039;s latest news about Rancilio, Rancilio Specialty et Egro \u00e0 l\u2019honneur lors du London Coffee Festival 2026\" \/>\n<meta name=\"robots\" content=\"index, follow, max-snippet:-1, max-image-preview:large, max-video-preview:-1\" \/>\n<link rel=\"canonical\" href=\"https:\/\/www.ranciliogroup.com\/fr\/rancilio-rancilio-specialty-et-egro-a-lhonneur-lors-du-london-coffee-festival-2026\/\" \/>\n<meta property=\"og:locale\" content=\"fr_FR\" \/>\n<meta property=\"og:type\" content=\"article\" \/>\n<meta property=\"og:title\" content=\"Latest update about Rancilio, Rancilio Specialty et Egro \u00e0 l\u2019honneur lors du London Coffee Festival 2026 - Rancilio Group\" \/>\n<meta property=\"og:description\" content=\"Read Rancilio Group&#039;s latest news about Rancilio, Rancilio Specialty et Egro \u00e0 l\u2019honneur lors du London Coffee Festival 2026\" \/>\n<meta property=\"og:url\" content=\"https:\/\/www.ranciliogroup.com\/fr\/rancilio-rancilio-specialty-et-egro-a-lhonneur-lors-du-london-coffee-festival-2026\/\" \/>\n<meta property=\"og:site_name\" content=\"Rancilio Group\" \/>\n<meta property=\"article:publisher\" content=\"https:\/\/www.facebook.com\/RancilioGroup\" \/>\n<meta property=\"article:published_time\" content=\"2026-04-28T09:35:39+00:00\" \/>\n<meta property=\"og:image\" content=\"https:\/\/www.ranciliogroup.com\/app\/uploads\/2026\/04\/2026_LCF_WEB.jpg\" \/>\n\t<meta property=\"og:image:width\" content=\"1920\" \/>\n\t<meta property=\"og:image:height\" content=\"1080\" \/>\n\t<meta property=\"og:image:type\" content=\"image\/jpeg\" \/>\n<meta name=\"author\" content=\"temp circular\" \/>\n<meta name=\"twitter:card\" content=\"summary_large_image\" \/>\n<meta name=\"twitter:creator\" content=\"@ranciliogroup\" \/>\n<meta name=\"twitter:site\" content=\"@ranciliogroup\" \/>\n<meta name=\"twitter:label1\" content=\"Written by\" \/>\n\t<meta name=\"twitter:data1\" content=\"temp circular\" \/>\n\t<meta name=\"twitter:label2\" content=\"Est. reading time\" \/>\n\t<meta name=\"twitter:data2\" content=\"2 minutes\" \/>\n<script type=\"application\/ld+json\" class=\"yoast-schema-graph\">{\"@context\":\"https:\/\/schema.org\",\"@graph\":[{\"@type\":\"Article\",\"@id\":\"https:\/\/www.ranciliogroup.com\/fr\/rancilio-rancilio-specialty-et-egro-a-lhonneur-lors-du-london-coffee-festival-2026\/#article\",\"isPartOf\":{\"@id\":\"https:\/\/www.ranciliogroup.com\/fr\/rancilio-rancilio-specialty-et-egro-a-lhonneur-lors-du-london-coffee-festival-2026\/\"},\"author\":{\"name\":\"temp circular\",\"@id\":\"https:\/\/www.ranciliogroup.com\/fr\/#\/schema\/person\/d6bf0a7dfe74cded3d64da8b2c92814c\"},\"headline\":\"Rancilio, Rancilio Specialty et Egro \u00e0 l\u2019honneur lors du London Coffee Festival 2026\",\"datePublished\":\"2026-04-28T09:35:39+00:00\",\"dateModified\":\"2026-04-28T09:35:39+00:00\",\"mainEntityOfPage\":{\"@id\":\"https:\/\/www.ranciliogroup.com\/fr\/rancilio-rancilio-specialty-et-egro-a-lhonneur-lors-du-london-coffee-festival-2026\/\"},\"wordCount\":302,\"publisher\":{\"@id\":\"https:\/\/www.ranciliogroup.com\/fr\/#organization\"},\"keywords\":[\"Classe 5 Crono\",\"Invicta\",\"Kryo\",\"LCF\",\"London\",\"London Coffee Festival\",\"MoDe\",\"Next\",\"RS1\",\"Silvia\",\"Silvia Pro X\",\"Stile\"],\"articleSection\":[\"Tous\"],\"inLanguage\":\"fr-FR\"},{\"@type\":\"WebPage\",\"@id\":\"https:\/\/www.ranciliogroup.com\/fr\/rancilio-rancilio-specialty-et-egro-a-lhonneur-lors-du-london-coffee-festival-2026\/\",\"url\":\"https:\/\/www.ranciliogroup.com\/fr\/rancilio-rancilio-specialty-et-egro-a-lhonneur-lors-du-london-coffee-festival-2026\/\",\"name\":\"Latest update about Rancilio, Rancilio Specialty et Egro \u00e0 l\u2019honneur lors du London Coffee Festival 2026 - Rancilio Group\",\"isPartOf\":{\"@id\":\"https:\/\/www.ranciliogroup.com\/fr\/#website\"},\"datePublished\":\"2026-04-28T09:35:39+00:00\",\"dateModified\":\"2026-04-28T09:35:39+00:00\",\"description\":\"Read Rancilio Group's latest news about Rancilio, Rancilio Specialty et Egro \u00e0 l\u2019honneur lors du London Coffee Festival 2026\",\"breadcrumb\":{\"@id\":\"https:\/\/www.ranciliogroup.com\/fr\/rancilio-rancilio-specialty-et-egro-a-lhonneur-lors-du-london-coffee-festival-2026\/#breadcrumb\"},\"inLanguage\":\"fr-FR\",\"potentialAction\":[{\"@type\":\"ReadAction\",\"target\":[\"https:\/\/www.ranciliogroup.com\/fr\/rancilio-rancilio-specialty-et-egro-a-lhonneur-lors-du-london-coffee-festival-2026\/\"]}]},{\"@type\":\"BreadcrumbList\",\"@id\":\"https:\/\/www.ranciliogroup.com\/fr\/rancilio-rancilio-specialty-et-egro-a-lhonneur-lors-du-london-coffee-festival-2026\/#breadcrumb\",\"itemListElement\":[{\"@type\":\"ListItem\",\"position\":1,\"name\":\"Home\",\"item\":\"https:\/\/www.ranciliogroup.com\/fr\/\"},{\"@type\":\"ListItem\",\"position\":2,\"name\":\"Rancilio, Rancilio Specialty et Egro \u00e0 l\u2019honneur lors du London Coffee Festival 2026\"}]},{\"@type\":\"WebSite\",\"@id\":\"https:\/\/www.ranciliogroup.com\/fr\/#website\",\"url\":\"https:\/\/www.ranciliogroup.com\/fr\/\",\"name\":\"Rancilio Group\",\"description\":\"Leader des machines \u00e0 caf\u00e9 professionnelles\",\"publisher\":{\"@id\":\"https:\/\/www.ranciliogroup.com\/fr\/#organization\"},\"potentialAction\":[{\"@type\":\"SearchAction\",\"target\":{\"@type\":\"EntryPoint\",\"urlTemplate\":\"https:\/\/www.ranciliogroup.com\/fr\/?s={search_term_string}\"},\"query-input\":\"required name=search_term_string\"}],\"inLanguage\":\"fr-FR\"},{\"@type\":\"Organization\",\"@id\":\"https:\/\/www.ranciliogroup.com\/fr\/#organization\",\"name\":\"Rancilio Group\",\"url\":\"https:\/\/www.ranciliogroup.com\/fr\/\",\"logo\":{\"@type\":\"ImageObject\",\"inLanguage\":\"fr-FR\",\"@id\":\"https:\/\/www.ranciliogroup.com\/fr\/#\/schema\/logo\/image\/\",\"url\":\"https:\/\/www.ranciliogroup.com\/app\/uploads\/2019\/07\/rancilio_black_logo.png\",\"contentUrl\":\"https:\/\/www.ranciliogroup.com\/app\/uploads\/2019\/07\/rancilio_black_logo.png\",\"width\":447,\"height\":57,\"caption\":\"Rancilio Group\"},\"image\":{\"@id\":\"https:\/\/www.ranciliogroup.com\/fr\/#\/schema\/logo\/image\/\"},\"sameAs\":[\"https:\/\/www.facebook.com\/RancilioGroup\",\"https:\/\/twitter.com\/ranciliogroup\",\"https:\/\/www.instagram.com\/rancilio_official\/\",\"https:\/\/www.linkedin.com\/company\/ranciliogroup\/\",\"https:\/\/www.youtube.com\/user\/rancilioadmin\"]},{\"@type\":\"Person\",\"@id\":\"https:\/\/www.ranciliogroup.com\/fr\/#\/schema\/person\/d6bf0a7dfe74cded3d64da8b2c92814c\",\"name\":\"temp circular\",\"image\":{\"@type\":\"ImageObject\",\"inLanguage\":\"fr-FR\",\"@id\":\"https:\/\/www.ranciliogroup.com\/fr\/#\/schema\/person\/image\/\",\"url\":\"https:\/\/secure.gravatar.com\/avatar\/569e71c3b97b8bcad1854d6579b35c5f?s=96&d=mm&r=g\",\"contentUrl\":\"https:\/\/secure.gravatar.com\/avatar\/569e71c3b97b8bcad1854d6579b35c5f?s=96&d=mm&r=g\",\"caption\":\"temp circular\"}}]}<\/script>\n<!-- \/ Yoast SEO plugin. -->","yoast_head_json":{"title":"Latest update about Rancilio, Rancilio Specialty et Egro \u00e0 l\u2019honneur lors du London Coffee Festival 2026 - Rancilio Group","description":"Read Rancilio Group's latest news about Rancilio, Rancilio Specialty et Egro \u00e0 l\u2019honneur lors du London Coffee Festival 2026","robots":{"index":"index","follow":"follow","max-snippet":"max-snippet:-1","max-image-preview":"max-image-preview:large","max-video-preview":"max-video-preview:-1"},"canonical":"https:\/\/www.ranciliogroup.com\/fr\/rancilio-rancilio-specialty-et-egro-a-lhonneur-lors-du-london-coffee-festival-2026\/","og_locale":"fr_FR","og_type":"article","og_title":"Latest update about Rancilio, Rancilio Specialty et Egro \u00e0 l\u2019honneur lors du London Coffee Festival 2026 - Rancilio Group","og_description":"Read Rancilio Group's latest news about Rancilio, Rancilio Specialty et Egro \u00e0 l\u2019honneur lors du London Coffee Festival 2026","og_url":"https:\/\/www.ranciliogroup.com\/fr\/rancilio-rancilio-specialty-et-egro-a-lhonneur-lors-du-london-coffee-festival-2026\/","og_site_name":"Rancilio Group","article_publisher":"https:\/\/www.facebook.com\/RancilioGroup","article_published_time":"2026-04-28T09:35:39+00:00","og_image":[{"width":1920,"height":1080,"url":"https:\/\/www.ranciliogroup.com\/app\/uploads\/2026\/04\/2026_LCF_WEB.jpg","type":"image\/jpeg"}],"author":"temp circular","twitter_card":"summary_large_image","twitter_creator":"@ranciliogroup","twitter_site":"@ranciliogroup","twitter_misc":{"Written by":"temp circular","Est. reading time":"2 minutes"},"schema":{"@context":"https:\/\/schema.org","@graph":[{"@type":"Article","@id":"https:\/\/www.ranciliogroup.com\/fr\/rancilio-rancilio-specialty-et-egro-a-lhonneur-lors-du-london-coffee-festival-2026\/#article","isPartOf":{"@id":"https:\/\/www.ranciliogroup.com\/fr\/rancilio-rancilio-specialty-et-egro-a-lhonneur-lors-du-london-coffee-festival-2026\/"},"author":{"name":"temp circular","@id":"https:\/\/www.ranciliogroup.com\/fr\/#\/schema\/person\/d6bf0a7dfe74cded3d64da8b2c92814c"},"headline":"Rancilio, Rancilio Specialty et Egro \u00e0 l\u2019honneur lors du London Coffee Festival 2026","datePublished":"2026-04-28T09:35:39+00:00","dateModified":"2026-04-28T09:35:39+00:00","mainEntityOfPage":{"@id":"https:\/\/www.ranciliogroup.com\/fr\/rancilio-rancilio-specialty-et-egro-a-lhonneur-lors-du-london-coffee-festival-2026\/"},"wordCount":302,"publisher":{"@id":"https:\/\/www.ranciliogroup.com\/fr\/#organization"},"keywords":["Classe 5 Crono","Invicta","Kryo","LCF","London","London Coffee Festival","MoDe","Next","RS1","Silvia","Silvia Pro X","Stile"],"articleSection":["Tous"],"inLanguage":"fr-FR"},{"@type":"WebPage","@id":"https:\/\/www.ranciliogroup.com\/fr\/rancilio-rancilio-specialty-et-egro-a-lhonneur-lors-du-london-coffee-festival-2026\/","url":"https:\/\/www.ranciliogroup.com\/fr\/rancilio-rancilio-specialty-et-egro-a-lhonneur-lors-du-london-coffee-festival-2026\/","name":"Latest update about Rancilio, Rancilio Specialty et Egro \u00e0 l\u2019honneur lors du London Coffee Festival 2026 - Rancilio Group","isPartOf":{"@id":"https:\/\/www.ranciliogroup.com\/fr\/#website"},"datePublished":"2026-04-28T09:35:39+00:00","dateModified":"2026-04-28T09:35:39+00:00","description":"Read Rancilio Group's latest news about Rancilio, Rancilio Specialty et Egro \u00e0 l\u2019honneur lors du London Coffee Festival 2026","breadcrumb":{"@id":"https:\/\/www.ranciliogroup.com\/fr\/rancilio-rancilio-specialty-et-egro-a-lhonneur-lors-du-london-coffee-festival-2026\/#breadcrumb"},"inLanguage":"fr-FR","potentialAction":[{"@type":"ReadAction","target":["https:\/\/www.ranciliogroup.com\/fr\/rancilio-rancilio-specialty-et-egro-a-lhonneur-lors-du-london-coffee-festival-2026\/"]}]},{"@type":"BreadcrumbList","@id":"https:\/\/www.ranciliogroup.com\/fr\/rancilio-rancilio-specialty-et-egro-a-lhonneur-lors-du-london-coffee-festival-2026\/#breadcrumb","itemListElement":[{"@type":"ListItem","position":1,"name":"Home","item":"https:\/\/www.ranciliogroup.com\/fr\/"},{"@type":"ListItem","position":2,"name":"Rancilio, Rancilio Specialty et Egro \u00e0 l\u2019honneur lors du London Coffee Festival 2026"}]},{"@type":"WebSite","@id":"https:\/\/www.ranciliogroup.com\/fr\/#website","url":"https:\/\/www.ranciliogroup.com\/fr\/","name":"Rancilio Group","description":"Leader des machines \u00e0 caf\u00e9 professionnelles","publisher":{"@id":"https:\/\/www.ranciliogroup.com\/fr\/#organization"},"potentialAction":[{"@type":"SearchAction","target":{"@type":"EntryPoint","urlTemplate":"https:\/\/www.ranciliogroup.com\/fr\/?s={search_term_string}"},"query-input":"required name=search_term_string"}],"inLanguage":"fr-FR"},{"@type":"Organization","@id":"https:\/\/www.ranciliogroup.com\/fr\/#organization","name":"Rancilio Group","url":"https:\/\/www.ranciliogroup.com\/fr\/","logo":{"@type":"ImageObject","inLanguage":"fr-FR","@id":"https:\/\/www.ranciliogroup.com\/fr\/#\/schema\/logo\/image\/","url":"https:\/\/www.ranciliogroup.com\/app\/uploads\/2019\/07\/rancilio_black_logo.png","contentUrl":"https:\/\/www.ranciliogroup.com\/app\/uploads\/2019\/07\/rancilio_black_logo.png","width":447,"height":57,"caption":"Rancilio Group"},"image":{"@id":"https:\/\/www.ranciliogroup.com\/fr\/#\/schema\/logo\/image\/"},"sameAs":["https:\/\/www.facebook.com\/RancilioGroup","https:\/\/twitter.com\/ranciliogroup","https:\/\/www.instagram.com\/rancilio_official\/","https:\/\/www.linkedin.com\/company\/ranciliogroup\/","https:\/\/www.youtube.com\/user\/rancilioadmin"]},{"@type":"Person","@id":"https:\/\/www.ranciliogroup.com\/fr\/#\/schema\/person\/d6bf0a7dfe74cded3d64da8b2c92814c","name":"temp circular","image":{"@type":"ImageObject","inLanguage":"fr-FR","@id":"https:\/\/www.ranciliogroup.com\/fr\/#\/schema\/person\/image\/","url":"https:\/\/secure.gravatar.com\/avatar\/569e71c3b97b8bcad1854d6579b35c5f?s=96&d=mm&r=g","contentUrl":"https:\/\/secure.gravatar.com\/avatar\/569e71c3b97b8bcad1854d6579b35c5f?s=96&d=mm&r=g","caption":"temp circular"}}]}},"_links":{"self":[{"href":"https:\/\/www.ranciliogroup.com\/fr\/wp-json\/wp\/v2\/posts\/83661"}],"collection":[{"href":"https:\/\/www.ranciliogroup.com\/fr\/wp-json\/wp\/v2\/posts"}],"about":[{"href":"https:\/\/www.ranciliogroup.com\/fr\/wp-json\/wp\/v2\/types\/post"}],"author":[{"embeddable":true,"href":"https:\/\/www.ranciliogroup.com\/fr\/wp-json\/wp\/v2\/users\/5"}],"replies":[{"embeddable":true,"href":"https:\/\/www.ranciliogroup.com\/fr\/wp-json\/wp\/v2\/comments?post=83661"}],"version-history":[{"count":2,"href":"https:\/\/www.ranciliogroup.com\/fr\/wp-json\/wp\/v2\/posts\/83661\/revisions"}],"predecessor-version":[{"id":83663,"href":"https:\/\/www.ranciliogroup.com\/fr\/wp-json\/wp\/v2\/posts\/83661\/revisions\/83663"}],"wp:featuredmedia":[{"embeddable":true,"href":"https:\/\/www.ranciliogroup.com\/fr\/wp-json\/wp\/v2\/media\/83655"}],"wp:attachment":[{"href":"https:\/\/www.ranciliogroup.com\/fr\/wp-json\/wp\/v2\/media?parent=83661"}],"wp:term":[{"taxonomy":"category","embeddable":true,"href":"https:\/\/www.ranciliogroup.com\/fr\/wp-json\/wp\/v2\/categories?post=83661"},{"taxonomy":"post_tag","embeddable":true,"href":"https:\/\/www.ranciliogroup.com\/fr\/wp-json\/wp\/v2\/tags?post=83661"}],"curies":[{"name":"wp","href":"https:\/\/api.w.org\/{rel}","templated":true}]}}