{"id":83687,"date":"2026-04-28T13:57:35","date_gmt":"2026-04-28T11:57:35","guid":{"rendered":"https:\/\/www.ranciliogroup.com\/?p=83687"},"modified":"2026-04-28T13:57:35","modified_gmt":"2026-04-28T11:57:35","slug":"rancilio-rancilio-specialty-et-egro-au-national-restaurant-show","status":"publish","type":"post","link":"https:\/\/www.ranciliogroup.com\/fr\/rancilio-rancilio-specialty-et-egro-au-national-restaurant-show\/","title":{"rendered":"Rancilio, Rancilio Specialty et Egro au National Restaurant Show"},"content":{"rendered":"<p>Du 16 au 19\u00a0mai\u00a02026, Rancilio, Rancilio Specialty et Egro accueilleront des milliers de professionnels du secteur Horeca au stand de Welbilt \u00e0 l\u2019occasion du National Restaurant Association Show.<\/p>\n<p>Rancilio Specialty y pr\u00e9sentera sa machine Invicta, et sa puissance d\u2019extraction experte, pour tous les amateurs de caf\u00e9. Cette machine, con\u00e7ue pour rationaliser le service, permet aux baristas de b\u00e9n\u00e9ficier d\u2019une technologie d\u2019extraction avanc\u00e9e gr\u00e2ce \u00e0 un contr\u00f4le \u00e9lectronique pr\u00e9cis du caf\u00e9, de l\u2019eau et des fonctions vapeur, mais aussi d\u2019am\u00e9liorer l\u2019efficacit\u00e9 du flux de travail.<\/p>\n<p>La nouvelle Classe\u00a05\u00a0Crono de Rancilio s\u2019inspire du succ\u00e8s de la Classe 5 USB, et est d\u00e9sormais \u00e9quip\u00e9e d\u2019un affichage num\u00e9rique int\u00e9gr\u00e9 avec minuterie monostable pour chaque groupe. Associ\u00e9e au moulin \u00e0 caf\u00e9 Kryo de Rancilio, elle garantit des performances constantes et une qualit\u00e9 sup\u00e9rieure tout au long du service.<\/p>\n<p>Egro pr\u00e9sentera ses solutions enti\u00e8rement automatiques \u00e0 son stand ainsi que dans l\u2019espace \u00ab\u00a0Hospitality\u00a0\u00bb, notamment ses machines phares Next et Touch Coffee. Avec leur design \u00e9l\u00e9gant et compact, con\u00e7u pour faciliter l\u2019entretien, ces machines permettent de pr\u00e9parer un caf\u00e9 du grain \u00e0 la tasse de qualit\u00e9, sont simples d\u2019utilisation et proposent un grand nombre de recettes vari\u00e9es.<\/p>\n<p>\u00c9v\u00e9nement incontournable dans l\u2019industrie de la restauration, le National Restaurant Show repr\u00e9sente une occasion unique de d\u00e9couvrir des technologies novatrices et de nouveaux produits, mais aussi d\u2019identifier des tendances mondiales.<\/p>\n<p>&nbsp;<\/p>\n<p><strong>Le National Restaurant Show<\/strong><br \/>\nDu 16 au 19 mai 2026<br \/>\nStand n\u00b0\u00a04801<br \/>\n<a href=\"https:\/\/www.google.com\/maps\/place\/McCormick+Place+Lakeside+Center,+East+Building\/@41.8458004,-87.6331527,14z\/data=!3m1!5s0x880e2b824951fd8b:0xc46f8ba4eba96fb0!4m6!3m5!1s0x880e2b80c4121197:0x72ccc5d868eedc85!8m2!3d41.8523139!4d-87.6118774!16s%2Fg%2F11g8np5w3r?authuser=0&amp;entry=ttu\">McCormick Place<\/a><br \/>\nSouth Building<br \/>\n2301 S Martin Luther King Dr<br \/>\nChicago, IL 60616, \u00c9tats-Unis<\/p>\n<p>&nbsp;<\/p>\n","protected":false},"excerpt":{"rendered":"<p>Du 16 au 19\u00a0mai\u00a02026, Rancilio, Rancilio Specialty et Egro accueilleront des milliers de professionnels du secteur Horeca au stand de&#8230;<\/p>\n","protected":false},"author":5,"featured_media":83680,"comment_status":"closed","ping_status":"closed","sticky":false,"template":"","format":"standard","meta":[],"categories":[878],"tags":[4519,4520,4521,4273,2929,2685,2625,2624],"acf":[],"yoast_head":"<!-- This site is optimized with the Yoast SEO plugin v21.5 - https:\/\/yoast.com\/wordpress\/plugins\/seo\/ -->\n<title>Latest update about Rancilio, Rancilio Specialty et Egro au National Restaurant Show - Rancilio Group<\/title>\n<meta name=\"description\" content=\"Read Rancilio Group&#039;s latest news about Rancilio, Rancilio Specialty et Egro au National Restaurant Show\" \/>\n<meta name=\"robots\" content=\"index, follow, max-snippet:-1, max-image-preview:large, max-video-preview:-1\" \/>\n<link rel=\"canonical\" href=\"https:\/\/www.ranciliogroup.com\/fr\/rancilio-rancilio-specialty-et-egro-au-national-restaurant-show\/\" \/>\n<meta property=\"og:locale\" content=\"fr_FR\" \/>\n<meta property=\"og:type\" content=\"article\" \/>\n<meta property=\"og:title\" content=\"Latest update about Rancilio, Rancilio Specialty et Egro au National Restaurant Show - Rancilio Group\" \/>\n<meta property=\"og:description\" content=\"Read Rancilio Group&#039;s latest news about Rancilio, Rancilio Specialty et Egro au National Restaurant Show\" \/>\n<meta property=\"og:url\" content=\"https:\/\/www.ranciliogroup.com\/fr\/rancilio-rancilio-specialty-et-egro-au-national-restaurant-show\/\" \/>\n<meta property=\"og:site_name\" content=\"Rancilio Group\" \/>\n<meta property=\"article:publisher\" content=\"https:\/\/www.facebook.com\/RancilioGroup\" \/>\n<meta property=\"article:published_time\" content=\"2026-04-28T11:57:35+00:00\" \/>\n<meta property=\"og:image\" content=\"https:\/\/www.ranciliogroup.com\/app\/uploads\/2026\/04\/NRA_RG_2026.jpg\" \/>\n\t<meta property=\"og:image:width\" content=\"1920\" \/>\n\t<meta property=\"og:image:height\" content=\"1080\" \/>\n\t<meta property=\"og:image:type\" content=\"image\/jpeg\" \/>\n<meta name=\"author\" content=\"temp circular\" \/>\n<meta name=\"twitter:card\" content=\"summary_large_image\" \/>\n<meta name=\"twitter:creator\" content=\"@ranciliogroup\" \/>\n<meta name=\"twitter:site\" content=\"@ranciliogroup\" \/>\n<meta name=\"twitter:label1\" content=\"Written by\" \/>\n\t<meta name=\"twitter:data1\" content=\"temp circular\" \/>\n\t<meta name=\"twitter:label2\" content=\"Est. reading time\" \/>\n\t<meta name=\"twitter:data2\" content=\"2 minutes\" \/>\n<script type=\"application\/ld+json\" class=\"yoast-schema-graph\">{\"@context\":\"https:\/\/schema.org\",\"@graph\":[{\"@type\":\"Article\",\"@id\":\"https:\/\/www.ranciliogroup.com\/fr\/rancilio-rancilio-specialty-et-egro-au-national-restaurant-show\/#article\",\"isPartOf\":{\"@id\":\"https:\/\/www.ranciliogroup.com\/fr\/rancilio-rancilio-specialty-et-egro-au-national-restaurant-show\/\"},\"author\":{\"name\":\"temp circular\",\"@id\":\"https:\/\/www.ranciliogroup.com\/fr\/#\/schema\/person\/d6bf0a7dfe74cded3d64da8b2c92814c\"},\"headline\":\"Rancilio, Rancilio Specialty et Egro au National Restaurant Show\",\"datePublished\":\"2026-04-28T11:57:35+00:00\",\"dateModified\":\"2026-04-28T11:57:35+00:00\",\"mainEntityOfPage\":{\"@id\":\"https:\/\/www.ranciliogroup.com\/fr\/rancilio-rancilio-specialty-et-egro-au-national-restaurant-show\/\"},\"wordCount\":285,\"publisher\":{\"@id\":\"https:\/\/www.ranciliogroup.com\/fr\/#organization\"},\"keywords\":[\"National Restaurant Association Show\",\"NRA Show\",\"Chicago\",\"Classe 5 Crono\",\"Touch Coffee\",\"Next\",\"Kryo\",\"Invicta\"],\"articleSection\":[\"Tous\"],\"inLanguage\":\"fr-FR\"},{\"@type\":\"WebPage\",\"@id\":\"https:\/\/www.ranciliogroup.com\/fr\/rancilio-rancilio-specialty-et-egro-au-national-restaurant-show\/\",\"url\":\"https:\/\/www.ranciliogroup.com\/fr\/rancilio-rancilio-specialty-et-egro-au-national-restaurant-show\/\",\"name\":\"Latest update about Rancilio, Rancilio Specialty et Egro au National Restaurant Show - Rancilio Group\",\"isPartOf\":{\"@id\":\"https:\/\/www.ranciliogroup.com\/fr\/#website\"},\"datePublished\":\"2026-04-28T11:57:35+00:00\",\"dateModified\":\"2026-04-28T11:57:35+00:00\",\"description\":\"Read Rancilio Group's latest news about Rancilio, Rancilio Specialty et Egro au National Restaurant Show\",\"breadcrumb\":{\"@id\":\"https:\/\/www.ranciliogroup.com\/fr\/rancilio-rancilio-specialty-et-egro-au-national-restaurant-show\/#breadcrumb\"},\"inLanguage\":\"fr-FR\",\"potentialAction\":[{\"@type\":\"ReadAction\",\"target\":[\"https:\/\/www.ranciliogroup.com\/fr\/rancilio-rancilio-specialty-et-egro-au-national-restaurant-show\/\"]}]},{\"@type\":\"BreadcrumbList\",\"@id\":\"https:\/\/www.ranciliogroup.com\/fr\/rancilio-rancilio-specialty-et-egro-au-national-restaurant-show\/#breadcrumb\",\"itemListElement\":[{\"@type\":\"ListItem\",\"position\":1,\"name\":\"Home\",\"item\":\"https:\/\/www.ranciliogroup.com\/fr\/\"},{\"@type\":\"ListItem\",\"position\":2,\"name\":\"Rancilio, Rancilio Specialty et Egro au National Restaurant Show\"}]},{\"@type\":\"WebSite\",\"@id\":\"https:\/\/www.ranciliogroup.com\/fr\/#website\",\"url\":\"https:\/\/www.ranciliogroup.com\/fr\/\",\"name\":\"Rancilio Group\",\"description\":\"Leader des machines \u00e0 caf\u00e9 professionnelles\",\"publisher\":{\"@id\":\"https:\/\/www.ranciliogroup.com\/fr\/#organization\"},\"potentialAction\":[{\"@type\":\"SearchAction\",\"target\":{\"@type\":\"EntryPoint\",\"urlTemplate\":\"https:\/\/www.ranciliogroup.com\/fr\/?s={search_term_string}\"},\"query-input\":\"required name=search_term_string\"}],\"inLanguage\":\"fr-FR\"},{\"@type\":\"Organization\",\"@id\":\"https:\/\/www.ranciliogroup.com\/fr\/#organization\",\"name\":\"Rancilio Group\",\"url\":\"https:\/\/www.ranciliogroup.com\/fr\/\",\"logo\":{\"@type\":\"ImageObject\",\"inLanguage\":\"fr-FR\",\"@id\":\"https:\/\/www.ranciliogroup.com\/fr\/#\/schema\/logo\/image\/\",\"url\":\"https:\/\/www.ranciliogroup.com\/app\/uploads\/2019\/07\/rancilio_black_logo.png\",\"contentUrl\":\"https:\/\/www.ranciliogroup.com\/app\/uploads\/2019\/07\/rancilio_black_logo.png\",\"width\":447,\"height\":57,\"caption\":\"Rancilio Group\"},\"image\":{\"@id\":\"https:\/\/www.ranciliogroup.com\/fr\/#\/schema\/logo\/image\/\"},\"sameAs\":[\"https:\/\/www.facebook.com\/RancilioGroup\",\"https:\/\/twitter.com\/ranciliogroup\",\"https:\/\/www.instagram.com\/rancilio_official\/\",\"https:\/\/www.linkedin.com\/company\/ranciliogroup\/\",\"https:\/\/www.youtube.com\/user\/rancilioadmin\"]},{\"@type\":\"Person\",\"@id\":\"https:\/\/www.ranciliogroup.com\/fr\/#\/schema\/person\/d6bf0a7dfe74cded3d64da8b2c92814c\",\"name\":\"temp circular\",\"image\":{\"@type\":\"ImageObject\",\"inLanguage\":\"fr-FR\",\"@id\":\"https:\/\/www.ranciliogroup.com\/fr\/#\/schema\/person\/image\/\",\"url\":\"https:\/\/secure.gravatar.com\/avatar\/569e71c3b97b8bcad1854d6579b35c5f?s=96&d=mm&r=g\",\"contentUrl\":\"https:\/\/secure.gravatar.com\/avatar\/569e71c3b97b8bcad1854d6579b35c5f?s=96&d=mm&r=g\",\"caption\":\"temp circular\"}}]}<\/script>\n<!-- \/ Yoast SEO plugin. -->","yoast_head_json":{"title":"Latest update about Rancilio, Rancilio Specialty et Egro au National Restaurant Show - Rancilio Group","description":"Read Rancilio Group's latest news about Rancilio, Rancilio Specialty et Egro au National Restaurant Show","robots":{"index":"index","follow":"follow","max-snippet":"max-snippet:-1","max-image-preview":"max-image-preview:large","max-video-preview":"max-video-preview:-1"},"canonical":"https:\/\/www.ranciliogroup.com\/fr\/rancilio-rancilio-specialty-et-egro-au-national-restaurant-show\/","og_locale":"fr_FR","og_type":"article","og_title":"Latest update about Rancilio, Rancilio Specialty et Egro au National Restaurant Show - Rancilio Group","og_description":"Read Rancilio Group's latest news about Rancilio, Rancilio Specialty et Egro au National Restaurant Show","og_url":"https:\/\/www.ranciliogroup.com\/fr\/rancilio-rancilio-specialty-et-egro-au-national-restaurant-show\/","og_site_name":"Rancilio Group","article_publisher":"https:\/\/www.facebook.com\/RancilioGroup","article_published_time":"2026-04-28T11:57:35+00:00","og_image":[{"width":1920,"height":1080,"url":"https:\/\/www.ranciliogroup.com\/app\/uploads\/2026\/04\/NRA_RG_2026.jpg","type":"image\/jpeg"}],"author":"temp circular","twitter_card":"summary_large_image","twitter_creator":"@ranciliogroup","twitter_site":"@ranciliogroup","twitter_misc":{"Written by":"temp circular","Est. reading time":"2 minutes"},"schema":{"@context":"https:\/\/schema.org","@graph":[{"@type":"Article","@id":"https:\/\/www.ranciliogroup.com\/fr\/rancilio-rancilio-specialty-et-egro-au-national-restaurant-show\/#article","isPartOf":{"@id":"https:\/\/www.ranciliogroup.com\/fr\/rancilio-rancilio-specialty-et-egro-au-national-restaurant-show\/"},"author":{"name":"temp circular","@id":"https:\/\/www.ranciliogroup.com\/fr\/#\/schema\/person\/d6bf0a7dfe74cded3d64da8b2c92814c"},"headline":"Rancilio, Rancilio Specialty et Egro au National Restaurant Show","datePublished":"2026-04-28T11:57:35+00:00","dateModified":"2026-04-28T11:57:35+00:00","mainEntityOfPage":{"@id":"https:\/\/www.ranciliogroup.com\/fr\/rancilio-rancilio-specialty-et-egro-au-national-restaurant-show\/"},"wordCount":285,"publisher":{"@id":"https:\/\/www.ranciliogroup.com\/fr\/#organization"},"keywords":["National Restaurant Association Show","NRA Show","Chicago","Classe 5 Crono","Touch Coffee","Next","Kryo","Invicta"],"articleSection":["Tous"],"inLanguage":"fr-FR"},{"@type":"WebPage","@id":"https:\/\/www.ranciliogroup.com\/fr\/rancilio-rancilio-specialty-et-egro-au-national-restaurant-show\/","url":"https:\/\/www.ranciliogroup.com\/fr\/rancilio-rancilio-specialty-et-egro-au-national-restaurant-show\/","name":"Latest update about Rancilio, Rancilio Specialty et Egro au National Restaurant Show - Rancilio Group","isPartOf":{"@id":"https:\/\/www.ranciliogroup.com\/fr\/#website"},"datePublished":"2026-04-28T11:57:35+00:00","dateModified":"2026-04-28T11:57:35+00:00","description":"Read Rancilio Group's latest news about Rancilio, Rancilio Specialty et Egro au National Restaurant Show","breadcrumb":{"@id":"https:\/\/www.ranciliogroup.com\/fr\/rancilio-rancilio-specialty-et-egro-au-national-restaurant-show\/#breadcrumb"},"inLanguage":"fr-FR","potentialAction":[{"@type":"ReadAction","target":["https:\/\/www.ranciliogroup.com\/fr\/rancilio-rancilio-specialty-et-egro-au-national-restaurant-show\/"]}]},{"@type":"BreadcrumbList","@id":"https:\/\/www.ranciliogroup.com\/fr\/rancilio-rancilio-specialty-et-egro-au-national-restaurant-show\/#breadcrumb","itemListElement":[{"@type":"ListItem","position":1,"name":"Home","item":"https:\/\/www.ranciliogroup.com\/fr\/"},{"@type":"ListItem","position":2,"name":"Rancilio, Rancilio Specialty et Egro au National Restaurant Show"}]},{"@type":"WebSite","@id":"https:\/\/www.ranciliogroup.com\/fr\/#website","url":"https:\/\/www.ranciliogroup.com\/fr\/","name":"Rancilio Group","description":"Leader des machines \u00e0 caf\u00e9 professionnelles","publisher":{"@id":"https:\/\/www.ranciliogroup.com\/fr\/#organization"},"potentialAction":[{"@type":"SearchAction","target":{"@type":"EntryPoint","urlTemplate":"https:\/\/www.ranciliogroup.com\/fr\/?s={search_term_string}"},"query-input":"required name=search_term_string"}],"inLanguage":"fr-FR"},{"@type":"Organization","@id":"https:\/\/www.ranciliogroup.com\/fr\/#organization","name":"Rancilio Group","url":"https:\/\/www.ranciliogroup.com\/fr\/","logo":{"@type":"ImageObject","inLanguage":"fr-FR","@id":"https:\/\/www.ranciliogroup.com\/fr\/#\/schema\/logo\/image\/","url":"https:\/\/www.ranciliogroup.com\/app\/uploads\/2019\/07\/rancilio_black_logo.png","contentUrl":"https:\/\/www.ranciliogroup.com\/app\/uploads\/2019\/07\/rancilio_black_logo.png","width":447,"height":57,"caption":"Rancilio Group"},"image":{"@id":"https:\/\/www.ranciliogroup.com\/fr\/#\/schema\/logo\/image\/"},"sameAs":["https:\/\/www.facebook.com\/RancilioGroup","https:\/\/twitter.com\/ranciliogroup","https:\/\/www.instagram.com\/rancilio_official\/","https:\/\/www.linkedin.com\/company\/ranciliogroup\/","https:\/\/www.youtube.com\/user\/rancilioadmin"]},{"@type":"Person","@id":"https:\/\/www.ranciliogroup.com\/fr\/#\/schema\/person\/d6bf0a7dfe74cded3d64da8b2c92814c","name":"temp circular","image":{"@type":"ImageObject","inLanguage":"fr-FR","@id":"https:\/\/www.ranciliogroup.com\/fr\/#\/schema\/person\/image\/","url":"https:\/\/secure.gravatar.com\/avatar\/569e71c3b97b8bcad1854d6579b35c5f?s=96&d=mm&r=g","contentUrl":"https:\/\/secure.gravatar.com\/avatar\/569e71c3b97b8bcad1854d6579b35c5f?s=96&d=mm&r=g","caption":"temp circular"}}]}},"_links":{"self":[{"href":"https:\/\/www.ranciliogroup.com\/fr\/wp-json\/wp\/v2\/posts\/83687"}],"collection":[{"href":"https:\/\/www.ranciliogroup.com\/fr\/wp-json\/wp\/v2\/posts"}],"about":[{"href":"https:\/\/www.ranciliogroup.com\/fr\/wp-json\/wp\/v2\/types\/post"}],"author":[{"embeddable":true,"href":"https:\/\/www.ranciliogroup.com\/fr\/wp-json\/wp\/v2\/users\/5"}],"replies":[{"embeddable":true,"href":"https:\/\/www.ranciliogroup.com\/fr\/wp-json\/wp\/v2\/comments?post=83687"}],"version-history":[{"count":2,"href":"https:\/\/www.ranciliogroup.com\/fr\/wp-json\/wp\/v2\/posts\/83687\/revisions"}],"predecessor-version":[{"id":83689,"href":"https:\/\/www.ranciliogroup.com\/fr\/wp-json\/wp\/v2\/posts\/83687\/revisions\/83689"}],"wp:featuredmedia":[{"embeddable":true,"href":"https:\/\/www.ranciliogroup.com\/fr\/wp-json\/wp\/v2\/media\/83680"}],"wp:attachment":[{"href":"https:\/\/www.ranciliogroup.com\/fr\/wp-json\/wp\/v2\/media?parent=83687"}],"wp:term":[{"taxonomy":"category","embeddable":true,"href":"https:\/\/www.ranciliogroup.com\/fr\/wp-json\/wp\/v2\/categories?post=83687"},{"taxonomy":"post_tag","embeddable":true,"href":"https:\/\/www.ranciliogroup.com\/fr\/wp-json\/wp\/v2\/tags?post=83687"}],"curies":[{"name":"wp","href":"https:\/\/api.w.org\/{rel}","templated":true}]}}