{"id":29414,"date":"2018-12-19T22:18:13","date_gmt":"2018-12-19T21:18:13","guid":{"rendered":"https:\/\/www.ranciliogroup.com\/rancilio-specialty-at-the-milan-coffee-festival\/"},"modified":"2023-05-05T14:20:45","modified_gmt":"2023-05-05T12:20:45","slug":"rancilio-specialty-at-the-milan-coffee-festival","status":"publish","type":"post","link":"https:\/\/www.ranciliogroup.com\/it\/rancilio-specialty-at-the-milan-coffee-festival\/","title":{"rendered":"Rancilio Specialty al Milan Coffee Festival"},"content":{"rendered":"<h2><strong><span class=\"fs18\">Il 30 novembre si apre la prima edizione milanese della kermesse <\/span><\/strong><\/h2>\n<div class=\"sep20H\"><\/div>\n<p><span class=\"fs14\">Rancilio Specialty sar\u00e0 tra gli espositori della prima e attesissima edizione del Milan Coffee Festival, in programma allo spazio Pelota di Milano dal 30 novembre al 2 dicembre.<br \/>\nOgni anno i Coffee Festival riuniscono migliaia di visitatori alla Old Truman Brewery di Londra, alla Westergasfabriek di Amsterdam e al Metropolitan Pavillion di New York. Folle di appassionati, baristi, operatori del settore, micro roasters e curiosi che sono attese anche quest\u2019anno a Milano per la prima tappa italiana. Nel corso degli anni i Coffee Festival si sono trasformati in veri appuntamenti mondani con musica, cibo di strada e caff\u00e8 a fiumi, frequentati da un pubblico variegato e appassionato di coffee lovers, artigiani del chicco, baristi e addetti ai lavori. L\u2019edizione milanese si svolger\u00e0 alla Pelota di via Palermo, un luogo che da solo potrebbe raccontare la metamorfosi dell\u2019intero quartiere di Brera: da tempio della pelota basca e ritrovo per biscazzieri a location moderna e polifunzionale per eventi esclusivi.<br \/>\nRancilio non poteva mancare l\u2019appuntamento e per l\u2019occasione si presenter\u00e0 con uno stand dedicato a Rancilio Specialty-RS1, la nuova macchine per caff\u00e8 progettata per il mondo dello Specialty Coffee che gi\u00e0 aveva conquistato il pubblico del London Coffee Festival. A poche settimane dalle finali dei Campionati di Latte Art e Coffee in Good Spirits, i baristi che si sfideranno per il titolo italiano sul palco di SIGEP, al Milan Coffee Festival avranno l\u2019occasione di provare con mano le nuove features di RS1: dall\u2019innovativo sistema vapore all\u2019Advanced Temperature Profiling.<br \/>\nOltre ad offrire una vetrina sul mondo delle gare per i baristi, lo stand di Rancilio Specialty sar\u00e0 uno spazio aperto a tutti i visitatori del Festival. Jessica Sartiani sar\u00e0 protagonista dietro al bancone con i suoi welcome coffee drinks e ci saranno anche progetti di divulgazione pensati per il pubblico della domenica. Il team Coffee Competence di Rancilio Group accoglier\u00e0 visitatori pi\u00f9 curiosi al tavolo di Extraction Lab, il laboratorio interattivo che, attraverso un percorso di assaggi, illustrer\u00e0 i segreti dell\u2019estrazione caff\u00e8 mostrando le potenzialit\u00e0 offerte dal Temperature Profiling brevettato Rancilio. All\u2019Extraction Lab ci sar\u00e0 spazio anche per i micro roasters che potranno estrarre le loro miscele e i loro caff\u00e8 monorigine con i diversi profili di temperatura disponibili su RS1 (Up, Down o Flat).<br \/>\nMilano accoglier\u00e0 le trib\u00f9 dello Specialty Coffee con la certezza che si possa replicare il successo di altri format internazionali che hanno sostenuto la rinascita culturale, commerciale e creativa della citt\u00e0. Perch\u00e9 il caff\u00e8 \u00e8 cultura, proprio come il design, la moda, il cinema, la fotografia. I Coffee Festival sono oggi eventi imprescindibili per il popolo dello Specialty Coffee che, cavalcando la terza onda del caff\u00e8 hanno rivoluzionato l\u2019intero settore, favorendo una nuova interazione tra i produttori e i consumatori. E in questo nuovo scenario internazionale, popolato da baristi, coffee shop e caff\u00e8 monorigini, Rancilio Specialty-RS1 \u00e8 la novit\u00e0 da scoprire.<br \/>\nRancilio Specialty vi aspetta allo stand M03 del Milan Coffee Festival <\/span><\/p>\n<p><a href=\"https:\/\/www.ranciliogroup.com\/\" target=\"_blank\" rel=\"noopener noreferrer\">www.ranciliospecialtycom<\/a><\/p>\n","protected":false},"excerpt":{"rendered":"<p>Il 30 novembre si apre la prima edizione milanese della kermesse Rancilio Specialty sar\u00e0 tra gli espositori della prima e&#8230;<\/p>\n","protected":false},"author":2,"featured_media":8120,"comment_status":"closed","ping_status":"closed","sticky":false,"template":"","format":"standard","meta":[],"categories":[465],"tags":[],"acf":[],"yoast_head":"<!-- This site is optimized with the Yoast SEO plugin v21.5 - https:\/\/yoast.com\/wordpress\/plugins\/seo\/ -->\n<title>Rancilio Specialty al Milan Coffee Festival - Rancilio Group<\/title>\n<meta name=\"description\" content=\"Rancilio Specialty sar\u00e0 tra gli espositori della prima e attesissima edizione del Milan Coffee Festival, in programma allo spazio Pelota di Milano dal 30 novembre al 2 dicembre.\" \/>\n<meta name=\"robots\" content=\"index, follow, max-snippet:-1, max-image-preview:large, max-video-preview:-1\" \/>\n<link rel=\"canonical\" href=\"https:\/\/www.ranciliogroup.com\/it\/rancilio-specialty-at-the-milan-coffee-festival\/\" \/>\n<meta property=\"og:locale\" content=\"it_IT\" \/>\n<meta property=\"og:type\" content=\"article\" \/>\n<meta property=\"og:title\" content=\"Rancilio Specialty al Milan Coffee Festival - Rancilio Group\" \/>\n<meta property=\"og:description\" content=\"Rancilio Specialty sar\u00e0 tra gli espositori della prima e attesissima edizione del Milan Coffee Festival, in programma allo spazio Pelota di Milano dal 30 novembre al 2 dicembre.\" \/>\n<meta property=\"og:url\" content=\"https:\/\/www.ranciliogroup.com\/it\/rancilio-specialty-at-the-milan-coffee-festival\/\" \/>\n<meta property=\"og:site_name\" content=\"Rancilio Group\" \/>\n<meta property=\"article:publisher\" content=\"https:\/\/www.facebook.com\/RancilioGroup\" \/>\n<meta property=\"article:published_time\" content=\"2018-12-19T21:18:13+00:00\" \/>\n<meta property=\"article:modified_time\" content=\"2023-05-05T12:20:45+00:00\" \/>\n<meta property=\"og:image\" content=\"https:\/\/www.ranciliogroup.com\/app\/uploads\/2019\/10\/15698118_1233939240006613_8985993958473265031_n.jpg\" \/>\n\t<meta property=\"og:image:width\" content=\"960\" \/>\n\t<meta property=\"og:image:height\" content=\"460\" \/>\n\t<meta property=\"og:image:type\" content=\"image\/jpeg\" \/>\n<meta name=\"author\" content=\"Leo\" \/>\n<meta name=\"twitter:card\" content=\"summary_large_image\" \/>\n<meta name=\"twitter:creator\" content=\"@ranciliogroup\" \/>\n<meta name=\"twitter:site\" content=\"@ranciliogroup\" \/>\n<meta name=\"twitter:label1\" content=\"Scritto da\" \/>\n\t<meta name=\"twitter:data1\" content=\"Leo\" \/>\n\t<meta name=\"twitter:label2\" content=\"Tempo di lettura stimato\" \/>\n\t<meta name=\"twitter:data2\" content=\"3 minuti\" \/>\n<script type=\"application\/ld+json\" class=\"yoast-schema-graph\">{\"@context\":\"https:\/\/schema.org\",\"@graph\":[{\"@type\":\"Article\",\"@id\":\"https:\/\/www.ranciliogroup.com\/it\/rancilio-specialty-at-the-milan-coffee-festival\/#article\",\"isPartOf\":{\"@id\":\"https:\/\/www.ranciliogroup.com\/it\/rancilio-specialty-at-the-milan-coffee-festival\/\"},\"author\":{\"name\":\"Leo\",\"@id\":\"https:\/\/www.ranciliogroup.com\/it\/#\/schema\/person\/308c9cc609c571bfb3f04639f7c48c0e\"},\"headline\":\"Rancilio Specialty al Milan Coffee Festival\",\"datePublished\":\"2018-12-19T21:18:13+00:00\",\"dateModified\":\"2023-05-05T12:20:45+00:00\",\"mainEntityOfPage\":{\"@id\":\"https:\/\/www.ranciliogroup.com\/it\/rancilio-specialty-at-the-milan-coffee-festival\/\"},\"wordCount\":508,\"publisher\":{\"@id\":\"https:\/\/www.ranciliogroup.com\/it\/#organization\"},\"articleSection\":[\"Eventi\"],\"inLanguage\":\"it-IT\"},{\"@type\":\"WebPage\",\"@id\":\"https:\/\/www.ranciliogroup.com\/it\/rancilio-specialty-at-the-milan-coffee-festival\/\",\"url\":\"https:\/\/www.ranciliogroup.com\/it\/rancilio-specialty-at-the-milan-coffee-festival\/\",\"name\":\"Rancilio Specialty al Milan Coffee Festival - Rancilio Group\",\"isPartOf\":{\"@id\":\"https:\/\/www.ranciliogroup.com\/it\/#website\"},\"datePublished\":\"2018-12-19T21:18:13+00:00\",\"dateModified\":\"2023-05-05T12:20:45+00:00\",\"description\":\"Rancilio Specialty sar\u00e0 tra gli espositori della prima e attesissima edizione del Milan Coffee Festival, in programma allo spazio Pelota di Milano dal 30 novembre al 2 dicembre.\",\"breadcrumb\":{\"@id\":\"https:\/\/www.ranciliogroup.com\/it\/rancilio-specialty-at-the-milan-coffee-festival\/#breadcrumb\"},\"inLanguage\":\"it-IT\",\"potentialAction\":[{\"@type\":\"ReadAction\",\"target\":[\"https:\/\/www.ranciliogroup.com\/it\/rancilio-specialty-at-the-milan-coffee-festival\/\"]}]},{\"@type\":\"BreadcrumbList\",\"@id\":\"https:\/\/www.ranciliogroup.com\/it\/rancilio-specialty-at-the-milan-coffee-festival\/#breadcrumb\",\"itemListElement\":[{\"@type\":\"ListItem\",\"position\":1,\"name\":\"Home\",\"item\":\"https:\/\/www.ranciliogroup.com\/it\/\"},{\"@type\":\"ListItem\",\"position\":2,\"name\":\"Rancilio Specialty al Milan Coffee Festival\"}]},{\"@type\":\"WebSite\",\"@id\":\"https:\/\/www.ranciliogroup.com\/it\/#website\",\"url\":\"https:\/\/www.ranciliogroup.com\/it\/\",\"name\":\"Rancilio Group\",\"description\":\"Leader delle Macchine da Caff\u00e8 Professionali\",\"publisher\":{\"@id\":\"https:\/\/www.ranciliogroup.com\/it\/#organization\"},\"potentialAction\":[{\"@type\":\"SearchAction\",\"target\":{\"@type\":\"EntryPoint\",\"urlTemplate\":\"https:\/\/www.ranciliogroup.com\/it\/?s={search_term_string}\"},\"query-input\":\"required name=search_term_string\"}],\"inLanguage\":\"it-IT\"},{\"@type\":\"Organization\",\"@id\":\"https:\/\/www.ranciliogroup.com\/it\/#organization\",\"name\":\"Rancilio Group\",\"url\":\"https:\/\/www.ranciliogroup.com\/it\/\",\"logo\":{\"@type\":\"ImageObject\",\"inLanguage\":\"it-IT\",\"@id\":\"https:\/\/www.ranciliogroup.com\/it\/#\/schema\/logo\/image\/\",\"url\":\"https:\/\/www.ranciliogroup.com\/app\/uploads\/2019\/07\/rancilio_black_logo.png\",\"contentUrl\":\"https:\/\/www.ranciliogroup.com\/app\/uploads\/2019\/07\/rancilio_black_logo.png\",\"width\":447,\"height\":57,\"caption\":\"Rancilio Group\"},\"image\":{\"@id\":\"https:\/\/www.ranciliogroup.com\/it\/#\/schema\/logo\/image\/\"},\"sameAs\":[\"https:\/\/www.facebook.com\/RancilioGroup\",\"https:\/\/twitter.com\/ranciliogroup\",\"https:\/\/www.instagram.com\/rancilio_official\/\",\"https:\/\/www.linkedin.com\/company\/ranciliogroup\/\",\"https:\/\/www.youtube.com\/user\/rancilioadmin\"]},{\"@type\":\"Person\",\"@id\":\"https:\/\/www.ranciliogroup.com\/it\/#\/schema\/person\/308c9cc609c571bfb3f04639f7c48c0e\",\"name\":\"Leo\",\"image\":{\"@type\":\"ImageObject\",\"inLanguage\":\"it-IT\",\"@id\":\"https:\/\/www.ranciliogroup.com\/it\/#\/schema\/person\/image\/\",\"url\":\"https:\/\/secure.gravatar.com\/avatar\/be661210d2340629d38fdb4e71a1488b?s=96&d=mm&r=g\",\"contentUrl\":\"https:\/\/secure.gravatar.com\/avatar\/be661210d2340629d38fdb4e71a1488b?s=96&d=mm&r=g\",\"caption\":\"Leo\"}}]}<\/script>\n<!-- \/ Yoast SEO plugin. -->","yoast_head_json":{"title":"Rancilio Specialty al Milan Coffee Festival - Rancilio Group","description":"Rancilio Specialty sar\u00e0 tra gli espositori della prima e attesissima edizione del Milan Coffee Festival, in programma allo spazio Pelota di Milano dal 30 novembre al 2 dicembre.","robots":{"index":"index","follow":"follow","max-snippet":"max-snippet:-1","max-image-preview":"max-image-preview:large","max-video-preview":"max-video-preview:-1"},"canonical":"https:\/\/www.ranciliogroup.com\/it\/rancilio-specialty-at-the-milan-coffee-festival\/","og_locale":"it_IT","og_type":"article","og_title":"Rancilio Specialty al Milan Coffee Festival - Rancilio Group","og_description":"Rancilio Specialty sar\u00e0 tra gli espositori della prima e attesissima edizione del Milan Coffee Festival, in programma allo spazio Pelota di Milano dal 30 novembre al 2 dicembre.","og_url":"https:\/\/www.ranciliogroup.com\/it\/rancilio-specialty-at-the-milan-coffee-festival\/","og_site_name":"Rancilio Group","article_publisher":"https:\/\/www.facebook.com\/RancilioGroup","article_published_time":"2018-12-19T21:18:13+00:00","article_modified_time":"2023-05-05T12:20:45+00:00","og_image":[{"width":960,"height":460,"url":"https:\/\/www.ranciliogroup.com\/app\/uploads\/2019\/10\/15698118_1233939240006613_8985993958473265031_n.jpg","type":"image\/jpeg"}],"author":"Leo","twitter_card":"summary_large_image","twitter_creator":"@ranciliogroup","twitter_site":"@ranciliogroup","twitter_misc":{"Scritto da":"Leo","Tempo di lettura stimato":"3 minuti"},"schema":{"@context":"https:\/\/schema.org","@graph":[{"@type":"Article","@id":"https:\/\/www.ranciliogroup.com\/it\/rancilio-specialty-at-the-milan-coffee-festival\/#article","isPartOf":{"@id":"https:\/\/www.ranciliogroup.com\/it\/rancilio-specialty-at-the-milan-coffee-festival\/"},"author":{"name":"Leo","@id":"https:\/\/www.ranciliogroup.com\/it\/#\/schema\/person\/308c9cc609c571bfb3f04639f7c48c0e"},"headline":"Rancilio Specialty al Milan Coffee Festival","datePublished":"2018-12-19T21:18:13+00:00","dateModified":"2023-05-05T12:20:45+00:00","mainEntityOfPage":{"@id":"https:\/\/www.ranciliogroup.com\/it\/rancilio-specialty-at-the-milan-coffee-festival\/"},"wordCount":508,"publisher":{"@id":"https:\/\/www.ranciliogroup.com\/it\/#organization"},"articleSection":["Eventi"],"inLanguage":"it-IT"},{"@type":"WebPage","@id":"https:\/\/www.ranciliogroup.com\/it\/rancilio-specialty-at-the-milan-coffee-festival\/","url":"https:\/\/www.ranciliogroup.com\/it\/rancilio-specialty-at-the-milan-coffee-festival\/","name":"Rancilio Specialty al Milan Coffee Festival - Rancilio Group","isPartOf":{"@id":"https:\/\/www.ranciliogroup.com\/it\/#website"},"datePublished":"2018-12-19T21:18:13+00:00","dateModified":"2023-05-05T12:20:45+00:00","description":"Rancilio Specialty sar\u00e0 tra gli espositori della prima e attesissima edizione del Milan Coffee Festival, in programma allo spazio Pelota di Milano dal 30 novembre al 2 dicembre.","breadcrumb":{"@id":"https:\/\/www.ranciliogroup.com\/it\/rancilio-specialty-at-the-milan-coffee-festival\/#breadcrumb"},"inLanguage":"it-IT","potentialAction":[{"@type":"ReadAction","target":["https:\/\/www.ranciliogroup.com\/it\/rancilio-specialty-at-the-milan-coffee-festival\/"]}]},{"@type":"BreadcrumbList","@id":"https:\/\/www.ranciliogroup.com\/it\/rancilio-specialty-at-the-milan-coffee-festival\/#breadcrumb","itemListElement":[{"@type":"ListItem","position":1,"name":"Home","item":"https:\/\/www.ranciliogroup.com\/it\/"},{"@type":"ListItem","position":2,"name":"Rancilio Specialty al Milan Coffee Festival"}]},{"@type":"WebSite","@id":"https:\/\/www.ranciliogroup.com\/it\/#website","url":"https:\/\/www.ranciliogroup.com\/it\/","name":"Rancilio Group","description":"Leader delle Macchine da Caff\u00e8 Professionali","publisher":{"@id":"https:\/\/www.ranciliogroup.com\/it\/#organization"},"potentialAction":[{"@type":"SearchAction","target":{"@type":"EntryPoint","urlTemplate":"https:\/\/www.ranciliogroup.com\/it\/?s={search_term_string}"},"query-input":"required name=search_term_string"}],"inLanguage":"it-IT"},{"@type":"Organization","@id":"https:\/\/www.ranciliogroup.com\/it\/#organization","name":"Rancilio Group","url":"https:\/\/www.ranciliogroup.com\/it\/","logo":{"@type":"ImageObject","inLanguage":"it-IT","@id":"https:\/\/www.ranciliogroup.com\/it\/#\/schema\/logo\/image\/","url":"https:\/\/www.ranciliogroup.com\/app\/uploads\/2019\/07\/rancilio_black_logo.png","contentUrl":"https:\/\/www.ranciliogroup.com\/app\/uploads\/2019\/07\/rancilio_black_logo.png","width":447,"height":57,"caption":"Rancilio Group"},"image":{"@id":"https:\/\/www.ranciliogroup.com\/it\/#\/schema\/logo\/image\/"},"sameAs":["https:\/\/www.facebook.com\/RancilioGroup","https:\/\/twitter.com\/ranciliogroup","https:\/\/www.instagram.com\/rancilio_official\/","https:\/\/www.linkedin.com\/company\/ranciliogroup\/","https:\/\/www.youtube.com\/user\/rancilioadmin"]},{"@type":"Person","@id":"https:\/\/www.ranciliogroup.com\/it\/#\/schema\/person\/308c9cc609c571bfb3f04639f7c48c0e","name":"Leo","image":{"@type":"ImageObject","inLanguage":"it-IT","@id":"https:\/\/www.ranciliogroup.com\/it\/#\/schema\/person\/image\/","url":"https:\/\/secure.gravatar.com\/avatar\/be661210d2340629d38fdb4e71a1488b?s=96&d=mm&r=g","contentUrl":"https:\/\/secure.gravatar.com\/avatar\/be661210d2340629d38fdb4e71a1488b?s=96&d=mm&r=g","caption":"Leo"}}]}},"_links":{"self":[{"href":"https:\/\/www.ranciliogroup.com\/it\/wp-json\/wp\/v2\/posts\/29414"}],"collection":[{"href":"https:\/\/www.ranciliogroup.com\/it\/wp-json\/wp\/v2\/posts"}],"about":[{"href":"https:\/\/www.ranciliogroup.com\/it\/wp-json\/wp\/v2\/types\/post"}],"author":[{"embeddable":true,"href":"https:\/\/www.ranciliogroup.com\/it\/wp-json\/wp\/v2\/users\/2"}],"replies":[{"embeddable":true,"href":"https:\/\/www.ranciliogroup.com\/it\/wp-json\/wp\/v2\/comments?post=29414"}],"version-history":[{"count":3,"href":"https:\/\/www.ranciliogroup.com\/it\/wp-json\/wp\/v2\/posts\/29414\/revisions"}],"predecessor-version":[{"id":43201,"href":"https:\/\/www.ranciliogroup.com\/it\/wp-json\/wp\/v2\/posts\/29414\/revisions\/43201"}],"wp:featuredmedia":[{"embeddable":true,"href":"https:\/\/www.ranciliogroup.com\/it\/wp-json\/wp\/v2\/media\/8120"}],"wp:attachment":[{"href":"https:\/\/www.ranciliogroup.com\/it\/wp-json\/wp\/v2\/media?parent=29414"}],"wp:term":[{"taxonomy":"category","embeddable":true,"href":"https:\/\/www.ranciliogroup.com\/it\/wp-json\/wp\/v2\/categories?post=29414"},{"taxonomy":"post_tag","embeddable":true,"href":"https:\/\/www.ranciliogroup.com\/it\/wp-json\/wp\/v2\/tags?post=29414"}],"curies":[{"name":"wp","href":"https:\/\/api.w.org\/{rel}","templated":true}]}}