{"id":30181,"date":"2019-08-27T22:56:34","date_gmt":"2019-08-27T20:56:34","guid":{"rendered":"https:\/\/www.ranciliogroup.com\/rancilio-group-makes-its-debut-at-the-european-coffee-tea-soft-drink-expo\/"},"modified":"2023-05-05T14:13:35","modified_gmt":"2023-05-05T12:13:35","slug":"rancilio-group-makes-its-debut-at-the-european-coffee-tea-soft-drink-expo","status":"publish","type":"post","link":"https:\/\/www.ranciliogroup.com\/it\/rancilio-group-makes-its-debut-at-the-european-coffee-tea-soft-drink-expo\/","title":{"rendered":"Rancilio Group debutta all\u2019European Coffee, Tea &#038; Soft Drink EXPO"},"content":{"rendered":"<p><strong><span class=\"fs18\">Appuntamento all\u2019Olympia di Londra dal 21 al 22 maggio per scoprire la nuova Egro Zero+ Quick-Milk PRO<\/span><\/strong><\/p>\n<div class=\"sep20H\"><\/div>\n<p><span class=\"fs14\">Rancilio Group sar\u00e0 tra gli espositori della prossima edizione dell\u2019European Coffee, Tea &#038; Soft Drink EXPO, in programma all\u2019Olympia di Londra dal 21 al 22 maggio. Oggi tocca al caff\u00e8 ma, in oltre 130 anni di attivit\u00e0, questa location simbolo della capitale inglese ha ospitato numerose fiere internazionali, concerti di Jimi Hendrix, Pink Floyd, Cure, una sfilata di Vivienne Westwood e il 1\u00b0 Jamboree mondiale dello scautismo. Il fascino di questa location ha senz\u2019altro contribuito al successo della prima edizione dell\u2019European Coffee EXPO, che nel 2018 ha riunito migliaia di visitatori tra key player e buyer del settore. Non era facile organizzare un altro grande show dedicato al caff\u00e8, andando ad arricchire un calendario fiere gi\u00e0 ricco di appuntamenti, ma gli organizzatori ci sono riusciti. European Coffee Expo si ripresenta quest\u2019anno come una piattaforma business di prima classe per i professionisti del settore. Tra i protagonisti ci saranno anche i migliori baristi d\u2019Europa: Agnieszka Rojewska, Dale Harris, Dan Fellows e molti altri ancora. Oltre a Rancilio Classe 11 Xcelsius, top di gamma delle macchine per caff\u00e8 tradizionali, lo stand di Rancilio Group sar\u00e0 un\u2019importante vetrina per i prodotti Egro che saranno presentati in diverse configurazioni con soluzioni personalizzate per tutti, dalle grandi catene ai piccoli coffee shop.<br \/>\nSaranno esposti tre differenti modelli di superautomatiche Egro \u2013 Next, Zero+, One &#8211; con un\u2019importante novit\u00e0: l\u2019innovativo sistema latte di Egro Zero+ Quick-Milk PRO, progettato per tutte le location con consumi medi giornalieri di bevande a base latte. Con questa soluzione i clienti possono gestire tutti i parametri del latte e personalizzare ogni bevanda del menu, controllando con precisione la temperatura del latte, la consistenza della crema e i livelli di montatura. Egro Zero+ Quick-Milk PRO pu\u00f2 lavorare ad alto livello con il latte proprio come farebbe un barista esperto, senza contare che offre un caff\u00e8 di qualit\u00e0, come quello preparato con una macchina per caff\u00e8 tradizionale. La presentazione della nuova Egro Zero+ Quick-Milk PRO al prossimo European Coffee, Tea &#038; Soft Drink EXPO sar\u00e0 un\u2019anteprima assoluta per il mercato UK. <\/span><\/p>\n<p>Scopri\u00a0<a href=\"https:\/\/www.ranciliogroup.com\/fr\/egro\/zero\/pure-coffee\/\" target=\"_blank\" rel=\"noopener noreferrer\">Egro Zero+<\/a><\/p>\n<p><span class=\"kb_medium\">European Coffee, Tea &amp; Soft Drink EXPO<\/span><br \/>\n<span class=\"kb_medium\">21-22 May 2019<\/span><br \/>\n<span class=\"kb_medium\">Olympia London<\/span><br \/>\n<span class=\"kb_medium\">Stand B12<\/span><\/p>\n","protected":false},"excerpt":{"rendered":"<p>Appuntamento all\u2019Olympia di Londra dal 21 al 22 maggio per scoprire la nuova Egro Zero+ Quick-Milk PRO Rancilio Group sar\u00e0&#8230;<\/p>\n","protected":false},"author":2,"featured_media":8140,"comment_status":"closed","ping_status":"closed","sticky":false,"template":"","format":"standard","meta":[],"categories":[465],"tags":[],"acf":[],"yoast_head":"<!-- This site is optimized with the Yoast SEO plugin v21.5 - https:\/\/yoast.com\/wordpress\/plugins\/seo\/ -->\n<title>London Olympia - Rancilio Group<\/title>\n<meta name=\"description\" content=\"Rancilio Group sar\u00e0 tra gli espositori della prossima edizione dell\u2019European Coffee, Tea &amp; Soft Drink EXPO, in programma all\u2019Olympia di Londra dal 21 al 22 maggio.\" \/>\n<meta name=\"robots\" content=\"index, follow, max-snippet:-1, max-image-preview:large, max-video-preview:-1\" \/>\n<link rel=\"canonical\" href=\"https:\/\/www.ranciliogroup.com\/it\/rancilio-group-makes-its-debut-at-the-european-coffee-tea-soft-drink-expo\/\" \/>\n<meta property=\"og:locale\" content=\"it_IT\" \/>\n<meta property=\"og:type\" content=\"article\" \/>\n<meta property=\"og:title\" content=\"London Olympia - Rancilio Group\" \/>\n<meta property=\"og:description\" content=\"Rancilio Group sar\u00e0 tra gli espositori della prossima edizione dell\u2019European Coffee, Tea &amp; Soft Drink EXPO, in programma all\u2019Olympia di Londra dal 21 al 22 maggio.\" \/>\n<meta property=\"og:url\" content=\"https:\/\/www.ranciliogroup.com\/it\/rancilio-group-makes-its-debut-at-the-european-coffee-tea-soft-drink-expo\/\" \/>\n<meta property=\"og:site_name\" content=\"Rancilio Group\" \/>\n<meta property=\"article:publisher\" content=\"https:\/\/www.facebook.com\/RancilioGroup\" \/>\n<meta property=\"article:published_time\" content=\"2019-08-27T20:56:34+00:00\" \/>\n<meta property=\"article:modified_time\" content=\"2023-05-05T12:13:35+00:00\" \/>\n<meta property=\"og:image\" content=\"https:\/\/www.ranciliogroup.com\/app\/uploads\/2019\/10\/ECE-2019-Coffee-Tea-Soft-Drinks.jpg\" \/>\n\t<meta property=\"og:image:width\" content=\"760\" \/>\n\t<meta property=\"og:image:height\" content=\"1024\" \/>\n\t<meta property=\"og:image:type\" content=\"image\/jpeg\" \/>\n<meta name=\"author\" content=\"Leo\" \/>\n<meta name=\"twitter:card\" content=\"summary_large_image\" \/>\n<meta name=\"twitter:creator\" content=\"@ranciliogroup\" \/>\n<meta name=\"twitter:site\" content=\"@ranciliogroup\" \/>\n<meta name=\"twitter:label1\" content=\"Scritto da\" \/>\n\t<meta name=\"twitter:data1\" content=\"Leo\" \/>\n\t<meta name=\"twitter:label2\" content=\"Tempo di lettura stimato\" \/>\n\t<meta name=\"twitter:data2\" content=\"2 minuti\" \/>\n<script type=\"application\/ld+json\" class=\"yoast-schema-graph\">{\"@context\":\"https:\/\/schema.org\",\"@graph\":[{\"@type\":\"Article\",\"@id\":\"https:\/\/www.ranciliogroup.com\/it\/rancilio-group-makes-its-debut-at-the-european-coffee-tea-soft-drink-expo\/#article\",\"isPartOf\":{\"@id\":\"https:\/\/www.ranciliogroup.com\/it\/rancilio-group-makes-its-debut-at-the-european-coffee-tea-soft-drink-expo\/\"},\"author\":{\"name\":\"Leo\",\"@id\":\"https:\/\/www.ranciliogroup.com\/it\/#\/schema\/person\/308c9cc609c571bfb3f04639f7c48c0e\"},\"headline\":\"Rancilio Group debutta all\u2019European Coffee, Tea &#038; Soft Drink EXPO\",\"datePublished\":\"2019-08-27T20:56:34+00:00\",\"dateModified\":\"2023-05-05T12:13:35+00:00\",\"mainEntityOfPage\":{\"@id\":\"https:\/\/www.ranciliogroup.com\/it\/rancilio-group-makes-its-debut-at-the-european-coffee-tea-soft-drink-expo\/\"},\"wordCount\":381,\"publisher\":{\"@id\":\"https:\/\/www.ranciliogroup.com\/it\/#organization\"},\"articleSection\":[\"Eventi\"],\"inLanguage\":\"it-IT\"},{\"@type\":\"WebPage\",\"@id\":\"https:\/\/www.ranciliogroup.com\/it\/rancilio-group-makes-its-debut-at-the-european-coffee-tea-soft-drink-expo\/\",\"url\":\"https:\/\/www.ranciliogroup.com\/it\/rancilio-group-makes-its-debut-at-the-european-coffee-tea-soft-drink-expo\/\",\"name\":\"London Olympia - Rancilio Group\",\"isPartOf\":{\"@id\":\"https:\/\/www.ranciliogroup.com\/it\/#website\"},\"datePublished\":\"2019-08-27T20:56:34+00:00\",\"dateModified\":\"2023-05-05T12:13:35+00:00\",\"description\":\"Rancilio Group sar\u00e0 tra gli espositori della prossima edizione dell\u2019European Coffee, Tea & Soft Drink EXPO, in programma all\u2019Olympia di Londra dal 21 al 22 maggio.\",\"breadcrumb\":{\"@id\":\"https:\/\/www.ranciliogroup.com\/it\/rancilio-group-makes-its-debut-at-the-european-coffee-tea-soft-drink-expo\/#breadcrumb\"},\"inLanguage\":\"it-IT\",\"potentialAction\":[{\"@type\":\"ReadAction\",\"target\":[\"https:\/\/www.ranciliogroup.com\/it\/rancilio-group-makes-its-debut-at-the-european-coffee-tea-soft-drink-expo\/\"]}]},{\"@type\":\"BreadcrumbList\",\"@id\":\"https:\/\/www.ranciliogroup.com\/it\/rancilio-group-makes-its-debut-at-the-european-coffee-tea-soft-drink-expo\/#breadcrumb\",\"itemListElement\":[{\"@type\":\"ListItem\",\"position\":1,\"name\":\"Home\",\"item\":\"https:\/\/www.ranciliogroup.com\/it\/\"},{\"@type\":\"ListItem\",\"position\":2,\"name\":\"Rancilio Group debutta all\u2019European Coffee, Tea &#038; Soft Drink EXPO\"}]},{\"@type\":\"WebSite\",\"@id\":\"https:\/\/www.ranciliogroup.com\/it\/#website\",\"url\":\"https:\/\/www.ranciliogroup.com\/it\/\",\"name\":\"Rancilio Group\",\"description\":\"Leader delle Macchine da Caff\u00e8 Professionali\",\"publisher\":{\"@id\":\"https:\/\/www.ranciliogroup.com\/it\/#organization\"},\"potentialAction\":[{\"@type\":\"SearchAction\",\"target\":{\"@type\":\"EntryPoint\",\"urlTemplate\":\"https:\/\/www.ranciliogroup.com\/it\/?s={search_term_string}\"},\"query-input\":\"required name=search_term_string\"}],\"inLanguage\":\"it-IT\"},{\"@type\":\"Organization\",\"@id\":\"https:\/\/www.ranciliogroup.com\/it\/#organization\",\"name\":\"Rancilio Group\",\"url\":\"https:\/\/www.ranciliogroup.com\/it\/\",\"logo\":{\"@type\":\"ImageObject\",\"inLanguage\":\"it-IT\",\"@id\":\"https:\/\/www.ranciliogroup.com\/it\/#\/schema\/logo\/image\/\",\"url\":\"https:\/\/www.ranciliogroup.com\/app\/uploads\/2019\/07\/rancilio_black_logo.png\",\"contentUrl\":\"https:\/\/www.ranciliogroup.com\/app\/uploads\/2019\/07\/rancilio_black_logo.png\",\"width\":447,\"height\":57,\"caption\":\"Rancilio Group\"},\"image\":{\"@id\":\"https:\/\/www.ranciliogroup.com\/it\/#\/schema\/logo\/image\/\"},\"sameAs\":[\"https:\/\/www.facebook.com\/RancilioGroup\",\"https:\/\/twitter.com\/ranciliogroup\",\"https:\/\/www.instagram.com\/rancilio_official\/\",\"https:\/\/www.linkedin.com\/company\/ranciliogroup\/\",\"https:\/\/www.youtube.com\/user\/rancilioadmin\"]},{\"@type\":\"Person\",\"@id\":\"https:\/\/www.ranciliogroup.com\/it\/#\/schema\/person\/308c9cc609c571bfb3f04639f7c48c0e\",\"name\":\"Leo\",\"image\":{\"@type\":\"ImageObject\",\"inLanguage\":\"it-IT\",\"@id\":\"https:\/\/www.ranciliogroup.com\/it\/#\/schema\/person\/image\/\",\"url\":\"https:\/\/secure.gravatar.com\/avatar\/be661210d2340629d38fdb4e71a1488b?s=96&d=mm&r=g\",\"contentUrl\":\"https:\/\/secure.gravatar.com\/avatar\/be661210d2340629d38fdb4e71a1488b?s=96&d=mm&r=g\",\"caption\":\"Leo\"}}]}<\/script>\n<!-- \/ Yoast SEO plugin. -->","yoast_head_json":{"title":"London Olympia - Rancilio Group","description":"Rancilio Group sar\u00e0 tra gli espositori della prossima edizione dell\u2019European Coffee, Tea & Soft Drink EXPO, in programma all\u2019Olympia di Londra dal 21 al 22 maggio.","robots":{"index":"index","follow":"follow","max-snippet":"max-snippet:-1","max-image-preview":"max-image-preview:large","max-video-preview":"max-video-preview:-1"},"canonical":"https:\/\/www.ranciliogroup.com\/it\/rancilio-group-makes-its-debut-at-the-european-coffee-tea-soft-drink-expo\/","og_locale":"it_IT","og_type":"article","og_title":"London Olympia - Rancilio Group","og_description":"Rancilio Group sar\u00e0 tra gli espositori della prossima edizione dell\u2019European Coffee, Tea & Soft Drink EXPO, in programma all\u2019Olympia di Londra dal 21 al 22 maggio.","og_url":"https:\/\/www.ranciliogroup.com\/it\/rancilio-group-makes-its-debut-at-the-european-coffee-tea-soft-drink-expo\/","og_site_name":"Rancilio Group","article_publisher":"https:\/\/www.facebook.com\/RancilioGroup","article_published_time":"2019-08-27T20:56:34+00:00","article_modified_time":"2023-05-05T12:13:35+00:00","og_image":[{"width":760,"height":1024,"url":"https:\/\/www.ranciliogroup.com\/app\/uploads\/2019\/10\/ECE-2019-Coffee-Tea-Soft-Drinks.jpg","type":"image\/jpeg"}],"author":"Leo","twitter_card":"summary_large_image","twitter_creator":"@ranciliogroup","twitter_site":"@ranciliogroup","twitter_misc":{"Scritto da":"Leo","Tempo di lettura stimato":"2 minuti"},"schema":{"@context":"https:\/\/schema.org","@graph":[{"@type":"Article","@id":"https:\/\/www.ranciliogroup.com\/it\/rancilio-group-makes-its-debut-at-the-european-coffee-tea-soft-drink-expo\/#article","isPartOf":{"@id":"https:\/\/www.ranciliogroup.com\/it\/rancilio-group-makes-its-debut-at-the-european-coffee-tea-soft-drink-expo\/"},"author":{"name":"Leo","@id":"https:\/\/www.ranciliogroup.com\/it\/#\/schema\/person\/308c9cc609c571bfb3f04639f7c48c0e"},"headline":"Rancilio Group debutta all\u2019European Coffee, Tea &#038; Soft Drink EXPO","datePublished":"2019-08-27T20:56:34+00:00","dateModified":"2023-05-05T12:13:35+00:00","mainEntityOfPage":{"@id":"https:\/\/www.ranciliogroup.com\/it\/rancilio-group-makes-its-debut-at-the-european-coffee-tea-soft-drink-expo\/"},"wordCount":381,"publisher":{"@id":"https:\/\/www.ranciliogroup.com\/it\/#organization"},"articleSection":["Eventi"],"inLanguage":"it-IT"},{"@type":"WebPage","@id":"https:\/\/www.ranciliogroup.com\/it\/rancilio-group-makes-its-debut-at-the-european-coffee-tea-soft-drink-expo\/","url":"https:\/\/www.ranciliogroup.com\/it\/rancilio-group-makes-its-debut-at-the-european-coffee-tea-soft-drink-expo\/","name":"London Olympia - Rancilio Group","isPartOf":{"@id":"https:\/\/www.ranciliogroup.com\/it\/#website"},"datePublished":"2019-08-27T20:56:34+00:00","dateModified":"2023-05-05T12:13:35+00:00","description":"Rancilio Group sar\u00e0 tra gli espositori della prossima edizione dell\u2019European Coffee, Tea & Soft Drink EXPO, in programma all\u2019Olympia di Londra dal 21 al 22 maggio.","breadcrumb":{"@id":"https:\/\/www.ranciliogroup.com\/it\/rancilio-group-makes-its-debut-at-the-european-coffee-tea-soft-drink-expo\/#breadcrumb"},"inLanguage":"it-IT","potentialAction":[{"@type":"ReadAction","target":["https:\/\/www.ranciliogroup.com\/it\/rancilio-group-makes-its-debut-at-the-european-coffee-tea-soft-drink-expo\/"]}]},{"@type":"BreadcrumbList","@id":"https:\/\/www.ranciliogroup.com\/it\/rancilio-group-makes-its-debut-at-the-european-coffee-tea-soft-drink-expo\/#breadcrumb","itemListElement":[{"@type":"ListItem","position":1,"name":"Home","item":"https:\/\/www.ranciliogroup.com\/it\/"},{"@type":"ListItem","position":2,"name":"Rancilio Group debutta all\u2019European Coffee, Tea &#038; Soft Drink EXPO"}]},{"@type":"WebSite","@id":"https:\/\/www.ranciliogroup.com\/it\/#website","url":"https:\/\/www.ranciliogroup.com\/it\/","name":"Rancilio Group","description":"Leader delle Macchine da Caff\u00e8 Professionali","publisher":{"@id":"https:\/\/www.ranciliogroup.com\/it\/#organization"},"potentialAction":[{"@type":"SearchAction","target":{"@type":"EntryPoint","urlTemplate":"https:\/\/www.ranciliogroup.com\/it\/?s={search_term_string}"},"query-input":"required name=search_term_string"}],"inLanguage":"it-IT"},{"@type":"Organization","@id":"https:\/\/www.ranciliogroup.com\/it\/#organization","name":"Rancilio Group","url":"https:\/\/www.ranciliogroup.com\/it\/","logo":{"@type":"ImageObject","inLanguage":"it-IT","@id":"https:\/\/www.ranciliogroup.com\/it\/#\/schema\/logo\/image\/","url":"https:\/\/www.ranciliogroup.com\/app\/uploads\/2019\/07\/rancilio_black_logo.png","contentUrl":"https:\/\/www.ranciliogroup.com\/app\/uploads\/2019\/07\/rancilio_black_logo.png","width":447,"height":57,"caption":"Rancilio Group"},"image":{"@id":"https:\/\/www.ranciliogroup.com\/it\/#\/schema\/logo\/image\/"},"sameAs":["https:\/\/www.facebook.com\/RancilioGroup","https:\/\/twitter.com\/ranciliogroup","https:\/\/www.instagram.com\/rancilio_official\/","https:\/\/www.linkedin.com\/company\/ranciliogroup\/","https:\/\/www.youtube.com\/user\/rancilioadmin"]},{"@type":"Person","@id":"https:\/\/www.ranciliogroup.com\/it\/#\/schema\/person\/308c9cc609c571bfb3f04639f7c48c0e","name":"Leo","image":{"@type":"ImageObject","inLanguage":"it-IT","@id":"https:\/\/www.ranciliogroup.com\/it\/#\/schema\/person\/image\/","url":"https:\/\/secure.gravatar.com\/avatar\/be661210d2340629d38fdb4e71a1488b?s=96&d=mm&r=g","contentUrl":"https:\/\/secure.gravatar.com\/avatar\/be661210d2340629d38fdb4e71a1488b?s=96&d=mm&r=g","caption":"Leo"}}]}},"_links":{"self":[{"href":"https:\/\/www.ranciliogroup.com\/it\/wp-json\/wp\/v2\/posts\/30181"}],"collection":[{"href":"https:\/\/www.ranciliogroup.com\/it\/wp-json\/wp\/v2\/posts"}],"about":[{"href":"https:\/\/www.ranciliogroup.com\/it\/wp-json\/wp\/v2\/types\/post"}],"author":[{"embeddable":true,"href":"https:\/\/www.ranciliogroup.com\/it\/wp-json\/wp\/v2\/users\/2"}],"replies":[{"embeddable":true,"href":"https:\/\/www.ranciliogroup.com\/it\/wp-json\/wp\/v2\/comments?post=30181"}],"version-history":[{"count":3,"href":"https:\/\/www.ranciliogroup.com\/it\/wp-json\/wp\/v2\/posts\/30181\/revisions"}],"predecessor-version":[{"id":30194,"href":"https:\/\/www.ranciliogroup.com\/it\/wp-json\/wp\/v2\/posts\/30181\/revisions\/30194"}],"wp:featuredmedia":[{"embeddable":true,"href":"https:\/\/www.ranciliogroup.com\/it\/wp-json\/wp\/v2\/media\/8140"}],"wp:attachment":[{"href":"https:\/\/www.ranciliogroup.com\/it\/wp-json\/wp\/v2\/media?parent=30181"}],"wp:term":[{"taxonomy":"category","embeddable":true,"href":"https:\/\/www.ranciliogroup.com\/it\/wp-json\/wp\/v2\/categories?post=30181"},{"taxonomy":"post_tag","embeddable":true,"href":"https:\/\/www.ranciliogroup.com\/it\/wp-json\/wp\/v2\/tags?post=30181"}],"curies":[{"name":"wp","href":"https:\/\/api.w.org\/{rel}","templated":true}]}}