{"id":31122,"date":"2020-11-20T11:31:24","date_gmt":"2020-11-20T10:31:24","guid":{"rendered":"https:\/\/www.ranciliogroup.com\/rancilio-silvia-pro-is-the-official-sponsor-of-the-barista-league-online-season-ii\/"},"modified":"2023-05-09T17:33:41","modified_gmt":"2023-05-09T15:33:41","slug":"rancilio-silvia-pro-is-the-official-sponsor-of-the-barista-league-online-season-ii","status":"publish","type":"post","link":"https:\/\/www.ranciliogroup.com\/it\/rancilio-silvia-pro-is-the-official-sponsor-of-the-barista-league-online-season-ii\/","title":{"rendered":"The Barista League: Online \u2013 Season II"},"content":{"rendered":"<h2><strong>Rancilio Silvia Pro <\/strong><\/h2>\n<p><strong>Rancilio Silvia Pro <\/strong><strong>Rancilio Silvia Pro \u00e8 lo sponsor ufficiale della seconda stagione della \u201cBarista League: Online\u201d\u201d<br \/>\n<\/strong><br \/>\n<img decoding=\"async\" loading=\"lazy\" class=\"alignleft wp-image-31131 size-medium\" src=\"https:\/\/www.ranciliogroup.com\/app\/uploads\/2020\/11\/2020_11_03_RANCILIO_BARISTA-LEAGUE-SEASON-2_01-300x300.jpg\" alt=\"\" width=\"300\" height=\"300\" srcset=\"https:\/\/www.ranciliogroup.com\/app\/uploads\/2020\/11\/2020_11_03_RANCILIO_BARISTA-LEAGUE-SEASON-2_01-300x300.jpg 300w, https:\/\/www.ranciliogroup.com\/app\/uploads\/2020\/11\/2020_11_03_RANCILIO_BARISTA-LEAGUE-SEASON-2_01-150x150.jpg 150w, https:\/\/www.ranciliogroup.com\/app\/uploads\/2020\/11\/2020_11_03_RANCILIO_BARISTA-LEAGUE-SEASON-2_01-768x768.jpg 768w, https:\/\/www.ranciliogroup.com\/app\/uploads\/2020\/11\/2020_11_03_RANCILIO_BARISTA-LEAGUE-SEASON-2_01-1024x1024.jpg 1024w, https:\/\/www.ranciliogroup.com\/app\/uploads\/2020\/11\/2020_11_03_RANCILIO_BARISTA-LEAGUE-SEASON-2_01-70x70.jpg 70w, https:\/\/www.ranciliogroup.com\/app\/uploads\/2020\/11\/2020_11_03_RANCILIO_BARISTA-LEAGUE-SEASON-2_01.jpg 1080w\" sizes=\"(max-width: 300px) 100vw, 300px\" \/><\/p>\n<p>La gara per baristi si apre mercoled\u00ec 25 novembre con la presentazione online dei concorrenti<br \/>\nI tipi della Barista League hanno deciso di trasferire la gara sui social. Dopo il grande successo della prima stagione, Rancilio \u00e8 ancora al fianco della \u201cBarista League: Online\u201d come sponsor ufficiale e per questa nuova formula ha offerto una Silvia Pro a tutti i concorrenti che si sfideranno online.<\/p>\n<p><a href=\"https:\/\/www.youtube.com\/watch?v=875EgBE8oI0\" target=\"_blank\" rel=\"noopener noreferrer\"><strong>Guarda il trailer della seconda stagione della \u201cBarista League: Online\u201d<\/strong><\/a><\/p>\n<p>A partire dal 25 novembre, cinque baristi internazionali si confronteranno in una serie di divertenti sfide a tema caff\u00e8, lavorando da casa con Rancilio Silvia Pro. Al termine della gara, che si concluder\u00e0 con la sfida finale del 17 febbraio 2021, verr\u00e0 eletto un nuovo barista campione che vincer\u00e0 un viaggio in Brasile con soggiorno all-inclusive presso la Daterra Coffee Farm.<br \/>\n&#8220;Siamo entusiasti di organizzare il nostro evento nonostante l\u2019emergenza dovuta a Covid-19. E siamo felici di offrire una nuova stagione di sfide e un modo nuovo per riunire online la comunit\u00e0 internazionale degli appassionati del caff\u00e8. In questo periodo complicato, questo \u00e8 il meglio che la Barista League pu\u00f2 offrire per tenere tutti insieme e annullare le distanze, puntando sempre sul divertimento\u201d racconta Steven Moloney, Founder della Barista League &#8220;E Rancilio \u00e8 di nuovo qui con noi, sempre come sponsor ufficiale&#8221;.<\/p>\n<p><img decoding=\"async\" loading=\"lazy\" class=\"wp-image-31132 alignright\" src=\"https:\/\/www.ranciliogroup.com\/app\/uploads\/2020\/11\/2020_11_03_RANCILIO_BARISTA-LEAGUE-SEASON-2_03-300x200.jpg\" alt=\"\" width=\"395\" height=\"263\" srcset=\"https:\/\/www.ranciliogroup.com\/app\/uploads\/2020\/11\/2020_11_03_RANCILIO_BARISTA-LEAGUE-SEASON-2_03-300x200.jpg 300w, https:\/\/www.ranciliogroup.com\/app\/uploads\/2020\/11\/2020_11_03_RANCILIO_BARISTA-LEAGUE-SEASON-2_03-768x512.jpg 768w, https:\/\/www.ranciliogroup.com\/app\/uploads\/2020\/11\/2020_11_03_RANCILIO_BARISTA-LEAGUE-SEASON-2_03-1024x683.jpg 1024w, https:\/\/www.ranciliogroup.com\/app\/uploads\/2020\/11\/2020_11_03_RANCILIO_BARISTA-LEAGUE-SEASON-2_03-70x47.jpg 70w, https:\/\/www.ranciliogroup.com\/app\/uploads\/2020\/11\/2020_11_03_RANCILIO_BARISTA-LEAGUE-SEASON-2_03-1920x1280.jpg 1920w\" sizes=\"(max-width: 395px) 100vw, 395px\" \/><\/p>\n<p>La seconda stagione della \u201cBarista League: Online\u201d si svolger\u00e0 tra novembre 2020 e febbraio 2021, con 11 episodi, prodotti in stile reality show e pubblicati su IGTV, Facebook e Youtube. In parallelo, sar\u00e0 possibile seguire la gara anche sul blog ufficiale dove verranno pubblicati post e contenuti gustosi sulle sfide, sulle storie dei baristi e su ci\u00f2 che succede dietro le quinte.<\/p>\n<p>Come sempre, non mancheranno giudici d\u2019eccezione, ospiti speciali, prove misteriose e tanti caff\u00e8 di prima qualit\u00e0. La seconda stagione della Barista League \u00e8 alle porte, Stay tuned!<\/p>\n<p>&nbsp;<\/p>\n<p><a href=\"https:\/\/www.ranciliogroup.com\/rancilio\/silvia-pro-x\/\"><strong>Scopri Rancilio Silvia Pro<\/strong><\/a><\/p>\n<p><a href=\"http:\/\/www.thebaristaleague.com\/season2\" target=\"_blank\" rel=\"noopener noreferrer\"><strong>E segue la seconda stagione della \u201cBarista League: Online\u201d <\/strong><\/a><\/p>\n<p>&nbsp;<\/p>\n","protected":false},"excerpt":{"rendered":"<p>Rancilio Silvia Pro Rancilio Silvia Pro Rancilio Silvia Pro \u00e8 lo sponsor ufficiale della seconda stagione della \u201cBarista League: Online\u201d\u201d&#8230;<\/p>\n","protected":false},"author":5,"featured_media":31123,"comment_status":"closed","ping_status":"closed","sticky":false,"template":"","format":"standard","meta":[],"categories":[465],"tags":[],"acf":[],"yoast_head":"<!-- This site is optimized with the Yoast SEO plugin v21.5 - https:\/\/yoast.com\/wordpress\/plugins\/seo\/ -->\n<title>Ultimi aggiornamenti sul gruppo Rancilio Silvia Pro - Rancilio<\/title>\n<meta name=\"description\" content=\"Leggi le ultime notizie del Gruppo Rancilio su The Barista League: Online - Stagione II\" \/>\n<meta name=\"robots\" content=\"index, follow, max-snippet:-1, max-image-preview:large, max-video-preview:-1\" \/>\n<link rel=\"canonical\" href=\"https:\/\/www.ranciliogroup.com\/it\/rancilio-silvia-pro-is-the-official-sponsor-of-the-barista-league-online-season-ii\/\" \/>\n<meta property=\"og:locale\" content=\"it_IT\" \/>\n<meta property=\"og:type\" content=\"article\" \/>\n<meta property=\"og:title\" content=\"Ultimi aggiornamenti sul gruppo Rancilio Silvia Pro - Rancilio\" \/>\n<meta property=\"og:description\" content=\"Leggi le ultime notizie del Gruppo Rancilio su The Barista League: Online - Stagione II\" \/>\n<meta property=\"og:url\" content=\"https:\/\/www.ranciliogroup.com\/it\/rancilio-silvia-pro-is-the-official-sponsor-of-the-barista-league-online-season-ii\/\" \/>\n<meta property=\"og:site_name\" content=\"Rancilio Group\" \/>\n<meta property=\"article:publisher\" content=\"https:\/\/www.facebook.com\/RancilioGroup\" \/>\n<meta property=\"article:published_time\" content=\"2020-11-20T10:31:24+00:00\" \/>\n<meta property=\"article:modified_time\" content=\"2023-05-09T15:33:41+00:00\" \/>\n<meta property=\"og:image\" content=\"https:\/\/www.ranciliogroup.com\/app\/uploads\/2020\/11\/2020_11_03_RANCILIO_BARISTA-LEAGUE-SEASON-2_02.jpg\" \/>\n\t<meta property=\"og:image:width\" content=\"3631\" \/>\n\t<meta property=\"og:image:height\" content=\"2455\" \/>\n\t<meta property=\"og:image:type\" content=\"image\/jpeg\" \/>\n<meta name=\"author\" content=\"temp circular\" \/>\n<meta name=\"twitter:card\" content=\"summary_large_image\" \/>\n<meta name=\"twitter:creator\" content=\"@ranciliogroup\" \/>\n<meta name=\"twitter:site\" content=\"@ranciliogroup\" \/>\n<meta name=\"twitter:label1\" content=\"Scritto da\" \/>\n\t<meta name=\"twitter:data1\" content=\"temp circular\" \/>\n\t<meta name=\"twitter:label2\" content=\"Tempo di lettura stimato\" \/>\n\t<meta name=\"twitter:data2\" content=\"2 minuti\" \/>\n<script type=\"application\/ld+json\" class=\"yoast-schema-graph\">{\"@context\":\"https:\/\/schema.org\",\"@graph\":[{\"@type\":\"Article\",\"@id\":\"https:\/\/www.ranciliogroup.com\/it\/rancilio-silvia-pro-is-the-official-sponsor-of-the-barista-league-online-season-ii\/#article\",\"isPartOf\":{\"@id\":\"https:\/\/www.ranciliogroup.com\/it\/rancilio-silvia-pro-is-the-official-sponsor-of-the-barista-league-online-season-ii\/\"},\"author\":{\"name\":\"temp circular\",\"@id\":\"https:\/\/www.ranciliogroup.com\/it\/#\/schema\/person\/d6bf0a7dfe74cded3d64da8b2c92814c\"},\"headline\":\"The Barista League: Online \u2013 Season II\",\"datePublished\":\"2020-11-20T10:31:24+00:00\",\"dateModified\":\"2023-05-09T15:33:41+00:00\",\"mainEntityOfPage\":{\"@id\":\"https:\/\/www.ranciliogroup.com\/it\/rancilio-silvia-pro-is-the-official-sponsor-of-the-barista-league-online-season-ii\/\"},\"wordCount\":337,\"publisher\":{\"@id\":\"https:\/\/www.ranciliogroup.com\/it\/#organization\"},\"articleSection\":[\"Eventi\"],\"inLanguage\":\"it-IT\"},{\"@type\":\"WebPage\",\"@id\":\"https:\/\/www.ranciliogroup.com\/it\/rancilio-silvia-pro-is-the-official-sponsor-of-the-barista-league-online-season-ii\/\",\"url\":\"https:\/\/www.ranciliogroup.com\/it\/rancilio-silvia-pro-is-the-official-sponsor-of-the-barista-league-online-season-ii\/\",\"name\":\"Ultimi aggiornamenti sul gruppo Rancilio Silvia Pro - Rancilio\",\"isPartOf\":{\"@id\":\"https:\/\/www.ranciliogroup.com\/it\/#website\"},\"datePublished\":\"2020-11-20T10:31:24+00:00\",\"dateModified\":\"2023-05-09T15:33:41+00:00\",\"description\":\"Leggi le ultime notizie del Gruppo Rancilio su The Barista League: Online - Stagione II\",\"breadcrumb\":{\"@id\":\"https:\/\/www.ranciliogroup.com\/it\/rancilio-silvia-pro-is-the-official-sponsor-of-the-barista-league-online-season-ii\/#breadcrumb\"},\"inLanguage\":\"it-IT\",\"potentialAction\":[{\"@type\":\"ReadAction\",\"target\":[\"https:\/\/www.ranciliogroup.com\/it\/rancilio-silvia-pro-is-the-official-sponsor-of-the-barista-league-online-season-ii\/\"]}]},{\"@type\":\"BreadcrumbList\",\"@id\":\"https:\/\/www.ranciliogroup.com\/it\/rancilio-silvia-pro-is-the-official-sponsor-of-the-barista-league-online-season-ii\/#breadcrumb\",\"itemListElement\":[{\"@type\":\"ListItem\",\"position\":1,\"name\":\"Home\",\"item\":\"https:\/\/www.ranciliogroup.com\/it\/\"},{\"@type\":\"ListItem\",\"position\":2,\"name\":\"The Barista League: Online \u2013 Season II\"}]},{\"@type\":\"WebSite\",\"@id\":\"https:\/\/www.ranciliogroup.com\/it\/#website\",\"url\":\"https:\/\/www.ranciliogroup.com\/it\/\",\"name\":\"Rancilio Group\",\"description\":\"Leader delle Macchine da Caff\u00e8 Professionali\",\"publisher\":{\"@id\":\"https:\/\/www.ranciliogroup.com\/it\/#organization\"},\"potentialAction\":[{\"@type\":\"SearchAction\",\"target\":{\"@type\":\"EntryPoint\",\"urlTemplate\":\"https:\/\/www.ranciliogroup.com\/it\/?s={search_term_string}\"},\"query-input\":\"required name=search_term_string\"}],\"inLanguage\":\"it-IT\"},{\"@type\":\"Organization\",\"@id\":\"https:\/\/www.ranciliogroup.com\/it\/#organization\",\"name\":\"Rancilio Group\",\"url\":\"https:\/\/www.ranciliogroup.com\/it\/\",\"logo\":{\"@type\":\"ImageObject\",\"inLanguage\":\"it-IT\",\"@id\":\"https:\/\/www.ranciliogroup.com\/it\/#\/schema\/logo\/image\/\",\"url\":\"https:\/\/www.ranciliogroup.com\/app\/uploads\/2019\/07\/rancilio_black_logo.png\",\"contentUrl\":\"https:\/\/www.ranciliogroup.com\/app\/uploads\/2019\/07\/rancilio_black_logo.png\",\"width\":447,\"height\":57,\"caption\":\"Rancilio Group\"},\"image\":{\"@id\":\"https:\/\/www.ranciliogroup.com\/it\/#\/schema\/logo\/image\/\"},\"sameAs\":[\"https:\/\/www.facebook.com\/RancilioGroup\",\"https:\/\/twitter.com\/ranciliogroup\",\"https:\/\/www.instagram.com\/rancilio_official\/\",\"https:\/\/www.linkedin.com\/company\/ranciliogroup\/\",\"https:\/\/www.youtube.com\/user\/rancilioadmin\"]},{\"@type\":\"Person\",\"@id\":\"https:\/\/www.ranciliogroup.com\/it\/#\/schema\/person\/d6bf0a7dfe74cded3d64da8b2c92814c\",\"name\":\"temp circular\",\"image\":{\"@type\":\"ImageObject\",\"inLanguage\":\"it-IT\",\"@id\":\"https:\/\/www.ranciliogroup.com\/it\/#\/schema\/person\/image\/\",\"url\":\"https:\/\/secure.gravatar.com\/avatar\/569e71c3b97b8bcad1854d6579b35c5f?s=96&d=mm&r=g\",\"contentUrl\":\"https:\/\/secure.gravatar.com\/avatar\/569e71c3b97b8bcad1854d6579b35c5f?s=96&d=mm&r=g\",\"caption\":\"temp circular\"}}]}<\/script>\n<!-- \/ Yoast SEO plugin. -->","yoast_head_json":{"title":"Ultimi aggiornamenti sul gruppo Rancilio Silvia Pro - Rancilio","description":"Leggi le ultime notizie del Gruppo Rancilio su The Barista League: Online - Stagione II","robots":{"index":"index","follow":"follow","max-snippet":"max-snippet:-1","max-image-preview":"max-image-preview:large","max-video-preview":"max-video-preview:-1"},"canonical":"https:\/\/www.ranciliogroup.com\/it\/rancilio-silvia-pro-is-the-official-sponsor-of-the-barista-league-online-season-ii\/","og_locale":"it_IT","og_type":"article","og_title":"Ultimi aggiornamenti sul gruppo Rancilio Silvia Pro - Rancilio","og_description":"Leggi le ultime notizie del Gruppo Rancilio su The Barista League: Online - Stagione II","og_url":"https:\/\/www.ranciliogroup.com\/it\/rancilio-silvia-pro-is-the-official-sponsor-of-the-barista-league-online-season-ii\/","og_site_name":"Rancilio Group","article_publisher":"https:\/\/www.facebook.com\/RancilioGroup","article_published_time":"2020-11-20T10:31:24+00:00","article_modified_time":"2023-05-09T15:33:41+00:00","og_image":[{"width":3631,"height":2455,"url":"https:\/\/www.ranciliogroup.com\/app\/uploads\/2020\/11\/2020_11_03_RANCILIO_BARISTA-LEAGUE-SEASON-2_02.jpg","type":"image\/jpeg"}],"author":"temp circular","twitter_card":"summary_large_image","twitter_creator":"@ranciliogroup","twitter_site":"@ranciliogroup","twitter_misc":{"Scritto da":"temp circular","Tempo di lettura stimato":"2 minuti"},"schema":{"@context":"https:\/\/schema.org","@graph":[{"@type":"Article","@id":"https:\/\/www.ranciliogroup.com\/it\/rancilio-silvia-pro-is-the-official-sponsor-of-the-barista-league-online-season-ii\/#article","isPartOf":{"@id":"https:\/\/www.ranciliogroup.com\/it\/rancilio-silvia-pro-is-the-official-sponsor-of-the-barista-league-online-season-ii\/"},"author":{"name":"temp circular","@id":"https:\/\/www.ranciliogroup.com\/it\/#\/schema\/person\/d6bf0a7dfe74cded3d64da8b2c92814c"},"headline":"The Barista League: Online \u2013 Season II","datePublished":"2020-11-20T10:31:24+00:00","dateModified":"2023-05-09T15:33:41+00:00","mainEntityOfPage":{"@id":"https:\/\/www.ranciliogroup.com\/it\/rancilio-silvia-pro-is-the-official-sponsor-of-the-barista-league-online-season-ii\/"},"wordCount":337,"publisher":{"@id":"https:\/\/www.ranciliogroup.com\/it\/#organization"},"articleSection":["Eventi"],"inLanguage":"it-IT"},{"@type":"WebPage","@id":"https:\/\/www.ranciliogroup.com\/it\/rancilio-silvia-pro-is-the-official-sponsor-of-the-barista-league-online-season-ii\/","url":"https:\/\/www.ranciliogroup.com\/it\/rancilio-silvia-pro-is-the-official-sponsor-of-the-barista-league-online-season-ii\/","name":"Ultimi aggiornamenti sul gruppo Rancilio Silvia Pro - Rancilio","isPartOf":{"@id":"https:\/\/www.ranciliogroup.com\/it\/#website"},"datePublished":"2020-11-20T10:31:24+00:00","dateModified":"2023-05-09T15:33:41+00:00","description":"Leggi le ultime notizie del Gruppo Rancilio su The Barista League: Online - Stagione II","breadcrumb":{"@id":"https:\/\/www.ranciliogroup.com\/it\/rancilio-silvia-pro-is-the-official-sponsor-of-the-barista-league-online-season-ii\/#breadcrumb"},"inLanguage":"it-IT","potentialAction":[{"@type":"ReadAction","target":["https:\/\/www.ranciliogroup.com\/it\/rancilio-silvia-pro-is-the-official-sponsor-of-the-barista-league-online-season-ii\/"]}]},{"@type":"BreadcrumbList","@id":"https:\/\/www.ranciliogroup.com\/it\/rancilio-silvia-pro-is-the-official-sponsor-of-the-barista-league-online-season-ii\/#breadcrumb","itemListElement":[{"@type":"ListItem","position":1,"name":"Home","item":"https:\/\/www.ranciliogroup.com\/it\/"},{"@type":"ListItem","position":2,"name":"The Barista League: Online \u2013 Season II"}]},{"@type":"WebSite","@id":"https:\/\/www.ranciliogroup.com\/it\/#website","url":"https:\/\/www.ranciliogroup.com\/it\/","name":"Rancilio Group","description":"Leader delle Macchine da Caff\u00e8 Professionali","publisher":{"@id":"https:\/\/www.ranciliogroup.com\/it\/#organization"},"potentialAction":[{"@type":"SearchAction","target":{"@type":"EntryPoint","urlTemplate":"https:\/\/www.ranciliogroup.com\/it\/?s={search_term_string}"},"query-input":"required name=search_term_string"}],"inLanguage":"it-IT"},{"@type":"Organization","@id":"https:\/\/www.ranciliogroup.com\/it\/#organization","name":"Rancilio Group","url":"https:\/\/www.ranciliogroup.com\/it\/","logo":{"@type":"ImageObject","inLanguage":"it-IT","@id":"https:\/\/www.ranciliogroup.com\/it\/#\/schema\/logo\/image\/","url":"https:\/\/www.ranciliogroup.com\/app\/uploads\/2019\/07\/rancilio_black_logo.png","contentUrl":"https:\/\/www.ranciliogroup.com\/app\/uploads\/2019\/07\/rancilio_black_logo.png","width":447,"height":57,"caption":"Rancilio Group"},"image":{"@id":"https:\/\/www.ranciliogroup.com\/it\/#\/schema\/logo\/image\/"},"sameAs":["https:\/\/www.facebook.com\/RancilioGroup","https:\/\/twitter.com\/ranciliogroup","https:\/\/www.instagram.com\/rancilio_official\/","https:\/\/www.linkedin.com\/company\/ranciliogroup\/","https:\/\/www.youtube.com\/user\/rancilioadmin"]},{"@type":"Person","@id":"https:\/\/www.ranciliogroup.com\/it\/#\/schema\/person\/d6bf0a7dfe74cded3d64da8b2c92814c","name":"temp circular","image":{"@type":"ImageObject","inLanguage":"it-IT","@id":"https:\/\/www.ranciliogroup.com\/it\/#\/schema\/person\/image\/","url":"https:\/\/secure.gravatar.com\/avatar\/569e71c3b97b8bcad1854d6579b35c5f?s=96&d=mm&r=g","contentUrl":"https:\/\/secure.gravatar.com\/avatar\/569e71c3b97b8bcad1854d6579b35c5f?s=96&d=mm&r=g","caption":"temp circular"}}]}},"_links":{"self":[{"href":"https:\/\/www.ranciliogroup.com\/it\/wp-json\/wp\/v2\/posts\/31122"}],"collection":[{"href":"https:\/\/www.ranciliogroup.com\/it\/wp-json\/wp\/v2\/posts"}],"about":[{"href":"https:\/\/www.ranciliogroup.com\/it\/wp-json\/wp\/v2\/types\/post"}],"author":[{"embeddable":true,"href":"https:\/\/www.ranciliogroup.com\/it\/wp-json\/wp\/v2\/users\/5"}],"replies":[{"embeddable":true,"href":"https:\/\/www.ranciliogroup.com\/it\/wp-json\/wp\/v2\/comments?post=31122"}],"version-history":[{"count":4,"href":"https:\/\/www.ranciliogroup.com\/it\/wp-json\/wp\/v2\/posts\/31122\/revisions"}],"predecessor-version":[{"id":60400,"href":"https:\/\/www.ranciliogroup.com\/it\/wp-json\/wp\/v2\/posts\/31122\/revisions\/60400"}],"wp:featuredmedia":[{"embeddable":true,"href":"https:\/\/www.ranciliogroup.com\/it\/wp-json\/wp\/v2\/media\/31123"}],"wp:attachment":[{"href":"https:\/\/www.ranciliogroup.com\/it\/wp-json\/wp\/v2\/media?parent=31122"}],"wp:term":[{"taxonomy":"category","embeddable":true,"href":"https:\/\/www.ranciliogroup.com\/it\/wp-json\/wp\/v2\/categories?post=31122"},{"taxonomy":"post_tag","embeddable":true,"href":"https:\/\/www.ranciliogroup.com\/it\/wp-json\/wp\/v2\/tags?post=31122"}],"curies":[{"name":"wp","href":"https:\/\/api.w.org\/{rel}","templated":true}]}}